{"id":18922,"date":"2023-07-12T20:03:53","date_gmt":"2023-07-12T20:03:53","guid":{"rendered":"https:\/\/permbledhja.com\/?p=18922"},"modified":"2023-07-12T20:03:53","modified_gmt":"2023-07-12T20:03:53","slug":"ai-polici-per-heroin-enver-zymberi-krasniqi-marrezia-e-ka-mbuluar-pushtetin-e-albin-kurtit","status":"publish","type":"post","link":"https:\/\/permbledhja.com\/sq\/ai-polici-per-heroin-enver-zymberi-krasniqi-marrezia-e-ka-mbuluar-pushtetin-e-albin-kurtit\/","title":{"rendered":"\u201cAi polici\u201d p\u00ebr heroin Enver Zymberi, Krasniqi: Marr\u00ebzia e ka mbuluar pushtetin e Albin Kurtit"},"content":{"rendered":"<h3>Kreu i PDK-s\u00eb, Memli Krasniqi ka hedhur akuza n\u00eb drejtim t\u00eb ekzekutivit, n\u00eb ve\u00e7anti pas publikimit t\u00eb pjes\u00ebs s\u00eb tret\u00eb t\u00eb p\u00ebrgjimeve.<\/h3>\n<p>P\u00ebrmes nj\u00eb postimi n\u00eb rrjetin social \u201cFacebook\u201d, ai ve\u00e7oi p\u00ebrmendjen e heroit Enver Zymberi, duke drejtuar gishtin kah Kusari-Lila, p\u00ebr m\u00ebnyr\u00ebn se si e apostrofoi, p\u00ebrcjell\u00a0lajmi.net.<\/p>\n<p>Ve\u00e7 k\u00ebsaj, ai vler\u00ebsoi se me k\u00ebt\u00eb mentalitet, Kosova jo vet\u00ebm q\u00eb nuk ka t\u00eb ardhme, por po cenon edhe t\u00eb kaluar\u00ebn e lavdishme.<\/p>\n<p><em>\u201cOfendimi i veteran\u00ebve t\u00eb Ushtris\u00eb \u00c7lirimtare t\u00eb Kosov\u00ebs, i heroit Enver Zymberi \u2013 q\u00eb ra n\u00eb detyr\u00eb duke mbrojtur sovranitetin e shtetit, si dhe i koleg\u00ebve t\u00eb mi t\u00eb Partis\u00eb Demokratike t\u00eb Kosov\u00ebs nga eksponentja kryesore e pushtetit t\u00eb Albin Kurtit n\u00eb Kuvendin e Kosov\u00ebs, \u00ebsht\u00eb manifestimi m\u00eb i hapur i mentalitetit tin\u00ebzar, mashtrues e pa dinjitet, q\u00eb e ka kjo mazhoranc\u00eb q\u00eb sot e drejton vendin. Aq m\u00eb shum\u00eb kur krejt k\u00ebto paskan ndodhur gjat\u00eb serive t\u00eb koordinimit me pun\u00ebtor\u00ebt e Milan Radoj\u00e7iqit\u201d<\/em>, shkroi nd\u00ebr tjerash ai.<\/p>\n<p><iframe loading=\"lazy\" style=\"border: none; overflow: hidden;\" src=\"https:\/\/www.facebook.com\/plugins\/post.php?href=https%3A%2F%2Fwww.facebook.com%2Fmemli.krasniqi%2Fposts%2Fpfbid0YzLUMMcPSQ2aCB3hdLuTakVs9qzuM5wgbRVjCk4XC4sBfCBLtQeZF9cVXS9TU3EQl&amp;show_text=true&amp;width=500\" width=\"500\" height=\"270\" frameborder=\"0\" scrolling=\"no\" allowfullscreen=\"allowfullscreen\"><\/iframe><\/p>\n","protected":false},"excerpt":{"rendered":"<p>Kreu i PDK-s\u00eb, Memli Krasniqi ka hedhur akuza n\u00eb drejtim t\u00eb ekzekutivit, n\u00eb ve\u00e7anti pas publikimit t\u00eb pjes\u00ebs s\u00eb tret\u00eb t\u00eb p\u00ebrgjimeve. P\u00ebrmes nj\u00eb postimi n\u00eb rrjetin social \u201cFacebook\u201d, ai ve\u00e7oi p\u00ebrmendjen e heroit Enver Zymberi, duke drejtuar gishtin kah Kusari-Lila, p\u00ebr m\u00ebnyr\u00ebn se si e apostrofoi, p\u00ebrcjell\u00a0lajmi.net. Ve\u00e7 k\u00ebsaj, ai vler\u00ebsoi se me k\u00ebt\u00eb [&hellip;]<\/p>\n","protected":false},"author":2,"featured_media":18923,"comment_status":"closed","ping_status":"closed","sticky":false,"template":"","format":"standard","meta":{"_monsterinsights_skip_tracking":false,"_monsterinsights_sitenote_active":false,"_monsterinsights_sitenote_note":"","_monsterinsights_sitenote_category":0,"_uf_show_specific_survey":0,"_uf_disable_surveys":false,"footnotes":""},"categories":[23,15],"tags":[137],"yoast_head":"<!-- This site is optimized with the Yoast SEO plugin v21.5 - https:\/\/yoast.com\/wordpress\/plugins\/seo\/ -->\n<title>\u201cAi polici\u201d p\u00ebr heroin Enver Zymberi, Krasniqi: Marr\u00ebzia e ka mbuluar pushtetin e Albin Kurtit<\/title>\n<meta name=\"robots\" content=\"index, follow, max-snippet:-1, max-image-preview:large, max-video-preview:-1\" \/>\n<link rel=\"canonical\" href=\"https:\/\/permbledhja.com\/sq\/ai-polici-per-heroin-enver-zymberi-krasniqi-marrezia-e-ka-mbuluar-pushtetin-e-albin-kurtit\/\" \/>\n<meta property=\"og:locale\" content=\"sq_AL\" \/>\n<meta property=\"og:type\" content=\"article\" \/>\n<meta property=\"og:title\" content=\"\u201cAi polici\u201d p\u00ebr heroin Enver Zymberi, Krasniqi: Marr\u00ebzia e ka mbuluar pushtetin e Albin Kurtit\" \/>\n<meta property=\"og:description\" content=\"Kreu i PDK-s\u00eb, Memli Krasniqi ka hedhur akuza n\u00eb drejtim t\u00eb ekzekutivit, n\u00eb ve\u00e7anti pas publikimit t\u00eb pjes\u00ebs s\u00eb tret\u00eb t\u00eb p\u00ebrgjimeve. P\u00ebrmes nj\u00eb postimi n\u00eb rrjetin social \u201cFacebook\u201d, ai ve\u00e7oi p\u00ebrmendjen e heroit Enver Zymberi, duke drejtuar gishtin kah Kusari-Lila, p\u00ebr m\u00ebnyr\u00ebn se si e apostrofoi, p\u00ebrcjell\u00a0lajmi.net. Ve\u00e7 k\u00ebsaj, ai vler\u00ebsoi se me k\u00ebt\u00eb [&hellip;]\" \/>\n<meta property=\"og:url\" content=\"https:\/\/permbledhja.com\/sq\/ai-polici-per-heroin-enver-zymberi-krasniqi-marrezia-e-ka-mbuluar-pushtetin-e-albin-kurtit\/\" \/>\n<meta property=\"og:site_name\" content=\"Ve\u00e7 artikuj p\u00ebrmbledh\u00ebs\" \/>\n<meta property=\"article:publisher\" content=\"https:\/\/www.facebook.com\/press07\/\" \/>\n<meta property=\"article:published_time\" content=\"2023-07-12T20:03:53+00:00\" \/>\n<meta property=\"og:image\" content=\"https:\/\/permbledhja.com\/wp-content\/uploads\/2023\/07\/Memli-Krasniqi3-660x330-1.jpg\" \/>\n\t<meta property=\"og:image:width\" content=\"660\" \/>\n\t<meta property=\"og:image:height\" content=\"330\" \/>\n\t<meta property=\"og:image:type\" content=\"image\/jpeg\" \/>\n<meta name=\"author\" content=\"M M\" \/>\n<meta name=\"twitter:card\" content=\"summary_large_image\" \/>\n<meta name=\"twitter:label1\" content=\"Written by\" \/>\n\t<meta name=\"twitter:data1\" content=\"M M\" \/>\n\t<meta name=\"twitter:label2\" content=\"Est. reading time\" \/>\n\t<meta name=\"twitter:data2\" content=\"1 minut\u00eb\" \/>\n<script type=\"application\/ld+json\" class=\"yoast-schema-graph\">{\"@context\":\"https:\/\/schema.org\",\"@graph\":[{\"@type\":\"Article\",\"@id\":\"https:\/\/permbledhja.com\/ai-polici-per-heroin-enver-zymberi-krasniqi-marrezia-e-ka-mbuluar-pushtetin-e-albin-kurtit\/#article\",\"isPartOf\":{\"@id\":\"https:\/\/permbledhja.com\/ai-polici-per-heroin-enver-zymberi-krasniqi-marrezia-e-ka-mbuluar-pushtetin-e-albin-kurtit\/\"},\"author\":{\"name\":\"M M\",\"@id\":\"https:\/\/permbledhja.com\/#\/schema\/person\/d23f13f59b5722643933d6780783acf3\"},\"headline\":\"\u201cAi polici\u201d p\u00ebr heroin Enver Zymberi, Krasniqi: Marr\u00ebzia e ka mbuluar pushtetin e Albin Kurtit\",\"datePublished\":\"2023-07-12T20:03:53+00:00\",\"dateModified\":\"2023-07-12T20:03:53+00:00\",\"mainEntityOfPage\":{\"@id\":\"https:\/\/permbledhja.com\/ai-polici-per-heroin-enver-zymberi-krasniqi-marrezia-e-ka-mbuluar-pushtetin-e-albin-kurtit\/\"},\"wordCount\":204,\"publisher\":{\"@id\":\"https:\/\/permbledhja.com\/#organization\"},\"keywords\":[\"Memli Krasniqi\"],\"articleSection\":[\"Komb\u00ebtare\",\"Lajme\"],\"inLanguage\":\"sq\"},{\"@type\":\"WebPage\",\"@id\":\"https:\/\/permbledhja.com\/ai-polici-per-heroin-enver-zymberi-krasniqi-marrezia-e-ka-mbuluar-pushtetin-e-albin-kurtit\/\",\"url\":\"https:\/\/permbledhja.com\/ai-polici-per-heroin-enver-zymberi-krasniqi-marrezia-e-ka-mbuluar-pushtetin-e-albin-kurtit\/\",\"name\":\"\u201cAi polici\u201d p\u00ebr heroin Enver Zymberi, Krasniqi: Marr\u00ebzia e ka mbuluar pushtetin e Albin Kurtit\",\"isPartOf\":{\"@id\":\"https:\/\/permbledhja.com\/#website\"},\"datePublished\":\"2023-07-12T20:03:53+00:00\",\"dateModified\":\"2023-07-12T20:03:53+00:00\",\"breadcrumb\":{\"@id\":\"https:\/\/permbledhja.com\/ai-polici-per-heroin-enver-zymberi-krasniqi-marrezia-e-ka-mbuluar-pushtetin-e-albin-kurtit\/#breadcrumb\"},\"inLanguage\":\"sq\",\"potentialAction\":[{\"@type\":\"ReadAction\",\"target\":[\"https:\/\/permbledhja.com\/ai-polici-per-heroin-enver-zymberi-krasniqi-marrezia-e-ka-mbuluar-pushtetin-e-albin-kurtit\/\"]}]},{\"@type\":\"BreadcrumbList\",\"@id\":\"https:\/\/permbledhja.com\/ai-polici-per-heroin-enver-zymberi-krasniqi-marrezia-e-ka-mbuluar-pushtetin-e-albin-kurtit\/#breadcrumb\",\"itemListElement\":[{\"@type\":\"ListItem\",\"position\":1,\"name\":\"Ballina\",\"item\":\"https:\/\/permbledhja.com\/sq\/\"},{\"@type\":\"ListItem\",\"position\":2,\"name\":\"\u201cAi polici\u201d p\u00ebr heroin Enver Zymberi, Krasniqi: Marr\u00ebzia e ka mbuluar pushtetin e Albin Kurtit\"}]},{\"@type\":\"WebSite\",\"@id\":\"https:\/\/permbledhja.com\/#website\",\"url\":\"https:\/\/permbledhja.com\/\",\"name\":\"Ve\u00e7 artikuj p\u00ebrmbledh\u00ebs\",\"description\":\"\",\"publisher\":{\"@id\":\"https:\/\/permbledhja.com\/#organization\"},\"potentialAction\":[{\"@type\":\"SearchAction\",\"target\":{\"@type\":\"EntryPoint\",\"urlTemplate\":\"https:\/\/permbledhja.com\/?s={search_term_string}\"},\"query-input\":\"required name=search_term_string\"}],\"inLanguage\":\"sq\"},{\"@type\":\"Organization\",\"@id\":\"https:\/\/permbledhja.com\/#organization\",\"name\":\"MK Media & Pr\",\"url\":\"https:\/\/permbledhja.com\/\",\"logo\":{\"@type\":\"ImageObject\",\"inLanguage\":\"sq\",\"@id\":\"https:\/\/permbledhja.com\/#\/schema\/logo\/image\/\",\"url\":\"https:\/\/permbledhja.com\/wp-content\/uploads\/2021\/12\/07-Press-Logo.jpg\",\"contentUrl\":\"https:\/\/permbledhja.com\/wp-content\/uploads\/2021\/12\/07-Press-Logo.jpg\",\"width\":512,\"height\":512,\"caption\":\"MK Media & Pr\"},\"image\":{\"@id\":\"https:\/\/permbledhja.com\/#\/schema\/logo\/image\/\"},\"sameAs\":[\"https:\/\/www.facebook.com\/press07\/\"]},{\"@type\":\"Person\",\"@id\":\"https:\/\/permbledhja.com\/#\/schema\/person\/d23f13f59b5722643933d6780783acf3\",\"name\":\"M M\",\"image\":{\"@type\":\"ImageObject\",\"inLanguage\":\"sq\",\"@id\":\"https:\/\/permbledhja.com\/#\/schema\/person\/image\/\",\"url\":\"https:\/\/secure.gravatar.com\/avatar\/e2835a76ca7c31a2416b2d51c4ec9a8f?s=96&d=mm&r=g\",\"contentUrl\":\"https:\/\/secure.gravatar.com\/avatar\/e2835a76ca7c31a2416b2d51c4ec9a8f?s=96&d=mm&r=g\",\"caption\":\"M M\"},\"sameAs\":[\"http:\/\/MM\"],\"url\":\"https:\/\/permbledhja.com\/sq\/author\/muhamet\/\"}]}<\/script>\n<!-- \/ Yoast SEO plugin. -->","yoast_head_json":{"title":"\u201cAi polici\u201d p\u00ebr heroin Enver Zymberi, Krasniqi: Marr\u00ebzia e ka mbuluar pushtetin e Albin Kurtit","robots":{"index":"index","follow":"follow","max-snippet":"max-snippet:-1","max-image-preview":"max-image-preview:large","max-video-preview":"max-video-preview:-1"},"canonical":"https:\/\/permbledhja.com\/sq\/ai-polici-per-heroin-enver-zymberi-krasniqi-marrezia-e-ka-mbuluar-pushtetin-e-albin-kurtit\/","og_locale":"sq_AL","og_type":"article","og_title":"\u201cAi polici\u201d p\u00ebr heroin Enver Zymberi, Krasniqi: Marr\u00ebzia e ka mbuluar pushtetin e Albin Kurtit","og_description":"Kreu i PDK-s\u00eb, Memli Krasniqi ka hedhur akuza n\u00eb drejtim t\u00eb ekzekutivit, n\u00eb ve\u00e7anti pas publikimit t\u00eb pjes\u00ebs s\u00eb tret\u00eb t\u00eb p\u00ebrgjimeve. P\u00ebrmes nj\u00eb postimi n\u00eb rrjetin social \u201cFacebook\u201d, ai ve\u00e7oi p\u00ebrmendjen e heroit Enver Zymberi, duke drejtuar gishtin kah Kusari-Lila, p\u00ebr m\u00ebnyr\u00ebn se si e apostrofoi, p\u00ebrcjell\u00a0lajmi.net. Ve\u00e7 k\u00ebsaj, ai vler\u00ebsoi se me k\u00ebt\u00eb [&hellip;]","og_url":"https:\/\/permbledhja.com\/sq\/ai-polici-per-heroin-enver-zymberi-krasniqi-marrezia-e-ka-mbuluar-pushtetin-e-albin-kurtit\/","og_site_name":"Ve\u00e7 artikuj p\u00ebrmbledh\u00ebs","article_publisher":"https:\/\/www.facebook.com\/press07\/","article_published_time":"2023-07-12T20:03:53+00:00","og_image":[{"width":660,"height":330,"url":"https:\/\/permbledhja.com\/wp-content\/uploads\/2023\/07\/Memli-Krasniqi3-660x330-1.jpg","type":"image\/jpeg"}],"author":"M M","twitter_card":"summary_large_image","twitter_misc":{"Written by":"M M","Est. reading time":"1 minut\u00eb"},"schema":{"@context":"https:\/\/schema.org","@graph":[{"@type":"Article","@id":"https:\/\/permbledhja.com\/ai-polici-per-heroin-enver-zymberi-krasniqi-marrezia-e-ka-mbuluar-pushtetin-e-albin-kurtit\/#article","isPartOf":{"@id":"https:\/\/permbledhja.com\/ai-polici-per-heroin-enver-zymberi-krasniqi-marrezia-e-ka-mbuluar-pushtetin-e-albin-kurtit\/"},"author":{"name":"M M","@id":"https:\/\/permbledhja.com\/#\/schema\/person\/d23f13f59b5722643933d6780783acf3"},"headline":"\u201cAi polici\u201d p\u00ebr heroin Enver Zymberi, Krasniqi: Marr\u00ebzia e ka mbuluar pushtetin e Albin Kurtit","datePublished":"2023-07-12T20:03:53+00:00","dateModified":"2023-07-12T20:03:53+00:00","mainEntityOfPage":{"@id":"https:\/\/permbledhja.com\/ai-polici-per-heroin-enver-zymberi-krasniqi-marrezia-e-ka-mbuluar-pushtetin-e-albin-kurtit\/"},"wordCount":204,"publisher":{"@id":"https:\/\/permbledhja.com\/#organization"},"keywords":["Memli Krasniqi"],"articleSection":["Komb\u00ebtare","Lajme"],"inLanguage":"sq"},{"@type":"WebPage","@id":"https:\/\/permbledhja.com\/ai-polici-per-heroin-enver-zymberi-krasniqi-marrezia-e-ka-mbuluar-pushtetin-e-albin-kurtit\/","url":"https:\/\/permbledhja.com\/ai-polici-per-heroin-enver-zymberi-krasniqi-marrezia-e-ka-mbuluar-pushtetin-e-albin-kurtit\/","name":"\u201cAi polici\u201d p\u00ebr heroin Enver Zymberi, Krasniqi: Marr\u00ebzia e ka mbuluar pushtetin e Albin Kurtit","isPartOf":{"@id":"https:\/\/permbledhja.com\/#website"},"datePublished":"2023-07-12T20:03:53+00:00","dateModified":"2023-07-12T20:03:53+00:00","breadcrumb":{"@id":"https:\/\/permbledhja.com\/ai-polici-per-heroin-enver-zymberi-krasniqi-marrezia-e-ka-mbuluar-pushtetin-e-albin-kurtit\/#breadcrumb"},"inLanguage":"sq","potentialAction":[{"@type":"ReadAction","target":["https:\/\/permbledhja.com\/ai-polici-per-heroin-enver-zymberi-krasniqi-marrezia-e-ka-mbuluar-pushtetin-e-albin-kurtit\/"]}]},{"@type":"BreadcrumbList","@id":"https:\/\/permbledhja.com\/ai-polici-per-heroin-enver-zymberi-krasniqi-marrezia-e-ka-mbuluar-pushtetin-e-albin-kurtit\/#breadcrumb","itemListElement":[{"@type":"ListItem","position":1,"name":"Ballina","item":"https:\/\/permbledhja.com\/sq\/"},{"@type":"ListItem","position":2,"name":"\u201cAi polici\u201d p\u00ebr heroin Enver Zymberi, Krasniqi: Marr\u00ebzia e ka mbuluar pushtetin e Albin Kurtit"}]},{"@type":"WebSite","@id":"https:\/\/permbledhja.com\/#website","url":"https:\/\/permbledhja.com\/","name":"Ve\u00e7 artikuj p\u00ebrmbledh\u00ebs","description":"","publisher":{"@id":"https:\/\/permbledhja.com\/#organization"},"potentialAction":[{"@type":"SearchAction","target":{"@type":"EntryPoint","urlTemplate":"https:\/\/permbledhja.com\/?s={search_term_string}"},"query-input":"required name=search_term_string"}],"inLanguage":"sq"},{"@type":"Organization","@id":"https:\/\/permbledhja.com\/#organization","name":"MK Media & Pr","url":"https:\/\/permbledhja.com\/","logo":{"@type":"ImageObject","inLanguage":"sq","@id":"https:\/\/permbledhja.com\/#\/schema\/logo\/image\/","url":"https:\/\/permbledhja.com\/wp-content\/uploads\/2021\/12\/07-Press-Logo.jpg","contentUrl":"https:\/\/permbledhja.com\/wp-content\/uploads\/2021\/12\/07-Press-Logo.jpg","width":512,"height":512,"caption":"MK Media & Pr"},"image":{"@id":"https:\/\/permbledhja.com\/#\/schema\/logo\/image\/"},"sameAs":["https:\/\/www.facebook.com\/press07\/"]},{"@type":"Person","@id":"https:\/\/permbledhja.com\/#\/schema\/person\/d23f13f59b5722643933d6780783acf3","name":"M M","image":{"@type":"ImageObject","inLanguage":"sq","@id":"https:\/\/permbledhja.com\/#\/schema\/person\/image\/","url":"https:\/\/secure.gravatar.com\/avatar\/e2835a76ca7c31a2416b2d51c4ec9a8f?s=96&d=mm&r=g","contentUrl":"https:\/\/secure.gravatar.com\/avatar\/e2835a76ca7c31a2416b2d51c4ec9a8f?s=96&d=mm&r=g","caption":"M M"},"sameAs":["http:\/\/MM"],"url":"https:\/\/permbledhja.com\/sq\/author\/muhamet\/"}]}},"_links":{"self":[{"href":"https:\/\/permbledhja.com\/sq\/wp-json\/wp\/v2\/posts\/18922"}],"collection":[{"href":"https:\/\/permbledhja.com\/sq\/wp-json\/wp\/v2\/posts"}],"about":[{"href":"https:\/\/permbledhja.com\/sq\/wp-json\/wp\/v2\/types\/post"}],"author":[{"embeddable":true,"href":"https:\/\/permbledhja.com\/sq\/wp-json\/wp\/v2\/users\/2"}],"replies":[{"embeddable":true,"href":"https:\/\/permbledhja.com\/sq\/wp-json\/wp\/v2\/comments?post=18922"}],"version-history":[{"count":1,"href":"https:\/\/permbledhja.com\/sq\/wp-json\/wp\/v2\/posts\/18922\/revisions"}],"predecessor-version":[{"id":18924,"href":"https:\/\/permbledhja.com\/sq\/wp-json\/wp\/v2\/posts\/18922\/revisions\/18924"}],"wp:featuredmedia":[{"embeddable":true,"href":"https:\/\/permbledhja.com\/sq\/wp-json\/wp\/v2\/media\/18923"}],"wp:attachment":[{"href":"https:\/\/permbledhja.com\/sq\/wp-json\/wp\/v2\/media?parent=18922"}],"wp:term":[{"taxonomy":"category","embeddable":true,"href":"https:\/\/permbledhja.com\/sq\/wp-json\/wp\/v2\/categories?post=18922"},{"taxonomy":"post_tag","embeddable":true,"href":"https:\/\/permbledhja.com\/sq\/wp-json\/wp\/v2\/tags?post=18922"}],"curies":[{"name":"wp","href":"https:\/\/api.w.org\/{rel}","templated":true}]}}