{"id":18919,"date":"2023-07-12T19:51:33","date_gmt":"2023-07-12T19:51:33","guid":{"rendered":"https:\/\/permbledhja.com\/?p=18919"},"modified":"2023-07-12T19:51:33","modified_gmt":"2023-07-12T19:51:33","slug":"kosoves-per-here-te-pare-iu-vendosen-sanksione-nen-udheheqjen-e-kurtit","status":"publish","type":"post","link":"https:\/\/permbledhja.com\/sq\/kosoves-per-here-te-pare-iu-vendosen-sanksione-nen-udheheqjen-e-kurtit\/","title":{"rendered":"&#8220;Kosov\u00ebs p\u00ebr her\u00eb t\u00eb par\u00eb iu vendos\u00ebn sanksione n\u00ebn udh\u00ebheqjen e Kurtit&#8221;"},"content":{"rendered":"<h3>Ish-ministri i Integrimeve Evropiane, Bekim \u00c7ollaku,\u00a0ka th\u00ebn\u00eb se ndaj Kosov\u00ebs p\u00ebr her\u00eb t\u00eb par\u00eb u vendos\u00ebn sanksione n\u00ebn udh\u00ebheqjen e kryeministrit Albin Kurti.<\/h3>\n<p>N\u00eb emisionin Rubikon n\u00eb Klan Kosova, ai ka shtuar se n\u00ebse Kurti do t\u00eb mbahet n\u00eb mend p\u00ebr di\u00e7ka, at\u00ebher\u00eb sipas tij, ai do t\u00eb mbahet n\u00eb mend pik\u00ebrisht p\u00ebr k\u00ebt\u00eb gj\u00eb.<\/p>\n<p>\u201cGjat\u00eb gjith\u00eb k\u00ebtyre viteve t\u00eb qeverisjes s\u00eb k\u00ebsaj qeverie e cila Kosov\u00ebn e ka sjell n\u00eb situat\u00ebn e saj m\u00eb t\u00eb keqe q\u00eb nga p\u00ebrfundimi i luft\u00ebs n\u00eb vitin 1999, Kosova nuk ka qen\u00eb asnj\u00ebher\u00eb n\u00eb nj\u00eb pozit\u00eb m\u00eb t\u00eb pafavorshme si n\u00eb aspektin e brendsh\u00ebm, e posa\u00e7\u00ebrisht n\u00eb aspektin e jasht\u00ebm n\u00eb relacion me marr\u00ebdh\u00ebniet me partner\u00ebt tan\u00eb strategjik\u00eb, e n\u00eb ve\u00e7anti me BE-n\u00eb dhe NATO-n\u201d, ka th\u00ebn\u00eb \u00c7ollaku.<\/p>\n<p>Sipas tij, Qeveria Kurti do t\u00eb jet\u00eb e vetmja q\u00eb i ka sjell\u00eb Kosov\u00ebs sanksione dhe e ka futur at\u00eb n\u00eb kategorin\u00eb e shteteve t\u00eb sanksionuara nga BE-ja dhe ShBA-ja.<\/p>\n<p>\u201cP\u00ebr her\u00eb t\u00eb par\u00eb n\u00ebn udh\u00ebheqjen e Kurtit, Qeveria e Kosov\u00ebs dhe Kosova \u00ebsht\u00eb n\u00ebn sanksione t\u00eb vendosura nga BE-ja, ShBA-ja dhe nga shtete an\u00ebtar\u00eb t\u00eb BE-s\u00eb. N\u00eb qoft\u00eb se do t\u00eb mbahet p\u00ebr ndonj\u00eb gj\u00eb n\u00eb mend ky kryeminist\u00ebr dhe kjo qeveri, sigurisht se do t\u00eb jet\u00eb pik\u00ebrisht p\u00ebr k\u00ebt\u00eb gj\u00eb. Do t\u00eb jet\u00eb qeveria e vetme e cila i ka sjell\u00eb Kosov\u00ebs sanksione dhe e ka futur at\u00eb n\u00eb kategorin\u00eb e shteteve q\u00eb sot jan\u00eb t\u00eb sanksionuara nga ShBA-ja dhe BE-ja\u201d, ka shtuar ai.<\/p>\n","protected":false},"excerpt":{"rendered":"<p>Ish-ministri i Integrimeve Evropiane, Bekim \u00c7ollaku,\u00a0ka th\u00ebn\u00eb se ndaj Kosov\u00ebs p\u00ebr her\u00eb t\u00eb par\u00eb u vendos\u00ebn sanksione n\u00ebn udh\u00ebheqjen e kryeministrit Albin Kurti. N\u00eb emisionin Rubikon n\u00eb Klan Kosova, ai ka shtuar se n\u00ebse Kurti do t\u00eb mbahet n\u00eb mend p\u00ebr di\u00e7ka, at\u00ebher\u00eb sipas tij, ai do t\u00eb mbahet n\u00eb mend pik\u00ebrisht p\u00ebr k\u00ebt\u00eb gj\u00eb. [&hellip;]<\/p>\n","protected":false},"author":2,"featured_media":18920,"comment_status":"closed","ping_status":"closed","sticky":false,"template":"","format":"standard","meta":{"_monsterinsights_skip_tracking":false,"_monsterinsights_sitenote_active":false,"_monsterinsights_sitenote_note":"","_monsterinsights_sitenote_category":0,"_uf_show_specific_survey":0,"_uf_disable_surveys":false,"footnotes":""},"categories":[23,15],"tags":[86],"yoast_head":"<!-- This site is optimized with the Yoast SEO plugin v21.5 - https:\/\/yoast.com\/wordpress\/plugins\/seo\/ -->\n<title>&quot;Kosov\u00ebs p\u00ebr her\u00eb t\u00eb par\u00eb iu vendos\u00ebn sanksione n\u00ebn udh\u00ebheqjen e Kurtit&quot;<\/title>\n<meta name=\"robots\" content=\"index, follow, max-snippet:-1, max-image-preview:large, max-video-preview:-1\" \/>\n<link rel=\"canonical\" href=\"https:\/\/permbledhja.com\/sq\/kosoves-per-here-te-pare-iu-vendosen-sanksione-nen-udheheqjen-e-kurtit\/\" \/>\n<meta property=\"og:locale\" content=\"sq_AL\" \/>\n<meta property=\"og:type\" content=\"article\" \/>\n<meta property=\"og:title\" content=\"&quot;Kosov\u00ebs p\u00ebr her\u00eb t\u00eb par\u00eb iu vendos\u00ebn sanksione n\u00ebn udh\u00ebheqjen e Kurtit&quot;\" \/>\n<meta property=\"og:description\" content=\"Ish-ministri i Integrimeve Evropiane, Bekim \u00c7ollaku,\u00a0ka th\u00ebn\u00eb se ndaj Kosov\u00ebs p\u00ebr her\u00eb t\u00eb par\u00eb u vendos\u00ebn sanksione n\u00ebn udh\u00ebheqjen e kryeministrit Albin Kurti. N\u00eb emisionin Rubikon n\u00eb Klan Kosova, ai ka shtuar se n\u00ebse Kurti do t\u00eb mbahet n\u00eb mend p\u00ebr di\u00e7ka, at\u00ebher\u00eb sipas tij, ai do t\u00eb mbahet n\u00eb mend pik\u00ebrisht p\u00ebr k\u00ebt\u00eb gj\u00eb. [&hellip;]\" \/>\n<meta property=\"og:url\" content=\"https:\/\/permbledhja.com\/sq\/kosoves-per-here-te-pare-iu-vendosen-sanksione-nen-udheheqjen-e-kurtit\/\" \/>\n<meta property=\"og:site_name\" content=\"Ve\u00e7 artikuj p\u00ebrmbledh\u00ebs\" \/>\n<meta property=\"article:publisher\" content=\"https:\/\/www.facebook.com\/press07\/\" \/>\n<meta property=\"article:published_time\" content=\"2023-07-12T19:51:33+00:00\" \/>\n<meta property=\"og:image\" content=\"https:\/\/permbledhja.com\/wp-content\/uploads\/2023\/07\/Kurti-3.jpg\" \/>\n\t<meta property=\"og:image:width\" content=\"1111\" \/>\n\t<meta property=\"og:image:height\" content=\"664\" \/>\n\t<meta property=\"og:image:type\" content=\"image\/jpeg\" \/>\n<meta name=\"author\" content=\"M M\" \/>\n<meta name=\"twitter:card\" content=\"summary_large_image\" \/>\n<meta name=\"twitter:label1\" content=\"Written by\" \/>\n\t<meta name=\"twitter:data1\" content=\"M M\" \/>\n\t<meta name=\"twitter:label2\" content=\"Est. reading time\" \/>\n\t<meta name=\"twitter:data2\" content=\"1 minut\u00eb\" \/>\n<script type=\"application\/ld+json\" class=\"yoast-schema-graph\">{\"@context\":\"https:\/\/schema.org\",\"@graph\":[{\"@type\":\"Article\",\"@id\":\"https:\/\/permbledhja.com\/kosoves-per-here-te-pare-iu-vendosen-sanksione-nen-udheheqjen-e-kurtit\/#article\",\"isPartOf\":{\"@id\":\"https:\/\/permbledhja.com\/kosoves-per-here-te-pare-iu-vendosen-sanksione-nen-udheheqjen-e-kurtit\/\"},\"author\":{\"name\":\"M M\",\"@id\":\"https:\/\/permbledhja.com\/#\/schema\/person\/d23f13f59b5722643933d6780783acf3\"},\"headline\":\"&#8220;Kosov\u00ebs p\u00ebr her\u00eb t\u00eb par\u00eb iu vendos\u00ebn sanksione n\u00ebn udh\u00ebheqjen e Kurtit&#8221;\",\"datePublished\":\"2023-07-12T19:51:33+00:00\",\"dateModified\":\"2023-07-12T19:51:33+00:00\",\"mainEntityOfPage\":{\"@id\":\"https:\/\/permbledhja.com\/kosoves-per-here-te-pare-iu-vendosen-sanksione-nen-udheheqjen-e-kurtit\/\"},\"wordCount\":299,\"publisher\":{\"@id\":\"https:\/\/permbledhja.com\/#organization\"},\"keywords\":[\"Albin Kurti\"],\"articleSection\":[\"Komb\u00ebtare\",\"Lajme\"],\"inLanguage\":\"sq\"},{\"@type\":\"WebPage\",\"@id\":\"https:\/\/permbledhja.com\/kosoves-per-here-te-pare-iu-vendosen-sanksione-nen-udheheqjen-e-kurtit\/\",\"url\":\"https:\/\/permbledhja.com\/kosoves-per-here-te-pare-iu-vendosen-sanksione-nen-udheheqjen-e-kurtit\/\",\"name\":\"\\\"Kosov\u00ebs p\u00ebr her\u00eb t\u00eb par\u00eb iu vendos\u00ebn sanksione n\u00ebn udh\u00ebheqjen e Kurtit\\\"\",\"isPartOf\":{\"@id\":\"https:\/\/permbledhja.com\/#website\"},\"datePublished\":\"2023-07-12T19:51:33+00:00\",\"dateModified\":\"2023-07-12T19:51:33+00:00\",\"breadcrumb\":{\"@id\":\"https:\/\/permbledhja.com\/kosoves-per-here-te-pare-iu-vendosen-sanksione-nen-udheheqjen-e-kurtit\/#breadcrumb\"},\"inLanguage\":\"sq\",\"potentialAction\":[{\"@type\":\"ReadAction\",\"target\":[\"https:\/\/permbledhja.com\/kosoves-per-here-te-pare-iu-vendosen-sanksione-nen-udheheqjen-e-kurtit\/\"]}]},{\"@type\":\"BreadcrumbList\",\"@id\":\"https:\/\/permbledhja.com\/kosoves-per-here-te-pare-iu-vendosen-sanksione-nen-udheheqjen-e-kurtit\/#breadcrumb\",\"itemListElement\":[{\"@type\":\"ListItem\",\"position\":1,\"name\":\"Ballina\",\"item\":\"https:\/\/permbledhja.com\/sq\/\"},{\"@type\":\"ListItem\",\"position\":2,\"name\":\"&#8220;Kosov\u00ebs p\u00ebr her\u00eb t\u00eb par\u00eb iu vendos\u00ebn sanksione n\u00ebn udh\u00ebheqjen e Kurtit&#8221;\"}]},{\"@type\":\"WebSite\",\"@id\":\"https:\/\/permbledhja.com\/#website\",\"url\":\"https:\/\/permbledhja.com\/\",\"name\":\"Ve\u00e7 artikuj p\u00ebrmbledh\u00ebs\",\"description\":\"\",\"publisher\":{\"@id\":\"https:\/\/permbledhja.com\/#organization\"},\"potentialAction\":[{\"@type\":\"SearchAction\",\"target\":{\"@type\":\"EntryPoint\",\"urlTemplate\":\"https:\/\/permbledhja.com\/?s={search_term_string}\"},\"query-input\":\"required name=search_term_string\"}],\"inLanguage\":\"sq\"},{\"@type\":\"Organization\",\"@id\":\"https:\/\/permbledhja.com\/#organization\",\"name\":\"MK Media & Pr\",\"url\":\"https:\/\/permbledhja.com\/\",\"logo\":{\"@type\":\"ImageObject\",\"inLanguage\":\"sq\",\"@id\":\"https:\/\/permbledhja.com\/#\/schema\/logo\/image\/\",\"url\":\"https:\/\/permbledhja.com\/wp-content\/uploads\/2021\/12\/07-Press-Logo.jpg\",\"contentUrl\":\"https:\/\/permbledhja.com\/wp-content\/uploads\/2021\/12\/07-Press-Logo.jpg\",\"width\":512,\"height\":512,\"caption\":\"MK Media & Pr\"},\"image\":{\"@id\":\"https:\/\/permbledhja.com\/#\/schema\/logo\/image\/\"},\"sameAs\":[\"https:\/\/www.facebook.com\/press07\/\"]},{\"@type\":\"Person\",\"@id\":\"https:\/\/permbledhja.com\/#\/schema\/person\/d23f13f59b5722643933d6780783acf3\",\"name\":\"M M\",\"image\":{\"@type\":\"ImageObject\",\"inLanguage\":\"sq\",\"@id\":\"https:\/\/permbledhja.com\/#\/schema\/person\/image\/\",\"url\":\"https:\/\/secure.gravatar.com\/avatar\/e2835a76ca7c31a2416b2d51c4ec9a8f?s=96&d=mm&r=g\",\"contentUrl\":\"https:\/\/secure.gravatar.com\/avatar\/e2835a76ca7c31a2416b2d51c4ec9a8f?s=96&d=mm&r=g\",\"caption\":\"M M\"},\"sameAs\":[\"http:\/\/MM\"],\"url\":\"https:\/\/permbledhja.com\/sq\/author\/muhamet\/\"}]}<\/script>\n<!-- \/ Yoast SEO plugin. -->","yoast_head_json":{"title":"\"Kosov\u00ebs p\u00ebr her\u00eb t\u00eb par\u00eb iu vendos\u00ebn sanksione n\u00ebn udh\u00ebheqjen e Kurtit\"","robots":{"index":"index","follow":"follow","max-snippet":"max-snippet:-1","max-image-preview":"max-image-preview:large","max-video-preview":"max-video-preview:-1"},"canonical":"https:\/\/permbledhja.com\/sq\/kosoves-per-here-te-pare-iu-vendosen-sanksione-nen-udheheqjen-e-kurtit\/","og_locale":"sq_AL","og_type":"article","og_title":"\"Kosov\u00ebs p\u00ebr her\u00eb t\u00eb par\u00eb iu vendos\u00ebn sanksione n\u00ebn udh\u00ebheqjen e Kurtit\"","og_description":"Ish-ministri i Integrimeve Evropiane, Bekim \u00c7ollaku,\u00a0ka th\u00ebn\u00eb se ndaj Kosov\u00ebs p\u00ebr her\u00eb t\u00eb par\u00eb u vendos\u00ebn sanksione n\u00ebn udh\u00ebheqjen e kryeministrit Albin Kurti. N\u00eb emisionin Rubikon n\u00eb Klan Kosova, ai ka shtuar se n\u00ebse Kurti do t\u00eb mbahet n\u00eb mend p\u00ebr di\u00e7ka, at\u00ebher\u00eb sipas tij, ai do t\u00eb mbahet n\u00eb mend pik\u00ebrisht p\u00ebr k\u00ebt\u00eb gj\u00eb. [&hellip;]","og_url":"https:\/\/permbledhja.com\/sq\/kosoves-per-here-te-pare-iu-vendosen-sanksione-nen-udheheqjen-e-kurtit\/","og_site_name":"Ve\u00e7 artikuj p\u00ebrmbledh\u00ebs","article_publisher":"https:\/\/www.facebook.com\/press07\/","article_published_time":"2023-07-12T19:51:33+00:00","og_image":[{"width":1111,"height":664,"url":"https:\/\/permbledhja.com\/wp-content\/uploads\/2023\/07\/Kurti-3.jpg","type":"image\/jpeg"}],"author":"M M","twitter_card":"summary_large_image","twitter_misc":{"Written by":"M M","Est. reading time":"1 minut\u00eb"},"schema":{"@context":"https:\/\/schema.org","@graph":[{"@type":"Article","@id":"https:\/\/permbledhja.com\/kosoves-per-here-te-pare-iu-vendosen-sanksione-nen-udheheqjen-e-kurtit\/#article","isPartOf":{"@id":"https:\/\/permbledhja.com\/kosoves-per-here-te-pare-iu-vendosen-sanksione-nen-udheheqjen-e-kurtit\/"},"author":{"name":"M M","@id":"https:\/\/permbledhja.com\/#\/schema\/person\/d23f13f59b5722643933d6780783acf3"},"headline":"&#8220;Kosov\u00ebs p\u00ebr her\u00eb t\u00eb par\u00eb iu vendos\u00ebn sanksione n\u00ebn udh\u00ebheqjen e Kurtit&#8221;","datePublished":"2023-07-12T19:51:33+00:00","dateModified":"2023-07-12T19:51:33+00:00","mainEntityOfPage":{"@id":"https:\/\/permbledhja.com\/kosoves-per-here-te-pare-iu-vendosen-sanksione-nen-udheheqjen-e-kurtit\/"},"wordCount":299,"publisher":{"@id":"https:\/\/permbledhja.com\/#organization"},"keywords":["Albin Kurti"],"articleSection":["Komb\u00ebtare","Lajme"],"inLanguage":"sq"},{"@type":"WebPage","@id":"https:\/\/permbledhja.com\/kosoves-per-here-te-pare-iu-vendosen-sanksione-nen-udheheqjen-e-kurtit\/","url":"https:\/\/permbledhja.com\/kosoves-per-here-te-pare-iu-vendosen-sanksione-nen-udheheqjen-e-kurtit\/","name":"\"Kosov\u00ebs p\u00ebr her\u00eb t\u00eb par\u00eb iu vendos\u00ebn sanksione n\u00ebn udh\u00ebheqjen e Kurtit\"","isPartOf":{"@id":"https:\/\/permbledhja.com\/#website"},"datePublished":"2023-07-12T19:51:33+00:00","dateModified":"2023-07-12T19:51:33+00:00","breadcrumb":{"@id":"https:\/\/permbledhja.com\/kosoves-per-here-te-pare-iu-vendosen-sanksione-nen-udheheqjen-e-kurtit\/#breadcrumb"},"inLanguage":"sq","potentialAction":[{"@type":"ReadAction","target":["https:\/\/permbledhja.com\/kosoves-per-here-te-pare-iu-vendosen-sanksione-nen-udheheqjen-e-kurtit\/"]}]},{"@type":"BreadcrumbList","@id":"https:\/\/permbledhja.com\/kosoves-per-here-te-pare-iu-vendosen-sanksione-nen-udheheqjen-e-kurtit\/#breadcrumb","itemListElement":[{"@type":"ListItem","position":1,"name":"Ballina","item":"https:\/\/permbledhja.com\/sq\/"},{"@type":"ListItem","position":2,"name":"&#8220;Kosov\u00ebs p\u00ebr her\u00eb t\u00eb par\u00eb iu vendos\u00ebn sanksione n\u00ebn udh\u00ebheqjen e Kurtit&#8221;"}]},{"@type":"WebSite","@id":"https:\/\/permbledhja.com\/#website","url":"https:\/\/permbledhja.com\/","name":"Ve\u00e7 artikuj p\u00ebrmbledh\u00ebs","description":"","publisher":{"@id":"https:\/\/permbledhja.com\/#organization"},"potentialAction":[{"@type":"SearchAction","target":{"@type":"EntryPoint","urlTemplate":"https:\/\/permbledhja.com\/?s={search_term_string}"},"query-input":"required name=search_term_string"}],"inLanguage":"sq"},{"@type":"Organization","@id":"https:\/\/permbledhja.com\/#organization","name":"MK Media & Pr","url":"https:\/\/permbledhja.com\/","logo":{"@type":"ImageObject","inLanguage":"sq","@id":"https:\/\/permbledhja.com\/#\/schema\/logo\/image\/","url":"https:\/\/permbledhja.com\/wp-content\/uploads\/2021\/12\/07-Press-Logo.jpg","contentUrl":"https:\/\/permbledhja.com\/wp-content\/uploads\/2021\/12\/07-Press-Logo.jpg","width":512,"height":512,"caption":"MK Media & Pr"},"image":{"@id":"https:\/\/permbledhja.com\/#\/schema\/logo\/image\/"},"sameAs":["https:\/\/www.facebook.com\/press07\/"]},{"@type":"Person","@id":"https:\/\/permbledhja.com\/#\/schema\/person\/d23f13f59b5722643933d6780783acf3","name":"M M","image":{"@type":"ImageObject","inLanguage":"sq","@id":"https:\/\/permbledhja.com\/#\/schema\/person\/image\/","url":"https:\/\/secure.gravatar.com\/avatar\/e2835a76ca7c31a2416b2d51c4ec9a8f?s=96&d=mm&r=g","contentUrl":"https:\/\/secure.gravatar.com\/avatar\/e2835a76ca7c31a2416b2d51c4ec9a8f?s=96&d=mm&r=g","caption":"M M"},"sameAs":["http:\/\/MM"],"url":"https:\/\/permbledhja.com\/sq\/author\/muhamet\/"}]}},"_links":{"self":[{"href":"https:\/\/permbledhja.com\/sq\/wp-json\/wp\/v2\/posts\/18919"}],"collection":[{"href":"https:\/\/permbledhja.com\/sq\/wp-json\/wp\/v2\/posts"}],"about":[{"href":"https:\/\/permbledhja.com\/sq\/wp-json\/wp\/v2\/types\/post"}],"author":[{"embeddable":true,"href":"https:\/\/permbledhja.com\/sq\/wp-json\/wp\/v2\/users\/2"}],"replies":[{"embeddable":true,"href":"https:\/\/permbledhja.com\/sq\/wp-json\/wp\/v2\/comments?post=18919"}],"version-history":[{"count":1,"href":"https:\/\/permbledhja.com\/sq\/wp-json\/wp\/v2\/posts\/18919\/revisions"}],"predecessor-version":[{"id":18921,"href":"https:\/\/permbledhja.com\/sq\/wp-json\/wp\/v2\/posts\/18919\/revisions\/18921"}],"wp:featuredmedia":[{"embeddable":true,"href":"https:\/\/permbledhja.com\/sq\/wp-json\/wp\/v2\/media\/18920"}],"wp:attachment":[{"href":"https:\/\/permbledhja.com\/sq\/wp-json\/wp\/v2\/media?parent=18919"}],"wp:term":[{"taxonomy":"category","embeddable":true,"href":"https:\/\/permbledhja.com\/sq\/wp-json\/wp\/v2\/categories?post=18919"},{"taxonomy":"post_tag","embeddable":true,"href":"https:\/\/permbledhja.com\/sq\/wp-json\/wp\/v2\/tags?post=18919"}],"curies":[{"name":"wp","href":"https:\/\/api.w.org\/{rel}","templated":true}]}}