{"id":18911,"date":"2023-07-12T19:10:54","date_gmt":"2023-07-12T19:10:54","guid":{"rendered":"https:\/\/permbledhja.com\/?p=18911"},"modified":"2023-07-12T19:27:49","modified_gmt":"2023-07-12T19:27:49","slug":"u-permend-ne-incizime-tahiri-i-pergjigjet-kusari-liles-skam-ore-me-vlere-30-mije-euro","status":"publish","type":"post","link":"https:\/\/permbledhja.com\/sq\/u-permend-ne-incizime-tahiri-i-pergjigjet-kusari-liles-skam-ore-me-vlere-30-mije-euro\/","title":{"rendered":"U p\u00ebrmend n\u00eb in\u00e7izime, Tahiri i p\u00ebrgjigjet Kusari-Lil\u00ebs: S&#8217;kam or\u00eb me vler\u00eb 30 mij\u00eb euro"},"content":{"rendered":"<h3>Shefi i Grupit Parlamentar t\u00eb Partis\u00eb Demokratike t\u00eb Kosov\u00ebs (PDK), Abelard Tahiri, ka th\u00ebn\u00eb se Mimoza Kusari-Lila ka g\u00ebnjyer rreth tij, duke mohuar q\u00eb posedon or\u00eb 30 mij\u00eb euro.<\/h3>\n<p>N\u00eb p\u00ebrgjimet e fundit Kusari-Lila para Simiqit ka p\u00ebrmendur disa figura shqiptare.<\/p>\n<p>\u201dMimoza Kusari m\u00eb njeh fort mir\u00eb, sepse n\u00eb baza t\u00eb rregullta takohemi n\u00eb Kryesi t\u00eb Kuvendit si dhe n\u00eb sall\u00eb t\u00eb Kuvendit gjat\u00eb seancave. Ajo e di shum\u00eb mir\u00eb se nuk kam or\u00eb t\u00eb 30 mij\u00eb eurove. \u00cbsht\u00eb e pashpjegueshme se si mundet me g\u00ebnjye n\u00eb m\u00ebnyr\u00eb kaq t\u00eb paskrupullt p\u00ebr mua. Aq m\u00eb keq, si mundet me g\u00ebnjye n\u00eb m\u00ebnyr\u00eb kaq t\u00eb paskrupullt p\u00ebr mua, p\u00ebrball\u00eb pun\u00ebtorit t\u00eb Radoj\u00e7iqit. Kjo ve\u00e7 njer\u00ebzore nuk \u00ebsht\u00eb. P\u00ebr bes\u00eb, mjerim\u201d, ka shkruar Tahiri n\u00eb Facebook.<\/p>\n<p>&nbsp;<\/p>\n","protected":false},"excerpt":{"rendered":"<p>Shefi i Grupit Parlamentar t\u00eb Partis\u00eb Demokratike t\u00eb Kosov\u00ebs (PDK), Abelard Tahiri, ka th\u00ebn\u00eb se Mimoza Kusari-Lila ka g\u00ebnjyer rreth tij, duke mohuar q\u00eb posedon or\u00eb 30 mij\u00eb euro. N\u00eb p\u00ebrgjimet e fundit Kusari-Lila para Simiqit ka p\u00ebrmendur disa figura shqiptare. \u201dMimoza Kusari m\u00eb njeh fort mir\u00eb, sepse n\u00eb baza t\u00eb rregullta takohemi n\u00eb Kryesi [&hellip;]<\/p>\n","protected":false},"author":2,"featured_media":18912,"comment_status":"closed","ping_status":"closed","sticky":false,"template":"","format":"standard","meta":{"_monsterinsights_skip_tracking":false,"_monsterinsights_sitenote_active":false,"_monsterinsights_sitenote_note":"","_monsterinsights_sitenote_category":0,"_uf_show_specific_survey":0,"_uf_disable_surveys":false,"footnotes":""},"categories":[23,15],"tags":[946],"yoast_head":"<!-- This site is optimized with the Yoast SEO plugin v21.5 - https:\/\/yoast.com\/wordpress\/plugins\/seo\/ -->\n<title>U p\u00ebrmend n\u00eb in\u00e7izime, Tahiri i p\u00ebrgjigjet Kusari-Lil\u00ebs: S&#039;kam or\u00eb me vler\u00eb 30 mij\u00eb euro<\/title>\n<meta name=\"robots\" content=\"index, follow, max-snippet:-1, max-image-preview:large, max-video-preview:-1\" \/>\n<link rel=\"canonical\" href=\"https:\/\/permbledhja.com\/sq\/u-permend-ne-incizime-tahiri-i-pergjigjet-kusari-liles-skam-ore-me-vlere-30-mije-euro\/\" \/>\n<meta property=\"og:locale\" content=\"sq_AL\" \/>\n<meta property=\"og:type\" content=\"article\" \/>\n<meta property=\"og:title\" content=\"U p\u00ebrmend n\u00eb in\u00e7izime, Tahiri i p\u00ebrgjigjet Kusari-Lil\u00ebs: S&#039;kam or\u00eb me vler\u00eb 30 mij\u00eb euro\" \/>\n<meta property=\"og:description\" content=\"Shefi i Grupit Parlamentar t\u00eb Partis\u00eb Demokratike t\u00eb Kosov\u00ebs (PDK), Abelard Tahiri, ka th\u00ebn\u00eb se Mimoza Kusari-Lila ka g\u00ebnjyer rreth tij, duke mohuar q\u00eb posedon or\u00eb 30 mij\u00eb euro. N\u00eb p\u00ebrgjimet e fundit Kusari-Lila para Simiqit ka p\u00ebrmendur disa figura shqiptare. \u201dMimoza Kusari m\u00eb njeh fort mir\u00eb, sepse n\u00eb baza t\u00eb rregullta takohemi n\u00eb Kryesi [&hellip;]\" \/>\n<meta property=\"og:url\" content=\"https:\/\/permbledhja.com\/sq\/u-permend-ne-incizime-tahiri-i-pergjigjet-kusari-liles-skam-ore-me-vlere-30-mije-euro\/\" \/>\n<meta property=\"og:site_name\" content=\"Ve\u00e7 artikuj p\u00ebrmbledh\u00ebs\" \/>\n<meta property=\"article:publisher\" content=\"https:\/\/www.facebook.com\/press07\/\" \/>\n<meta property=\"article:published_time\" content=\"2023-07-12T19:10:54+00:00\" \/>\n<meta property=\"article:modified_time\" content=\"2023-07-12T19:27:49+00:00\" \/>\n<meta property=\"og:image\" content=\"https:\/\/permbledhja.com\/wp-content\/uploads\/2023\/07\/ggg-3.jpg\" \/>\n\t<meta property=\"og:image:width\" content=\"1157\" \/>\n\t<meta property=\"og:image:height\" content=\"664\" \/>\n\t<meta property=\"og:image:type\" content=\"image\/jpeg\" \/>\n<meta name=\"author\" content=\"M M\" \/>\n<meta name=\"twitter:card\" content=\"summary_large_image\" \/>\n<meta name=\"twitter:label1\" content=\"Written by\" \/>\n\t<meta name=\"twitter:data1\" content=\"M M\" \/>\n\t<meta name=\"twitter:label2\" content=\"Est. reading time\" \/>\n\t<meta name=\"twitter:data2\" content=\"1 minut\u00eb\" \/>\n<script type=\"application\/ld+json\" class=\"yoast-schema-graph\">{\"@context\":\"https:\/\/schema.org\",\"@graph\":[{\"@type\":\"Article\",\"@id\":\"https:\/\/permbledhja.com\/u-permend-ne-incizime-tahiri-i-pergjigjet-kusari-liles-skam-ore-me-vlere-30-mije-euro\/#article\",\"isPartOf\":{\"@id\":\"https:\/\/permbledhja.com\/u-permend-ne-incizime-tahiri-i-pergjigjet-kusari-liles-skam-ore-me-vlere-30-mije-euro\/\"},\"author\":{\"name\":\"M M\",\"@id\":\"https:\/\/permbledhja.com\/#\/schema\/person\/d23f13f59b5722643933d6780783acf3\"},\"headline\":\"U p\u00ebrmend n\u00eb in\u00e7izime, Tahiri i p\u00ebrgjigjet Kusari-Lil\u00ebs: S&#8217;kam or\u00eb me vler\u00eb 30 mij\u00eb euro\",\"datePublished\":\"2023-07-12T19:10:54+00:00\",\"dateModified\":\"2023-07-12T19:27:49+00:00\",\"mainEntityOfPage\":{\"@id\":\"https:\/\/permbledhja.com\/u-permend-ne-incizime-tahiri-i-pergjigjet-kusari-liles-skam-ore-me-vlere-30-mije-euro\/\"},\"wordCount\":157,\"publisher\":{\"@id\":\"https:\/\/permbledhja.com\/#organization\"},\"keywords\":[\"Abelard Tahiri\"],\"articleSection\":[\"Komb\u00ebtare\",\"Lajme\"],\"inLanguage\":\"sq\"},{\"@type\":\"WebPage\",\"@id\":\"https:\/\/permbledhja.com\/u-permend-ne-incizime-tahiri-i-pergjigjet-kusari-liles-skam-ore-me-vlere-30-mije-euro\/\",\"url\":\"https:\/\/permbledhja.com\/u-permend-ne-incizime-tahiri-i-pergjigjet-kusari-liles-skam-ore-me-vlere-30-mije-euro\/\",\"name\":\"U p\u00ebrmend n\u00eb in\u00e7izime, Tahiri i p\u00ebrgjigjet Kusari-Lil\u00ebs: S'kam or\u00eb me vler\u00eb 30 mij\u00eb euro\",\"isPartOf\":{\"@id\":\"https:\/\/permbledhja.com\/#website\"},\"datePublished\":\"2023-07-12T19:10:54+00:00\",\"dateModified\":\"2023-07-12T19:27:49+00:00\",\"breadcrumb\":{\"@id\":\"https:\/\/permbledhja.com\/u-permend-ne-incizime-tahiri-i-pergjigjet-kusari-liles-skam-ore-me-vlere-30-mije-euro\/#breadcrumb\"},\"inLanguage\":\"sq\",\"potentialAction\":[{\"@type\":\"ReadAction\",\"target\":[\"https:\/\/permbledhja.com\/u-permend-ne-incizime-tahiri-i-pergjigjet-kusari-liles-skam-ore-me-vlere-30-mije-euro\/\"]}]},{\"@type\":\"BreadcrumbList\",\"@id\":\"https:\/\/permbledhja.com\/u-permend-ne-incizime-tahiri-i-pergjigjet-kusari-liles-skam-ore-me-vlere-30-mije-euro\/#breadcrumb\",\"itemListElement\":[{\"@type\":\"ListItem\",\"position\":1,\"name\":\"Ballina\",\"item\":\"https:\/\/permbledhja.com\/sq\/\"},{\"@type\":\"ListItem\",\"position\":2,\"name\":\"U p\u00ebrmend n\u00eb in\u00e7izime, Tahiri i p\u00ebrgjigjet Kusari-Lil\u00ebs: S&#8217;kam or\u00eb me vler\u00eb 30 mij\u00eb euro\"}]},{\"@type\":\"WebSite\",\"@id\":\"https:\/\/permbledhja.com\/#website\",\"url\":\"https:\/\/permbledhja.com\/\",\"name\":\"Ve\u00e7 artikuj p\u00ebrmbledh\u00ebs\",\"description\":\"\",\"publisher\":{\"@id\":\"https:\/\/permbledhja.com\/#organization\"},\"potentialAction\":[{\"@type\":\"SearchAction\",\"target\":{\"@type\":\"EntryPoint\",\"urlTemplate\":\"https:\/\/permbledhja.com\/?s={search_term_string}\"},\"query-input\":\"required name=search_term_string\"}],\"inLanguage\":\"sq\"},{\"@type\":\"Organization\",\"@id\":\"https:\/\/permbledhja.com\/#organization\",\"name\":\"MK Media & Pr\",\"url\":\"https:\/\/permbledhja.com\/\",\"logo\":{\"@type\":\"ImageObject\",\"inLanguage\":\"sq\",\"@id\":\"https:\/\/permbledhja.com\/#\/schema\/logo\/image\/\",\"url\":\"https:\/\/permbledhja.com\/wp-content\/uploads\/2021\/12\/07-Press-Logo.jpg\",\"contentUrl\":\"https:\/\/permbledhja.com\/wp-content\/uploads\/2021\/12\/07-Press-Logo.jpg\",\"width\":512,\"height\":512,\"caption\":\"MK Media & Pr\"},\"image\":{\"@id\":\"https:\/\/permbledhja.com\/#\/schema\/logo\/image\/\"},\"sameAs\":[\"https:\/\/www.facebook.com\/press07\/\"]},{\"@type\":\"Person\",\"@id\":\"https:\/\/permbledhja.com\/#\/schema\/person\/d23f13f59b5722643933d6780783acf3\",\"name\":\"M M\",\"image\":{\"@type\":\"ImageObject\",\"inLanguage\":\"sq\",\"@id\":\"https:\/\/permbledhja.com\/#\/schema\/person\/image\/\",\"url\":\"https:\/\/secure.gravatar.com\/avatar\/e2835a76ca7c31a2416b2d51c4ec9a8f?s=96&d=mm&r=g\",\"contentUrl\":\"https:\/\/secure.gravatar.com\/avatar\/e2835a76ca7c31a2416b2d51c4ec9a8f?s=96&d=mm&r=g\",\"caption\":\"M M\"},\"sameAs\":[\"http:\/\/MM\"],\"url\":\"https:\/\/permbledhja.com\/sq\/author\/muhamet\/\"}]}<\/script>\n<!-- \/ Yoast SEO plugin. -->","yoast_head_json":{"title":"U p\u00ebrmend n\u00eb in\u00e7izime, Tahiri i p\u00ebrgjigjet Kusari-Lil\u00ebs: S'kam or\u00eb me vler\u00eb 30 mij\u00eb euro","robots":{"index":"index","follow":"follow","max-snippet":"max-snippet:-1","max-image-preview":"max-image-preview:large","max-video-preview":"max-video-preview:-1"},"canonical":"https:\/\/permbledhja.com\/sq\/u-permend-ne-incizime-tahiri-i-pergjigjet-kusari-liles-skam-ore-me-vlere-30-mije-euro\/","og_locale":"sq_AL","og_type":"article","og_title":"U p\u00ebrmend n\u00eb in\u00e7izime, Tahiri i p\u00ebrgjigjet Kusari-Lil\u00ebs: S'kam or\u00eb me vler\u00eb 30 mij\u00eb euro","og_description":"Shefi i Grupit Parlamentar t\u00eb Partis\u00eb Demokratike t\u00eb Kosov\u00ebs (PDK), Abelard Tahiri, ka th\u00ebn\u00eb se Mimoza Kusari-Lila ka g\u00ebnjyer rreth tij, duke mohuar q\u00eb posedon or\u00eb 30 mij\u00eb euro. N\u00eb p\u00ebrgjimet e fundit Kusari-Lila para Simiqit ka p\u00ebrmendur disa figura shqiptare. \u201dMimoza Kusari m\u00eb njeh fort mir\u00eb, sepse n\u00eb baza t\u00eb rregullta takohemi n\u00eb Kryesi [&hellip;]","og_url":"https:\/\/permbledhja.com\/sq\/u-permend-ne-incizime-tahiri-i-pergjigjet-kusari-liles-skam-ore-me-vlere-30-mije-euro\/","og_site_name":"Ve\u00e7 artikuj p\u00ebrmbledh\u00ebs","article_publisher":"https:\/\/www.facebook.com\/press07\/","article_published_time":"2023-07-12T19:10:54+00:00","article_modified_time":"2023-07-12T19:27:49+00:00","og_image":[{"width":1157,"height":664,"url":"https:\/\/permbledhja.com\/wp-content\/uploads\/2023\/07\/ggg-3.jpg","type":"image\/jpeg"}],"author":"M M","twitter_card":"summary_large_image","twitter_misc":{"Written by":"M M","Est. reading time":"1 minut\u00eb"},"schema":{"@context":"https:\/\/schema.org","@graph":[{"@type":"Article","@id":"https:\/\/permbledhja.com\/u-permend-ne-incizime-tahiri-i-pergjigjet-kusari-liles-skam-ore-me-vlere-30-mije-euro\/#article","isPartOf":{"@id":"https:\/\/permbledhja.com\/u-permend-ne-incizime-tahiri-i-pergjigjet-kusari-liles-skam-ore-me-vlere-30-mije-euro\/"},"author":{"name":"M M","@id":"https:\/\/permbledhja.com\/#\/schema\/person\/d23f13f59b5722643933d6780783acf3"},"headline":"U p\u00ebrmend n\u00eb in\u00e7izime, Tahiri i p\u00ebrgjigjet Kusari-Lil\u00ebs: S&#8217;kam or\u00eb me vler\u00eb 30 mij\u00eb euro","datePublished":"2023-07-12T19:10:54+00:00","dateModified":"2023-07-12T19:27:49+00:00","mainEntityOfPage":{"@id":"https:\/\/permbledhja.com\/u-permend-ne-incizime-tahiri-i-pergjigjet-kusari-liles-skam-ore-me-vlere-30-mije-euro\/"},"wordCount":157,"publisher":{"@id":"https:\/\/permbledhja.com\/#organization"},"keywords":["Abelard Tahiri"],"articleSection":["Komb\u00ebtare","Lajme"],"inLanguage":"sq"},{"@type":"WebPage","@id":"https:\/\/permbledhja.com\/u-permend-ne-incizime-tahiri-i-pergjigjet-kusari-liles-skam-ore-me-vlere-30-mije-euro\/","url":"https:\/\/permbledhja.com\/u-permend-ne-incizime-tahiri-i-pergjigjet-kusari-liles-skam-ore-me-vlere-30-mije-euro\/","name":"U p\u00ebrmend n\u00eb in\u00e7izime, Tahiri i p\u00ebrgjigjet Kusari-Lil\u00ebs: S'kam or\u00eb me vler\u00eb 30 mij\u00eb euro","isPartOf":{"@id":"https:\/\/permbledhja.com\/#website"},"datePublished":"2023-07-12T19:10:54+00:00","dateModified":"2023-07-12T19:27:49+00:00","breadcrumb":{"@id":"https:\/\/permbledhja.com\/u-permend-ne-incizime-tahiri-i-pergjigjet-kusari-liles-skam-ore-me-vlere-30-mije-euro\/#breadcrumb"},"inLanguage":"sq","potentialAction":[{"@type":"ReadAction","target":["https:\/\/permbledhja.com\/u-permend-ne-incizime-tahiri-i-pergjigjet-kusari-liles-skam-ore-me-vlere-30-mije-euro\/"]}]},{"@type":"BreadcrumbList","@id":"https:\/\/permbledhja.com\/u-permend-ne-incizime-tahiri-i-pergjigjet-kusari-liles-skam-ore-me-vlere-30-mije-euro\/#breadcrumb","itemListElement":[{"@type":"ListItem","position":1,"name":"Ballina","item":"https:\/\/permbledhja.com\/sq\/"},{"@type":"ListItem","position":2,"name":"U p\u00ebrmend n\u00eb in\u00e7izime, Tahiri i p\u00ebrgjigjet Kusari-Lil\u00ebs: S&#8217;kam or\u00eb me vler\u00eb 30 mij\u00eb euro"}]},{"@type":"WebSite","@id":"https:\/\/permbledhja.com\/#website","url":"https:\/\/permbledhja.com\/","name":"Ve\u00e7 artikuj p\u00ebrmbledh\u00ebs","description":"","publisher":{"@id":"https:\/\/permbledhja.com\/#organization"},"potentialAction":[{"@type":"SearchAction","target":{"@type":"EntryPoint","urlTemplate":"https:\/\/permbledhja.com\/?s={search_term_string}"},"query-input":"required name=search_term_string"}],"inLanguage":"sq"},{"@type":"Organization","@id":"https:\/\/permbledhja.com\/#organization","name":"MK Media & Pr","url":"https:\/\/permbledhja.com\/","logo":{"@type":"ImageObject","inLanguage":"sq","@id":"https:\/\/permbledhja.com\/#\/schema\/logo\/image\/","url":"https:\/\/permbledhja.com\/wp-content\/uploads\/2021\/12\/07-Press-Logo.jpg","contentUrl":"https:\/\/permbledhja.com\/wp-content\/uploads\/2021\/12\/07-Press-Logo.jpg","width":512,"height":512,"caption":"MK Media & Pr"},"image":{"@id":"https:\/\/permbledhja.com\/#\/schema\/logo\/image\/"},"sameAs":["https:\/\/www.facebook.com\/press07\/"]},{"@type":"Person","@id":"https:\/\/permbledhja.com\/#\/schema\/person\/d23f13f59b5722643933d6780783acf3","name":"M M","image":{"@type":"ImageObject","inLanguage":"sq","@id":"https:\/\/permbledhja.com\/#\/schema\/person\/image\/","url":"https:\/\/secure.gravatar.com\/avatar\/e2835a76ca7c31a2416b2d51c4ec9a8f?s=96&d=mm&r=g","contentUrl":"https:\/\/secure.gravatar.com\/avatar\/e2835a76ca7c31a2416b2d51c4ec9a8f?s=96&d=mm&r=g","caption":"M M"},"sameAs":["http:\/\/MM"],"url":"https:\/\/permbledhja.com\/sq\/author\/muhamet\/"}]}},"_links":{"self":[{"href":"https:\/\/permbledhja.com\/sq\/wp-json\/wp\/v2\/posts\/18911"}],"collection":[{"href":"https:\/\/permbledhja.com\/sq\/wp-json\/wp\/v2\/posts"}],"about":[{"href":"https:\/\/permbledhja.com\/sq\/wp-json\/wp\/v2\/types\/post"}],"author":[{"embeddable":true,"href":"https:\/\/permbledhja.com\/sq\/wp-json\/wp\/v2\/users\/2"}],"replies":[{"embeddable":true,"href":"https:\/\/permbledhja.com\/sq\/wp-json\/wp\/v2\/comments?post=18911"}],"version-history":[{"count":2,"href":"https:\/\/permbledhja.com\/sq\/wp-json\/wp\/v2\/posts\/18911\/revisions"}],"predecessor-version":[{"id":18915,"href":"https:\/\/permbledhja.com\/sq\/wp-json\/wp\/v2\/posts\/18911\/revisions\/18915"}],"wp:featuredmedia":[{"embeddable":true,"href":"https:\/\/permbledhja.com\/sq\/wp-json\/wp\/v2\/media\/18912"}],"wp:attachment":[{"href":"https:\/\/permbledhja.com\/sq\/wp-json\/wp\/v2\/media?parent=18911"}],"wp:term":[{"taxonomy":"category","embeddable":true,"href":"https:\/\/permbledhja.com\/sq\/wp-json\/wp\/v2\/categories?post=18911"},{"taxonomy":"post_tag","embeddable":true,"href":"https:\/\/permbledhja.com\/sq\/wp-json\/wp\/v2\/tags?post=18911"}],"curies":[{"name":"wp","href":"https:\/\/api.w.org\/{rel}","templated":true}]}}