{"id":18858,"date":"2023-07-12T14:18:25","date_gmt":"2023-07-12T14:18:25","guid":{"rendered":"https:\/\/permbledhja.com\/?p=18858"},"modified":"2023-07-12T14:18:25","modified_gmt":"2023-07-12T14:18:25","slug":"kurti-per-marreveshjen-e-ohrit-zbatimi-i-neneve-te-marreveshjes-nuk-mund-te-kushtezohet","status":"publish","type":"post","link":"https:\/\/permbledhja.com\/sq\/kurti-per-marreveshjen-e-ohrit-zbatimi-i-neneve-te-marreveshjes-nuk-mund-te-kushtezohet\/","title":{"rendered":"Kurti p\u00ebr marr\u00ebveshjen e Ohrit: Zbatimi i neneve t\u00eb marr\u00ebveshjes nuk mund t\u00eb kusht\u00ebzohet"},"content":{"rendered":"<h3>Kryeministri i Kosov\u00ebs, Albin Kurti, ka th\u00ebn\u00eb se dakordimi mes Kosov\u00ebs dhe Bashkimit Evropian, p\u00ebr pikat q\u00eb synojn\u00eb t\u00eb shtensionojn\u00eb situat\u00ebn n\u00eb veri t\u00eb vendit, \u201cdo t\u00eb ndihmoj\u00eb n\u00eb p\u00ebrforcimin e fokusit dhe vendosjen e barazis\u00eb midis pal\u00ebve\u201d.<\/h3>\n<p>\u201cT\u00eb dyja pal\u00ebt [Kosova dhe Serbia] duhet t\u00eb ken\u00eb mund\u00ebsin\u00eb t\u00eb negociojn\u00eb nga pozicione t\u00eb barabarta, gj\u00eb q\u00eb \u00ebsht\u00eb cenuar prej vendosjes s\u00eb masave t\u00eb p\u00ebrkohshme kund\u00ebr Kosov\u00ebs nga ana e Bashkimit Evropian\u201d, tha kryeministri kosovar.<\/p>\n<p>Kurti, q\u00eb nga vendosja e masave nd\u00ebshkuese t\u00eb BE-s\u00eb ndaj Kosov\u00ebs, ka th\u00ebn\u00eb vazhdimisht se ato jan\u00eb t\u00eb padrejta dhe se e b\u00ebjn\u00eb dialogun asimetrik.<\/p>\n<p>Duke listuar pikat p\u00ebr t\u00eb cilat \u00ebsht\u00eb r\u00ebn\u00eb dakord n\u00eb Bratisllav\u00eb, mes kryenegociatorit t\u00eb Kosov\u00ebs, Besnik Bislimi, dhe emisarit evropian, Mirosllav Laj\u00e7ak, kryeministri kosovar n\u00eb mbledhjen e Qeveris\u00eb tha se ky dakordim synon t\u00eb ndihmoj\u00eb zbatimin e plot\u00eb t\u00eb Marr\u00ebveshjes s\u00eb Ohrit, t\u00eb arritur n\u00eb mars t\u00eb k\u00ebtij viti, dhe p\u00ebrs\u00ebriti se ajo marr\u00ebveshje duhet t\u00eb zbatohet plot\u00ebsisht.<\/p>\n<p>\u201cT\u00eb dy pal\u00ebt duhet ta pranojn\u00eb publikisht se marr\u00ebveshja \u00ebsht\u00eb ligj\u00ebrisht e obligueshme, gj\u00eb q\u00eb nuk ka ndodhur ende nga pala serbe\u201d, tha Kurti, dhe shtoi se \u201czbatimi i neneve t\u00eb marr\u00ebveshjes nuk mund t\u00eb kusht\u00ebzohet\u201d.<\/p>\n<p>Kryeministri i Kosov\u00ebs, duke iu referuar organizimit t\u00eb zgjedheve t\u00eb reja n\u00eb veri t\u00eb vendit, tha se qeveria e tij e ka me r\u00ebnd\u00ebsi q\u00eb qytetar\u00ebt e Kosov\u00ebs t\u00eb ken\u00eb p\u00ebrfaq\u00ebsim lokal q\u00eb i p\u00ebrfaq\u00ebson si\u00e7 duhet, \u201cpor p\u00ebr t\u00eb arritur k\u00ebt\u00eb gj\u00eb \u00ebsht\u00eb e domosdoshme t\u00eb krijohet ambienti i cili e mund\u00ebson fushat\u00ebn e mir\u00ebfillt\u00eb, pluralizmin politik, pjes\u00ebmarrjen e komuniteteve lokale, dhe q\u00eb garanton paprekshm\u00ebrin\u00eb e votes\u201d.<\/p>\n<p>Edhe m\u00eb her\u00ebt, krer\u00ebt shtet\u00ebror\u00eb n\u00eb Kosov\u00eb jan\u00eb shprehur t\u00eb gatsh\u00ebm q\u00eb t\u00eb organizojn\u00eb zgjedhje t\u00eb reja n\u00eb komunat n\u00eb veri, por kan\u00eb k\u00ebrkuar q\u00eb ato t\u00eb p\u00ebrgatiten, n\u00eb m\u00ebnyr\u00eb q\u00eb t\u00eb mos ket\u00eb bojkotim.<\/p>\n<p>Zgjedhjet e 23 prillit, nga t\u00eb cilat dol\u00ebn kryetar\u00ebt e rinj shqiptar\u00eb n\u00eb kat\u00ebr komunat n\u00eb veri, ishin bojkotuar nga partit\u00eb dhe popullata serb.<\/p>\n<p>M\u00eb her\u00ebt gjat\u00eb dit\u00ebs, presidenti i Serbis\u00eb, Aleksandar Vu\u00e7iq, nuk e komentoi marr\u00ebveshjen e arritur m\u00eb 10 korrik nd\u00ebrmjet Bashkimit Evropian dhe Kosov\u00ebs, por foli p\u00ebr k\u00ebrkesat q\u00eb komuniteti nd\u00ebrkomb\u00ebtar i ka vendosur p\u00ebrpara Beogradit dhe Prishtin\u00ebs, p\u00ebr uljen e tensioneve.<\/p>\n<p>\u201cTani do t\u00eb shihni nj\u00eb truk tjet\u00ebr q\u00eb disa njer\u00ebz nga Per\u00ebndimi po p\u00ebrpiqen ta zbatojn\u00eb. Dhe kjo n\u00ebnkupton [q\u00eb ata do t\u00eb thon\u00eb] \u2013 kthehuni dhe flisni normalisht\u201d, tha Vu\u00e7iq, duke shtuar se m\u00ebnyra q\u00eb k\u00ebrkohet p\u00ebr shtensionimin e veriut, \u00ebsht\u00eb e pakuptimt\u00eb p\u00ebr t\u00eb.<\/p>\n<p>\u201cShtensionimi \u00ebsht\u00eb kur t\u00ebrheqin 25 p\u00ebr qind t\u00eb di\u00e7kaje? Nj\u00eb Zot e di se \u00e7far\u00eb do t\u00eb thot\u00eb kjo, por ata po k\u00ebrkojn\u00eb nj\u00eb arsye t\u00eb mjaftueshme p\u00ebr t\u00eb faj\u00ebsuar Serbin\u00eb\u201d, tha Vu\u00e7iq, duke iu referuar vendimit t\u00eb Qeveris\u00eb s\u00eb Kosov\u00ebs p\u00ebr t\u00eb zvog\u00ebluar pranin\u00eb policore n\u00eb veri t\u00eb vendit.<\/p>\n<p>M\u00eb 11 korrik, Bashkimi Evropian konfirmoi se Kosova ka pranuar t\u00eb reduktoj\u00eb pranin\u00eb e policis\u00eb n\u00eb dhe rreth nd\u00ebrtesave komunale n\u00eb Zve\u00e7an, Leposaviq dhe Zubin Potok \u2013 komuna t\u00eb banuara me shumic\u00eb serbe n\u00eb veri t\u00eb Kosov\u00ebs \u2013 dhe se Kosova do t\u00eb mb\u00ebshtes\u00eb mbajtjen e zgjedhjeve t\u00eb reja n\u00eb kat\u00ebr komunat veriore, si pjes\u00eb e veprimeve p\u00ebr t\u00eb shtensionuar situat\u00ebn.<\/p>\n<p>Qeveria e Kosov\u00ebs tha se t\u00eb gjitha hapat do t\u00eb \u201cfinalizohen brenda nj\u00eb periudhe dyjavore\u201d.<\/p>\n<p>Ky pajtim u arrit gjat\u00eb nj\u00eb takimi joformal q\u00eb u mbajt n\u00eb Bratisllav\u00eb midis z\u00ebvend\u00ebskryeministrit t\u00eb Kosov\u00ebs, Besnik Bislimi, dhe t\u00eb d\u00ebrguarit t\u00eb posa\u00e7\u00ebm t\u00eb BE-s\u00eb p\u00ebr dialogun Kosov\u00eb-Serbi, Mirosllav Laj\u00e7ak.<\/p>\n<p>Po ashtu, Kosova dhe BE-ja jan\u00eb pajtuar edhe p\u00ebr nd\u00ebrmarrjen e disa hapave t\u00eb tjer\u00eb.<\/p>\n","protected":false},"excerpt":{"rendered":"<p>Kryeministri i Kosov\u00ebs, Albin Kurti, ka th\u00ebn\u00eb se dakordimi mes Kosov\u00ebs dhe Bashkimit Evropian, p\u00ebr pikat q\u00eb synojn\u00eb t\u00eb shtensionojn\u00eb situat\u00ebn n\u00eb veri t\u00eb vendit, \u201cdo t\u00eb ndihmoj\u00eb n\u00eb p\u00ebrforcimin e fokusit dhe vendosjen e barazis\u00eb midis pal\u00ebve\u201d. \u201cT\u00eb dyja pal\u00ebt [Kosova dhe Serbia] duhet t\u00eb ken\u00eb mund\u00ebsin\u00eb t\u00eb negociojn\u00eb nga pozicione t\u00eb barabarta, gj\u00eb [&hellip;]<\/p>\n","protected":false},"author":2,"featured_media":18859,"comment_status":"closed","ping_status":"closed","sticky":false,"template":"","format":"standard","meta":{"_monsterinsights_skip_tracking":false,"_monsterinsights_sitenote_active":false,"_monsterinsights_sitenote_note":"","_monsterinsights_sitenote_category":0,"_uf_show_specific_survey":0,"_uf_disable_surveys":false,"footnotes":""},"categories":[1146,15],"tags":[86],"yoast_head":"<!-- This site is optimized with the Yoast SEO plugin v21.5 - https:\/\/yoast.com\/wordpress\/plugins\/seo\/ -->\n<title>Kurti p\u00ebr marr\u00ebveshjen e Ohrit: Zbatimi i neneve t\u00eb marr\u00ebveshjes nuk mund t\u00eb kusht\u00ebzohet<\/title>\n<meta name=\"robots\" content=\"index, follow, max-snippet:-1, max-image-preview:large, max-video-preview:-1\" \/>\n<link rel=\"canonical\" href=\"https:\/\/permbledhja.com\/sq\/kurti-per-marreveshjen-e-ohrit-zbatimi-i-neneve-te-marreveshjes-nuk-mund-te-kushtezohet\/\" \/>\n<meta property=\"og:locale\" content=\"sq_AL\" \/>\n<meta property=\"og:type\" content=\"article\" \/>\n<meta property=\"og:title\" content=\"Kurti p\u00ebr marr\u00ebveshjen e Ohrit: Zbatimi i neneve t\u00eb marr\u00ebveshjes nuk mund t\u00eb kusht\u00ebzohet\" \/>\n<meta property=\"og:description\" content=\"Kryeministri i Kosov\u00ebs, Albin Kurti, ka th\u00ebn\u00eb se dakordimi mes Kosov\u00ebs dhe Bashkimit Evropian, p\u00ebr pikat q\u00eb synojn\u00eb t\u00eb shtensionojn\u00eb situat\u00ebn n\u00eb veri t\u00eb vendit, \u201cdo t\u00eb ndihmoj\u00eb n\u00eb p\u00ebrforcimin e fokusit dhe vendosjen e barazis\u00eb midis pal\u00ebve\u201d. \u201cT\u00eb dyja pal\u00ebt [Kosova dhe Serbia] duhet t\u00eb ken\u00eb mund\u00ebsin\u00eb t\u00eb negociojn\u00eb nga pozicione t\u00eb barabarta, gj\u00eb [&hellip;]\" \/>\n<meta property=\"og:url\" content=\"https:\/\/permbledhja.com\/sq\/kurti-per-marreveshjen-e-ohrit-zbatimi-i-neneve-te-marreveshjes-nuk-mund-te-kushtezohet\/\" \/>\n<meta property=\"og:site_name\" content=\"Ve\u00e7 artikuj p\u00ebrmbledh\u00ebs\" \/>\n<meta property=\"article:publisher\" content=\"https:\/\/www.facebook.com\/press07\/\" \/>\n<meta property=\"article:published_time\" content=\"2023-07-12T14:18:25+00:00\" \/>\n<meta property=\"og:image\" content=\"https:\/\/permbledhja.com\/wp-content\/uploads\/2023\/07\/KURTI-2.jpg\" \/>\n\t<meta property=\"og:image:width\" content=\"1200\" \/>\n\t<meta property=\"og:image:height\" content=\"630\" \/>\n\t<meta property=\"og:image:type\" content=\"image\/jpeg\" \/>\n<meta name=\"author\" content=\"M M\" \/>\n<meta name=\"twitter:card\" content=\"summary_large_image\" \/>\n<meta name=\"twitter:label1\" content=\"Written by\" \/>\n\t<meta name=\"twitter:data1\" content=\"M M\" \/>\n\t<meta name=\"twitter:label2\" content=\"Est. reading time\" \/>\n\t<meta name=\"twitter:data2\" content=\"3 minuta\" \/>\n<script type=\"application\/ld+json\" class=\"yoast-schema-graph\">{\"@context\":\"https:\/\/schema.org\",\"@graph\":[{\"@type\":\"Article\",\"@id\":\"https:\/\/permbledhja.com\/sq\/kurti-per-marreveshjen-e-ohrit-zbatimi-i-neneve-te-marreveshjes-nuk-mund-te-kushtezohet\/#article\",\"isPartOf\":{\"@id\":\"https:\/\/permbledhja.com\/sq\/kurti-per-marreveshjen-e-ohrit-zbatimi-i-neneve-te-marreveshjes-nuk-mund-te-kushtezohet\/\"},\"author\":{\"name\":\"M M\",\"@id\":\"https:\/\/permbledhja.com\/#\/schema\/person\/d23f13f59b5722643933d6780783acf3\"},\"headline\":\"Kurti p\u00ebr marr\u00ebveshjen e Ohrit: Zbatimi i neneve t\u00eb marr\u00ebveshjes nuk mund t\u00eb kusht\u00ebzohet\",\"datePublished\":\"2023-07-12T14:18:25+00:00\",\"dateModified\":\"2023-07-12T14:18:25+00:00\",\"mainEntityOfPage\":{\"@id\":\"https:\/\/permbledhja.com\/sq\/kurti-per-marreveshjen-e-ohrit-zbatimi-i-neneve-te-marreveshjes-nuk-mund-te-kushtezohet\/\"},\"wordCount\":698,\"publisher\":{\"@id\":\"https:\/\/permbledhja.com\/#organization\"},\"keywords\":[\"Albin Kurti\"],\"articleSection\":[\"Kryesoret\",\"Lajme\"],\"inLanguage\":\"sq\"},{\"@type\":\"WebPage\",\"@id\":\"https:\/\/permbledhja.com\/sq\/kurti-per-marreveshjen-e-ohrit-zbatimi-i-neneve-te-marreveshjes-nuk-mund-te-kushtezohet\/\",\"url\":\"https:\/\/permbledhja.com\/sq\/kurti-per-marreveshjen-e-ohrit-zbatimi-i-neneve-te-marreveshjes-nuk-mund-te-kushtezohet\/\",\"name\":\"Kurti p\u00ebr marr\u00ebveshjen e Ohrit: Zbatimi i neneve t\u00eb marr\u00ebveshjes nuk mund t\u00eb kusht\u00ebzohet\",\"isPartOf\":{\"@id\":\"https:\/\/permbledhja.com\/#website\"},\"datePublished\":\"2023-07-12T14:18:25+00:00\",\"dateModified\":\"2023-07-12T14:18:25+00:00\",\"breadcrumb\":{\"@id\":\"https:\/\/permbledhja.com\/sq\/kurti-per-marreveshjen-e-ohrit-zbatimi-i-neneve-te-marreveshjes-nuk-mund-te-kushtezohet\/#breadcrumb\"},\"inLanguage\":\"sq\",\"potentialAction\":[{\"@type\":\"ReadAction\",\"target\":[\"https:\/\/permbledhja.com\/sq\/kurti-per-marreveshjen-e-ohrit-zbatimi-i-neneve-te-marreveshjes-nuk-mund-te-kushtezohet\/\"]}]},{\"@type\":\"BreadcrumbList\",\"@id\":\"https:\/\/permbledhja.com\/sq\/kurti-per-marreveshjen-e-ohrit-zbatimi-i-neneve-te-marreveshjes-nuk-mund-te-kushtezohet\/#breadcrumb\",\"itemListElement\":[{\"@type\":\"ListItem\",\"position\":1,\"name\":\"Ballina\",\"item\":\"https:\/\/permbledhja.com\/sq\/\"},{\"@type\":\"ListItem\",\"position\":2,\"name\":\"Kurti p\u00ebr marr\u00ebveshjen e Ohrit: Zbatimi i neneve t\u00eb marr\u00ebveshjes nuk mund t\u00eb kusht\u00ebzohet\"}]},{\"@type\":\"WebSite\",\"@id\":\"https:\/\/permbledhja.com\/#website\",\"url\":\"https:\/\/permbledhja.com\/\",\"name\":\"Ve\u00e7 artikuj p\u00ebrmbledh\u00ebs\",\"description\":\"\",\"publisher\":{\"@id\":\"https:\/\/permbledhja.com\/#organization\"},\"potentialAction\":[{\"@type\":\"SearchAction\",\"target\":{\"@type\":\"EntryPoint\",\"urlTemplate\":\"https:\/\/permbledhja.com\/?s={search_term_string}\"},\"query-input\":\"required name=search_term_string\"}],\"inLanguage\":\"sq\"},{\"@type\":\"Organization\",\"@id\":\"https:\/\/permbledhja.com\/#organization\",\"name\":\"MK Media & Pr\",\"url\":\"https:\/\/permbledhja.com\/\",\"logo\":{\"@type\":\"ImageObject\",\"inLanguage\":\"sq\",\"@id\":\"https:\/\/permbledhja.com\/#\/schema\/logo\/image\/\",\"url\":\"https:\/\/permbledhja.com\/wp-content\/uploads\/2021\/12\/07-Press-Logo.jpg\",\"contentUrl\":\"https:\/\/permbledhja.com\/wp-content\/uploads\/2021\/12\/07-Press-Logo.jpg\",\"width\":512,\"height\":512,\"caption\":\"MK Media & Pr\"},\"image\":{\"@id\":\"https:\/\/permbledhja.com\/#\/schema\/logo\/image\/\"},\"sameAs\":[\"https:\/\/www.facebook.com\/press07\/\"]},{\"@type\":\"Person\",\"@id\":\"https:\/\/permbledhja.com\/#\/schema\/person\/d23f13f59b5722643933d6780783acf3\",\"name\":\"M M\",\"image\":{\"@type\":\"ImageObject\",\"inLanguage\":\"sq\",\"@id\":\"https:\/\/permbledhja.com\/#\/schema\/person\/image\/\",\"url\":\"https:\/\/secure.gravatar.com\/avatar\/e2835a76ca7c31a2416b2d51c4ec9a8f?s=96&d=mm&r=g\",\"contentUrl\":\"https:\/\/secure.gravatar.com\/avatar\/e2835a76ca7c31a2416b2d51c4ec9a8f?s=96&d=mm&r=g\",\"caption\":\"M M\"},\"sameAs\":[\"http:\/\/MM\"],\"url\":\"https:\/\/permbledhja.com\/sq\/author\/muhamet\/\"}]}<\/script>\n<!-- \/ Yoast SEO plugin. -->","yoast_head_json":{"title":"Kurti p\u00ebr marr\u00ebveshjen e Ohrit: Zbatimi i neneve t\u00eb marr\u00ebveshjes nuk mund t\u00eb kusht\u00ebzohet","robots":{"index":"index","follow":"follow","max-snippet":"max-snippet:-1","max-image-preview":"max-image-preview:large","max-video-preview":"max-video-preview:-1"},"canonical":"https:\/\/permbledhja.com\/sq\/kurti-per-marreveshjen-e-ohrit-zbatimi-i-neneve-te-marreveshjes-nuk-mund-te-kushtezohet\/","og_locale":"sq_AL","og_type":"article","og_title":"Kurti p\u00ebr marr\u00ebveshjen e Ohrit: Zbatimi i neneve t\u00eb marr\u00ebveshjes nuk mund t\u00eb kusht\u00ebzohet","og_description":"Kryeministri i Kosov\u00ebs, Albin Kurti, ka th\u00ebn\u00eb se dakordimi mes Kosov\u00ebs dhe Bashkimit Evropian, p\u00ebr pikat q\u00eb synojn\u00eb t\u00eb shtensionojn\u00eb situat\u00ebn n\u00eb veri t\u00eb vendit, \u201cdo t\u00eb ndihmoj\u00eb n\u00eb p\u00ebrforcimin e fokusit dhe vendosjen e barazis\u00eb midis pal\u00ebve\u201d. \u201cT\u00eb dyja pal\u00ebt [Kosova dhe Serbia] duhet t\u00eb ken\u00eb mund\u00ebsin\u00eb t\u00eb negociojn\u00eb nga pozicione t\u00eb barabarta, gj\u00eb [&hellip;]","og_url":"https:\/\/permbledhja.com\/sq\/kurti-per-marreveshjen-e-ohrit-zbatimi-i-neneve-te-marreveshjes-nuk-mund-te-kushtezohet\/","og_site_name":"Ve\u00e7 artikuj p\u00ebrmbledh\u00ebs","article_publisher":"https:\/\/www.facebook.com\/press07\/","article_published_time":"2023-07-12T14:18:25+00:00","og_image":[{"width":1200,"height":630,"url":"https:\/\/permbledhja.com\/wp-content\/uploads\/2023\/07\/KURTI-2.jpg","type":"image\/jpeg"}],"author":"M M","twitter_card":"summary_large_image","twitter_misc":{"Written by":"M M","Est. reading time":"3 minuta"},"schema":{"@context":"https:\/\/schema.org","@graph":[{"@type":"Article","@id":"https:\/\/permbledhja.com\/sq\/kurti-per-marreveshjen-e-ohrit-zbatimi-i-neneve-te-marreveshjes-nuk-mund-te-kushtezohet\/#article","isPartOf":{"@id":"https:\/\/permbledhja.com\/sq\/kurti-per-marreveshjen-e-ohrit-zbatimi-i-neneve-te-marreveshjes-nuk-mund-te-kushtezohet\/"},"author":{"name":"M M","@id":"https:\/\/permbledhja.com\/#\/schema\/person\/d23f13f59b5722643933d6780783acf3"},"headline":"Kurti p\u00ebr marr\u00ebveshjen e Ohrit: Zbatimi i neneve t\u00eb marr\u00ebveshjes nuk mund t\u00eb kusht\u00ebzohet","datePublished":"2023-07-12T14:18:25+00:00","dateModified":"2023-07-12T14:18:25+00:00","mainEntityOfPage":{"@id":"https:\/\/permbledhja.com\/sq\/kurti-per-marreveshjen-e-ohrit-zbatimi-i-neneve-te-marreveshjes-nuk-mund-te-kushtezohet\/"},"wordCount":698,"publisher":{"@id":"https:\/\/permbledhja.com\/#organization"},"keywords":["Albin Kurti"],"articleSection":["Kryesoret","Lajme"],"inLanguage":"sq"},{"@type":"WebPage","@id":"https:\/\/permbledhja.com\/sq\/kurti-per-marreveshjen-e-ohrit-zbatimi-i-neneve-te-marreveshjes-nuk-mund-te-kushtezohet\/","url":"https:\/\/permbledhja.com\/sq\/kurti-per-marreveshjen-e-ohrit-zbatimi-i-neneve-te-marreveshjes-nuk-mund-te-kushtezohet\/","name":"Kurti p\u00ebr marr\u00ebveshjen e Ohrit: Zbatimi i neneve t\u00eb marr\u00ebveshjes nuk mund t\u00eb kusht\u00ebzohet","isPartOf":{"@id":"https:\/\/permbledhja.com\/#website"},"datePublished":"2023-07-12T14:18:25+00:00","dateModified":"2023-07-12T14:18:25+00:00","breadcrumb":{"@id":"https:\/\/permbledhja.com\/sq\/kurti-per-marreveshjen-e-ohrit-zbatimi-i-neneve-te-marreveshjes-nuk-mund-te-kushtezohet\/#breadcrumb"},"inLanguage":"sq","potentialAction":[{"@type":"ReadAction","target":["https:\/\/permbledhja.com\/sq\/kurti-per-marreveshjen-e-ohrit-zbatimi-i-neneve-te-marreveshjes-nuk-mund-te-kushtezohet\/"]}]},{"@type":"BreadcrumbList","@id":"https:\/\/permbledhja.com\/sq\/kurti-per-marreveshjen-e-ohrit-zbatimi-i-neneve-te-marreveshjes-nuk-mund-te-kushtezohet\/#breadcrumb","itemListElement":[{"@type":"ListItem","position":1,"name":"Ballina","item":"https:\/\/permbledhja.com\/sq\/"},{"@type":"ListItem","position":2,"name":"Kurti p\u00ebr marr\u00ebveshjen e Ohrit: Zbatimi i neneve t\u00eb marr\u00ebveshjes nuk mund t\u00eb kusht\u00ebzohet"}]},{"@type":"WebSite","@id":"https:\/\/permbledhja.com\/#website","url":"https:\/\/permbledhja.com\/","name":"Ve\u00e7 artikuj p\u00ebrmbledh\u00ebs","description":"","publisher":{"@id":"https:\/\/permbledhja.com\/#organization"},"potentialAction":[{"@type":"SearchAction","target":{"@type":"EntryPoint","urlTemplate":"https:\/\/permbledhja.com\/?s={search_term_string}"},"query-input":"required name=search_term_string"}],"inLanguage":"sq"},{"@type":"Organization","@id":"https:\/\/permbledhja.com\/#organization","name":"MK Media & Pr","url":"https:\/\/permbledhja.com\/","logo":{"@type":"ImageObject","inLanguage":"sq","@id":"https:\/\/permbledhja.com\/#\/schema\/logo\/image\/","url":"https:\/\/permbledhja.com\/wp-content\/uploads\/2021\/12\/07-Press-Logo.jpg","contentUrl":"https:\/\/permbledhja.com\/wp-content\/uploads\/2021\/12\/07-Press-Logo.jpg","width":512,"height":512,"caption":"MK Media & Pr"},"image":{"@id":"https:\/\/permbledhja.com\/#\/schema\/logo\/image\/"},"sameAs":["https:\/\/www.facebook.com\/press07\/"]},{"@type":"Person","@id":"https:\/\/permbledhja.com\/#\/schema\/person\/d23f13f59b5722643933d6780783acf3","name":"M M","image":{"@type":"ImageObject","inLanguage":"sq","@id":"https:\/\/permbledhja.com\/#\/schema\/person\/image\/","url":"https:\/\/secure.gravatar.com\/avatar\/e2835a76ca7c31a2416b2d51c4ec9a8f?s=96&d=mm&r=g","contentUrl":"https:\/\/secure.gravatar.com\/avatar\/e2835a76ca7c31a2416b2d51c4ec9a8f?s=96&d=mm&r=g","caption":"M M"},"sameAs":["http:\/\/MM"],"url":"https:\/\/permbledhja.com\/sq\/author\/muhamet\/"}]}},"_links":{"self":[{"href":"https:\/\/permbledhja.com\/sq\/wp-json\/wp\/v2\/posts\/18858"}],"collection":[{"href":"https:\/\/permbledhja.com\/sq\/wp-json\/wp\/v2\/posts"}],"about":[{"href":"https:\/\/permbledhja.com\/sq\/wp-json\/wp\/v2\/types\/post"}],"author":[{"embeddable":true,"href":"https:\/\/permbledhja.com\/sq\/wp-json\/wp\/v2\/users\/2"}],"replies":[{"embeddable":true,"href":"https:\/\/permbledhja.com\/sq\/wp-json\/wp\/v2\/comments?post=18858"}],"version-history":[{"count":1,"href":"https:\/\/permbledhja.com\/sq\/wp-json\/wp\/v2\/posts\/18858\/revisions"}],"predecessor-version":[{"id":18860,"href":"https:\/\/permbledhja.com\/sq\/wp-json\/wp\/v2\/posts\/18858\/revisions\/18860"}],"wp:featuredmedia":[{"embeddable":true,"href":"https:\/\/permbledhja.com\/sq\/wp-json\/wp\/v2\/media\/18859"}],"wp:attachment":[{"href":"https:\/\/permbledhja.com\/sq\/wp-json\/wp\/v2\/media?parent=18858"}],"wp:term":[{"taxonomy":"category","embeddable":true,"href":"https:\/\/permbledhja.com\/sq\/wp-json\/wp\/v2\/categories?post=18858"},{"taxonomy":"post_tag","embeddable":true,"href":"https:\/\/permbledhja.com\/sq\/wp-json\/wp\/v2\/tags?post=18858"}],"curies":[{"name":"wp","href":"https:\/\/api.w.org\/{rel}","templated":true}]}}