{"id":18775,"date":"2023-07-11T17:33:31","date_gmt":"2023-07-11T17:33:31","guid":{"rendered":"https:\/\/permbledhja.com\/?p=18775"},"modified":"2023-07-11T17:33:31","modified_gmt":"2023-07-11T17:33:31","slug":"vulin-nen-sanksionet-amerikane-osmani-bashke-me-aleatet-do-te-luftojme-ndikimin-e-keqdashesve","status":"publish","type":"post","link":"https:\/\/permbledhja.com\/sq\/vulin-nen-sanksionet-amerikane-osmani-bashke-me-aleatet-do-te-luftojme-ndikimin-e-keqdashesve\/","title":{"rendered":"Vulin n\u00ebn sanksionet amerikane, Osmani: Bashk\u00eb me aleat\u00ebt do t\u00eb luftojm\u00eb ndikimin e keqdash\u00ebsve"},"content":{"rendered":"<h3>Presidentja e Kosov\u00ebs, Vjosa Osmani, ka reaguar pasi SHBA-ja vendosi sanksione p\u00ebr Aleksand\u00ebr Vulinin, shefin e BIA-s, q\u00eb ka mbajtur poste t\u00eb r\u00ebnd\u00ebsishme n\u00ebn pushtetin e Aleksand\u00ebr Vu\u00e7iqit.<\/h3>\n<p>Vulin \u00ebsht\u00eb vendosur n\u00ebn sanksione nd\u00ebr tjerash edhe p\u00ebr k\u00ebrc\u00ebnimin e paqes n\u00eb rajon.<\/p>\n<p>K\u00ebt\u00eb l\u00ebvizje amerikane e ka p\u00ebrsh\u00ebndetur presidentja Vjosa Osmani, duke th\u00ebn\u00eb se s\u00eb bashku me aleat\u00ebt tan\u00eb do t\u00eb luftojm\u00eb ndikimin e aktor\u00ebve t\u00eb till\u00eb keqdash\u00ebs.<\/p>\n<p>\u201dVulin&amp;co d\u00ebmtoi demokracin\u00eb dhe k\u00ebrc\u00ebnoi paqen n\u00eb rajonin ton\u00eb. Ai i sh\u00ebrbeu interesave malinje t\u00eb Rusis\u00eb dhe krimit organizativ transnacional, duke minuar k\u00ebshtu reg. stabiliteti. Un\u00eb p\u00ebrsh\u00ebndes SHBA-n\u00eb p\u00ebr vendimin p\u00ebr ta sanksionuar at\u00eb. S\u00eb bashku me aleat\u00ebt tan\u00eb do t\u00eb luftojm\u00eb ndikimin e aktor\u00ebve t\u00eb till\u00eb keqdash\u00ebs\u201d, ka shkruar Osmani n\u00eb\u00a0Twitter.<\/p>\n<blockquote class=\"twitter-tweet\">\n<p dir=\"ltr\" lang=\"en\">Vulin&amp;co damaged democracy and threatened peace in our region. He served Russia&#8217;s malign interest &amp; transnational org.crime, thus undermined reg. stability. I applaud the US for the decision to sanction him. Together with our allies we\u2019ll fight the influence of such malign actors <a href=\"https:\/\/t.co\/haEVuhDYPm\">pic.twitter.com\/haEVuhDYPm<\/a><\/p>\n<p>\u2014 Vjosa Osmani (@VjosaOsmaniPRKS) <a href=\"https:\/\/twitter.com\/VjosaOsmaniPRKS\/status\/1678809163458019332?ref_src=twsrc%5Etfw\">July 11, 2023<\/a><\/p><\/blockquote>\n<p><script async src=\"https:\/\/platform.twitter.com\/widgets.js\" charset=\"utf-8\"><\/script><\/p>\n","protected":false},"excerpt":{"rendered":"<p>Presidentja e Kosov\u00ebs, Vjosa Osmani, ka reaguar pasi SHBA-ja vendosi sanksione p\u00ebr Aleksand\u00ebr Vulinin, shefin e BIA-s, q\u00eb ka mbajtur poste t\u00eb r\u00ebnd\u00ebsishme n\u00ebn pushtetin e Aleksand\u00ebr Vu\u00e7iqit. Vulin \u00ebsht\u00eb vendosur n\u00ebn sanksione nd\u00ebr tjerash edhe p\u00ebr k\u00ebrc\u00ebnimin e paqes n\u00eb rajon. K\u00ebt\u00eb l\u00ebvizje amerikane e ka p\u00ebrsh\u00ebndetur presidentja Vjosa Osmani, duke th\u00ebn\u00eb se s\u00eb [&hellip;]<\/p>\n","protected":false},"author":2,"featured_media":18776,"comment_status":"closed","ping_status":"closed","sticky":false,"template":"","format":"standard","meta":{"_monsterinsights_skip_tracking":false,"_monsterinsights_sitenote_active":false,"_monsterinsights_sitenote_note":"","_monsterinsights_sitenote_category":0,"_uf_show_specific_survey":0,"_uf_disable_surveys":false,"footnotes":""},"categories":[1146,15],"tags":[163],"yoast_head":"<!-- This site is optimized with the Yoast SEO plugin v21.5 - https:\/\/yoast.com\/wordpress\/plugins\/seo\/ -->\n<title>Vulin n\u00ebn sanksionet amerikane, Osmani: Bashk\u00eb me aleat\u00ebt do t\u00eb luftojm\u00eb ndikimin e keqdash\u00ebsve<\/title>\n<meta name=\"robots\" content=\"index, follow, max-snippet:-1, max-image-preview:large, max-video-preview:-1\" \/>\n<link rel=\"canonical\" href=\"https:\/\/permbledhja.com\/sq\/vulin-nen-sanksionet-amerikane-osmani-bashke-me-aleatet-do-te-luftojme-ndikimin-e-keqdashesve\/\" \/>\n<meta property=\"og:locale\" content=\"sq_AL\" \/>\n<meta property=\"og:type\" content=\"article\" \/>\n<meta property=\"og:title\" content=\"Vulin n\u00ebn sanksionet amerikane, Osmani: Bashk\u00eb me aleat\u00ebt do t\u00eb luftojm\u00eb ndikimin e keqdash\u00ebsve\" \/>\n<meta property=\"og:description\" content=\"Presidentja e Kosov\u00ebs, Vjosa Osmani, ka reaguar pasi SHBA-ja vendosi sanksione p\u00ebr Aleksand\u00ebr Vulinin, shefin e BIA-s, q\u00eb ka mbajtur poste t\u00eb r\u00ebnd\u00ebsishme n\u00ebn pushtetin e Aleksand\u00ebr Vu\u00e7iqit. Vulin \u00ebsht\u00eb vendosur n\u00ebn sanksione nd\u00ebr tjerash edhe p\u00ebr k\u00ebrc\u00ebnimin e paqes n\u00eb rajon. K\u00ebt\u00eb l\u00ebvizje amerikane e ka p\u00ebrsh\u00ebndetur presidentja Vjosa Osmani, duke th\u00ebn\u00eb se s\u00eb [&hellip;]\" \/>\n<meta property=\"og:url\" content=\"https:\/\/permbledhja.com\/sq\/vulin-nen-sanksionet-amerikane-osmani-bashke-me-aleatet-do-te-luftojme-ndikimin-e-keqdashesve\/\" \/>\n<meta property=\"og:site_name\" content=\"Ve\u00e7 artikuj p\u00ebrmbledh\u00ebs\" \/>\n<meta property=\"article:publisher\" content=\"https:\/\/www.facebook.com\/press07\/\" \/>\n<meta property=\"article:published_time\" content=\"2023-07-11T17:33:31+00:00\" \/>\n<meta property=\"og:image\" content=\"https:\/\/permbledhja.com\/wp-content\/uploads\/2023\/07\/OSMANI-1.jpg\" \/>\n\t<meta property=\"og:image:width\" content=\"980\" \/>\n\t<meta property=\"og:image:height\" content=\"612\" \/>\n\t<meta property=\"og:image:type\" content=\"image\/jpeg\" \/>\n<meta name=\"author\" content=\"M M\" \/>\n<meta name=\"twitter:card\" content=\"summary_large_image\" \/>\n<meta name=\"twitter:label1\" content=\"Written by\" \/>\n\t<meta name=\"twitter:data1\" content=\"M M\" \/>\n\t<meta name=\"twitter:label2\" content=\"Est. reading time\" \/>\n\t<meta name=\"twitter:data2\" content=\"1 minut\u00eb\" \/>\n<script type=\"application\/ld+json\" class=\"yoast-schema-graph\">{\"@context\":\"https:\/\/schema.org\",\"@graph\":[{\"@type\":\"Article\",\"@id\":\"https:\/\/permbledhja.com\/vulin-nen-sanksionet-amerikane-osmani-bashke-me-aleatet-do-te-luftojme-ndikimin-e-keqdashesve\/#article\",\"isPartOf\":{\"@id\":\"https:\/\/permbledhja.com\/vulin-nen-sanksionet-amerikane-osmani-bashke-me-aleatet-do-te-luftojme-ndikimin-e-keqdashesve\/\"},\"author\":{\"name\":\"M M\",\"@id\":\"https:\/\/permbledhja.com\/#\/schema\/person\/d23f13f59b5722643933d6780783acf3\"},\"headline\":\"Vulin n\u00ebn sanksionet amerikane, Osmani: Bashk\u00eb me aleat\u00ebt do t\u00eb luftojm\u00eb ndikimin e keqdash\u00ebsve\",\"datePublished\":\"2023-07-11T17:33:31+00:00\",\"dateModified\":\"2023-07-11T17:33:31+00:00\",\"mainEntityOfPage\":{\"@id\":\"https:\/\/permbledhja.com\/vulin-nen-sanksionet-amerikane-osmani-bashke-me-aleatet-do-te-luftojme-ndikimin-e-keqdashesve\/\"},\"wordCount\":228,\"publisher\":{\"@id\":\"https:\/\/permbledhja.com\/#organization\"},\"keywords\":[\"Vjosa Osmani\"],\"articleSection\":[\"Kryesoret\",\"Lajme\"],\"inLanguage\":\"sq\"},{\"@type\":\"WebPage\",\"@id\":\"https:\/\/permbledhja.com\/vulin-nen-sanksionet-amerikane-osmani-bashke-me-aleatet-do-te-luftojme-ndikimin-e-keqdashesve\/\",\"url\":\"https:\/\/permbledhja.com\/vulin-nen-sanksionet-amerikane-osmani-bashke-me-aleatet-do-te-luftojme-ndikimin-e-keqdashesve\/\",\"name\":\"Vulin n\u00ebn sanksionet amerikane, Osmani: Bashk\u00eb me aleat\u00ebt do t\u00eb luftojm\u00eb ndikimin e keqdash\u00ebsve\",\"isPartOf\":{\"@id\":\"https:\/\/permbledhja.com\/#website\"},\"datePublished\":\"2023-07-11T17:33:31+00:00\",\"dateModified\":\"2023-07-11T17:33:31+00:00\",\"breadcrumb\":{\"@id\":\"https:\/\/permbledhja.com\/vulin-nen-sanksionet-amerikane-osmani-bashke-me-aleatet-do-te-luftojme-ndikimin-e-keqdashesve\/#breadcrumb\"},\"inLanguage\":\"sq\",\"potentialAction\":[{\"@type\":\"ReadAction\",\"target\":[\"https:\/\/permbledhja.com\/vulin-nen-sanksionet-amerikane-osmani-bashke-me-aleatet-do-te-luftojme-ndikimin-e-keqdashesve\/\"]}]},{\"@type\":\"BreadcrumbList\",\"@id\":\"https:\/\/permbledhja.com\/vulin-nen-sanksionet-amerikane-osmani-bashke-me-aleatet-do-te-luftojme-ndikimin-e-keqdashesve\/#breadcrumb\",\"itemListElement\":[{\"@type\":\"ListItem\",\"position\":1,\"name\":\"Ballina\",\"item\":\"https:\/\/permbledhja.com\/sq\/\"},{\"@type\":\"ListItem\",\"position\":2,\"name\":\"Vulin n\u00ebn sanksionet amerikane, Osmani: Bashk\u00eb me aleat\u00ebt do t\u00eb luftojm\u00eb ndikimin e keqdash\u00ebsve\"}]},{\"@type\":\"WebSite\",\"@id\":\"https:\/\/permbledhja.com\/#website\",\"url\":\"https:\/\/permbledhja.com\/\",\"name\":\"Ve\u00e7 artikuj p\u00ebrmbledh\u00ebs\",\"description\":\"\",\"publisher\":{\"@id\":\"https:\/\/permbledhja.com\/#organization\"},\"potentialAction\":[{\"@type\":\"SearchAction\",\"target\":{\"@type\":\"EntryPoint\",\"urlTemplate\":\"https:\/\/permbledhja.com\/?s={search_term_string}\"},\"query-input\":\"required name=search_term_string\"}],\"inLanguage\":\"sq\"},{\"@type\":\"Organization\",\"@id\":\"https:\/\/permbledhja.com\/#organization\",\"name\":\"MK Media & Pr\",\"url\":\"https:\/\/permbledhja.com\/\",\"logo\":{\"@type\":\"ImageObject\",\"inLanguage\":\"sq\",\"@id\":\"https:\/\/permbledhja.com\/#\/schema\/logo\/image\/\",\"url\":\"https:\/\/permbledhja.com\/wp-content\/uploads\/2021\/12\/07-Press-Logo.jpg\",\"contentUrl\":\"https:\/\/permbledhja.com\/wp-content\/uploads\/2021\/12\/07-Press-Logo.jpg\",\"width\":512,\"height\":512,\"caption\":\"MK Media & Pr\"},\"image\":{\"@id\":\"https:\/\/permbledhja.com\/#\/schema\/logo\/image\/\"},\"sameAs\":[\"https:\/\/www.facebook.com\/press07\/\"]},{\"@type\":\"Person\",\"@id\":\"https:\/\/permbledhja.com\/#\/schema\/person\/d23f13f59b5722643933d6780783acf3\",\"name\":\"M M\",\"image\":{\"@type\":\"ImageObject\",\"inLanguage\":\"sq\",\"@id\":\"https:\/\/permbledhja.com\/#\/schema\/person\/image\/\",\"url\":\"https:\/\/secure.gravatar.com\/avatar\/e2835a76ca7c31a2416b2d51c4ec9a8f?s=96&d=mm&r=g\",\"contentUrl\":\"https:\/\/secure.gravatar.com\/avatar\/e2835a76ca7c31a2416b2d51c4ec9a8f?s=96&d=mm&r=g\",\"caption\":\"M M\"},\"sameAs\":[\"http:\/\/MM\"],\"url\":\"https:\/\/permbledhja.com\/sq\/author\/muhamet\/\"}]}<\/script>\n<!-- \/ Yoast SEO plugin. -->","yoast_head_json":{"title":"Vulin n\u00ebn sanksionet amerikane, Osmani: Bashk\u00eb me aleat\u00ebt do t\u00eb luftojm\u00eb ndikimin e keqdash\u00ebsve","robots":{"index":"index","follow":"follow","max-snippet":"max-snippet:-1","max-image-preview":"max-image-preview:large","max-video-preview":"max-video-preview:-1"},"canonical":"https:\/\/permbledhja.com\/sq\/vulin-nen-sanksionet-amerikane-osmani-bashke-me-aleatet-do-te-luftojme-ndikimin-e-keqdashesve\/","og_locale":"sq_AL","og_type":"article","og_title":"Vulin n\u00ebn sanksionet amerikane, Osmani: Bashk\u00eb me aleat\u00ebt do t\u00eb luftojm\u00eb ndikimin e keqdash\u00ebsve","og_description":"Presidentja e Kosov\u00ebs, Vjosa Osmani, ka reaguar pasi SHBA-ja vendosi sanksione p\u00ebr Aleksand\u00ebr Vulinin, shefin e BIA-s, q\u00eb ka mbajtur poste t\u00eb r\u00ebnd\u00ebsishme n\u00ebn pushtetin e Aleksand\u00ebr Vu\u00e7iqit. Vulin \u00ebsht\u00eb vendosur n\u00ebn sanksione nd\u00ebr tjerash edhe p\u00ebr k\u00ebrc\u00ebnimin e paqes n\u00eb rajon. K\u00ebt\u00eb l\u00ebvizje amerikane e ka p\u00ebrsh\u00ebndetur presidentja Vjosa Osmani, duke th\u00ebn\u00eb se s\u00eb [&hellip;]","og_url":"https:\/\/permbledhja.com\/sq\/vulin-nen-sanksionet-amerikane-osmani-bashke-me-aleatet-do-te-luftojme-ndikimin-e-keqdashesve\/","og_site_name":"Ve\u00e7 artikuj p\u00ebrmbledh\u00ebs","article_publisher":"https:\/\/www.facebook.com\/press07\/","article_published_time":"2023-07-11T17:33:31+00:00","og_image":[{"width":980,"height":612,"url":"https:\/\/permbledhja.com\/wp-content\/uploads\/2023\/07\/OSMANI-1.jpg","type":"image\/jpeg"}],"author":"M M","twitter_card":"summary_large_image","twitter_misc":{"Written by":"M M","Est. reading time":"1 minut\u00eb"},"schema":{"@context":"https:\/\/schema.org","@graph":[{"@type":"Article","@id":"https:\/\/permbledhja.com\/vulin-nen-sanksionet-amerikane-osmani-bashke-me-aleatet-do-te-luftojme-ndikimin-e-keqdashesve\/#article","isPartOf":{"@id":"https:\/\/permbledhja.com\/vulin-nen-sanksionet-amerikane-osmani-bashke-me-aleatet-do-te-luftojme-ndikimin-e-keqdashesve\/"},"author":{"name":"M M","@id":"https:\/\/permbledhja.com\/#\/schema\/person\/d23f13f59b5722643933d6780783acf3"},"headline":"Vulin n\u00ebn sanksionet amerikane, Osmani: Bashk\u00eb me aleat\u00ebt do t\u00eb luftojm\u00eb ndikimin e keqdash\u00ebsve","datePublished":"2023-07-11T17:33:31+00:00","dateModified":"2023-07-11T17:33:31+00:00","mainEntityOfPage":{"@id":"https:\/\/permbledhja.com\/vulin-nen-sanksionet-amerikane-osmani-bashke-me-aleatet-do-te-luftojme-ndikimin-e-keqdashesve\/"},"wordCount":228,"publisher":{"@id":"https:\/\/permbledhja.com\/#organization"},"keywords":["Vjosa Osmani"],"articleSection":["Kryesoret","Lajme"],"inLanguage":"sq"},{"@type":"WebPage","@id":"https:\/\/permbledhja.com\/vulin-nen-sanksionet-amerikane-osmani-bashke-me-aleatet-do-te-luftojme-ndikimin-e-keqdashesve\/","url":"https:\/\/permbledhja.com\/vulin-nen-sanksionet-amerikane-osmani-bashke-me-aleatet-do-te-luftojme-ndikimin-e-keqdashesve\/","name":"Vulin n\u00ebn sanksionet amerikane, Osmani: Bashk\u00eb me aleat\u00ebt do t\u00eb luftojm\u00eb ndikimin e keqdash\u00ebsve","isPartOf":{"@id":"https:\/\/permbledhja.com\/#website"},"datePublished":"2023-07-11T17:33:31+00:00","dateModified":"2023-07-11T17:33:31+00:00","breadcrumb":{"@id":"https:\/\/permbledhja.com\/vulin-nen-sanksionet-amerikane-osmani-bashke-me-aleatet-do-te-luftojme-ndikimin-e-keqdashesve\/#breadcrumb"},"inLanguage":"sq","potentialAction":[{"@type":"ReadAction","target":["https:\/\/permbledhja.com\/vulin-nen-sanksionet-amerikane-osmani-bashke-me-aleatet-do-te-luftojme-ndikimin-e-keqdashesve\/"]}]},{"@type":"BreadcrumbList","@id":"https:\/\/permbledhja.com\/vulin-nen-sanksionet-amerikane-osmani-bashke-me-aleatet-do-te-luftojme-ndikimin-e-keqdashesve\/#breadcrumb","itemListElement":[{"@type":"ListItem","position":1,"name":"Ballina","item":"https:\/\/permbledhja.com\/sq\/"},{"@type":"ListItem","position":2,"name":"Vulin n\u00ebn sanksionet amerikane, Osmani: Bashk\u00eb me aleat\u00ebt do t\u00eb luftojm\u00eb ndikimin e keqdash\u00ebsve"}]},{"@type":"WebSite","@id":"https:\/\/permbledhja.com\/#website","url":"https:\/\/permbledhja.com\/","name":"Ve\u00e7 artikuj p\u00ebrmbledh\u00ebs","description":"","publisher":{"@id":"https:\/\/permbledhja.com\/#organization"},"potentialAction":[{"@type":"SearchAction","target":{"@type":"EntryPoint","urlTemplate":"https:\/\/permbledhja.com\/?s={search_term_string}"},"query-input":"required name=search_term_string"}],"inLanguage":"sq"},{"@type":"Organization","@id":"https:\/\/permbledhja.com\/#organization","name":"MK Media & Pr","url":"https:\/\/permbledhja.com\/","logo":{"@type":"ImageObject","inLanguage":"sq","@id":"https:\/\/permbledhja.com\/#\/schema\/logo\/image\/","url":"https:\/\/permbledhja.com\/wp-content\/uploads\/2021\/12\/07-Press-Logo.jpg","contentUrl":"https:\/\/permbledhja.com\/wp-content\/uploads\/2021\/12\/07-Press-Logo.jpg","width":512,"height":512,"caption":"MK Media & Pr"},"image":{"@id":"https:\/\/permbledhja.com\/#\/schema\/logo\/image\/"},"sameAs":["https:\/\/www.facebook.com\/press07\/"]},{"@type":"Person","@id":"https:\/\/permbledhja.com\/#\/schema\/person\/d23f13f59b5722643933d6780783acf3","name":"M M","image":{"@type":"ImageObject","inLanguage":"sq","@id":"https:\/\/permbledhja.com\/#\/schema\/person\/image\/","url":"https:\/\/secure.gravatar.com\/avatar\/e2835a76ca7c31a2416b2d51c4ec9a8f?s=96&d=mm&r=g","contentUrl":"https:\/\/secure.gravatar.com\/avatar\/e2835a76ca7c31a2416b2d51c4ec9a8f?s=96&d=mm&r=g","caption":"M M"},"sameAs":["http:\/\/MM"],"url":"https:\/\/permbledhja.com\/sq\/author\/muhamet\/"}]}},"_links":{"self":[{"href":"https:\/\/permbledhja.com\/sq\/wp-json\/wp\/v2\/posts\/18775"}],"collection":[{"href":"https:\/\/permbledhja.com\/sq\/wp-json\/wp\/v2\/posts"}],"about":[{"href":"https:\/\/permbledhja.com\/sq\/wp-json\/wp\/v2\/types\/post"}],"author":[{"embeddable":true,"href":"https:\/\/permbledhja.com\/sq\/wp-json\/wp\/v2\/users\/2"}],"replies":[{"embeddable":true,"href":"https:\/\/permbledhja.com\/sq\/wp-json\/wp\/v2\/comments?post=18775"}],"version-history":[{"count":1,"href":"https:\/\/permbledhja.com\/sq\/wp-json\/wp\/v2\/posts\/18775\/revisions"}],"predecessor-version":[{"id":18777,"href":"https:\/\/permbledhja.com\/sq\/wp-json\/wp\/v2\/posts\/18775\/revisions\/18777"}],"wp:featuredmedia":[{"embeddable":true,"href":"https:\/\/permbledhja.com\/sq\/wp-json\/wp\/v2\/media\/18776"}],"wp:attachment":[{"href":"https:\/\/permbledhja.com\/sq\/wp-json\/wp\/v2\/media?parent=18775"}],"wp:term":[{"taxonomy":"category","embeddable":true,"href":"https:\/\/permbledhja.com\/sq\/wp-json\/wp\/v2\/categories?post=18775"},{"taxonomy":"post_tag","embeddable":true,"href":"https:\/\/permbledhja.com\/sq\/wp-json\/wp\/v2\/tags?post=18775"}],"curies":[{"name":"wp","href":"https:\/\/api.w.org\/{rel}","templated":true}]}}