{"id":18753,"date":"2023-07-11T16:24:29","date_gmt":"2023-07-11T16:24:29","guid":{"rendered":"https:\/\/permbledhja.com\/?p=18753"},"modified":"2023-07-11T16:24:29","modified_gmt":"2023-07-11T16:24:29","slug":"citaku-thaci-i-tremb-disa-edhe-nga-burgu","status":"publish","type":"post","link":"https:\/\/permbledhja.com\/sq\/citaku-thaci-i-tremb-disa-edhe-nga-burgu\/","title":{"rendered":"\u00c7itaku: Tha\u00e7i i tremb disa edhe nga burgu"},"content":{"rendered":"<h3>N\u00ebnkryetarja e PDK-s\u00eb, Vlora \u00c7itaku ka reaguar pas publikimit t\u00eb pjes\u00ebs s\u00eb dyt\u00eb nga Nacionale t\u00eb p\u00ebrgjimeve ku Kusari-Lila d\u00ebgjohet duke folur me Simiqin e List\u00ebs Serbe.<\/h3>\n<p>N\u00eb k\u00ebto p\u00ebrgjime ku e b\u00eb e ditur se Kusari kishte folur edhe Milan Radoji\u00e7iqi, ky i fundit kishte deklaruar se \u201cPDK-n\u00eb e ka armik\u00ebn m\u00eb t\u00eb madhe n\u00eb Kosov\u00eb, e se do t\u00eb luftoj\u00eb me ta, sa t\u00eb jet\u00eb gjall\u00eb\u201d.<\/p>\n<p>Pas k\u00ebsaj, \u00c7itaku n\u00eb reagimin e saj pati disa lavdata p\u00ebr ish-presidentin e Kosov\u00ebs, Hashim Tha\u00e7i ku nd\u00ebr tjera, p\u00ebr t\u00eb tha se disa i nj\u00ebjti i tremb edhe nga burgu.<\/p>\n<p><strong>Postimi i plot\u00eb:<\/strong><\/p>\n<p>\u201cHashim Tha\u00e7i \u00ebsht\u00eb n\u00eb burg. Duke u p\u00ebrballur me betej\u00ebn e tij t\u00eb fundit n\u00eb mbrojtje t\u00eb luft\u00ebs ton\u00eb p\u00ebr liri.<\/p>\n<p>Hashim Tha\u00e7i, p\u00ebrve\u00e7 q\u00eb ka pas\u00eb guxim me i hy luft\u00ebs p\u00ebr liri, ka pas\u00eb guxim edhe me nd\u00ebrtu paqe. Me ofru e garantu t\u00eb drejta p\u00ebr komunitetet jo shumic\u00eb. E ka b\u00ebr\u00eb at\u00eb me Kushtetut\u00eb.<\/p>\n<p>Hashim Tha\u00e7i disa i tremb edhe nga burgu. Andaj mundohen t\u2019i b\u00ebjn\u00eb gjygj publik edhe k\u00ebtu, n\u00eb nj\u00eb koh\u00eb kur ai nuk mund t\u00eb p\u00ebrgjigjet.<\/p>\n<p>E di, ju dhemb. Ai \u00ebsht\u00eb gjith\u00e7ka q\u00eb ju \u00ebnd\u00ebrroni, po nuk jeni. T\u00eb mjer\u00eb&#8221;.<\/p>\n","protected":false},"excerpt":{"rendered":"<p>N\u00ebnkryetarja e PDK-s\u00eb, Vlora \u00c7itaku ka reaguar pas publikimit t\u00eb pjes\u00ebs s\u00eb dyt\u00eb nga Nacionale t\u00eb p\u00ebrgjimeve ku Kusari-Lila d\u00ebgjohet duke folur me Simiqin e List\u00ebs Serbe. N\u00eb k\u00ebto p\u00ebrgjime ku e b\u00eb e ditur se Kusari kishte folur edhe Milan Radoji\u00e7iqi, ky i fundit kishte deklaruar se \u201cPDK-n\u00eb e ka armik\u00ebn m\u00eb t\u00eb madhe [&hellip;]<\/p>\n","protected":false},"author":2,"featured_media":18754,"comment_status":"closed","ping_status":"closed","sticky":false,"template":"","format":"standard","meta":{"_monsterinsights_skip_tracking":false,"_monsterinsights_sitenote_active":false,"_monsterinsights_sitenote_note":"","_monsterinsights_sitenote_category":0,"_uf_show_specific_survey":0,"_uf_disable_surveys":false,"footnotes":""},"categories":[23,15],"tags":[135],"yoast_head":"<!-- This site is optimized with the Yoast SEO plugin v21.5 - https:\/\/yoast.com\/wordpress\/plugins\/seo\/ -->\n<title>\u00c7itaku: Tha\u00e7i i tremb disa edhe nga burgu<\/title>\n<meta name=\"robots\" content=\"index, follow, max-snippet:-1, max-image-preview:large, max-video-preview:-1\" \/>\n<link rel=\"canonical\" href=\"https:\/\/permbledhja.com\/sq\/citaku-thaci-i-tremb-disa-edhe-nga-burgu\/\" \/>\n<meta property=\"og:locale\" content=\"sq_AL\" \/>\n<meta property=\"og:type\" content=\"article\" \/>\n<meta property=\"og:title\" content=\"\u00c7itaku: Tha\u00e7i i tremb disa edhe nga burgu\" \/>\n<meta property=\"og:description\" content=\"N\u00ebnkryetarja e PDK-s\u00eb, Vlora \u00c7itaku ka reaguar pas publikimit t\u00eb pjes\u00ebs s\u00eb dyt\u00eb nga Nacionale t\u00eb p\u00ebrgjimeve ku Kusari-Lila d\u00ebgjohet duke folur me Simiqin e List\u00ebs Serbe. N\u00eb k\u00ebto p\u00ebrgjime ku e b\u00eb e ditur se Kusari kishte folur edhe Milan Radoji\u00e7iqi, ky i fundit kishte deklaruar se \u201cPDK-n\u00eb e ka armik\u00ebn m\u00eb t\u00eb madhe [&hellip;]\" \/>\n<meta property=\"og:url\" content=\"https:\/\/permbledhja.com\/sq\/citaku-thaci-i-tremb-disa-edhe-nga-burgu\/\" \/>\n<meta property=\"og:site_name\" content=\"Ve\u00e7 artikuj p\u00ebrmbledh\u00ebs\" \/>\n<meta property=\"article:publisher\" content=\"https:\/\/www.facebook.com\/press07\/\" \/>\n<meta property=\"article:published_time\" content=\"2023-07-11T16:24:29+00:00\" \/>\n<meta property=\"og:image\" content=\"https:\/\/permbledhja.com\/wp-content\/uploads\/2023\/07\/Capture-19.jpg\" \/>\n\t<meta property=\"og:image:width\" content=\"1159\" \/>\n\t<meta property=\"og:image:height\" content=\"748\" \/>\n\t<meta property=\"og:image:type\" content=\"image\/jpeg\" \/>\n<meta name=\"author\" content=\"M M\" \/>\n<meta name=\"twitter:card\" content=\"summary_large_image\" \/>\n<meta name=\"twitter:label1\" content=\"Written by\" \/>\n\t<meta name=\"twitter:data1\" content=\"M M\" \/>\n\t<meta name=\"twitter:label2\" content=\"Est. reading time\" \/>\n\t<meta name=\"twitter:data2\" content=\"1 minut\u00eb\" \/>\n<script type=\"application\/ld+json\" class=\"yoast-schema-graph\">{\"@context\":\"https:\/\/schema.org\",\"@graph\":[{\"@type\":\"Article\",\"@id\":\"https:\/\/permbledhja.com\/citaku-thaci-i-tremb-disa-edhe-nga-burgu\/#article\",\"isPartOf\":{\"@id\":\"https:\/\/permbledhja.com\/citaku-thaci-i-tremb-disa-edhe-nga-burgu\/\"},\"author\":{\"name\":\"M M\",\"@id\":\"https:\/\/permbledhja.com\/#\/schema\/person\/d23f13f59b5722643933d6780783acf3\"},\"headline\":\"\u00c7itaku: Tha\u00e7i i tremb disa edhe nga burgu\",\"datePublished\":\"2023-07-11T16:24:29+00:00\",\"dateModified\":\"2023-07-11T16:24:29+00:00\",\"mainEntityOfPage\":{\"@id\":\"https:\/\/permbledhja.com\/citaku-thaci-i-tremb-disa-edhe-nga-burgu\/\"},\"wordCount\":243,\"publisher\":{\"@id\":\"https:\/\/permbledhja.com\/#organization\"},\"keywords\":[\"Vlora \u00c7itaku\"],\"articleSection\":[\"Komb\u00ebtare\",\"Lajme\"],\"inLanguage\":\"sq\"},{\"@type\":\"WebPage\",\"@id\":\"https:\/\/permbledhja.com\/citaku-thaci-i-tremb-disa-edhe-nga-burgu\/\",\"url\":\"https:\/\/permbledhja.com\/citaku-thaci-i-tremb-disa-edhe-nga-burgu\/\",\"name\":\"\u00c7itaku: Tha\u00e7i i tremb disa edhe nga burgu\",\"isPartOf\":{\"@id\":\"https:\/\/permbledhja.com\/#website\"},\"datePublished\":\"2023-07-11T16:24:29+00:00\",\"dateModified\":\"2023-07-11T16:24:29+00:00\",\"breadcrumb\":{\"@id\":\"https:\/\/permbledhja.com\/citaku-thaci-i-tremb-disa-edhe-nga-burgu\/#breadcrumb\"},\"inLanguage\":\"sq\",\"potentialAction\":[{\"@type\":\"ReadAction\",\"target\":[\"https:\/\/permbledhja.com\/citaku-thaci-i-tremb-disa-edhe-nga-burgu\/\"]}]},{\"@type\":\"BreadcrumbList\",\"@id\":\"https:\/\/permbledhja.com\/citaku-thaci-i-tremb-disa-edhe-nga-burgu\/#breadcrumb\",\"itemListElement\":[{\"@type\":\"ListItem\",\"position\":1,\"name\":\"Ballina\",\"item\":\"https:\/\/permbledhja.com\/sq\/\"},{\"@type\":\"ListItem\",\"position\":2,\"name\":\"\u00c7itaku: Tha\u00e7i i tremb disa edhe nga burgu\"}]},{\"@type\":\"WebSite\",\"@id\":\"https:\/\/permbledhja.com\/#website\",\"url\":\"https:\/\/permbledhja.com\/\",\"name\":\"Ve\u00e7 artikuj p\u00ebrmbledh\u00ebs\",\"description\":\"\",\"publisher\":{\"@id\":\"https:\/\/permbledhja.com\/#organization\"},\"potentialAction\":[{\"@type\":\"SearchAction\",\"target\":{\"@type\":\"EntryPoint\",\"urlTemplate\":\"https:\/\/permbledhja.com\/?s={search_term_string}\"},\"query-input\":\"required name=search_term_string\"}],\"inLanguage\":\"sq\"},{\"@type\":\"Organization\",\"@id\":\"https:\/\/permbledhja.com\/#organization\",\"name\":\"MK Media & Pr\",\"url\":\"https:\/\/permbledhja.com\/\",\"logo\":{\"@type\":\"ImageObject\",\"inLanguage\":\"sq\",\"@id\":\"https:\/\/permbledhja.com\/#\/schema\/logo\/image\/\",\"url\":\"https:\/\/permbledhja.com\/wp-content\/uploads\/2021\/12\/07-Press-Logo.jpg\",\"contentUrl\":\"https:\/\/permbledhja.com\/wp-content\/uploads\/2021\/12\/07-Press-Logo.jpg\",\"width\":512,\"height\":512,\"caption\":\"MK Media & Pr\"},\"image\":{\"@id\":\"https:\/\/permbledhja.com\/#\/schema\/logo\/image\/\"},\"sameAs\":[\"https:\/\/www.facebook.com\/press07\/\"]},{\"@type\":\"Person\",\"@id\":\"https:\/\/permbledhja.com\/#\/schema\/person\/d23f13f59b5722643933d6780783acf3\",\"name\":\"M M\",\"image\":{\"@type\":\"ImageObject\",\"inLanguage\":\"sq\",\"@id\":\"https:\/\/permbledhja.com\/#\/schema\/person\/image\/\",\"url\":\"https:\/\/secure.gravatar.com\/avatar\/e2835a76ca7c31a2416b2d51c4ec9a8f?s=96&d=mm&r=g\",\"contentUrl\":\"https:\/\/secure.gravatar.com\/avatar\/e2835a76ca7c31a2416b2d51c4ec9a8f?s=96&d=mm&r=g\",\"caption\":\"M M\"},\"sameAs\":[\"http:\/\/MM\"],\"url\":\"https:\/\/permbledhja.com\/sq\/author\/muhamet\/\"}]}<\/script>\n<!-- \/ Yoast SEO plugin. -->","yoast_head_json":{"title":"\u00c7itaku: Tha\u00e7i i tremb disa edhe nga burgu","robots":{"index":"index","follow":"follow","max-snippet":"max-snippet:-1","max-image-preview":"max-image-preview:large","max-video-preview":"max-video-preview:-1"},"canonical":"https:\/\/permbledhja.com\/sq\/citaku-thaci-i-tremb-disa-edhe-nga-burgu\/","og_locale":"sq_AL","og_type":"article","og_title":"\u00c7itaku: Tha\u00e7i i tremb disa edhe nga burgu","og_description":"N\u00ebnkryetarja e PDK-s\u00eb, Vlora \u00c7itaku ka reaguar pas publikimit t\u00eb pjes\u00ebs s\u00eb dyt\u00eb nga Nacionale t\u00eb p\u00ebrgjimeve ku Kusari-Lila d\u00ebgjohet duke folur me Simiqin e List\u00ebs Serbe. N\u00eb k\u00ebto p\u00ebrgjime ku e b\u00eb e ditur se Kusari kishte folur edhe Milan Radoji\u00e7iqi, ky i fundit kishte deklaruar se \u201cPDK-n\u00eb e ka armik\u00ebn m\u00eb t\u00eb madhe [&hellip;]","og_url":"https:\/\/permbledhja.com\/sq\/citaku-thaci-i-tremb-disa-edhe-nga-burgu\/","og_site_name":"Ve\u00e7 artikuj p\u00ebrmbledh\u00ebs","article_publisher":"https:\/\/www.facebook.com\/press07\/","article_published_time":"2023-07-11T16:24:29+00:00","og_image":[{"width":1159,"height":748,"url":"https:\/\/permbledhja.com\/wp-content\/uploads\/2023\/07\/Capture-19.jpg","type":"image\/jpeg"}],"author":"M M","twitter_card":"summary_large_image","twitter_misc":{"Written by":"M M","Est. reading time":"1 minut\u00eb"},"schema":{"@context":"https:\/\/schema.org","@graph":[{"@type":"Article","@id":"https:\/\/permbledhja.com\/citaku-thaci-i-tremb-disa-edhe-nga-burgu\/#article","isPartOf":{"@id":"https:\/\/permbledhja.com\/citaku-thaci-i-tremb-disa-edhe-nga-burgu\/"},"author":{"name":"M M","@id":"https:\/\/permbledhja.com\/#\/schema\/person\/d23f13f59b5722643933d6780783acf3"},"headline":"\u00c7itaku: Tha\u00e7i i tremb disa edhe nga burgu","datePublished":"2023-07-11T16:24:29+00:00","dateModified":"2023-07-11T16:24:29+00:00","mainEntityOfPage":{"@id":"https:\/\/permbledhja.com\/citaku-thaci-i-tremb-disa-edhe-nga-burgu\/"},"wordCount":243,"publisher":{"@id":"https:\/\/permbledhja.com\/#organization"},"keywords":["Vlora \u00c7itaku"],"articleSection":["Komb\u00ebtare","Lajme"],"inLanguage":"sq"},{"@type":"WebPage","@id":"https:\/\/permbledhja.com\/citaku-thaci-i-tremb-disa-edhe-nga-burgu\/","url":"https:\/\/permbledhja.com\/citaku-thaci-i-tremb-disa-edhe-nga-burgu\/","name":"\u00c7itaku: Tha\u00e7i i tremb disa edhe nga burgu","isPartOf":{"@id":"https:\/\/permbledhja.com\/#website"},"datePublished":"2023-07-11T16:24:29+00:00","dateModified":"2023-07-11T16:24:29+00:00","breadcrumb":{"@id":"https:\/\/permbledhja.com\/citaku-thaci-i-tremb-disa-edhe-nga-burgu\/#breadcrumb"},"inLanguage":"sq","potentialAction":[{"@type":"ReadAction","target":["https:\/\/permbledhja.com\/citaku-thaci-i-tremb-disa-edhe-nga-burgu\/"]}]},{"@type":"BreadcrumbList","@id":"https:\/\/permbledhja.com\/citaku-thaci-i-tremb-disa-edhe-nga-burgu\/#breadcrumb","itemListElement":[{"@type":"ListItem","position":1,"name":"Ballina","item":"https:\/\/permbledhja.com\/sq\/"},{"@type":"ListItem","position":2,"name":"\u00c7itaku: Tha\u00e7i i tremb disa edhe nga burgu"}]},{"@type":"WebSite","@id":"https:\/\/permbledhja.com\/#website","url":"https:\/\/permbledhja.com\/","name":"Ve\u00e7 artikuj p\u00ebrmbledh\u00ebs","description":"","publisher":{"@id":"https:\/\/permbledhja.com\/#organization"},"potentialAction":[{"@type":"SearchAction","target":{"@type":"EntryPoint","urlTemplate":"https:\/\/permbledhja.com\/?s={search_term_string}"},"query-input":"required name=search_term_string"}],"inLanguage":"sq"},{"@type":"Organization","@id":"https:\/\/permbledhja.com\/#organization","name":"MK Media & Pr","url":"https:\/\/permbledhja.com\/","logo":{"@type":"ImageObject","inLanguage":"sq","@id":"https:\/\/permbledhja.com\/#\/schema\/logo\/image\/","url":"https:\/\/permbledhja.com\/wp-content\/uploads\/2021\/12\/07-Press-Logo.jpg","contentUrl":"https:\/\/permbledhja.com\/wp-content\/uploads\/2021\/12\/07-Press-Logo.jpg","width":512,"height":512,"caption":"MK Media & Pr"},"image":{"@id":"https:\/\/permbledhja.com\/#\/schema\/logo\/image\/"},"sameAs":["https:\/\/www.facebook.com\/press07\/"]},{"@type":"Person","@id":"https:\/\/permbledhja.com\/#\/schema\/person\/d23f13f59b5722643933d6780783acf3","name":"M M","image":{"@type":"ImageObject","inLanguage":"sq","@id":"https:\/\/permbledhja.com\/#\/schema\/person\/image\/","url":"https:\/\/secure.gravatar.com\/avatar\/e2835a76ca7c31a2416b2d51c4ec9a8f?s=96&d=mm&r=g","contentUrl":"https:\/\/secure.gravatar.com\/avatar\/e2835a76ca7c31a2416b2d51c4ec9a8f?s=96&d=mm&r=g","caption":"M M"},"sameAs":["http:\/\/MM"],"url":"https:\/\/permbledhja.com\/sq\/author\/muhamet\/"}]}},"_links":{"self":[{"href":"https:\/\/permbledhja.com\/sq\/wp-json\/wp\/v2\/posts\/18753"}],"collection":[{"href":"https:\/\/permbledhja.com\/sq\/wp-json\/wp\/v2\/posts"}],"about":[{"href":"https:\/\/permbledhja.com\/sq\/wp-json\/wp\/v2\/types\/post"}],"author":[{"embeddable":true,"href":"https:\/\/permbledhja.com\/sq\/wp-json\/wp\/v2\/users\/2"}],"replies":[{"embeddable":true,"href":"https:\/\/permbledhja.com\/sq\/wp-json\/wp\/v2\/comments?post=18753"}],"version-history":[{"count":1,"href":"https:\/\/permbledhja.com\/sq\/wp-json\/wp\/v2\/posts\/18753\/revisions"}],"predecessor-version":[{"id":18755,"href":"https:\/\/permbledhja.com\/sq\/wp-json\/wp\/v2\/posts\/18753\/revisions\/18755"}],"wp:featuredmedia":[{"embeddable":true,"href":"https:\/\/permbledhja.com\/sq\/wp-json\/wp\/v2\/media\/18754"}],"wp:attachment":[{"href":"https:\/\/permbledhja.com\/sq\/wp-json\/wp\/v2\/media?parent=18753"}],"wp:term":[{"taxonomy":"category","embeddable":true,"href":"https:\/\/permbledhja.com\/sq\/wp-json\/wp\/v2\/categories?post=18753"},{"taxonomy":"post_tag","embeddable":true,"href":"https:\/\/permbledhja.com\/sq\/wp-json\/wp\/v2\/tags?post=18753"}],"curies":[{"name":"wp","href":"https:\/\/api.w.org\/{rel}","templated":true}]}}