{"id":18743,"date":"2023-07-11T16:10:08","date_gmt":"2023-07-11T16:10:08","guid":{"rendered":"https:\/\/permbledhja.com\/?p=18743"},"modified":"2023-07-11T16:11:36","modified_gmt":"2023-07-11T16:11:36","slug":"rama-ne-samitin-e-nato-s-e-rrezikshme-cfare-po-ndodh-ne-veri-te-kosoves-mund-te-behet-vater-zjarri","status":"publish","type":"post","link":"https:\/\/permbledhja.com\/sq\/rama-ne-samitin-e-nato-s-e-rrezikshme-cfare-po-ndodh-ne-veri-te-kosoves-mund-te-behet-vater-zjarri\/","title":{"rendered":"Rama n\u00eb samitin e NATO-S: E rrezikshme \u00e7far\u00eb po ndodh n\u00eb veri t\u00eb Kosov\u00ebs, mund t\u00eb b\u00ebhet vat\u00ebr zjarri"},"content":{"rendered":"<h3>Kryeministri i Shqip\u00ebris\u00eb, Edi Rama, ka folur sot nd\u00ebr t\u00eb tjera n\u00eb samitin e NATO-s n\u00eb Vilnius t\u00eb Lituanis\u00eb, edhe mbi tensionet e krijuara prej disa muajsh n\u00eb veri t\u00eb Kosov\u00ebs.<\/h3>\n<div class=\"single__content\">\n<div>\n<div id=\"div-gpt-ad-1634289484286-0\" data-google-query-id=\"CJHq66yEh4ADFfHXOwIdPYQD4Q\">\n<p>Rama \u00ebsht\u00eb shprehur se n\u00eb veri jan\u00eb formuar grupe ekstreme q\u00eb paraqesin rrezikshm\u00ebri<\/p>\n<p>M\u00eb tej, gjat\u00eb bashk\u00ebbisedimit me Eksperten e Qendr\u00ebs Europiane t\u00eb K\u00ebshillit t\u00eb Atlantikut, Rachel Rizzo, Rama deklaroi se mund t\u00eb ket\u00eb vat\u00ebr zjarri dhe k\u00ebrc\u00ebnim p\u00ebr hapjen e nj\u00eb konflikti.<\/p>\n<p>&#8220;Jam shum\u00eb i rehatuar nga fjala e presidentit Biden sot n\u00eb K\u00ebshill, q\u00eb foli p\u00ebr k\u00ebto tema. Problemi i Ballkanit Per\u00ebndimor sot, n\u00eb lidhje me sigurin\u00eb, ndoshta mund t\u00eb mos jet\u00eb n\u00eb t\u00eb nj\u00ebjt\u00ebn madh\u00ebsi, t\u00eb problemit t\u00eb madh ukrainas, por nuk \u00ebsht\u00eb aq e vog\u00ebl sa t\u00eb trajtohet si di\u00e7ka e pavlefshme. Dhe \u00e7far\u00eb po ndodh, di\u00e7ka q\u00eb \u00ebsht\u00eb v\u00ebrtet\u00eb shum\u00eb e rrezikshme me veriun e Kosov\u00ebs, q\u00eb t\u00eb b\u00ebhet nj\u00eb vat\u00ebr zjarri me nj\u00eb k\u00ebrc\u00ebnim t\u00eb hapjes s\u00eb konfliktit dhe teksa leht\u00ebsimi i dialogut t\u00eb BE-s\u00eb punon me t\u00eb dyja pal\u00ebt, me Beogradin dhe Prishtin\u00ebn, ka nj\u00eb pal\u00eb t\u00eb tret\u00eb q\u00eb \u00ebsht\u00eb duke u ngritur, grupet ekstreme n\u00eb veriun e Kosov\u00ebs\u201d, theksoi ai.<\/p>\n<\/div>\n<\/div>\n<p>&nbsp;<\/p>\n<\/div>\n","protected":false},"excerpt":{"rendered":"<p>Kryeministri i Shqip\u00ebris\u00eb, Edi Rama, ka folur sot nd\u00ebr t\u00eb tjera n\u00eb samitin e NATO-s n\u00eb Vilnius t\u00eb Lituanis\u00eb, edhe mbi tensionet e krijuara prej disa muajsh n\u00eb veri t\u00eb Kosov\u00ebs. Rama \u00ebsht\u00eb shprehur se n\u00eb veri jan\u00eb formuar grupe ekstreme q\u00eb paraqesin rrezikshm\u00ebri M\u00eb tej, gjat\u00eb bashk\u00ebbisedimit me Eksperten e Qendr\u00ebs Europiane t\u00eb K\u00ebshillit [&hellip;]<\/p>\n","protected":false},"author":2,"featured_media":18744,"comment_status":"closed","ping_status":"closed","sticky":false,"template":"","format":"standard","meta":{"_monsterinsights_skip_tracking":false,"_monsterinsights_sitenote_active":false,"_monsterinsights_sitenote_note":"","_monsterinsights_sitenote_category":0,"_uf_show_specific_survey":0,"_uf_disable_surveys":false,"footnotes":""},"categories":[23,15],"tags":[474],"yoast_head":"<!-- This site is optimized with the Yoast SEO plugin v21.5 - https:\/\/yoast.com\/wordpress\/plugins\/seo\/ -->\n<title>Rama n\u00eb samitin e NATO-S: E rrezikshme \u00e7far\u00eb po ndodh n\u00eb veri t\u00eb Kosov\u00ebs, mund t\u00eb b\u00ebhet vat\u00ebr zjarri<\/title>\n<meta name=\"robots\" content=\"index, follow, max-snippet:-1, max-image-preview:large, max-video-preview:-1\" \/>\n<link rel=\"canonical\" href=\"https:\/\/permbledhja.com\/sq\/rama-ne-samitin-e-nato-s-e-rrezikshme-cfare-po-ndodh-ne-veri-te-kosoves-mund-te-behet-vater-zjarri\/\" \/>\n<meta property=\"og:locale\" content=\"sq_AL\" \/>\n<meta property=\"og:type\" content=\"article\" \/>\n<meta property=\"og:title\" content=\"Rama n\u00eb samitin e NATO-S: E rrezikshme \u00e7far\u00eb po ndodh n\u00eb veri t\u00eb Kosov\u00ebs, mund t\u00eb b\u00ebhet vat\u00ebr zjarri\" \/>\n<meta property=\"og:description\" content=\"Kryeministri i Shqip\u00ebris\u00eb, Edi Rama, ka folur sot nd\u00ebr t\u00eb tjera n\u00eb samitin e NATO-s n\u00eb Vilnius t\u00eb Lituanis\u00eb, edhe mbi tensionet e krijuara prej disa muajsh n\u00eb veri t\u00eb Kosov\u00ebs. Rama \u00ebsht\u00eb shprehur se n\u00eb veri jan\u00eb formuar grupe ekstreme q\u00eb paraqesin rrezikshm\u00ebri M\u00eb tej, gjat\u00eb bashk\u00ebbisedimit me Eksperten e Qendr\u00ebs Europiane t\u00eb K\u00ebshillit [&hellip;]\" \/>\n<meta property=\"og:url\" content=\"https:\/\/permbledhja.com\/sq\/rama-ne-samitin-e-nato-s-e-rrezikshme-cfare-po-ndodh-ne-veri-te-kosoves-mund-te-behet-vater-zjarri\/\" \/>\n<meta property=\"og:site_name\" content=\"Ve\u00e7 artikuj p\u00ebrmbledh\u00ebs\" \/>\n<meta property=\"article:publisher\" content=\"https:\/\/www.facebook.com\/press07\/\" \/>\n<meta property=\"article:published_time\" content=\"2023-07-11T16:10:08+00:00\" \/>\n<meta property=\"article:modified_time\" content=\"2023-07-11T16:11:36+00:00\" \/>\n<meta property=\"og:image\" content=\"https:\/\/permbledhja.com\/wp-content\/uploads\/2023\/07\/Capture-18.jpg\" \/>\n\t<meta property=\"og:image:width\" content=\"1176\" \/>\n\t<meta property=\"og:image:height\" content=\"701\" \/>\n\t<meta property=\"og:image:type\" content=\"image\/jpeg\" \/>\n<meta name=\"author\" content=\"M M\" \/>\n<meta name=\"twitter:card\" content=\"summary_large_image\" \/>\n<meta name=\"twitter:label1\" content=\"Written by\" \/>\n\t<meta name=\"twitter:data1\" content=\"M M\" \/>\n\t<meta name=\"twitter:label2\" content=\"Est. reading time\" \/>\n\t<meta name=\"twitter:data2\" content=\"1 minut\u00eb\" \/>\n<script type=\"application\/ld+json\" class=\"yoast-schema-graph\">{\"@context\":\"https:\/\/schema.org\",\"@graph\":[{\"@type\":\"Article\",\"@id\":\"https:\/\/permbledhja.com\/sq\/rama-ne-samitin-e-nato-s-e-rrezikshme-cfare-po-ndodh-ne-veri-te-kosoves-mund-te-behet-vater-zjarri\/#article\",\"isPartOf\":{\"@id\":\"https:\/\/permbledhja.com\/sq\/rama-ne-samitin-e-nato-s-e-rrezikshme-cfare-po-ndodh-ne-veri-te-kosoves-mund-te-behet-vater-zjarri\/\"},\"author\":{\"name\":\"M M\",\"@id\":\"https:\/\/permbledhja.com\/#\/schema\/person\/d23f13f59b5722643933d6780783acf3\"},\"headline\":\"Rama n\u00eb samitin e NATO-S: E rrezikshme \u00e7far\u00eb po ndodh n\u00eb veri t\u00eb Kosov\u00ebs, mund t\u00eb b\u00ebhet vat\u00ebr zjarri\",\"datePublished\":\"2023-07-11T16:10:08+00:00\",\"dateModified\":\"2023-07-11T16:11:36+00:00\",\"mainEntityOfPage\":{\"@id\":\"https:\/\/permbledhja.com\/sq\/rama-ne-samitin-e-nato-s-e-rrezikshme-cfare-po-ndodh-ne-veri-te-kosoves-mund-te-behet-vater-zjarri\/\"},\"wordCount\":243,\"publisher\":{\"@id\":\"https:\/\/permbledhja.com\/#organization\"},\"keywords\":[\"Edi Rama\"],\"articleSection\":[\"Komb\u00ebtare\",\"Lajme\"],\"inLanguage\":\"sq\"},{\"@type\":\"WebPage\",\"@id\":\"https:\/\/permbledhja.com\/sq\/rama-ne-samitin-e-nato-s-e-rrezikshme-cfare-po-ndodh-ne-veri-te-kosoves-mund-te-behet-vater-zjarri\/\",\"url\":\"https:\/\/permbledhja.com\/sq\/rama-ne-samitin-e-nato-s-e-rrezikshme-cfare-po-ndodh-ne-veri-te-kosoves-mund-te-behet-vater-zjarri\/\",\"name\":\"Rama n\u00eb samitin e NATO-S: E rrezikshme \u00e7far\u00eb po ndodh n\u00eb veri t\u00eb Kosov\u00ebs, mund t\u00eb b\u00ebhet vat\u00ebr zjarri\",\"isPartOf\":{\"@id\":\"https:\/\/permbledhja.com\/#website\"},\"datePublished\":\"2023-07-11T16:10:08+00:00\",\"dateModified\":\"2023-07-11T16:11:36+00:00\",\"breadcrumb\":{\"@id\":\"https:\/\/permbledhja.com\/sq\/rama-ne-samitin-e-nato-s-e-rrezikshme-cfare-po-ndodh-ne-veri-te-kosoves-mund-te-behet-vater-zjarri\/#breadcrumb\"},\"inLanguage\":\"sq\",\"potentialAction\":[{\"@type\":\"ReadAction\",\"target\":[\"https:\/\/permbledhja.com\/sq\/rama-ne-samitin-e-nato-s-e-rrezikshme-cfare-po-ndodh-ne-veri-te-kosoves-mund-te-behet-vater-zjarri\/\"]}]},{\"@type\":\"BreadcrumbList\",\"@id\":\"https:\/\/permbledhja.com\/sq\/rama-ne-samitin-e-nato-s-e-rrezikshme-cfare-po-ndodh-ne-veri-te-kosoves-mund-te-behet-vater-zjarri\/#breadcrumb\",\"itemListElement\":[{\"@type\":\"ListItem\",\"position\":1,\"name\":\"Ballina\",\"item\":\"https:\/\/permbledhja.com\/sq\/\"},{\"@type\":\"ListItem\",\"position\":2,\"name\":\"Rama n\u00eb samitin e NATO-S: E rrezikshme \u00e7far\u00eb po ndodh n\u00eb veri t\u00eb Kosov\u00ebs, mund t\u00eb b\u00ebhet vat\u00ebr zjarri\"}]},{\"@type\":\"WebSite\",\"@id\":\"https:\/\/permbledhja.com\/#website\",\"url\":\"https:\/\/permbledhja.com\/\",\"name\":\"Ve\u00e7 artikuj p\u00ebrmbledh\u00ebs\",\"description\":\"\",\"publisher\":{\"@id\":\"https:\/\/permbledhja.com\/#organization\"},\"potentialAction\":[{\"@type\":\"SearchAction\",\"target\":{\"@type\":\"EntryPoint\",\"urlTemplate\":\"https:\/\/permbledhja.com\/?s={search_term_string}\"},\"query-input\":\"required name=search_term_string\"}],\"inLanguage\":\"sq\"},{\"@type\":\"Organization\",\"@id\":\"https:\/\/permbledhja.com\/#organization\",\"name\":\"MK Media & Pr\",\"url\":\"https:\/\/permbledhja.com\/\",\"logo\":{\"@type\":\"ImageObject\",\"inLanguage\":\"sq\",\"@id\":\"https:\/\/permbledhja.com\/#\/schema\/logo\/image\/\",\"url\":\"https:\/\/permbledhja.com\/wp-content\/uploads\/2021\/12\/07-Press-Logo.jpg\",\"contentUrl\":\"https:\/\/permbledhja.com\/wp-content\/uploads\/2021\/12\/07-Press-Logo.jpg\",\"width\":512,\"height\":512,\"caption\":\"MK Media & Pr\"},\"image\":{\"@id\":\"https:\/\/permbledhja.com\/#\/schema\/logo\/image\/\"},\"sameAs\":[\"https:\/\/www.facebook.com\/press07\/\"]},{\"@type\":\"Person\",\"@id\":\"https:\/\/permbledhja.com\/#\/schema\/person\/d23f13f59b5722643933d6780783acf3\",\"name\":\"M M\",\"image\":{\"@type\":\"ImageObject\",\"inLanguage\":\"sq\",\"@id\":\"https:\/\/permbledhja.com\/#\/schema\/person\/image\/\",\"url\":\"https:\/\/secure.gravatar.com\/avatar\/e2835a76ca7c31a2416b2d51c4ec9a8f?s=96&d=mm&r=g\",\"contentUrl\":\"https:\/\/secure.gravatar.com\/avatar\/e2835a76ca7c31a2416b2d51c4ec9a8f?s=96&d=mm&r=g\",\"caption\":\"M M\"},\"sameAs\":[\"http:\/\/MM\"],\"url\":\"https:\/\/permbledhja.com\/sq\/author\/muhamet\/\"}]}<\/script>\n<!-- \/ Yoast SEO plugin. -->","yoast_head_json":{"title":"Rama n\u00eb samitin e NATO-S: E rrezikshme \u00e7far\u00eb po ndodh n\u00eb veri t\u00eb Kosov\u00ebs, mund t\u00eb b\u00ebhet vat\u00ebr zjarri","robots":{"index":"index","follow":"follow","max-snippet":"max-snippet:-1","max-image-preview":"max-image-preview:large","max-video-preview":"max-video-preview:-1"},"canonical":"https:\/\/permbledhja.com\/sq\/rama-ne-samitin-e-nato-s-e-rrezikshme-cfare-po-ndodh-ne-veri-te-kosoves-mund-te-behet-vater-zjarri\/","og_locale":"sq_AL","og_type":"article","og_title":"Rama n\u00eb samitin e NATO-S: E rrezikshme \u00e7far\u00eb po ndodh n\u00eb veri t\u00eb Kosov\u00ebs, mund t\u00eb b\u00ebhet vat\u00ebr zjarri","og_description":"Kryeministri i Shqip\u00ebris\u00eb, Edi Rama, ka folur sot nd\u00ebr t\u00eb tjera n\u00eb samitin e NATO-s n\u00eb Vilnius t\u00eb Lituanis\u00eb, edhe mbi tensionet e krijuara prej disa muajsh n\u00eb veri t\u00eb Kosov\u00ebs. Rama \u00ebsht\u00eb shprehur se n\u00eb veri jan\u00eb formuar grupe ekstreme q\u00eb paraqesin rrezikshm\u00ebri M\u00eb tej, gjat\u00eb bashk\u00ebbisedimit me Eksperten e Qendr\u00ebs Europiane t\u00eb K\u00ebshillit [&hellip;]","og_url":"https:\/\/permbledhja.com\/sq\/rama-ne-samitin-e-nato-s-e-rrezikshme-cfare-po-ndodh-ne-veri-te-kosoves-mund-te-behet-vater-zjarri\/","og_site_name":"Ve\u00e7 artikuj p\u00ebrmbledh\u00ebs","article_publisher":"https:\/\/www.facebook.com\/press07\/","article_published_time":"2023-07-11T16:10:08+00:00","article_modified_time":"2023-07-11T16:11:36+00:00","og_image":[{"width":1176,"height":701,"url":"https:\/\/permbledhja.com\/wp-content\/uploads\/2023\/07\/Capture-18.jpg","type":"image\/jpeg"}],"author":"M M","twitter_card":"summary_large_image","twitter_misc":{"Written by":"M M","Est. reading time":"1 minut\u00eb"},"schema":{"@context":"https:\/\/schema.org","@graph":[{"@type":"Article","@id":"https:\/\/permbledhja.com\/sq\/rama-ne-samitin-e-nato-s-e-rrezikshme-cfare-po-ndodh-ne-veri-te-kosoves-mund-te-behet-vater-zjarri\/#article","isPartOf":{"@id":"https:\/\/permbledhja.com\/sq\/rama-ne-samitin-e-nato-s-e-rrezikshme-cfare-po-ndodh-ne-veri-te-kosoves-mund-te-behet-vater-zjarri\/"},"author":{"name":"M M","@id":"https:\/\/permbledhja.com\/#\/schema\/person\/d23f13f59b5722643933d6780783acf3"},"headline":"Rama n\u00eb samitin e NATO-S: E rrezikshme \u00e7far\u00eb po ndodh n\u00eb veri t\u00eb Kosov\u00ebs, mund t\u00eb b\u00ebhet vat\u00ebr zjarri","datePublished":"2023-07-11T16:10:08+00:00","dateModified":"2023-07-11T16:11:36+00:00","mainEntityOfPage":{"@id":"https:\/\/permbledhja.com\/sq\/rama-ne-samitin-e-nato-s-e-rrezikshme-cfare-po-ndodh-ne-veri-te-kosoves-mund-te-behet-vater-zjarri\/"},"wordCount":243,"publisher":{"@id":"https:\/\/permbledhja.com\/#organization"},"keywords":["Edi Rama"],"articleSection":["Komb\u00ebtare","Lajme"],"inLanguage":"sq"},{"@type":"WebPage","@id":"https:\/\/permbledhja.com\/sq\/rama-ne-samitin-e-nato-s-e-rrezikshme-cfare-po-ndodh-ne-veri-te-kosoves-mund-te-behet-vater-zjarri\/","url":"https:\/\/permbledhja.com\/sq\/rama-ne-samitin-e-nato-s-e-rrezikshme-cfare-po-ndodh-ne-veri-te-kosoves-mund-te-behet-vater-zjarri\/","name":"Rama n\u00eb samitin e NATO-S: E rrezikshme \u00e7far\u00eb po ndodh n\u00eb veri t\u00eb Kosov\u00ebs, mund t\u00eb b\u00ebhet vat\u00ebr zjarri","isPartOf":{"@id":"https:\/\/permbledhja.com\/#website"},"datePublished":"2023-07-11T16:10:08+00:00","dateModified":"2023-07-11T16:11:36+00:00","breadcrumb":{"@id":"https:\/\/permbledhja.com\/sq\/rama-ne-samitin-e-nato-s-e-rrezikshme-cfare-po-ndodh-ne-veri-te-kosoves-mund-te-behet-vater-zjarri\/#breadcrumb"},"inLanguage":"sq","potentialAction":[{"@type":"ReadAction","target":["https:\/\/permbledhja.com\/sq\/rama-ne-samitin-e-nato-s-e-rrezikshme-cfare-po-ndodh-ne-veri-te-kosoves-mund-te-behet-vater-zjarri\/"]}]},{"@type":"BreadcrumbList","@id":"https:\/\/permbledhja.com\/sq\/rama-ne-samitin-e-nato-s-e-rrezikshme-cfare-po-ndodh-ne-veri-te-kosoves-mund-te-behet-vater-zjarri\/#breadcrumb","itemListElement":[{"@type":"ListItem","position":1,"name":"Ballina","item":"https:\/\/permbledhja.com\/sq\/"},{"@type":"ListItem","position":2,"name":"Rama n\u00eb samitin e NATO-S: E rrezikshme \u00e7far\u00eb po ndodh n\u00eb veri t\u00eb Kosov\u00ebs, mund t\u00eb b\u00ebhet vat\u00ebr zjarri"}]},{"@type":"WebSite","@id":"https:\/\/permbledhja.com\/#website","url":"https:\/\/permbledhja.com\/","name":"Ve\u00e7 artikuj p\u00ebrmbledh\u00ebs","description":"","publisher":{"@id":"https:\/\/permbledhja.com\/#organization"},"potentialAction":[{"@type":"SearchAction","target":{"@type":"EntryPoint","urlTemplate":"https:\/\/permbledhja.com\/?s={search_term_string}"},"query-input":"required name=search_term_string"}],"inLanguage":"sq"},{"@type":"Organization","@id":"https:\/\/permbledhja.com\/#organization","name":"MK Media & Pr","url":"https:\/\/permbledhja.com\/","logo":{"@type":"ImageObject","inLanguage":"sq","@id":"https:\/\/permbledhja.com\/#\/schema\/logo\/image\/","url":"https:\/\/permbledhja.com\/wp-content\/uploads\/2021\/12\/07-Press-Logo.jpg","contentUrl":"https:\/\/permbledhja.com\/wp-content\/uploads\/2021\/12\/07-Press-Logo.jpg","width":512,"height":512,"caption":"MK Media & Pr"},"image":{"@id":"https:\/\/permbledhja.com\/#\/schema\/logo\/image\/"},"sameAs":["https:\/\/www.facebook.com\/press07\/"]},{"@type":"Person","@id":"https:\/\/permbledhja.com\/#\/schema\/person\/d23f13f59b5722643933d6780783acf3","name":"M M","image":{"@type":"ImageObject","inLanguage":"sq","@id":"https:\/\/permbledhja.com\/#\/schema\/person\/image\/","url":"https:\/\/secure.gravatar.com\/avatar\/e2835a76ca7c31a2416b2d51c4ec9a8f?s=96&d=mm&r=g","contentUrl":"https:\/\/secure.gravatar.com\/avatar\/e2835a76ca7c31a2416b2d51c4ec9a8f?s=96&d=mm&r=g","caption":"M M"},"sameAs":["http:\/\/MM"],"url":"https:\/\/permbledhja.com\/sq\/author\/muhamet\/"}]}},"_links":{"self":[{"href":"https:\/\/permbledhja.com\/sq\/wp-json\/wp\/v2\/posts\/18743"}],"collection":[{"href":"https:\/\/permbledhja.com\/sq\/wp-json\/wp\/v2\/posts"}],"about":[{"href":"https:\/\/permbledhja.com\/sq\/wp-json\/wp\/v2\/types\/post"}],"author":[{"embeddable":true,"href":"https:\/\/permbledhja.com\/sq\/wp-json\/wp\/v2\/users\/2"}],"replies":[{"embeddable":true,"href":"https:\/\/permbledhja.com\/sq\/wp-json\/wp\/v2\/comments?post=18743"}],"version-history":[{"count":4,"href":"https:\/\/permbledhja.com\/sq\/wp-json\/wp\/v2\/posts\/18743\/revisions"}],"predecessor-version":[{"id":18748,"href":"https:\/\/permbledhja.com\/sq\/wp-json\/wp\/v2\/posts\/18743\/revisions\/18748"}],"wp:featuredmedia":[{"embeddable":true,"href":"https:\/\/permbledhja.com\/sq\/wp-json\/wp\/v2\/media\/18744"}],"wp:attachment":[{"href":"https:\/\/permbledhja.com\/sq\/wp-json\/wp\/v2\/media?parent=18743"}],"wp:term":[{"taxonomy":"category","embeddable":true,"href":"https:\/\/permbledhja.com\/sq\/wp-json\/wp\/v2\/categories?post=18743"},{"taxonomy":"post_tag","embeddable":true,"href":"https:\/\/permbledhja.com\/sq\/wp-json\/wp\/v2\/tags?post=18743"}],"curies":[{"name":"wp","href":"https:\/\/api.w.org\/{rel}","templated":true}]}}