{"id":18707,"date":"2023-07-11T13:26:09","date_gmt":"2023-07-11T13:26:09","guid":{"rendered":"https:\/\/permbledhja.com\/?p=18707"},"modified":"2023-07-11T13:26:09","modified_gmt":"2023-07-11T13:26:09","slug":"5-here-ke-fole-me-millanin-mund-tiu-thyhet-koka-ty-dhe-kryeministrit-publikohet-pjesa-e-dyte-e-pergjimit-kusari-simiq","status":"publish","type":"post","link":"https:\/\/permbledhja.com\/sq\/5-here-ke-fole-me-millanin-mund-tiu-thyhet-koka-ty-dhe-kryeministrit-publikohet-pjesa-e-dyte-e-pergjimit-kusari-simiq\/","title":{"rendered":"\u201c5 her\u00eb ke fol\u00eb me Millanin\u2026 mund t\u2019iu thyhet koka ty dhe kryeministrit\u2026\u201d \u2013 publikohet pjesa e dyt\u00eb e p\u00ebrgjimit Kusari-Simiq"},"content":{"rendered":"<h3>\u00cbsht\u00eb publikuar edhe pjesa e dyt\u00eb e p\u00ebrgjimit t\u00eb shefes s\u00eb grupit parlamentar t\u00eb L\u00ebvizjes Vet\u00ebvendosje, Mimoza Kusari me Sllavko Simiqin e List\u00ebs Serbe.<\/h3>\n<p>Gazetari Berat Buzhala i Nacionales ka treguar se si n\u00eb k\u00ebt\u00eb p\u00ebrgjim Sllavko Simiqi i thot\u00eb Kusarit se (sic) do t\u2019i thyhej koka edhe asaj edhe kryeministrit Kurti dhe se kishte folur pes\u00eb her\u00eb me t\u00eb dyshuarin p\u00ebr krime, Millan Radoji\u00e7iqin. Mimoza Kusari mbeti n\u00eb heshtje. Ajo dje ka delaruar q\u00eb kishte biseduar vet\u00ebm nj\u00ebher\u00eb.<\/p>\n<p>N\u00eb pjes\u00ebn n\u00eb vazhdim, me tone dashamir\u00ebse, Mimoza e VV-s\u00eb me Sllavkon e Srpskas flasin edhe p\u00ebr gj\u00ebra tjera.<\/p>\n<p>Aty \u00ebsht\u00eb edhe nj\u00eb mesazh i Radoji\u00e7iqit t\u00eb cilin ia lexon Simiqi znj. Kusari. Radoji\u00e7iqi i thot\u00eb Kusarit se PDK-ja i ka shkaktuar\u00a0<em>\u201cm\u00eb s\u00eb shumti d\u00ebme n\u00eb jet\u00eb\u201d<\/em>\u00a0dhe se do t\u00eb p\u00ebrballej me ta\u00a0<em>\u201csa t\u00eb ishte gjall\u00eb\u201d<\/em>.<\/p>\n<p>Dhe derisa Radoji\u00e7iqi po vazhdonte t\u00eb ankohej para shefes s\u00eb deputet\u00ebve t\u00eb VV-s\u00eb p\u00ebr trajtimin q\u00eb po i b\u00ebhej nga shteti i Kosov\u00ebs, n\u00eb nj\u00eb moment ia thot\u00eb edhe kjo fjal\u00eb n\u00eb mesazh:<\/p>\n<p><em>\u201cNdoshta kam mundur un\u00eb q\u00eb t\u00eb publikoj komunikimin q\u00eb kemi pasur un\u00eb e ti, drejtp\u00ebrdrejt \u2013 kjo \u00ebsht\u00eb ajo q\u00eb t\u00eb p\u00ebrfoli un\u00eb \u2013 por, jo, jam n\u00eb rend t\u00eb par\u00eb njeri q\u00eb k\u00ebt\u00eb nuk e b\u00ebn e pastaj politikan q\u00eb ju e keni n\u00ebn\u00e7muar shum\u00eb.\u201d\u00a0<\/em>\u2013 shkruhet tutje n\u00eb at\u00eb mesazh.<\/p>\n<p>Kusari m\u00eb pas interesohet se p\u00ebr \u00e7far\u00eb arsyesh e kan\u00eb v\u00ebn\u00eb n\u00eb list\u00eb t\u00eb zez\u00eb t\u00eb Amerik\u00ebs Radoji\u00e7iqin dhe se pse Lista Serbe nuk po ia shprehte shqet\u00ebsimet ambasadorit amerikan.<\/p>\n<p>Kujtojm\u00eb se Nacionale do t\u00eb publikoj\u00eb edhe nj\u00eb p\u00ebrgjim tjet\u00ebr t\u00eb komunikimit mes Kusarit dhe Simiqit.<\/p>\n<p>Dit\u00ebn e djeshme \u00ebsht\u00eb publikuar p\u00ebrgjimi i par\u00eb, e ku n\u00eb m\u00ebnyr\u00eb t\u00eb qart\u00eb Kusari e pranonte se kishte komunikuar me t\u00eb dyshuarin p\u00ebr krime t\u00eb ndryshme Millan Radoji\u00e7iqin.<\/p>\n<p><iframe loading=\"lazy\" style=\"border: none; overflow: hidden;\" src=\"https:\/\/www.facebook.com\/plugins\/video.php?href=https%3A%2F%2Fwww.facebook.com%2Fnacionalevideosofficial%2Fvideos%2F816223013363025%2F%3Fref%3Dembed_video&amp;show_text=0&amp;width=476\" width=\"476\" height=\"476\" frameborder=\"0\" scrolling=\"no\" allowfullscreen=\"allowfullscreen\"><\/iframe><\/p>\n","protected":false},"excerpt":{"rendered":"<p>\u00cbsht\u00eb publikuar edhe pjesa e dyt\u00eb e p\u00ebrgjimit t\u00eb shefes s\u00eb grupit parlamentar t\u00eb L\u00ebvizjes Vet\u00ebvendosje, Mimoza Kusari me Sllavko Simiqin e List\u00ebs Serbe. Gazetari Berat Buzhala i Nacionales ka treguar se si n\u00eb k\u00ebt\u00eb p\u00ebrgjim Sllavko Simiqi i thot\u00eb Kusarit se (sic) do t\u2019i thyhej koka edhe asaj edhe kryeministrit Kurti dhe se kishte [&hellip;]<\/p>\n","protected":false},"author":2,"featured_media":18708,"comment_status":"closed","ping_status":"closed","sticky":false,"template":"","format":"standard","meta":{"_monsterinsights_skip_tracking":false,"_monsterinsights_sitenote_active":false,"_monsterinsights_sitenote_note":"","_monsterinsights_sitenote_category":0,"_uf_show_specific_survey":0,"_uf_disable_surveys":false,"footnotes":""},"categories":[23,15],"tags":[],"yoast_head":"<!-- This site is optimized with the Yoast SEO plugin v21.5 - https:\/\/yoast.com\/wordpress\/plugins\/seo\/ -->\n<title>\u201c5 her\u00eb ke fol\u00eb me Millanin\u2026 mund t\u2019iu thyhet koka ty dhe kryeministrit\u2026\u201d \u2013 publikohet pjesa e dyt\u00eb e p\u00ebrgjimit Kusari-Simiq<\/title>\n<meta name=\"robots\" content=\"index, follow, max-snippet:-1, max-image-preview:large, max-video-preview:-1\" \/>\n<link rel=\"canonical\" href=\"https:\/\/permbledhja.com\/sq\/5-here-ke-fole-me-millanin-mund-tiu-thyhet-koka-ty-dhe-kryeministrit-publikohet-pjesa-e-dyte-e-pergjimit-kusari-simiq\/\" \/>\n<meta property=\"og:locale\" content=\"sq_AL\" \/>\n<meta property=\"og:type\" content=\"article\" \/>\n<meta property=\"og:title\" content=\"\u201c5 her\u00eb ke fol\u00eb me Millanin\u2026 mund t\u2019iu thyhet koka ty dhe kryeministrit\u2026\u201d \u2013 publikohet pjesa e dyt\u00eb e p\u00ebrgjimit Kusari-Simiq\" \/>\n<meta property=\"og:description\" content=\"\u00cbsht\u00eb publikuar edhe pjesa e dyt\u00eb e p\u00ebrgjimit t\u00eb shefes s\u00eb grupit parlamentar t\u00eb L\u00ebvizjes Vet\u00ebvendosje, Mimoza Kusari me Sllavko Simiqin e List\u00ebs Serbe. Gazetari Berat Buzhala i Nacionales ka treguar se si n\u00eb k\u00ebt\u00eb p\u00ebrgjim Sllavko Simiqi i thot\u00eb Kusarit se (sic) do t\u2019i thyhej koka edhe asaj edhe kryeministrit Kurti dhe se kishte [&hellip;]\" \/>\n<meta property=\"og:url\" content=\"https:\/\/permbledhja.com\/sq\/5-here-ke-fole-me-millanin-mund-tiu-thyhet-koka-ty-dhe-kryeministrit-publikohet-pjesa-e-dyte-e-pergjimit-kusari-simiq\/\" \/>\n<meta property=\"og:site_name\" content=\"Ve\u00e7 artikuj p\u00ebrmbledh\u00ebs\" \/>\n<meta property=\"article:publisher\" content=\"https:\/\/www.facebook.com\/press07\/\" \/>\n<meta property=\"article:published_time\" content=\"2023-07-11T13:26:09+00:00\" \/>\n<meta property=\"og:image\" content=\"https:\/\/permbledhja.com\/wp-content\/uploads\/2023\/07\/h.jpg\" \/>\n\t<meta property=\"og:image:width\" content=\"1192\" \/>\n\t<meta property=\"og:image:height\" content=\"723\" \/>\n\t<meta property=\"og:image:type\" content=\"image\/jpeg\" \/>\n<meta name=\"author\" content=\"M M\" \/>\n<meta name=\"twitter:card\" content=\"summary_large_image\" \/>\n<meta name=\"twitter:label1\" content=\"Written by\" \/>\n\t<meta name=\"twitter:data1\" content=\"M M\" \/>\n\t<meta name=\"twitter:label2\" content=\"Est. reading time\" \/>\n\t<meta name=\"twitter:data2\" content=\"2 minuta\" \/>\n<script type=\"application\/ld+json\" class=\"yoast-schema-graph\">{\"@context\":\"https:\/\/schema.org\",\"@graph\":[{\"@type\":\"Article\",\"@id\":\"https:\/\/permbledhja.com\/sq\/5-here-ke-fole-me-millanin-mund-tiu-thyhet-koka-ty-dhe-kryeministrit-publikohet-pjesa-e-dyte-e-pergjimit-kusari-simiq\/#article\",\"isPartOf\":{\"@id\":\"https:\/\/permbledhja.com\/sq\/5-here-ke-fole-me-millanin-mund-tiu-thyhet-koka-ty-dhe-kryeministrit-publikohet-pjesa-e-dyte-e-pergjimit-kusari-simiq\/\"},\"author\":{\"name\":\"M M\",\"@id\":\"https:\/\/permbledhja.com\/#\/schema\/person\/d23f13f59b5722643933d6780783acf3\"},\"headline\":\"\u201c5 her\u00eb ke fol\u00eb me Millanin\u2026 mund t\u2019iu thyhet koka ty dhe kryeministrit\u2026\u201d \u2013 publikohet pjesa e dyt\u00eb e p\u00ebrgjimit Kusari-Simiq\",\"datePublished\":\"2023-07-11T13:26:09+00:00\",\"dateModified\":\"2023-07-11T13:26:09+00:00\",\"mainEntityOfPage\":{\"@id\":\"https:\/\/permbledhja.com\/sq\/5-here-ke-fole-me-millanin-mund-tiu-thyhet-koka-ty-dhe-kryeministrit-publikohet-pjesa-e-dyte-e-pergjimit-kusari-simiq\/\"},\"wordCount\":358,\"publisher\":{\"@id\":\"https:\/\/permbledhja.com\/#organization\"},\"articleSection\":[\"Komb\u00ebtare\",\"Lajme\"],\"inLanguage\":\"sq\"},{\"@type\":\"WebPage\",\"@id\":\"https:\/\/permbledhja.com\/sq\/5-here-ke-fole-me-millanin-mund-tiu-thyhet-koka-ty-dhe-kryeministrit-publikohet-pjesa-e-dyte-e-pergjimit-kusari-simiq\/\",\"url\":\"https:\/\/permbledhja.com\/sq\/5-here-ke-fole-me-millanin-mund-tiu-thyhet-koka-ty-dhe-kryeministrit-publikohet-pjesa-e-dyte-e-pergjimit-kusari-simiq\/\",\"name\":\"\u201c5 her\u00eb ke fol\u00eb me Millanin\u2026 mund t\u2019iu thyhet koka ty dhe kryeministrit\u2026\u201d \u2013 publikohet pjesa e dyt\u00eb e p\u00ebrgjimit Kusari-Simiq\",\"isPartOf\":{\"@id\":\"https:\/\/permbledhja.com\/#website\"},\"datePublished\":\"2023-07-11T13:26:09+00:00\",\"dateModified\":\"2023-07-11T13:26:09+00:00\",\"breadcrumb\":{\"@id\":\"https:\/\/permbledhja.com\/sq\/5-here-ke-fole-me-millanin-mund-tiu-thyhet-koka-ty-dhe-kryeministrit-publikohet-pjesa-e-dyte-e-pergjimit-kusari-simiq\/#breadcrumb\"},\"inLanguage\":\"sq\",\"potentialAction\":[{\"@type\":\"ReadAction\",\"target\":[\"https:\/\/permbledhja.com\/sq\/5-here-ke-fole-me-millanin-mund-tiu-thyhet-koka-ty-dhe-kryeministrit-publikohet-pjesa-e-dyte-e-pergjimit-kusari-simiq\/\"]}]},{\"@type\":\"BreadcrumbList\",\"@id\":\"https:\/\/permbledhja.com\/sq\/5-here-ke-fole-me-millanin-mund-tiu-thyhet-koka-ty-dhe-kryeministrit-publikohet-pjesa-e-dyte-e-pergjimit-kusari-simiq\/#breadcrumb\",\"itemListElement\":[{\"@type\":\"ListItem\",\"position\":1,\"name\":\"Ballina\",\"item\":\"https:\/\/permbledhja.com\/sq\/\"},{\"@type\":\"ListItem\",\"position\":2,\"name\":\"\u201c5 her\u00eb ke fol\u00eb me Millanin\u2026 mund t\u2019iu thyhet koka ty dhe kryeministrit\u2026\u201d \u2013 publikohet pjesa e dyt\u00eb e p\u00ebrgjimit Kusari-Simiq\"}]},{\"@type\":\"WebSite\",\"@id\":\"https:\/\/permbledhja.com\/#website\",\"url\":\"https:\/\/permbledhja.com\/\",\"name\":\"Ve\u00e7 artikuj p\u00ebrmbledh\u00ebs\",\"description\":\"\",\"publisher\":{\"@id\":\"https:\/\/permbledhja.com\/#organization\"},\"potentialAction\":[{\"@type\":\"SearchAction\",\"target\":{\"@type\":\"EntryPoint\",\"urlTemplate\":\"https:\/\/permbledhja.com\/?s={search_term_string}\"},\"query-input\":\"required name=search_term_string\"}],\"inLanguage\":\"sq\"},{\"@type\":\"Organization\",\"@id\":\"https:\/\/permbledhja.com\/#organization\",\"name\":\"MK Media & Pr\",\"url\":\"https:\/\/permbledhja.com\/\",\"logo\":{\"@type\":\"ImageObject\",\"inLanguage\":\"sq\",\"@id\":\"https:\/\/permbledhja.com\/#\/schema\/logo\/image\/\",\"url\":\"https:\/\/permbledhja.com\/wp-content\/uploads\/2021\/12\/07-Press-Logo.jpg\",\"contentUrl\":\"https:\/\/permbledhja.com\/wp-content\/uploads\/2021\/12\/07-Press-Logo.jpg\",\"width\":512,\"height\":512,\"caption\":\"MK Media & Pr\"},\"image\":{\"@id\":\"https:\/\/permbledhja.com\/#\/schema\/logo\/image\/\"},\"sameAs\":[\"https:\/\/www.facebook.com\/press07\/\"]},{\"@type\":\"Person\",\"@id\":\"https:\/\/permbledhja.com\/#\/schema\/person\/d23f13f59b5722643933d6780783acf3\",\"name\":\"M M\",\"image\":{\"@type\":\"ImageObject\",\"inLanguage\":\"sq\",\"@id\":\"https:\/\/permbledhja.com\/#\/schema\/person\/image\/\",\"url\":\"https:\/\/secure.gravatar.com\/avatar\/e2835a76ca7c31a2416b2d51c4ec9a8f?s=96&d=mm&r=g\",\"contentUrl\":\"https:\/\/secure.gravatar.com\/avatar\/e2835a76ca7c31a2416b2d51c4ec9a8f?s=96&d=mm&r=g\",\"caption\":\"M M\"},\"sameAs\":[\"http:\/\/MM\"],\"url\":\"https:\/\/permbledhja.com\/sq\/author\/muhamet\/\"}]}<\/script>\n<!-- \/ Yoast SEO plugin. -->","yoast_head_json":{"title":"\u201c5 her\u00eb ke fol\u00eb me Millanin\u2026 mund t\u2019iu thyhet koka ty dhe kryeministrit\u2026\u201d \u2013 publikohet pjesa e dyt\u00eb e p\u00ebrgjimit Kusari-Simiq","robots":{"index":"index","follow":"follow","max-snippet":"max-snippet:-1","max-image-preview":"max-image-preview:large","max-video-preview":"max-video-preview:-1"},"canonical":"https:\/\/permbledhja.com\/sq\/5-here-ke-fole-me-millanin-mund-tiu-thyhet-koka-ty-dhe-kryeministrit-publikohet-pjesa-e-dyte-e-pergjimit-kusari-simiq\/","og_locale":"sq_AL","og_type":"article","og_title":"\u201c5 her\u00eb ke fol\u00eb me Millanin\u2026 mund t\u2019iu thyhet koka ty dhe kryeministrit\u2026\u201d \u2013 publikohet pjesa e dyt\u00eb e p\u00ebrgjimit Kusari-Simiq","og_description":"\u00cbsht\u00eb publikuar edhe pjesa e dyt\u00eb e p\u00ebrgjimit t\u00eb shefes s\u00eb grupit parlamentar t\u00eb L\u00ebvizjes Vet\u00ebvendosje, Mimoza Kusari me Sllavko Simiqin e List\u00ebs Serbe. Gazetari Berat Buzhala i Nacionales ka treguar se si n\u00eb k\u00ebt\u00eb p\u00ebrgjim Sllavko Simiqi i thot\u00eb Kusarit se (sic) do t\u2019i thyhej koka edhe asaj edhe kryeministrit Kurti dhe se kishte [&hellip;]","og_url":"https:\/\/permbledhja.com\/sq\/5-here-ke-fole-me-millanin-mund-tiu-thyhet-koka-ty-dhe-kryeministrit-publikohet-pjesa-e-dyte-e-pergjimit-kusari-simiq\/","og_site_name":"Ve\u00e7 artikuj p\u00ebrmbledh\u00ebs","article_publisher":"https:\/\/www.facebook.com\/press07\/","article_published_time":"2023-07-11T13:26:09+00:00","og_image":[{"width":1192,"height":723,"url":"https:\/\/permbledhja.com\/wp-content\/uploads\/2023\/07\/h.jpg","type":"image\/jpeg"}],"author":"M M","twitter_card":"summary_large_image","twitter_misc":{"Written by":"M M","Est. reading time":"2 minuta"},"schema":{"@context":"https:\/\/schema.org","@graph":[{"@type":"Article","@id":"https:\/\/permbledhja.com\/sq\/5-here-ke-fole-me-millanin-mund-tiu-thyhet-koka-ty-dhe-kryeministrit-publikohet-pjesa-e-dyte-e-pergjimit-kusari-simiq\/#article","isPartOf":{"@id":"https:\/\/permbledhja.com\/sq\/5-here-ke-fole-me-millanin-mund-tiu-thyhet-koka-ty-dhe-kryeministrit-publikohet-pjesa-e-dyte-e-pergjimit-kusari-simiq\/"},"author":{"name":"M M","@id":"https:\/\/permbledhja.com\/#\/schema\/person\/d23f13f59b5722643933d6780783acf3"},"headline":"\u201c5 her\u00eb ke fol\u00eb me Millanin\u2026 mund t\u2019iu thyhet koka ty dhe kryeministrit\u2026\u201d \u2013 publikohet pjesa e dyt\u00eb e p\u00ebrgjimit Kusari-Simiq","datePublished":"2023-07-11T13:26:09+00:00","dateModified":"2023-07-11T13:26:09+00:00","mainEntityOfPage":{"@id":"https:\/\/permbledhja.com\/sq\/5-here-ke-fole-me-millanin-mund-tiu-thyhet-koka-ty-dhe-kryeministrit-publikohet-pjesa-e-dyte-e-pergjimit-kusari-simiq\/"},"wordCount":358,"publisher":{"@id":"https:\/\/permbledhja.com\/#organization"},"articleSection":["Komb\u00ebtare","Lajme"],"inLanguage":"sq"},{"@type":"WebPage","@id":"https:\/\/permbledhja.com\/sq\/5-here-ke-fole-me-millanin-mund-tiu-thyhet-koka-ty-dhe-kryeministrit-publikohet-pjesa-e-dyte-e-pergjimit-kusari-simiq\/","url":"https:\/\/permbledhja.com\/sq\/5-here-ke-fole-me-millanin-mund-tiu-thyhet-koka-ty-dhe-kryeministrit-publikohet-pjesa-e-dyte-e-pergjimit-kusari-simiq\/","name":"\u201c5 her\u00eb ke fol\u00eb me Millanin\u2026 mund t\u2019iu thyhet koka ty dhe kryeministrit\u2026\u201d \u2013 publikohet pjesa e dyt\u00eb e p\u00ebrgjimit Kusari-Simiq","isPartOf":{"@id":"https:\/\/permbledhja.com\/#website"},"datePublished":"2023-07-11T13:26:09+00:00","dateModified":"2023-07-11T13:26:09+00:00","breadcrumb":{"@id":"https:\/\/permbledhja.com\/sq\/5-here-ke-fole-me-millanin-mund-tiu-thyhet-koka-ty-dhe-kryeministrit-publikohet-pjesa-e-dyte-e-pergjimit-kusari-simiq\/#breadcrumb"},"inLanguage":"sq","potentialAction":[{"@type":"ReadAction","target":["https:\/\/permbledhja.com\/sq\/5-here-ke-fole-me-millanin-mund-tiu-thyhet-koka-ty-dhe-kryeministrit-publikohet-pjesa-e-dyte-e-pergjimit-kusari-simiq\/"]}]},{"@type":"BreadcrumbList","@id":"https:\/\/permbledhja.com\/sq\/5-here-ke-fole-me-millanin-mund-tiu-thyhet-koka-ty-dhe-kryeministrit-publikohet-pjesa-e-dyte-e-pergjimit-kusari-simiq\/#breadcrumb","itemListElement":[{"@type":"ListItem","position":1,"name":"Ballina","item":"https:\/\/permbledhja.com\/sq\/"},{"@type":"ListItem","position":2,"name":"\u201c5 her\u00eb ke fol\u00eb me Millanin\u2026 mund t\u2019iu thyhet koka ty dhe kryeministrit\u2026\u201d \u2013 publikohet pjesa e dyt\u00eb e p\u00ebrgjimit Kusari-Simiq"}]},{"@type":"WebSite","@id":"https:\/\/permbledhja.com\/#website","url":"https:\/\/permbledhja.com\/","name":"Ve\u00e7 artikuj p\u00ebrmbledh\u00ebs","description":"","publisher":{"@id":"https:\/\/permbledhja.com\/#organization"},"potentialAction":[{"@type":"SearchAction","target":{"@type":"EntryPoint","urlTemplate":"https:\/\/permbledhja.com\/?s={search_term_string}"},"query-input":"required name=search_term_string"}],"inLanguage":"sq"},{"@type":"Organization","@id":"https:\/\/permbledhja.com\/#organization","name":"MK Media & Pr","url":"https:\/\/permbledhja.com\/","logo":{"@type":"ImageObject","inLanguage":"sq","@id":"https:\/\/permbledhja.com\/#\/schema\/logo\/image\/","url":"https:\/\/permbledhja.com\/wp-content\/uploads\/2021\/12\/07-Press-Logo.jpg","contentUrl":"https:\/\/permbledhja.com\/wp-content\/uploads\/2021\/12\/07-Press-Logo.jpg","width":512,"height":512,"caption":"MK Media & Pr"},"image":{"@id":"https:\/\/permbledhja.com\/#\/schema\/logo\/image\/"},"sameAs":["https:\/\/www.facebook.com\/press07\/"]},{"@type":"Person","@id":"https:\/\/permbledhja.com\/#\/schema\/person\/d23f13f59b5722643933d6780783acf3","name":"M M","image":{"@type":"ImageObject","inLanguage":"sq","@id":"https:\/\/permbledhja.com\/#\/schema\/person\/image\/","url":"https:\/\/secure.gravatar.com\/avatar\/e2835a76ca7c31a2416b2d51c4ec9a8f?s=96&d=mm&r=g","contentUrl":"https:\/\/secure.gravatar.com\/avatar\/e2835a76ca7c31a2416b2d51c4ec9a8f?s=96&d=mm&r=g","caption":"M M"},"sameAs":["http:\/\/MM"],"url":"https:\/\/permbledhja.com\/sq\/author\/muhamet\/"}]}},"_links":{"self":[{"href":"https:\/\/permbledhja.com\/sq\/wp-json\/wp\/v2\/posts\/18707"}],"collection":[{"href":"https:\/\/permbledhja.com\/sq\/wp-json\/wp\/v2\/posts"}],"about":[{"href":"https:\/\/permbledhja.com\/sq\/wp-json\/wp\/v2\/types\/post"}],"author":[{"embeddable":true,"href":"https:\/\/permbledhja.com\/sq\/wp-json\/wp\/v2\/users\/2"}],"replies":[{"embeddable":true,"href":"https:\/\/permbledhja.com\/sq\/wp-json\/wp\/v2\/comments?post=18707"}],"version-history":[{"count":1,"href":"https:\/\/permbledhja.com\/sq\/wp-json\/wp\/v2\/posts\/18707\/revisions"}],"predecessor-version":[{"id":18709,"href":"https:\/\/permbledhja.com\/sq\/wp-json\/wp\/v2\/posts\/18707\/revisions\/18709"}],"wp:featuredmedia":[{"embeddable":true,"href":"https:\/\/permbledhja.com\/sq\/wp-json\/wp\/v2\/media\/18708"}],"wp:attachment":[{"href":"https:\/\/permbledhja.com\/sq\/wp-json\/wp\/v2\/media?parent=18707"}],"wp:term":[{"taxonomy":"category","embeddable":true,"href":"https:\/\/permbledhja.com\/sq\/wp-json\/wp\/v2\/categories?post=18707"},{"taxonomy":"post_tag","embeddable":true,"href":"https:\/\/permbledhja.com\/sq\/wp-json\/wp\/v2\/tags?post=18707"}],"curies":[{"name":"wp","href":"https:\/\/api.w.org\/{rel}","templated":true}]}}