{"id":18704,"date":"2023-07-11T13:15:24","date_gmt":"2023-07-11T13:15:24","guid":{"rendered":"https:\/\/permbledhja.com\/?p=18704"},"modified":"2023-07-11T13:15:24","modified_gmt":"2023-07-11T13:15:24","slug":"pdk-ja-me-ka-shkaktuar-me-se-shumti-deme-pse-e-permendi-partine-opozitare-simiqi-gjate-bisedes-me-kusarin","status":"publish","type":"post","link":"https:\/\/permbledhja.com\/sq\/pdk-ja-me-ka-shkaktuar-me-se-shumti-deme-pse-e-permendi-partine-opozitare-simiqi-gjate-bisedes-me-kusarin\/","title":{"rendered":"\u201cPDK-ja m\u00eb ka shkaktuar m\u00eb s\u00eb shumti d\u00ebme\u201d\/ Pse e p\u00ebrmendi partin\u00eb opozitare Simiqi gjat\u00eb bised\u00ebs me Kusarin"},"content":{"rendered":"<p><strong>\u00cbsht\u00eb publikuar edhe pjesa e dyt\u00eb e p\u00ebrgjimeve t\u00eb Mimoza Kusarit \u2013 shefes s\u00eb deputet\u00ebve t\u00eb VV-s\u00eb \u2013 me Sllavko Simiqin e List\u00ebs Serbe.<\/strong><\/p>\n<p>Gazetari Berat Buzhala ka treguar se si n\u00eb k\u00ebt\u00eb p\u00ebrgjim Sllavko Simiqi i thot\u00eb Kusarit se (sic) do t\u2019i thyhej koka edhe asaj edhe kryeministrit Kurti dhe se kishte folur pes\u00eb her\u00eb me t\u00eb dyshuarin p\u00ebr krime, Millan Radoji\u00e7iqin. Mimoza Kusari mbeti n\u00eb heshtje.<\/p>\n<p>Aty \u00ebsht\u00eb edhe nj\u00eb mesazh i Radoji\u00e7iqit t\u00eb cilin ia lexon Simiqi znj. Kusari. Radoji\u00e7iqi i thot\u00eb Kusarit se PDK-ja i ka shkaktuar\u00a0\u201cm\u00eb s\u00eb shumti d\u00ebme n\u00eb jet\u00eb\u201d\u00a0dhe se do t\u00eb p\u00ebrballej me ta\u00a0\u201csa t\u00eb ishte gjall\u00eb\u201d.<\/p>\n<p>Dhe derisa Radoji\u00e7iqi po vazhdonte t\u00eb ankohej para shefes s\u00eb deputet\u00ebve t\u00eb VV-s\u00eb p\u00ebr trajtimin q\u00eb po i b\u00ebhej nga shteti i Kosov\u00ebs, n\u00eb nj\u00eb moment ia thot\u00eb edhe kjo fjal\u00eb n\u00eb mesazh:<\/p>\n<p>\u201cNdoshta kam mundur un\u00eb q\u00eb t\u00eb publikoj komunikimin q\u00eb kemi pasur un\u00eb e ti, drejtp\u00ebrdrejt \u2013 kjo \u00ebsht\u00eb ajo q\u00eb t\u00eb p\u00ebrfoli un\u00eb \u2013 por, jo, jam n\u00eb rend t\u00eb par\u00eb njeri q\u00eb k\u00ebt\u00eb nuk e b\u00ebn e pastaj politikan q\u00eb ju e keni n\u00ebn\u00e7muar shum\u00eb.\u201d\u00a0\u2013 shkruhet tutje n\u00eb at\u00eb mesazh.<\/p>\n<p><iframe loading=\"lazy\" style=\"border: none; overflow: hidden;\" src=\"https:\/\/www.facebook.com\/plugins\/video.php?href=https%3A%2F%2Fwww.facebook.com%2Fnacionalevideosofficial%2Fvideos%2F816223013363025%2F%3Fref%3Dembed_video&amp;show_text=0&amp;width=476\" width=\"476\" height=\"476\" frameborder=\"0\" scrolling=\"no\" allowfullscreen=\"allowfullscreen\"><\/iframe><\/p>\n","protected":false},"excerpt":{"rendered":"<p>\u00cbsht\u00eb publikuar edhe pjesa e dyt\u00eb e p\u00ebrgjimeve t\u00eb Mimoza Kusarit \u2013 shefes s\u00eb deputet\u00ebve t\u00eb VV-s\u00eb \u2013 me Sllavko Simiqin e List\u00ebs Serbe. Gazetari Berat Buzhala ka treguar se si n\u00eb k\u00ebt\u00eb p\u00ebrgjim Sllavko Simiqi i thot\u00eb Kusarit se (sic) do t\u2019i thyhej koka edhe asaj edhe kryeministrit Kurti dhe se kishte folur pes\u00eb [&hellip;]<\/p>\n","protected":false},"author":2,"featured_media":18705,"comment_status":"closed","ping_status":"closed","sticky":false,"template":"","format":"standard","meta":{"_monsterinsights_skip_tracking":false,"_monsterinsights_sitenote_active":false,"_monsterinsights_sitenote_note":"","_monsterinsights_sitenote_category":0,"_uf_show_specific_survey":0,"_uf_disable_surveys":false,"footnotes":""},"categories":[23,15],"tags":[],"yoast_head":"<!-- This site is optimized with the Yoast SEO plugin v21.5 - https:\/\/yoast.com\/wordpress\/plugins\/seo\/ -->\n<title>\u201cPDK-ja m\u00eb ka shkaktuar m\u00eb s\u00eb shumti d\u00ebme\u201d\/ Pse e p\u00ebrmendi partin\u00eb opozitare Simiqi gjat\u00eb bised\u00ebs me Kusarin<\/title>\n<meta name=\"robots\" content=\"index, follow, max-snippet:-1, max-image-preview:large, max-video-preview:-1\" \/>\n<link rel=\"canonical\" href=\"https:\/\/permbledhja.com\/sq\/pdk-ja-me-ka-shkaktuar-me-se-shumti-deme-pse-e-permendi-partine-opozitare-simiqi-gjate-bisedes-me-kusarin\/\" \/>\n<meta property=\"og:locale\" content=\"sq_AL\" \/>\n<meta property=\"og:type\" content=\"article\" \/>\n<meta property=\"og:title\" content=\"\u201cPDK-ja m\u00eb ka shkaktuar m\u00eb s\u00eb shumti d\u00ebme\u201d\/ Pse e p\u00ebrmendi partin\u00eb opozitare Simiqi gjat\u00eb bised\u00ebs me Kusarin\" \/>\n<meta property=\"og:description\" content=\"\u00cbsht\u00eb publikuar edhe pjesa e dyt\u00eb e p\u00ebrgjimeve t\u00eb Mimoza Kusarit \u2013 shefes s\u00eb deputet\u00ebve t\u00eb VV-s\u00eb \u2013 me Sllavko Simiqin e List\u00ebs Serbe. Gazetari Berat Buzhala ka treguar se si n\u00eb k\u00ebt\u00eb p\u00ebrgjim Sllavko Simiqi i thot\u00eb Kusarit se (sic) do t\u2019i thyhej koka edhe asaj edhe kryeministrit Kurti dhe se kishte folur pes\u00eb [&hellip;]\" \/>\n<meta property=\"og:url\" content=\"https:\/\/permbledhja.com\/sq\/pdk-ja-me-ka-shkaktuar-me-se-shumti-deme-pse-e-permendi-partine-opozitare-simiqi-gjate-bisedes-me-kusarin\/\" \/>\n<meta property=\"og:site_name\" content=\"Ve\u00e7 artikuj p\u00ebrmbledh\u00ebs\" \/>\n<meta property=\"article:publisher\" content=\"https:\/\/www.facebook.com\/press07\/\" \/>\n<meta property=\"article:published_time\" content=\"2023-07-11T13:15:24+00:00\" \/>\n<meta property=\"og:image\" content=\"https:\/\/permbledhja.com\/wp-content\/uploads\/2023\/07\/Capture-16.jpg\" \/>\n\t<meta property=\"og:image:width\" content=\"1240\" \/>\n\t<meta property=\"og:image:height\" content=\"749\" \/>\n\t<meta property=\"og:image:type\" content=\"image\/jpeg\" \/>\n<meta name=\"author\" content=\"M M\" \/>\n<meta name=\"twitter:card\" content=\"summary_large_image\" \/>\n<meta name=\"twitter:label1\" content=\"Written by\" \/>\n\t<meta name=\"twitter:data1\" content=\"M M\" \/>\n\t<meta name=\"twitter:label2\" content=\"Est. reading time\" \/>\n\t<meta name=\"twitter:data2\" content=\"1 minut\u00eb\" \/>\n<script type=\"application\/ld+json\" class=\"yoast-schema-graph\">{\"@context\":\"https:\/\/schema.org\",\"@graph\":[{\"@type\":\"Article\",\"@id\":\"https:\/\/permbledhja.com\/sq\/pdk-ja-me-ka-shkaktuar-me-se-shumti-deme-pse-e-permendi-partine-opozitare-simiqi-gjate-bisedes-me-kusarin\/#article\",\"isPartOf\":{\"@id\":\"https:\/\/permbledhja.com\/sq\/pdk-ja-me-ka-shkaktuar-me-se-shumti-deme-pse-e-permendi-partine-opozitare-simiqi-gjate-bisedes-me-kusarin\/\"},\"author\":{\"name\":\"M M\",\"@id\":\"https:\/\/permbledhja.com\/#\/schema\/person\/d23f13f59b5722643933d6780783acf3\"},\"headline\":\"\u201cPDK-ja m\u00eb ka shkaktuar m\u00eb s\u00eb shumti d\u00ebme\u201d\/ Pse e p\u00ebrmendi partin\u00eb opozitare Simiqi gjat\u00eb bised\u00ebs me Kusarin\",\"datePublished\":\"2023-07-11T13:15:24+00:00\",\"dateModified\":\"2023-07-11T13:15:24+00:00\",\"mainEntityOfPage\":{\"@id\":\"https:\/\/permbledhja.com\/sq\/pdk-ja-me-ka-shkaktuar-me-se-shumti-deme-pse-e-permendi-partine-opozitare-simiqi-gjate-bisedes-me-kusarin\/\"},\"wordCount\":232,\"publisher\":{\"@id\":\"https:\/\/permbledhja.com\/#organization\"},\"articleSection\":[\"Komb\u00ebtare\",\"Lajme\"],\"inLanguage\":\"sq\"},{\"@type\":\"WebPage\",\"@id\":\"https:\/\/permbledhja.com\/sq\/pdk-ja-me-ka-shkaktuar-me-se-shumti-deme-pse-e-permendi-partine-opozitare-simiqi-gjate-bisedes-me-kusarin\/\",\"url\":\"https:\/\/permbledhja.com\/sq\/pdk-ja-me-ka-shkaktuar-me-se-shumti-deme-pse-e-permendi-partine-opozitare-simiqi-gjate-bisedes-me-kusarin\/\",\"name\":\"\u201cPDK-ja m\u00eb ka shkaktuar m\u00eb s\u00eb shumti d\u00ebme\u201d\/ Pse e p\u00ebrmendi partin\u00eb opozitare Simiqi gjat\u00eb bised\u00ebs me Kusarin\",\"isPartOf\":{\"@id\":\"https:\/\/permbledhja.com\/#website\"},\"datePublished\":\"2023-07-11T13:15:24+00:00\",\"dateModified\":\"2023-07-11T13:15:24+00:00\",\"breadcrumb\":{\"@id\":\"https:\/\/permbledhja.com\/sq\/pdk-ja-me-ka-shkaktuar-me-se-shumti-deme-pse-e-permendi-partine-opozitare-simiqi-gjate-bisedes-me-kusarin\/#breadcrumb\"},\"inLanguage\":\"sq\",\"potentialAction\":[{\"@type\":\"ReadAction\",\"target\":[\"https:\/\/permbledhja.com\/sq\/pdk-ja-me-ka-shkaktuar-me-se-shumti-deme-pse-e-permendi-partine-opozitare-simiqi-gjate-bisedes-me-kusarin\/\"]}]},{\"@type\":\"BreadcrumbList\",\"@id\":\"https:\/\/permbledhja.com\/sq\/pdk-ja-me-ka-shkaktuar-me-se-shumti-deme-pse-e-permendi-partine-opozitare-simiqi-gjate-bisedes-me-kusarin\/#breadcrumb\",\"itemListElement\":[{\"@type\":\"ListItem\",\"position\":1,\"name\":\"Ballina\",\"item\":\"https:\/\/permbledhja.com\/sq\/\"},{\"@type\":\"ListItem\",\"position\":2,\"name\":\"\u201cPDK-ja m\u00eb ka shkaktuar m\u00eb s\u00eb shumti d\u00ebme\u201d\/ Pse e p\u00ebrmendi partin\u00eb opozitare Simiqi gjat\u00eb bised\u00ebs me Kusarin\"}]},{\"@type\":\"WebSite\",\"@id\":\"https:\/\/permbledhja.com\/#website\",\"url\":\"https:\/\/permbledhja.com\/\",\"name\":\"Ve\u00e7 artikuj p\u00ebrmbledh\u00ebs\",\"description\":\"\",\"publisher\":{\"@id\":\"https:\/\/permbledhja.com\/#organization\"},\"potentialAction\":[{\"@type\":\"SearchAction\",\"target\":{\"@type\":\"EntryPoint\",\"urlTemplate\":\"https:\/\/permbledhja.com\/?s={search_term_string}\"},\"query-input\":\"required name=search_term_string\"}],\"inLanguage\":\"sq\"},{\"@type\":\"Organization\",\"@id\":\"https:\/\/permbledhja.com\/#organization\",\"name\":\"MK Media & Pr\",\"url\":\"https:\/\/permbledhja.com\/\",\"logo\":{\"@type\":\"ImageObject\",\"inLanguage\":\"sq\",\"@id\":\"https:\/\/permbledhja.com\/#\/schema\/logo\/image\/\",\"url\":\"https:\/\/permbledhja.com\/wp-content\/uploads\/2021\/12\/07-Press-Logo.jpg\",\"contentUrl\":\"https:\/\/permbledhja.com\/wp-content\/uploads\/2021\/12\/07-Press-Logo.jpg\",\"width\":512,\"height\":512,\"caption\":\"MK Media & Pr\"},\"image\":{\"@id\":\"https:\/\/permbledhja.com\/#\/schema\/logo\/image\/\"},\"sameAs\":[\"https:\/\/www.facebook.com\/press07\/\"]},{\"@type\":\"Person\",\"@id\":\"https:\/\/permbledhja.com\/#\/schema\/person\/d23f13f59b5722643933d6780783acf3\",\"name\":\"M M\",\"image\":{\"@type\":\"ImageObject\",\"inLanguage\":\"sq\",\"@id\":\"https:\/\/permbledhja.com\/#\/schema\/person\/image\/\",\"url\":\"https:\/\/secure.gravatar.com\/avatar\/e2835a76ca7c31a2416b2d51c4ec9a8f?s=96&d=mm&r=g\",\"contentUrl\":\"https:\/\/secure.gravatar.com\/avatar\/e2835a76ca7c31a2416b2d51c4ec9a8f?s=96&d=mm&r=g\",\"caption\":\"M M\"},\"sameAs\":[\"http:\/\/MM\"],\"url\":\"https:\/\/permbledhja.com\/sq\/author\/muhamet\/\"}]}<\/script>\n<!-- \/ Yoast SEO plugin. -->","yoast_head_json":{"title":"\u201cPDK-ja m\u00eb ka shkaktuar m\u00eb s\u00eb shumti d\u00ebme\u201d\/ Pse e p\u00ebrmendi partin\u00eb opozitare Simiqi gjat\u00eb bised\u00ebs me Kusarin","robots":{"index":"index","follow":"follow","max-snippet":"max-snippet:-1","max-image-preview":"max-image-preview:large","max-video-preview":"max-video-preview:-1"},"canonical":"https:\/\/permbledhja.com\/sq\/pdk-ja-me-ka-shkaktuar-me-se-shumti-deme-pse-e-permendi-partine-opozitare-simiqi-gjate-bisedes-me-kusarin\/","og_locale":"sq_AL","og_type":"article","og_title":"\u201cPDK-ja m\u00eb ka shkaktuar m\u00eb s\u00eb shumti d\u00ebme\u201d\/ Pse e p\u00ebrmendi partin\u00eb opozitare Simiqi gjat\u00eb bised\u00ebs me Kusarin","og_description":"\u00cbsht\u00eb publikuar edhe pjesa e dyt\u00eb e p\u00ebrgjimeve t\u00eb Mimoza Kusarit \u2013 shefes s\u00eb deputet\u00ebve t\u00eb VV-s\u00eb \u2013 me Sllavko Simiqin e List\u00ebs Serbe. Gazetari Berat Buzhala ka treguar se si n\u00eb k\u00ebt\u00eb p\u00ebrgjim Sllavko Simiqi i thot\u00eb Kusarit se (sic) do t\u2019i thyhej koka edhe asaj edhe kryeministrit Kurti dhe se kishte folur pes\u00eb [&hellip;]","og_url":"https:\/\/permbledhja.com\/sq\/pdk-ja-me-ka-shkaktuar-me-se-shumti-deme-pse-e-permendi-partine-opozitare-simiqi-gjate-bisedes-me-kusarin\/","og_site_name":"Ve\u00e7 artikuj p\u00ebrmbledh\u00ebs","article_publisher":"https:\/\/www.facebook.com\/press07\/","article_published_time":"2023-07-11T13:15:24+00:00","og_image":[{"width":1240,"height":749,"url":"https:\/\/permbledhja.com\/wp-content\/uploads\/2023\/07\/Capture-16.jpg","type":"image\/jpeg"}],"author":"M M","twitter_card":"summary_large_image","twitter_misc":{"Written by":"M M","Est. reading time":"1 minut\u00eb"},"schema":{"@context":"https:\/\/schema.org","@graph":[{"@type":"Article","@id":"https:\/\/permbledhja.com\/sq\/pdk-ja-me-ka-shkaktuar-me-se-shumti-deme-pse-e-permendi-partine-opozitare-simiqi-gjate-bisedes-me-kusarin\/#article","isPartOf":{"@id":"https:\/\/permbledhja.com\/sq\/pdk-ja-me-ka-shkaktuar-me-se-shumti-deme-pse-e-permendi-partine-opozitare-simiqi-gjate-bisedes-me-kusarin\/"},"author":{"name":"M M","@id":"https:\/\/permbledhja.com\/#\/schema\/person\/d23f13f59b5722643933d6780783acf3"},"headline":"\u201cPDK-ja m\u00eb ka shkaktuar m\u00eb s\u00eb shumti d\u00ebme\u201d\/ Pse e p\u00ebrmendi partin\u00eb opozitare Simiqi gjat\u00eb bised\u00ebs me Kusarin","datePublished":"2023-07-11T13:15:24+00:00","dateModified":"2023-07-11T13:15:24+00:00","mainEntityOfPage":{"@id":"https:\/\/permbledhja.com\/sq\/pdk-ja-me-ka-shkaktuar-me-se-shumti-deme-pse-e-permendi-partine-opozitare-simiqi-gjate-bisedes-me-kusarin\/"},"wordCount":232,"publisher":{"@id":"https:\/\/permbledhja.com\/#organization"},"articleSection":["Komb\u00ebtare","Lajme"],"inLanguage":"sq"},{"@type":"WebPage","@id":"https:\/\/permbledhja.com\/sq\/pdk-ja-me-ka-shkaktuar-me-se-shumti-deme-pse-e-permendi-partine-opozitare-simiqi-gjate-bisedes-me-kusarin\/","url":"https:\/\/permbledhja.com\/sq\/pdk-ja-me-ka-shkaktuar-me-se-shumti-deme-pse-e-permendi-partine-opozitare-simiqi-gjate-bisedes-me-kusarin\/","name":"\u201cPDK-ja m\u00eb ka shkaktuar m\u00eb s\u00eb shumti d\u00ebme\u201d\/ Pse e p\u00ebrmendi partin\u00eb opozitare Simiqi gjat\u00eb bised\u00ebs me Kusarin","isPartOf":{"@id":"https:\/\/permbledhja.com\/#website"},"datePublished":"2023-07-11T13:15:24+00:00","dateModified":"2023-07-11T13:15:24+00:00","breadcrumb":{"@id":"https:\/\/permbledhja.com\/sq\/pdk-ja-me-ka-shkaktuar-me-se-shumti-deme-pse-e-permendi-partine-opozitare-simiqi-gjate-bisedes-me-kusarin\/#breadcrumb"},"inLanguage":"sq","potentialAction":[{"@type":"ReadAction","target":["https:\/\/permbledhja.com\/sq\/pdk-ja-me-ka-shkaktuar-me-se-shumti-deme-pse-e-permendi-partine-opozitare-simiqi-gjate-bisedes-me-kusarin\/"]}]},{"@type":"BreadcrumbList","@id":"https:\/\/permbledhja.com\/sq\/pdk-ja-me-ka-shkaktuar-me-se-shumti-deme-pse-e-permendi-partine-opozitare-simiqi-gjate-bisedes-me-kusarin\/#breadcrumb","itemListElement":[{"@type":"ListItem","position":1,"name":"Ballina","item":"https:\/\/permbledhja.com\/sq\/"},{"@type":"ListItem","position":2,"name":"\u201cPDK-ja m\u00eb ka shkaktuar m\u00eb s\u00eb shumti d\u00ebme\u201d\/ Pse e p\u00ebrmendi partin\u00eb opozitare Simiqi gjat\u00eb bised\u00ebs me Kusarin"}]},{"@type":"WebSite","@id":"https:\/\/permbledhja.com\/#website","url":"https:\/\/permbledhja.com\/","name":"Ve\u00e7 artikuj p\u00ebrmbledh\u00ebs","description":"","publisher":{"@id":"https:\/\/permbledhja.com\/#organization"},"potentialAction":[{"@type":"SearchAction","target":{"@type":"EntryPoint","urlTemplate":"https:\/\/permbledhja.com\/?s={search_term_string}"},"query-input":"required name=search_term_string"}],"inLanguage":"sq"},{"@type":"Organization","@id":"https:\/\/permbledhja.com\/#organization","name":"MK Media & Pr","url":"https:\/\/permbledhja.com\/","logo":{"@type":"ImageObject","inLanguage":"sq","@id":"https:\/\/permbledhja.com\/#\/schema\/logo\/image\/","url":"https:\/\/permbledhja.com\/wp-content\/uploads\/2021\/12\/07-Press-Logo.jpg","contentUrl":"https:\/\/permbledhja.com\/wp-content\/uploads\/2021\/12\/07-Press-Logo.jpg","width":512,"height":512,"caption":"MK Media & Pr"},"image":{"@id":"https:\/\/permbledhja.com\/#\/schema\/logo\/image\/"},"sameAs":["https:\/\/www.facebook.com\/press07\/"]},{"@type":"Person","@id":"https:\/\/permbledhja.com\/#\/schema\/person\/d23f13f59b5722643933d6780783acf3","name":"M M","image":{"@type":"ImageObject","inLanguage":"sq","@id":"https:\/\/permbledhja.com\/#\/schema\/person\/image\/","url":"https:\/\/secure.gravatar.com\/avatar\/e2835a76ca7c31a2416b2d51c4ec9a8f?s=96&d=mm&r=g","contentUrl":"https:\/\/secure.gravatar.com\/avatar\/e2835a76ca7c31a2416b2d51c4ec9a8f?s=96&d=mm&r=g","caption":"M M"},"sameAs":["http:\/\/MM"],"url":"https:\/\/permbledhja.com\/sq\/author\/muhamet\/"}]}},"_links":{"self":[{"href":"https:\/\/permbledhja.com\/sq\/wp-json\/wp\/v2\/posts\/18704"}],"collection":[{"href":"https:\/\/permbledhja.com\/sq\/wp-json\/wp\/v2\/posts"}],"about":[{"href":"https:\/\/permbledhja.com\/sq\/wp-json\/wp\/v2\/types\/post"}],"author":[{"embeddable":true,"href":"https:\/\/permbledhja.com\/sq\/wp-json\/wp\/v2\/users\/2"}],"replies":[{"embeddable":true,"href":"https:\/\/permbledhja.com\/sq\/wp-json\/wp\/v2\/comments?post=18704"}],"version-history":[{"count":1,"href":"https:\/\/permbledhja.com\/sq\/wp-json\/wp\/v2\/posts\/18704\/revisions"}],"predecessor-version":[{"id":18706,"href":"https:\/\/permbledhja.com\/sq\/wp-json\/wp\/v2\/posts\/18704\/revisions\/18706"}],"wp:featuredmedia":[{"embeddable":true,"href":"https:\/\/permbledhja.com\/sq\/wp-json\/wp\/v2\/media\/18705"}],"wp:attachment":[{"href":"https:\/\/permbledhja.com\/sq\/wp-json\/wp\/v2\/media?parent=18704"}],"wp:term":[{"taxonomy":"category","embeddable":true,"href":"https:\/\/permbledhja.com\/sq\/wp-json\/wp\/v2\/categories?post=18704"},{"taxonomy":"post_tag","embeddable":true,"href":"https:\/\/permbledhja.com\/sq\/wp-json\/wp\/v2\/tags?post=18704"}],"curies":[{"name":"wp","href":"https:\/\/api.w.org\/{rel}","templated":true}]}}