{"id":18701,"date":"2023-07-11T12:54:06","date_gmt":"2023-07-11T12:54:06","guid":{"rendered":"https:\/\/permbledhja.com\/?p=18701"},"modified":"2023-07-11T12:54:06","modified_gmt":"2023-07-11T12:54:06","slug":"perfundon-takimi-i-abdixhikut-me-shoqerine-civile-kerkohen-zgjedhje-te-reja-ne-veri","status":"publish","type":"post","link":"https:\/\/permbledhja.com\/sq\/perfundon-takimi-i-abdixhikut-me-shoqerine-civile-kerkohen-zgjedhje-te-reja-ne-veri\/","title":{"rendered":"P\u00ebrfundon takimi i Abdixhikut me shoq\u00ebrin\u00eb civile, k\u00ebrkohen zgjedhje t\u00eb reja n\u00eb veri"},"content":{"rendered":"<h3>Kryetari i Lidhjes Demokratike t\u00eb Kosov\u00ebs (LDK), Lumir Abdixhiku, pas takimet q\u00eb ka pasur me shoq\u00ebrin\u00eb civile dhe OJQ-t\u00eb, n\u00eb t\u00eb cil\u00ebn \u00ebsht\u00eb diskutuar p\u00ebr gjendjen politike n\u00eb vend, me theks t\u00eb ve\u00e7ant\u00eb relacionet e Kosov\u00ebs me aleat\u00eb, tha se nga takimet e deritashme jan\u00eb p\u00ebrkrahur idet\u00eb q\u00eb ka shpalosur kjo parti.<\/h3>\n<p>Ai ka k\u00ebrkuar zgjedhje t\u00eb reja n\u00eb kat\u00ebr komunat n\u00eb veri dhe formimin e nj\u00eb ekipi p\u00ebr hartimin e drafstatutit t\u00eb Asociacionit t\u00eb komunave me shumic\u00eb serbe.<\/p>\n<p>Abdixhiku tha se n\u00eb k\u00ebt\u00eb takim kan\u00eb prezantuar edhe iden\u00eb q\u00eb Kosova do t\u00eb nd\u00ebrtoj\u00eb nj\u00eb ekip profesionist\u00ebsh, ekspertesh t\u00eb rendit kushtetues, drejt\u00ebs juridike, arsimit, kultur\u00ebs e zhvillimeve ekonomike.<\/p>\n<p>\u201cMbi 20 organizata t\u00eb shoq\u00ebris\u00eb civile i jan\u00eb p\u00ebrgjigjur pozitivisht ftes\u00ebs son\u00eb dhe n\u00eb takimin q\u00eb zgjati pothuajse 3 or\u00eb fol\u00ebm hapur p\u00ebr gjendjen e tanishme politike n\u00eb vend dhe mbi t\u00eb gjitha p\u00ebr rrug\u00ebn q\u00eb duhet dal\u00eb p\u00ebrpara. Jam jasht\u00ebzakonisht i lumtur, jo vet\u00ebm p\u00ebr pjes\u00ebmarrjen e organizatave t\u00eb shoq\u00ebris\u00eb civile, por edhe p\u00ebr mendimet e hapura p\u00ebrmbaj\u00ebtsore dhe thelb\u00ebsore n\u00eb at\u00eb q\u00eb po shtrojm\u00eb tani. Si LDK ne prezantuam dhe shtat\u00eb pika tona, t\u00eb nj\u00ebjtat q\u00eb kemi prezantuar jav\u00ebn e kaluar tek opinionistet dhe gazetar\u00ebt\u201d.<\/p>\n<p>\u201cP\u00ebr LDK gjendja e tanishme k\u00ebrkon shtensionim, k\u00ebrkon zgjedhje t\u00eb reja sa m\u00eb par\u00eb t\u00eb jet\u00eb e mundshme n\u00eb veri t\u00eb vendit, me q\u00ebllim t\u00eb kthimit t\u00eb legjimitetit tek institucionet lokale n\u00eb kat\u00ebr komunat veriore, legjitimet i d\u00ebmtuar p\u00ebr shkak pjes\u00ebmarrjes s\u00eb ul\u00ebt t\u00eb serb\u00ebve loakl atje dhe zgjedhejt e reja duhet t\u00eb organizohen n\u00ebp\u00ebmrjet marr\u00ebveshjes politike mes VV-s\u00eb, PDK-s\u00eb dhe kat\u00ebr kryetareve aktual atje p\u00ebr dor\u00ebheqjen e tyre dhe shkaktim t\u00eb zgjedhjeve brenda 45 dit\u00ebve\u201d.<\/p>\n<p>\u201cSi pik\u00eb e dyt\u00eb kjo periudh\u00eb prej 45 dit\u00ebve do t\u00eb sh\u00ebrbej\u00eb p\u00ebr institucionet e Kosov\u00ebs, por n\u00eb ve\u00e7anti p\u00ebr komunitetin nd\u00ebrkomb\u00ebtar me t\u00eb cilin poashtu po komunikojm\u00eb n\u00eb vazhdim\u00ebsi p\u00ebr bindjen e serbeve p\u00ebr pjes\u00ebmarrje n\u00eb zgjedhjet e ardhshme t\u00eb jasht\u00ebzakonshme n\u00eb veri t\u00eb vendit. Pozicioni i Kosov\u00ebs nd\u00ebrkomb\u00ebtarisht \u00ebsht\u00eb i d\u00ebmtuar, jo vet\u00ebm p\u00ebr shkak t\u00eb politikave t\u00eb gabuara, t\u00eb paprecedente t\u00eb kryeministrit Kurti dhe Qeveris\u00eb s\u00eb Kosov\u00ebs me aleat\u00ebt tan\u00eb por edhe paaft\u00ebsis\u00eb t\u00eb jasht\u00ebzakonshme t\u00eb ministris\u00eb s\u00eb pun\u00ebve t\u00eb jashtme\u201d.<\/p>\n<p>\u201cNe mendojm\u00eb se Kosova duhet t\u00eb nd\u00ebrtoj\u00eb ekipe profesionist\u00ebsh, diplomat\u00ebsh me p\u00ebrvoj\u00eb q\u00eb t\u00eb d\u00ebrgoj\u00eb n\u00eb \u00e7do kryeqend\u00ebr evropiane dhe bot\u00ebrore n\u00eb ato kryesoret p\u00ebr t\u00eb k\u00ebrkuar jo vet\u00ebm heqjen e d\u00ebnimeve, masave sanksionuese ndaj Republik\u00ebs s\u00eb Kosov\u00ebs por edhe p\u00ebr ta parashtruar hapat e ardhsh\u00ebm t\u00eb vendit\u201d.<\/p>\n<p>\u201cPoashtu prezantuam sot iden\u00eb q\u00eb Kosova do t\u00eb nd\u00ebrtoj\u00eb nj\u00eb ekip profesionist\u00ebsh, ekspertesh t\u00eb rendit kushtetues, drejt\u00ebs juridike, arsimit, kultur\u00ebs e zhvillimeve ekonomike p\u00ebr t\u00eb nd\u00ebrtuar draft statusin e ardhsh\u00ebm t\u00eb Asociacionit t\u00eb komunave me shumic\u00eb serbe n\u00eb Kosov\u00eb, nj\u00eb draft statut i nd\u00ebrtuar prej njer\u00ebzve m\u00eb t\u00eb mir\u00eb qe ka vendi me autorsi t\u00eb institucioneve t\u00eb Kosov\u00ebs e n\u00eb plot\u00ebni me kushtetut\u00ebn e Kosov\u00ebs, karakterin unitar t\u00eb Kosov\u00ebs dhe rendin sovran\u00eb t\u00eb institucioneve t\u00eb Kosov\u00ebs\u201d.<\/p>\n<p>\u201cPo ashtu kemi prezantuar edhe planin ton\u00eb p\u00ebr k\u00ebrkesa t\u00eb drejtp\u00ebrdrejta mbi obligimet q\u00eb Serbia duhet ti ket\u00eb ndaj Kosov\u00ebs n\u00eb marr\u00ebveshjet e arritura deri m\u00eb tani. K\u00ebto jan\u00eb pikat q\u00eb po i diskutojm\u00eb me akter\u00ebt e ndrysh\u00ebm ka nj\u00eb pajtueshm\u00ebri t\u00eb plot\u00eb me pothuajse t\u00eb gjith\u00eb p\u00ebr gjendje alarmante q\u00eb ka Kosova\u201d.<\/p>\n<p>\u201cKosova duhet t\u00eb marr\u00eb autor\u00ebsin\u00eb mbi draftin dhe kjo ka qen\u00eb k\u00ebrkes\u00eb e vazhdueshme e institucioneve nd\u00ebrkomb\u00ebtare. Pra, tash e nj\u00eb vit t\u00eb gjitha institucionet nd\u00ebrkomb\u00ebtare n\u00eb ve\u00e7anti SHBA-t\u00eb kan\u00eb k\u00ebrkuar q\u00eb Kosova, institucionet e vendit t\u00eb marrin autor\u00ebsin\u00eb, n\u00eb m\u00ebnyr\u00eb q\u00eb kjo autor\u00ebsi t\u00eb mos i vihet nj\u00eb pale tjet\u00ebr\u201d.<\/p>\n<p>\u201cPra, nuk \u00ebsht\u00eb e v\u00ebrtet\u00eb se nga ne nuk pritet nj\u00eb gj\u00eb e till\u00eb, p\u00ebrkundrazi k\u00ebrkohet nga ne dhe jo vet\u00ebm kaq, Kosov\u00ebs i garantohet q\u00eb kjo pritje nuk ka t\u00eb b\u00ebj\u00eb me rrenim kushtetues ose me dalje prej Korniz\u00ebs Kushtetuese. Ne duhet t\u00eb ndihemi me veten m\u00eb t\u00eb sigurt, por edhe duhet t\u00eb shtrojm\u00eb nj\u00eb version t\u00eb qart\u00eb se Kosova \u00ebsht\u00eb nj\u00eb vend i paqes, stabilitetit, jo vet\u00ebm n\u00eb vend, por sidomos n\u00eb veri t\u00eb vendit dhe n\u00eb rajon. Organizatat e shoq\u00ebris\u00eb civile, por edhe nga java e kaluar takimi q\u00eb pat\u00ebm dhan\u00eb mb\u00ebshtetjen n\u00eb k\u00ebt\u00eb propozim si ide q\u00eb mund t\u00eb ofroj, fillimisht shtensionimin pastaj zgjidhjen afatgjate t\u00eb Kosov\u00ebs\u201d.<\/p>\n<p>\u201cUn\u00eb nuk shoh\u00eb rrug\u00eb p\u00ebrpara me k\u00ebt\u00eb Qeveri prandaj rruga jon\u00eb nuk ka t\u00eb b\u00ebj\u00eb me bashk\u00ebpunim me k\u00ebto institucione q\u00eb i kan\u00eb sjell vendit edhe tension edhe p\u00ebrplasje dhe nuk jan\u00eb t\u00eb afat t\u00eb dalin prej k\u00ebsaj rruge, un\u00eb po flas\u00eb p\u00ebr nj\u00eb rrug\u00eb t\u00eb tret i cili kryeministri i Kosov\u00ebs nuk ka vend\u201d.<\/p>\n","protected":false},"excerpt":{"rendered":"<p>Kryetari i Lidhjes Demokratike t\u00eb Kosov\u00ebs (LDK), Lumir Abdixhiku, pas takimet q\u00eb ka pasur me shoq\u00ebrin\u00eb civile dhe OJQ-t\u00eb, n\u00eb t\u00eb cil\u00ebn \u00ebsht\u00eb diskutuar p\u00ebr gjendjen politike n\u00eb vend, me theks t\u00eb ve\u00e7ant\u00eb relacionet e Kosov\u00ebs me aleat\u00eb, tha se nga takimet e deritashme jan\u00eb p\u00ebrkrahur idet\u00eb q\u00eb ka shpalosur kjo parti. Ai ka k\u00ebrkuar [&hellip;]<\/p>\n","protected":false},"author":2,"featured_media":18702,"comment_status":"closed","ping_status":"closed","sticky":false,"template":"","format":"standard","meta":{"_monsterinsights_skip_tracking":false,"_monsterinsights_sitenote_active":false,"_monsterinsights_sitenote_note":"","_monsterinsights_sitenote_category":0,"_uf_show_specific_survey":0,"_uf_disable_surveys":false,"footnotes":""},"categories":[23,15],"tags":[427],"yoast_head":"<!-- This site is optimized with the Yoast SEO plugin v21.5 - https:\/\/yoast.com\/wordpress\/plugins\/seo\/ -->\n<title>P\u00ebrfundon takimi i Abdixhikut me shoq\u00ebrin\u00eb civile, k\u00ebrkohen zgjedhje t\u00eb reja n\u00eb veri<\/title>\n<meta name=\"robots\" content=\"index, follow, max-snippet:-1, max-image-preview:large, max-video-preview:-1\" \/>\n<link rel=\"canonical\" href=\"https:\/\/permbledhja.com\/sq\/perfundon-takimi-i-abdixhikut-me-shoqerine-civile-kerkohen-zgjedhje-te-reja-ne-veri\/\" \/>\n<meta property=\"og:locale\" content=\"sq_AL\" \/>\n<meta property=\"og:type\" content=\"article\" \/>\n<meta property=\"og:title\" content=\"P\u00ebrfundon takimi i Abdixhikut me shoq\u00ebrin\u00eb civile, k\u00ebrkohen zgjedhje t\u00eb reja n\u00eb veri\" \/>\n<meta property=\"og:description\" content=\"Kryetari i Lidhjes Demokratike t\u00eb Kosov\u00ebs (LDK), Lumir Abdixhiku, pas takimet q\u00eb ka pasur me shoq\u00ebrin\u00eb civile dhe OJQ-t\u00eb, n\u00eb t\u00eb cil\u00ebn \u00ebsht\u00eb diskutuar p\u00ebr gjendjen politike n\u00eb vend, me theks t\u00eb ve\u00e7ant\u00eb relacionet e Kosov\u00ebs me aleat\u00eb, tha se nga takimet e deritashme jan\u00eb p\u00ebrkrahur idet\u00eb q\u00eb ka shpalosur kjo parti. Ai ka k\u00ebrkuar [&hellip;]\" \/>\n<meta property=\"og:url\" content=\"https:\/\/permbledhja.com\/sq\/perfundon-takimi-i-abdixhikut-me-shoqerine-civile-kerkohen-zgjedhje-te-reja-ne-veri\/\" \/>\n<meta property=\"og:site_name\" content=\"Ve\u00e7 artikuj p\u00ebrmbledh\u00ebs\" \/>\n<meta property=\"article:publisher\" content=\"https:\/\/www.facebook.com\/press07\/\" \/>\n<meta property=\"article:published_time\" content=\"2023-07-11T12:54:06+00:00\" \/>\n<meta property=\"og:image\" content=\"https:\/\/permbledhja.com\/wp-content\/uploads\/2023\/07\/Abdixhiku-1.jpg\" \/>\n\t<meta property=\"og:image:width\" content=\"983\" \/>\n\t<meta property=\"og:image:height\" content=\"670\" \/>\n\t<meta property=\"og:image:type\" content=\"image\/jpeg\" \/>\n<meta name=\"author\" content=\"M M\" \/>\n<meta name=\"twitter:card\" content=\"summary_large_image\" \/>\n<meta name=\"twitter:label1\" content=\"Written by\" \/>\n\t<meta name=\"twitter:data1\" content=\"M M\" \/>\n\t<meta name=\"twitter:label2\" content=\"Est. reading time\" \/>\n\t<meta name=\"twitter:data2\" content=\"4 minuta\" \/>\n<script type=\"application\/ld+json\" class=\"yoast-schema-graph\">{\"@context\":\"https:\/\/schema.org\",\"@graph\":[{\"@type\":\"Article\",\"@id\":\"https:\/\/permbledhja.com\/perfundon-takimi-i-abdixhikut-me-shoqerine-civile-kerkohen-zgjedhje-te-reja-ne-veri\/#article\",\"isPartOf\":{\"@id\":\"https:\/\/permbledhja.com\/perfundon-takimi-i-abdixhikut-me-shoqerine-civile-kerkohen-zgjedhje-te-reja-ne-veri\/\"},\"author\":{\"name\":\"M M\",\"@id\":\"https:\/\/permbledhja.com\/#\/schema\/person\/d23f13f59b5722643933d6780783acf3\"},\"headline\":\"P\u00ebrfundon takimi i Abdixhikut me shoq\u00ebrin\u00eb civile, k\u00ebrkohen zgjedhje t\u00eb reja n\u00eb veri\",\"datePublished\":\"2023-07-11T12:54:06+00:00\",\"dateModified\":\"2023-07-11T12:54:06+00:00\",\"mainEntityOfPage\":{\"@id\":\"https:\/\/permbledhja.com\/perfundon-takimi-i-abdixhikut-me-shoqerine-civile-kerkohen-zgjedhje-te-reja-ne-veri\/\"},\"wordCount\":911,\"publisher\":{\"@id\":\"https:\/\/permbledhja.com\/#organization\"},\"keywords\":[\"Lumir Abdixhiku\"],\"articleSection\":[\"Komb\u00ebtare\",\"Lajme\"],\"inLanguage\":\"sq\"},{\"@type\":\"WebPage\",\"@id\":\"https:\/\/permbledhja.com\/perfundon-takimi-i-abdixhikut-me-shoqerine-civile-kerkohen-zgjedhje-te-reja-ne-veri\/\",\"url\":\"https:\/\/permbledhja.com\/perfundon-takimi-i-abdixhikut-me-shoqerine-civile-kerkohen-zgjedhje-te-reja-ne-veri\/\",\"name\":\"P\u00ebrfundon takimi i Abdixhikut me shoq\u00ebrin\u00eb civile, k\u00ebrkohen zgjedhje t\u00eb reja n\u00eb veri\",\"isPartOf\":{\"@id\":\"https:\/\/permbledhja.com\/#website\"},\"datePublished\":\"2023-07-11T12:54:06+00:00\",\"dateModified\":\"2023-07-11T12:54:06+00:00\",\"breadcrumb\":{\"@id\":\"https:\/\/permbledhja.com\/perfundon-takimi-i-abdixhikut-me-shoqerine-civile-kerkohen-zgjedhje-te-reja-ne-veri\/#breadcrumb\"},\"inLanguage\":\"sq\",\"potentialAction\":[{\"@type\":\"ReadAction\",\"target\":[\"https:\/\/permbledhja.com\/perfundon-takimi-i-abdixhikut-me-shoqerine-civile-kerkohen-zgjedhje-te-reja-ne-veri\/\"]}]},{\"@type\":\"BreadcrumbList\",\"@id\":\"https:\/\/permbledhja.com\/perfundon-takimi-i-abdixhikut-me-shoqerine-civile-kerkohen-zgjedhje-te-reja-ne-veri\/#breadcrumb\",\"itemListElement\":[{\"@type\":\"ListItem\",\"position\":1,\"name\":\"Ballina\",\"item\":\"https:\/\/permbledhja.com\/sq\/\"},{\"@type\":\"ListItem\",\"position\":2,\"name\":\"P\u00ebrfundon takimi i Abdixhikut me shoq\u00ebrin\u00eb civile, k\u00ebrkohen zgjedhje t\u00eb reja n\u00eb veri\"}]},{\"@type\":\"WebSite\",\"@id\":\"https:\/\/permbledhja.com\/#website\",\"url\":\"https:\/\/permbledhja.com\/\",\"name\":\"Ve\u00e7 artikuj p\u00ebrmbledh\u00ebs\",\"description\":\"\",\"publisher\":{\"@id\":\"https:\/\/permbledhja.com\/#organization\"},\"potentialAction\":[{\"@type\":\"SearchAction\",\"target\":{\"@type\":\"EntryPoint\",\"urlTemplate\":\"https:\/\/permbledhja.com\/?s={search_term_string}\"},\"query-input\":\"required name=search_term_string\"}],\"inLanguage\":\"sq\"},{\"@type\":\"Organization\",\"@id\":\"https:\/\/permbledhja.com\/#organization\",\"name\":\"MK Media & Pr\",\"url\":\"https:\/\/permbledhja.com\/\",\"logo\":{\"@type\":\"ImageObject\",\"inLanguage\":\"sq\",\"@id\":\"https:\/\/permbledhja.com\/#\/schema\/logo\/image\/\",\"url\":\"https:\/\/permbledhja.com\/wp-content\/uploads\/2021\/12\/07-Press-Logo.jpg\",\"contentUrl\":\"https:\/\/permbledhja.com\/wp-content\/uploads\/2021\/12\/07-Press-Logo.jpg\",\"width\":512,\"height\":512,\"caption\":\"MK Media & Pr\"},\"image\":{\"@id\":\"https:\/\/permbledhja.com\/#\/schema\/logo\/image\/\"},\"sameAs\":[\"https:\/\/www.facebook.com\/press07\/\"]},{\"@type\":\"Person\",\"@id\":\"https:\/\/permbledhja.com\/#\/schema\/person\/d23f13f59b5722643933d6780783acf3\",\"name\":\"M M\",\"image\":{\"@type\":\"ImageObject\",\"inLanguage\":\"sq\",\"@id\":\"https:\/\/permbledhja.com\/#\/schema\/person\/image\/\",\"url\":\"https:\/\/secure.gravatar.com\/avatar\/e2835a76ca7c31a2416b2d51c4ec9a8f?s=96&d=mm&r=g\",\"contentUrl\":\"https:\/\/secure.gravatar.com\/avatar\/e2835a76ca7c31a2416b2d51c4ec9a8f?s=96&d=mm&r=g\",\"caption\":\"M M\"},\"sameAs\":[\"http:\/\/MM\"],\"url\":\"https:\/\/permbledhja.com\/sq\/author\/muhamet\/\"}]}<\/script>\n<!-- \/ Yoast SEO plugin. -->","yoast_head_json":{"title":"P\u00ebrfundon takimi i Abdixhikut me shoq\u00ebrin\u00eb civile, k\u00ebrkohen zgjedhje t\u00eb reja n\u00eb veri","robots":{"index":"index","follow":"follow","max-snippet":"max-snippet:-1","max-image-preview":"max-image-preview:large","max-video-preview":"max-video-preview:-1"},"canonical":"https:\/\/permbledhja.com\/sq\/perfundon-takimi-i-abdixhikut-me-shoqerine-civile-kerkohen-zgjedhje-te-reja-ne-veri\/","og_locale":"sq_AL","og_type":"article","og_title":"P\u00ebrfundon takimi i Abdixhikut me shoq\u00ebrin\u00eb civile, k\u00ebrkohen zgjedhje t\u00eb reja n\u00eb veri","og_description":"Kryetari i Lidhjes Demokratike t\u00eb Kosov\u00ebs (LDK), Lumir Abdixhiku, pas takimet q\u00eb ka pasur me shoq\u00ebrin\u00eb civile dhe OJQ-t\u00eb, n\u00eb t\u00eb cil\u00ebn \u00ebsht\u00eb diskutuar p\u00ebr gjendjen politike n\u00eb vend, me theks t\u00eb ve\u00e7ant\u00eb relacionet e Kosov\u00ebs me aleat\u00eb, tha se nga takimet e deritashme jan\u00eb p\u00ebrkrahur idet\u00eb q\u00eb ka shpalosur kjo parti. Ai ka k\u00ebrkuar [&hellip;]","og_url":"https:\/\/permbledhja.com\/sq\/perfundon-takimi-i-abdixhikut-me-shoqerine-civile-kerkohen-zgjedhje-te-reja-ne-veri\/","og_site_name":"Ve\u00e7 artikuj p\u00ebrmbledh\u00ebs","article_publisher":"https:\/\/www.facebook.com\/press07\/","article_published_time":"2023-07-11T12:54:06+00:00","og_image":[{"width":983,"height":670,"url":"https:\/\/permbledhja.com\/wp-content\/uploads\/2023\/07\/Abdixhiku-1.jpg","type":"image\/jpeg"}],"author":"M M","twitter_card":"summary_large_image","twitter_misc":{"Written by":"M M","Est. reading time":"4 minuta"},"schema":{"@context":"https:\/\/schema.org","@graph":[{"@type":"Article","@id":"https:\/\/permbledhja.com\/perfundon-takimi-i-abdixhikut-me-shoqerine-civile-kerkohen-zgjedhje-te-reja-ne-veri\/#article","isPartOf":{"@id":"https:\/\/permbledhja.com\/perfundon-takimi-i-abdixhikut-me-shoqerine-civile-kerkohen-zgjedhje-te-reja-ne-veri\/"},"author":{"name":"M M","@id":"https:\/\/permbledhja.com\/#\/schema\/person\/d23f13f59b5722643933d6780783acf3"},"headline":"P\u00ebrfundon takimi i Abdixhikut me shoq\u00ebrin\u00eb civile, k\u00ebrkohen zgjedhje t\u00eb reja n\u00eb veri","datePublished":"2023-07-11T12:54:06+00:00","dateModified":"2023-07-11T12:54:06+00:00","mainEntityOfPage":{"@id":"https:\/\/permbledhja.com\/perfundon-takimi-i-abdixhikut-me-shoqerine-civile-kerkohen-zgjedhje-te-reja-ne-veri\/"},"wordCount":911,"publisher":{"@id":"https:\/\/permbledhja.com\/#organization"},"keywords":["Lumir Abdixhiku"],"articleSection":["Komb\u00ebtare","Lajme"],"inLanguage":"sq"},{"@type":"WebPage","@id":"https:\/\/permbledhja.com\/perfundon-takimi-i-abdixhikut-me-shoqerine-civile-kerkohen-zgjedhje-te-reja-ne-veri\/","url":"https:\/\/permbledhja.com\/perfundon-takimi-i-abdixhikut-me-shoqerine-civile-kerkohen-zgjedhje-te-reja-ne-veri\/","name":"P\u00ebrfundon takimi i Abdixhikut me shoq\u00ebrin\u00eb civile, k\u00ebrkohen zgjedhje t\u00eb reja n\u00eb veri","isPartOf":{"@id":"https:\/\/permbledhja.com\/#website"},"datePublished":"2023-07-11T12:54:06+00:00","dateModified":"2023-07-11T12:54:06+00:00","breadcrumb":{"@id":"https:\/\/permbledhja.com\/perfundon-takimi-i-abdixhikut-me-shoqerine-civile-kerkohen-zgjedhje-te-reja-ne-veri\/#breadcrumb"},"inLanguage":"sq","potentialAction":[{"@type":"ReadAction","target":["https:\/\/permbledhja.com\/perfundon-takimi-i-abdixhikut-me-shoqerine-civile-kerkohen-zgjedhje-te-reja-ne-veri\/"]}]},{"@type":"BreadcrumbList","@id":"https:\/\/permbledhja.com\/perfundon-takimi-i-abdixhikut-me-shoqerine-civile-kerkohen-zgjedhje-te-reja-ne-veri\/#breadcrumb","itemListElement":[{"@type":"ListItem","position":1,"name":"Ballina","item":"https:\/\/permbledhja.com\/sq\/"},{"@type":"ListItem","position":2,"name":"P\u00ebrfundon takimi i Abdixhikut me shoq\u00ebrin\u00eb civile, k\u00ebrkohen zgjedhje t\u00eb reja n\u00eb veri"}]},{"@type":"WebSite","@id":"https:\/\/permbledhja.com\/#website","url":"https:\/\/permbledhja.com\/","name":"Ve\u00e7 artikuj p\u00ebrmbledh\u00ebs","description":"","publisher":{"@id":"https:\/\/permbledhja.com\/#organization"},"potentialAction":[{"@type":"SearchAction","target":{"@type":"EntryPoint","urlTemplate":"https:\/\/permbledhja.com\/?s={search_term_string}"},"query-input":"required name=search_term_string"}],"inLanguage":"sq"},{"@type":"Organization","@id":"https:\/\/permbledhja.com\/#organization","name":"MK Media & Pr","url":"https:\/\/permbledhja.com\/","logo":{"@type":"ImageObject","inLanguage":"sq","@id":"https:\/\/permbledhja.com\/#\/schema\/logo\/image\/","url":"https:\/\/permbledhja.com\/wp-content\/uploads\/2021\/12\/07-Press-Logo.jpg","contentUrl":"https:\/\/permbledhja.com\/wp-content\/uploads\/2021\/12\/07-Press-Logo.jpg","width":512,"height":512,"caption":"MK Media & Pr"},"image":{"@id":"https:\/\/permbledhja.com\/#\/schema\/logo\/image\/"},"sameAs":["https:\/\/www.facebook.com\/press07\/"]},{"@type":"Person","@id":"https:\/\/permbledhja.com\/#\/schema\/person\/d23f13f59b5722643933d6780783acf3","name":"M M","image":{"@type":"ImageObject","inLanguage":"sq","@id":"https:\/\/permbledhja.com\/#\/schema\/person\/image\/","url":"https:\/\/secure.gravatar.com\/avatar\/e2835a76ca7c31a2416b2d51c4ec9a8f?s=96&d=mm&r=g","contentUrl":"https:\/\/secure.gravatar.com\/avatar\/e2835a76ca7c31a2416b2d51c4ec9a8f?s=96&d=mm&r=g","caption":"M M"},"sameAs":["http:\/\/MM"],"url":"https:\/\/permbledhja.com\/sq\/author\/muhamet\/"}]}},"_links":{"self":[{"href":"https:\/\/permbledhja.com\/sq\/wp-json\/wp\/v2\/posts\/18701"}],"collection":[{"href":"https:\/\/permbledhja.com\/sq\/wp-json\/wp\/v2\/posts"}],"about":[{"href":"https:\/\/permbledhja.com\/sq\/wp-json\/wp\/v2\/types\/post"}],"author":[{"embeddable":true,"href":"https:\/\/permbledhja.com\/sq\/wp-json\/wp\/v2\/users\/2"}],"replies":[{"embeddable":true,"href":"https:\/\/permbledhja.com\/sq\/wp-json\/wp\/v2\/comments?post=18701"}],"version-history":[{"count":1,"href":"https:\/\/permbledhja.com\/sq\/wp-json\/wp\/v2\/posts\/18701\/revisions"}],"predecessor-version":[{"id":18703,"href":"https:\/\/permbledhja.com\/sq\/wp-json\/wp\/v2\/posts\/18701\/revisions\/18703"}],"wp:featuredmedia":[{"embeddable":true,"href":"https:\/\/permbledhja.com\/sq\/wp-json\/wp\/v2\/media\/18702"}],"wp:attachment":[{"href":"https:\/\/permbledhja.com\/sq\/wp-json\/wp\/v2\/media?parent=18701"}],"wp:term":[{"taxonomy":"category","embeddable":true,"href":"https:\/\/permbledhja.com\/sq\/wp-json\/wp\/v2\/categories?post=18701"},{"taxonomy":"post_tag","embeddable":true,"href":"https:\/\/permbledhja.com\/sq\/wp-json\/wp\/v2\/tags?post=18701"}],"curies":[{"name":"wp","href":"https:\/\/api.w.org\/{rel}","templated":true}]}}