{"id":18696,"date":"2023-07-11T12:44:20","date_gmt":"2023-07-11T12:44:20","guid":{"rendered":"https:\/\/permbledhja.com\/?p=18696"},"modified":"2023-07-11T12:44:20","modified_gmt":"2023-07-11T12:44:20","slug":"automjeti-i-policise-se-kosoves-perfshihet-ne-aksident-dy-te-lenduar","status":"publish","type":"post","link":"https:\/\/permbledhja.com\/sq\/automjeti-i-policise-se-kosoves-perfshihet-ne-aksident-dy-te-lenduar\/","title":{"rendered":"Automjeti i Policis\u00eb s\u00eb Kosov\u00ebs p\u00ebrfshihet n\u00eb aksident, dy t\u00eb l\u00ebnduar"},"content":{"rendered":"<h3>M\u00ebngjesin e sot\u00ebm ka ndodhur nj\u00eb aksident trafiku rreth or\u00ebs 06:00 n\u00eb Autostraden \u201cIbrahim Rugova\u201d n\u00eb hyrje \u2013 dalje n\u00eb Mazgit.<\/h3>\n<p>T\u00eb p\u00ebrfshira kan\u00eb qen\u00eb nj\u00eb automjet zyrtar, nj\u00eb kamion dhe nj\u00eb mjet furgon, n\u00eb k\u00ebt\u00eb aksident p\u00ebrve\u00e7 d\u00ebmeve materiale l\u00ebndime trupore kan\u00eb p\u00ebsuar dy persona t\u00eb cil\u00ebt jan\u00eb d\u00ebrguar p\u00ebr trajtim mjek\u00ebsor.<\/p>\n<p>K\u00ebto informata i dha p\u00ebr Gazet\u00ebn Express z\u00ebdh\u00ebn\u00ebsi i policis\u00eb, Daut Hoxha.<\/p>\n<p>\u201cRastit i jan\u00eb pergjigjur nj\u00ebsitet relevante policore p\u00ebr menaxhim trafiku n\u00eb autostrad\u00eb, ekipe tjera dhe autoambulanca. Prokurori dhe autoritetet tjera jan\u00eb njoftuar p\u00ebr rastin dhe pas kryerjes s\u00eb proceduarve t\u00eb vendshikimit rruga \u00ebsht\u00eb liruar pas nd\u00ebrprerjes s\u00eb p\u00ebrkohshme t\u00eb qarkullimit t\u00eb trafikut\u201d, tha Hoxha.<\/p>\n<p>&nbsp;<\/p>\n","protected":false},"excerpt":{"rendered":"<p>M\u00ebngjesin e sot\u00ebm ka ndodhur nj\u00eb aksident trafiku rreth or\u00ebs 06:00 n\u00eb Autostraden \u201cIbrahim Rugova\u201d n\u00eb hyrje \u2013 dalje n\u00eb Mazgit. T\u00eb p\u00ebrfshira kan\u00eb qen\u00eb nj\u00eb automjet zyrtar, nj\u00eb kamion dhe nj\u00eb mjet furgon, n\u00eb k\u00ebt\u00eb aksident p\u00ebrve\u00e7 d\u00ebmeve materiale l\u00ebndime trupore kan\u00eb p\u00ebsuar dy persona t\u00eb cil\u00ebt jan\u00eb d\u00ebrguar p\u00ebr trajtim mjek\u00ebsor. K\u00ebto informata [&hellip;]<\/p>\n","protected":false},"author":2,"featured_media":18697,"comment_status":"closed","ping_status":"closed","sticky":false,"template":"","format":"standard","meta":{"_monsterinsights_skip_tracking":false,"_monsterinsights_sitenote_active":false,"_monsterinsights_sitenote_note":"","_monsterinsights_sitenote_category":0,"_uf_show_specific_survey":0,"_uf_disable_surveys":false,"footnotes":""},"categories":[15],"tags":[],"yoast_head":"<!-- This site is optimized with the Yoast SEO plugin v21.5 - https:\/\/yoast.com\/wordpress\/plugins\/seo\/ -->\n<title>Automjeti i Policis\u00eb s\u00eb Kosov\u00ebs p\u00ebrfshihet n\u00eb aksident, dy t\u00eb l\u00ebnduar<\/title>\n<meta name=\"robots\" content=\"index, follow, max-snippet:-1, max-image-preview:large, max-video-preview:-1\" \/>\n<link rel=\"canonical\" href=\"https:\/\/permbledhja.com\/sq\/automjeti-i-policise-se-kosoves-perfshihet-ne-aksident-dy-te-lenduar\/\" \/>\n<meta property=\"og:locale\" content=\"sq_AL\" \/>\n<meta property=\"og:type\" content=\"article\" \/>\n<meta property=\"og:title\" content=\"Automjeti i Policis\u00eb s\u00eb Kosov\u00ebs p\u00ebrfshihet n\u00eb aksident, dy t\u00eb l\u00ebnduar\" \/>\n<meta property=\"og:description\" content=\"M\u00ebngjesin e sot\u00ebm ka ndodhur nj\u00eb aksident trafiku rreth or\u00ebs 06:00 n\u00eb Autostraden \u201cIbrahim Rugova\u201d n\u00eb hyrje \u2013 dalje n\u00eb Mazgit. T\u00eb p\u00ebrfshira kan\u00eb qen\u00eb nj\u00eb automjet zyrtar, nj\u00eb kamion dhe nj\u00eb mjet furgon, n\u00eb k\u00ebt\u00eb aksident p\u00ebrve\u00e7 d\u00ebmeve materiale l\u00ebndime trupore kan\u00eb p\u00ebsuar dy persona t\u00eb cil\u00ebt jan\u00eb d\u00ebrguar p\u00ebr trajtim mjek\u00ebsor. K\u00ebto informata [&hellip;]\" \/>\n<meta property=\"og:url\" content=\"https:\/\/permbledhja.com\/sq\/automjeti-i-policise-se-kosoves-perfshihet-ne-aksident-dy-te-lenduar\/\" \/>\n<meta property=\"og:site_name\" content=\"Ve\u00e7 artikuj p\u00ebrmbledh\u00ebs\" \/>\n<meta property=\"article:publisher\" content=\"https:\/\/www.facebook.com\/press07\/\" \/>\n<meta property=\"article:published_time\" content=\"2023-07-11T12:44:20+00:00\" \/>\n<meta property=\"og:image\" content=\"https:\/\/permbledhja.com\/wp-content\/uploads\/2023\/07\/POLICIAAA.jpg\" \/>\n\t<meta property=\"og:image:width\" content=\"720\" \/>\n\t<meta property=\"og:image:height\" content=\"540\" \/>\n\t<meta property=\"og:image:type\" content=\"image\/jpeg\" \/>\n<meta name=\"author\" content=\"M M\" \/>\n<meta name=\"twitter:card\" content=\"summary_large_image\" \/>\n<meta name=\"twitter:label1\" content=\"Written by\" \/>\n\t<meta name=\"twitter:data1\" content=\"M M\" \/>\n\t<meta name=\"twitter:label2\" content=\"Est. reading time\" \/>\n\t<meta name=\"twitter:data2\" content=\"1 minut\u00eb\" \/>\n<script type=\"application\/ld+json\" class=\"yoast-schema-graph\">{\"@context\":\"https:\/\/schema.org\",\"@graph\":[{\"@type\":\"Article\",\"@id\":\"https:\/\/permbledhja.com\/sq\/automjeti-i-policise-se-kosoves-perfshihet-ne-aksident-dy-te-lenduar\/#article\",\"isPartOf\":{\"@id\":\"https:\/\/permbledhja.com\/sq\/automjeti-i-policise-se-kosoves-perfshihet-ne-aksident-dy-te-lenduar\/\"},\"author\":{\"name\":\"M M\",\"@id\":\"https:\/\/permbledhja.com\/#\/schema\/person\/d23f13f59b5722643933d6780783acf3\"},\"headline\":\"Automjeti i Policis\u00eb s\u00eb Kosov\u00ebs p\u00ebrfshihet n\u00eb aksident, dy t\u00eb l\u00ebnduar\",\"datePublished\":\"2023-07-11T12:44:20+00:00\",\"dateModified\":\"2023-07-11T12:44:20+00:00\",\"mainEntityOfPage\":{\"@id\":\"https:\/\/permbledhja.com\/sq\/automjeti-i-policise-se-kosoves-perfshihet-ne-aksident-dy-te-lenduar\/\"},\"wordCount\":146,\"publisher\":{\"@id\":\"https:\/\/permbledhja.com\/#organization\"},\"articleSection\":[\"Lajme\"],\"inLanguage\":\"sq\"},{\"@type\":\"WebPage\",\"@id\":\"https:\/\/permbledhja.com\/sq\/automjeti-i-policise-se-kosoves-perfshihet-ne-aksident-dy-te-lenduar\/\",\"url\":\"https:\/\/permbledhja.com\/sq\/automjeti-i-policise-se-kosoves-perfshihet-ne-aksident-dy-te-lenduar\/\",\"name\":\"Automjeti i Policis\u00eb s\u00eb Kosov\u00ebs p\u00ebrfshihet n\u00eb aksident, dy t\u00eb l\u00ebnduar\",\"isPartOf\":{\"@id\":\"https:\/\/permbledhja.com\/#website\"},\"datePublished\":\"2023-07-11T12:44:20+00:00\",\"dateModified\":\"2023-07-11T12:44:20+00:00\",\"breadcrumb\":{\"@id\":\"https:\/\/permbledhja.com\/sq\/automjeti-i-policise-se-kosoves-perfshihet-ne-aksident-dy-te-lenduar\/#breadcrumb\"},\"inLanguage\":\"sq\",\"potentialAction\":[{\"@type\":\"ReadAction\",\"target\":[\"https:\/\/permbledhja.com\/sq\/automjeti-i-policise-se-kosoves-perfshihet-ne-aksident-dy-te-lenduar\/\"]}]},{\"@type\":\"BreadcrumbList\",\"@id\":\"https:\/\/permbledhja.com\/sq\/automjeti-i-policise-se-kosoves-perfshihet-ne-aksident-dy-te-lenduar\/#breadcrumb\",\"itemListElement\":[{\"@type\":\"ListItem\",\"position\":1,\"name\":\"Ballina\",\"item\":\"https:\/\/permbledhja.com\/sq\/\"},{\"@type\":\"ListItem\",\"position\":2,\"name\":\"Automjeti i Policis\u00eb s\u00eb Kosov\u00ebs p\u00ebrfshihet n\u00eb aksident, dy t\u00eb l\u00ebnduar\"}]},{\"@type\":\"WebSite\",\"@id\":\"https:\/\/permbledhja.com\/#website\",\"url\":\"https:\/\/permbledhja.com\/\",\"name\":\"Ve\u00e7 artikuj p\u00ebrmbledh\u00ebs\",\"description\":\"\",\"publisher\":{\"@id\":\"https:\/\/permbledhja.com\/#organization\"},\"potentialAction\":[{\"@type\":\"SearchAction\",\"target\":{\"@type\":\"EntryPoint\",\"urlTemplate\":\"https:\/\/permbledhja.com\/?s={search_term_string}\"},\"query-input\":\"required name=search_term_string\"}],\"inLanguage\":\"sq\"},{\"@type\":\"Organization\",\"@id\":\"https:\/\/permbledhja.com\/#organization\",\"name\":\"MK Media & Pr\",\"url\":\"https:\/\/permbledhja.com\/\",\"logo\":{\"@type\":\"ImageObject\",\"inLanguage\":\"sq\",\"@id\":\"https:\/\/permbledhja.com\/#\/schema\/logo\/image\/\",\"url\":\"https:\/\/permbledhja.com\/wp-content\/uploads\/2021\/12\/07-Press-Logo.jpg\",\"contentUrl\":\"https:\/\/permbledhja.com\/wp-content\/uploads\/2021\/12\/07-Press-Logo.jpg\",\"width\":512,\"height\":512,\"caption\":\"MK Media & Pr\"},\"image\":{\"@id\":\"https:\/\/permbledhja.com\/#\/schema\/logo\/image\/\"},\"sameAs\":[\"https:\/\/www.facebook.com\/press07\/\"]},{\"@type\":\"Person\",\"@id\":\"https:\/\/permbledhja.com\/#\/schema\/person\/d23f13f59b5722643933d6780783acf3\",\"name\":\"M M\",\"image\":{\"@type\":\"ImageObject\",\"inLanguage\":\"sq\",\"@id\":\"https:\/\/permbledhja.com\/#\/schema\/person\/image\/\",\"url\":\"https:\/\/secure.gravatar.com\/avatar\/e2835a76ca7c31a2416b2d51c4ec9a8f?s=96&d=mm&r=g\",\"contentUrl\":\"https:\/\/secure.gravatar.com\/avatar\/e2835a76ca7c31a2416b2d51c4ec9a8f?s=96&d=mm&r=g\",\"caption\":\"M M\"},\"sameAs\":[\"http:\/\/MM\"],\"url\":\"https:\/\/permbledhja.com\/sq\/author\/muhamet\/\"}]}<\/script>\n<!-- \/ Yoast SEO plugin. -->","yoast_head_json":{"title":"Automjeti i Policis\u00eb s\u00eb Kosov\u00ebs p\u00ebrfshihet n\u00eb aksident, dy t\u00eb l\u00ebnduar","robots":{"index":"index","follow":"follow","max-snippet":"max-snippet:-1","max-image-preview":"max-image-preview:large","max-video-preview":"max-video-preview:-1"},"canonical":"https:\/\/permbledhja.com\/sq\/automjeti-i-policise-se-kosoves-perfshihet-ne-aksident-dy-te-lenduar\/","og_locale":"sq_AL","og_type":"article","og_title":"Automjeti i Policis\u00eb s\u00eb Kosov\u00ebs p\u00ebrfshihet n\u00eb aksident, dy t\u00eb l\u00ebnduar","og_description":"M\u00ebngjesin e sot\u00ebm ka ndodhur nj\u00eb aksident trafiku rreth or\u00ebs 06:00 n\u00eb Autostraden \u201cIbrahim Rugova\u201d n\u00eb hyrje \u2013 dalje n\u00eb Mazgit. T\u00eb p\u00ebrfshira kan\u00eb qen\u00eb nj\u00eb automjet zyrtar, nj\u00eb kamion dhe nj\u00eb mjet furgon, n\u00eb k\u00ebt\u00eb aksident p\u00ebrve\u00e7 d\u00ebmeve materiale l\u00ebndime trupore kan\u00eb p\u00ebsuar dy persona t\u00eb cil\u00ebt jan\u00eb d\u00ebrguar p\u00ebr trajtim mjek\u00ebsor. K\u00ebto informata [&hellip;]","og_url":"https:\/\/permbledhja.com\/sq\/automjeti-i-policise-se-kosoves-perfshihet-ne-aksident-dy-te-lenduar\/","og_site_name":"Ve\u00e7 artikuj p\u00ebrmbledh\u00ebs","article_publisher":"https:\/\/www.facebook.com\/press07\/","article_published_time":"2023-07-11T12:44:20+00:00","og_image":[{"width":720,"height":540,"url":"https:\/\/permbledhja.com\/wp-content\/uploads\/2023\/07\/POLICIAAA.jpg","type":"image\/jpeg"}],"author":"M M","twitter_card":"summary_large_image","twitter_misc":{"Written by":"M M","Est. reading time":"1 minut\u00eb"},"schema":{"@context":"https:\/\/schema.org","@graph":[{"@type":"Article","@id":"https:\/\/permbledhja.com\/sq\/automjeti-i-policise-se-kosoves-perfshihet-ne-aksident-dy-te-lenduar\/#article","isPartOf":{"@id":"https:\/\/permbledhja.com\/sq\/automjeti-i-policise-se-kosoves-perfshihet-ne-aksident-dy-te-lenduar\/"},"author":{"name":"M M","@id":"https:\/\/permbledhja.com\/#\/schema\/person\/d23f13f59b5722643933d6780783acf3"},"headline":"Automjeti i Policis\u00eb s\u00eb Kosov\u00ebs p\u00ebrfshihet n\u00eb aksident, dy t\u00eb l\u00ebnduar","datePublished":"2023-07-11T12:44:20+00:00","dateModified":"2023-07-11T12:44:20+00:00","mainEntityOfPage":{"@id":"https:\/\/permbledhja.com\/sq\/automjeti-i-policise-se-kosoves-perfshihet-ne-aksident-dy-te-lenduar\/"},"wordCount":146,"publisher":{"@id":"https:\/\/permbledhja.com\/#organization"},"articleSection":["Lajme"],"inLanguage":"sq"},{"@type":"WebPage","@id":"https:\/\/permbledhja.com\/sq\/automjeti-i-policise-se-kosoves-perfshihet-ne-aksident-dy-te-lenduar\/","url":"https:\/\/permbledhja.com\/sq\/automjeti-i-policise-se-kosoves-perfshihet-ne-aksident-dy-te-lenduar\/","name":"Automjeti i Policis\u00eb s\u00eb Kosov\u00ebs p\u00ebrfshihet n\u00eb aksident, dy t\u00eb l\u00ebnduar","isPartOf":{"@id":"https:\/\/permbledhja.com\/#website"},"datePublished":"2023-07-11T12:44:20+00:00","dateModified":"2023-07-11T12:44:20+00:00","breadcrumb":{"@id":"https:\/\/permbledhja.com\/sq\/automjeti-i-policise-se-kosoves-perfshihet-ne-aksident-dy-te-lenduar\/#breadcrumb"},"inLanguage":"sq","potentialAction":[{"@type":"ReadAction","target":["https:\/\/permbledhja.com\/sq\/automjeti-i-policise-se-kosoves-perfshihet-ne-aksident-dy-te-lenduar\/"]}]},{"@type":"BreadcrumbList","@id":"https:\/\/permbledhja.com\/sq\/automjeti-i-policise-se-kosoves-perfshihet-ne-aksident-dy-te-lenduar\/#breadcrumb","itemListElement":[{"@type":"ListItem","position":1,"name":"Ballina","item":"https:\/\/permbledhja.com\/sq\/"},{"@type":"ListItem","position":2,"name":"Automjeti i Policis\u00eb s\u00eb Kosov\u00ebs p\u00ebrfshihet n\u00eb aksident, dy t\u00eb l\u00ebnduar"}]},{"@type":"WebSite","@id":"https:\/\/permbledhja.com\/#website","url":"https:\/\/permbledhja.com\/","name":"Ve\u00e7 artikuj p\u00ebrmbledh\u00ebs","description":"","publisher":{"@id":"https:\/\/permbledhja.com\/#organization"},"potentialAction":[{"@type":"SearchAction","target":{"@type":"EntryPoint","urlTemplate":"https:\/\/permbledhja.com\/?s={search_term_string}"},"query-input":"required name=search_term_string"}],"inLanguage":"sq"},{"@type":"Organization","@id":"https:\/\/permbledhja.com\/#organization","name":"MK Media & Pr","url":"https:\/\/permbledhja.com\/","logo":{"@type":"ImageObject","inLanguage":"sq","@id":"https:\/\/permbledhja.com\/#\/schema\/logo\/image\/","url":"https:\/\/permbledhja.com\/wp-content\/uploads\/2021\/12\/07-Press-Logo.jpg","contentUrl":"https:\/\/permbledhja.com\/wp-content\/uploads\/2021\/12\/07-Press-Logo.jpg","width":512,"height":512,"caption":"MK Media & Pr"},"image":{"@id":"https:\/\/permbledhja.com\/#\/schema\/logo\/image\/"},"sameAs":["https:\/\/www.facebook.com\/press07\/"]},{"@type":"Person","@id":"https:\/\/permbledhja.com\/#\/schema\/person\/d23f13f59b5722643933d6780783acf3","name":"M M","image":{"@type":"ImageObject","inLanguage":"sq","@id":"https:\/\/permbledhja.com\/#\/schema\/person\/image\/","url":"https:\/\/secure.gravatar.com\/avatar\/e2835a76ca7c31a2416b2d51c4ec9a8f?s=96&d=mm&r=g","contentUrl":"https:\/\/secure.gravatar.com\/avatar\/e2835a76ca7c31a2416b2d51c4ec9a8f?s=96&d=mm&r=g","caption":"M M"},"sameAs":["http:\/\/MM"],"url":"https:\/\/permbledhja.com\/sq\/author\/muhamet\/"}]}},"_links":{"self":[{"href":"https:\/\/permbledhja.com\/sq\/wp-json\/wp\/v2\/posts\/18696"}],"collection":[{"href":"https:\/\/permbledhja.com\/sq\/wp-json\/wp\/v2\/posts"}],"about":[{"href":"https:\/\/permbledhja.com\/sq\/wp-json\/wp\/v2\/types\/post"}],"author":[{"embeddable":true,"href":"https:\/\/permbledhja.com\/sq\/wp-json\/wp\/v2\/users\/2"}],"replies":[{"embeddable":true,"href":"https:\/\/permbledhja.com\/sq\/wp-json\/wp\/v2\/comments?post=18696"}],"version-history":[{"count":1,"href":"https:\/\/permbledhja.com\/sq\/wp-json\/wp\/v2\/posts\/18696\/revisions"}],"predecessor-version":[{"id":18698,"href":"https:\/\/permbledhja.com\/sq\/wp-json\/wp\/v2\/posts\/18696\/revisions\/18698"}],"wp:featuredmedia":[{"embeddable":true,"href":"https:\/\/permbledhja.com\/sq\/wp-json\/wp\/v2\/media\/18697"}],"wp:attachment":[{"href":"https:\/\/permbledhja.com\/sq\/wp-json\/wp\/v2\/media?parent=18696"}],"wp:term":[{"taxonomy":"category","embeddable":true,"href":"https:\/\/permbledhja.com\/sq\/wp-json\/wp\/v2\/categories?post=18696"},{"taxonomy":"post_tag","embeddable":true,"href":"https:\/\/permbledhja.com\/sq\/wp-json\/wp\/v2\/tags?post=18696"}],"curies":[{"name":"wp","href":"https:\/\/api.w.org\/{rel}","templated":true}]}}