{"id":18690,"date":"2023-07-11T12:30:25","date_gmt":"2023-07-11T12:30:25","guid":{"rendered":"https:\/\/permbledhja.com\/?p=18690"},"modified":"2023-07-11T12:30:25","modified_gmt":"2023-07-11T12:30:25","slug":"dhuna-ndaj-femijes-me-sindromen-down-policia-identifikon-te-dyshuarin-eshte-ne-fazen-e-mbledhjes-se-deshmive","status":"publish","type":"post","link":"https:\/\/permbledhja.com\/sq\/dhuna-ndaj-femijes-me-sindromen-down-policia-identifikon-te-dyshuarin-eshte-ne-fazen-e-mbledhjes-se-deshmive\/","title":{"rendered":"Dhuna ndaj f\u00ebmij\u00ebs me Sindromen Down, policia identifikon t\u00eb dyshuarin \u2013 \u00ebsht\u00eb n\u00eb faz\u00ebn e mbledhjes s\u00eb d\u00ebshmive"},"content":{"rendered":"<h3>\u201cDown Syndrome Kosova\u201d ka informuar p\u00ebr pranimin e nj\u00eb raporti se ndaj nj\u00eb f\u00ebmij\u00eb me k\u00ebt\u00eb sindrom \u00ebsht\u00eb ushtruar dhun\u00eb dhe i nj\u00ebjti m\u00eb pas \u00ebsht\u00eb hedhur n\u00eb uj\u00eb n\u00eb Velipoj\u00eb me dat\u00ebn 6 korrik, duke ia rrezikuar jet\u00ebn.<\/h3>\n<p>Kjo organizat\u00eb n\u00eb raportin q\u00eb ka pranuar njoftoi se dhuna u ushtrua nga p\u00ebrfaq\u00ebsuesi i qendr\u00ebs s\u00eb OPFAKOS n\u00eb Pej\u00eb, me inicialet I.B, n\u00eb pranin\u00eb e stafit t\u00eb OJQ-s\u00eb n\u00eb fjal\u00eb dhe pjes\u00ebmarr\u00ebsve t\u00eb tjer\u00eb.<\/p>\n<p>\u201cD\u00ebshmitari i pranish\u00ebm M.M (i gatsh\u00ebm t\u00eb d\u00ebshmoj para organeve kompetente) raportoj se me dat\u00eb 6 korrik 2023 n\u00eb hap\u00ebsir\u00eb publike, plazh n\u00eb Velipoj\u00eb, Republika e Shqip\u00ebris\u00eb, i lart\u00eb cekuri ka ushtruar dhun\u00eb fizike dhe m\u00eb pas e ka hedhur n\u00eb uj\u00eb f\u00ebmij\u00ebn duke ia rrezikuar jet\u00ebn\u201d, njoftoi organizata.<\/p>\n<p>Gazeta Express ka pyetur policin\u00eb n\u00ebse \u00ebsht\u00eb arrestuar personi i dyshuar, por policia konfirmon identifikimin e tij dhe thot\u00eb se ndodhet n\u00eb faz\u00ebn e mbledhjes s\u00eb d\u00ebshmive.<\/p>\n<p>Veprimet po kryhen n\u00eb koordinim me prokurorin\u00eb, tha policia p\u00ebr Express.<\/p>\n<p>\u201cNe e kemi identifikuar personin e dyshuar, dhe jemi n\u0451 fazen e mbledhjes s\u0451 d\u00ebshmive, deri m\u00eb tani nuk ka ndonj\u0451 person t\u0451 arrestuar. T\u0451 gjitha veprimet jan\u00eb duke u kryer n\u00eb koordinim me prokuroren kujdestare nga Prokuroria Themelore ne Pej\u00eb\u201d, thuhet n\u00eb p\u00ebrgjigjen e policis\u00eb s\u00eb Pej\u00ebs, dh\u00ebn\u00eb Gazet\u00ebs Express.<\/p>\n<p>Edhe z\u00ebdh\u00ebn\u00ebsi i Prokuroris\u00eb Themelore n\u00eb Pej\u00eb, Shkodran Nik\u00e7i tha t\u00eb h\u00ebn\u00ebn p\u00ebr Express se lidhur me rastin \u00ebsht\u00eb autorizuar policia p\u00ebr t\u00eb nd\u00ebrmarr\u00eb veprimet e nevojshme.<\/p>\n<p>\u201cMe t\u00eb par\u00eb reagimin publik t\u00eb k\u00ebtij rasti, Prokurori i Shtetit ka autorizuar menj\u00ebher\u00eb Policin\u00eb e Kosov\u00ebs p\u00ebr t\u2019i nd\u00ebrmarr\u00eb t\u00eb gjitha veprimet e nevojshme\u201d, tha Nik\u00e7i p\u00ebr Express.<\/p>\n<p>Organizata thekson se dhuna \u00ebsht\u00eb e papranueshme dhe u b\u00ebn thirrje t\u00eb gjitha organeve ligjzbatuese q\u00eb rasti n\u00eb fjal\u00eb t\u00eb trajtohet n\u00eb m\u00ebnyr\u00eb t\u00eb drejt\u00eb dhe profesionale.<\/p>\n<p>\u201cSi DSK, kemi kontaktuar\u00a0 prindin e f\u00ebmij\u00ebs i cili e ka konfirmuar q\u00eb personi n\u00eb fjal\u00eb ka ushtruar dhun\u00eb ndaj f\u00ebmij\u00ebs s\u00eb tij, por p\u00ebr arsye t\u00eb panjohura p\u00ebr ne (DSK),\u00a0 prindi nuk ka pranuar t\u00eb\u00a0 denoncoj rastin. Megjithat\u00eb\u00a0 p\u00ebr\u00a0 DSK-\u00ebn, \u00e7do form\u00eb e dhun\u00ebs \u00ebsht\u00eb e papranushme dhe ne ndjejm\u00eb obligim ligjor\u00a0 dhe konform misionit ton\u00eb t\u2019i marrim masat e nevojshme p\u00ebr trajtim t\u00eb rastit\u201d, thuhet tutje n\u00eb postimin e organizat\u00ebs.<\/p>\n","protected":false},"excerpt":{"rendered":"<p>\u201cDown Syndrome Kosova\u201d ka informuar p\u00ebr pranimin e nj\u00eb raporti se ndaj nj\u00eb f\u00ebmij\u00eb me k\u00ebt\u00eb sindrom \u00ebsht\u00eb ushtruar dhun\u00eb dhe i nj\u00ebjti m\u00eb pas \u00ebsht\u00eb hedhur n\u00eb uj\u00eb n\u00eb Velipoj\u00eb me dat\u00ebn 6 korrik, duke ia rrezikuar jet\u00ebn. Kjo organizat\u00eb n\u00eb raportin q\u00eb ka pranuar njoftoi se dhuna u ushtrua nga p\u00ebrfaq\u00ebsuesi i qendr\u00ebs [&hellip;]<\/p>\n","protected":false},"author":2,"featured_media":18691,"comment_status":"closed","ping_status":"closed","sticky":false,"template":"","format":"standard","meta":{"_monsterinsights_skip_tracking":false,"_monsterinsights_sitenote_active":false,"_monsterinsights_sitenote_note":"","_monsterinsights_sitenote_category":0,"_uf_show_specific_survey":0,"_uf_disable_surveys":false,"footnotes":""},"categories":[23,15],"tags":[],"yoast_head":"<!-- This site is optimized with the Yoast SEO plugin v21.5 - https:\/\/yoast.com\/wordpress\/plugins\/seo\/ -->\n<title>Dhuna ndaj f\u00ebmij\u00ebs me Sindromen Down, policia identifikon t\u00eb dyshuarin \u2013 \u00ebsht\u00eb n\u00eb faz\u00ebn e mbledhjes s\u00eb d\u00ebshmive<\/title>\n<meta name=\"robots\" content=\"index, follow, max-snippet:-1, max-image-preview:large, max-video-preview:-1\" \/>\n<link rel=\"canonical\" href=\"https:\/\/permbledhja.com\/sq\/dhuna-ndaj-femijes-me-sindromen-down-policia-identifikon-te-dyshuarin-eshte-ne-fazen-e-mbledhjes-se-deshmive\/\" \/>\n<meta property=\"og:locale\" content=\"sq_AL\" \/>\n<meta property=\"og:type\" content=\"article\" \/>\n<meta property=\"og:title\" content=\"Dhuna ndaj f\u00ebmij\u00ebs me Sindromen Down, policia identifikon t\u00eb dyshuarin \u2013 \u00ebsht\u00eb n\u00eb faz\u00ebn e mbledhjes s\u00eb d\u00ebshmive\" \/>\n<meta property=\"og:description\" content=\"\u201cDown Syndrome Kosova\u201d ka informuar p\u00ebr pranimin e nj\u00eb raporti se ndaj nj\u00eb f\u00ebmij\u00eb me k\u00ebt\u00eb sindrom \u00ebsht\u00eb ushtruar dhun\u00eb dhe i nj\u00ebjti m\u00eb pas \u00ebsht\u00eb hedhur n\u00eb uj\u00eb n\u00eb Velipoj\u00eb me dat\u00ebn 6 korrik, duke ia rrezikuar jet\u00ebn. Kjo organizat\u00eb n\u00eb raportin q\u00eb ka pranuar njoftoi se dhuna u ushtrua nga p\u00ebrfaq\u00ebsuesi i qendr\u00ebs [&hellip;]\" \/>\n<meta property=\"og:url\" content=\"https:\/\/permbledhja.com\/sq\/dhuna-ndaj-femijes-me-sindromen-down-policia-identifikon-te-dyshuarin-eshte-ne-fazen-e-mbledhjes-se-deshmive\/\" \/>\n<meta property=\"og:site_name\" content=\"Ve\u00e7 artikuj p\u00ebrmbledh\u00ebs\" \/>\n<meta property=\"article:publisher\" content=\"https:\/\/www.facebook.com\/press07\/\" \/>\n<meta property=\"article:published_time\" content=\"2023-07-11T12:30:25+00:00\" \/>\n<meta property=\"og:image\" content=\"https:\/\/permbledhja.com\/wp-content\/uploads\/2023\/07\/LAJMI-I-FUNDIT-1.jpg\" \/>\n\t<meta property=\"og:image:width\" content=\"768\" \/>\n\t<meta property=\"og:image:height\" content=\"432\" \/>\n\t<meta property=\"og:image:type\" content=\"image\/jpeg\" \/>\n<meta name=\"author\" content=\"M M\" \/>\n<meta name=\"twitter:card\" content=\"summary_large_image\" \/>\n<meta name=\"twitter:label1\" content=\"Written by\" \/>\n\t<meta name=\"twitter:data1\" content=\"M M\" \/>\n\t<meta name=\"twitter:label2\" content=\"Est. reading time\" \/>\n\t<meta name=\"twitter:data2\" content=\"2 minuta\" \/>\n<script type=\"application\/ld+json\" class=\"yoast-schema-graph\">{\"@context\":\"https:\/\/schema.org\",\"@graph\":[{\"@type\":\"Article\",\"@id\":\"https:\/\/permbledhja.com\/dhuna-ndaj-femijes-me-sindromen-down-policia-identifikon-te-dyshuarin-eshte-ne-fazen-e-mbledhjes-se-deshmive\/#article\",\"isPartOf\":{\"@id\":\"https:\/\/permbledhja.com\/dhuna-ndaj-femijes-me-sindromen-down-policia-identifikon-te-dyshuarin-eshte-ne-fazen-e-mbledhjes-se-deshmive\/\"},\"author\":{\"name\":\"M M\",\"@id\":\"https:\/\/permbledhja.com\/#\/schema\/person\/d23f13f59b5722643933d6780783acf3\"},\"headline\":\"Dhuna ndaj f\u00ebmij\u00ebs me Sindromen Down, policia identifikon t\u00eb dyshuarin \u2013 \u00ebsht\u00eb n\u00eb faz\u00ebn e mbledhjes s\u00eb d\u00ebshmive\",\"datePublished\":\"2023-07-11T12:30:25+00:00\",\"dateModified\":\"2023-07-11T12:30:25+00:00\",\"mainEntityOfPage\":{\"@id\":\"https:\/\/permbledhja.com\/dhuna-ndaj-femijes-me-sindromen-down-policia-identifikon-te-dyshuarin-eshte-ne-fazen-e-mbledhjes-se-deshmive\/\"},\"wordCount\":447,\"publisher\":{\"@id\":\"https:\/\/permbledhja.com\/#organization\"},\"articleSection\":[\"Komb\u00ebtare\",\"Lajme\"],\"inLanguage\":\"sq\"},{\"@type\":\"WebPage\",\"@id\":\"https:\/\/permbledhja.com\/dhuna-ndaj-femijes-me-sindromen-down-policia-identifikon-te-dyshuarin-eshte-ne-fazen-e-mbledhjes-se-deshmive\/\",\"url\":\"https:\/\/permbledhja.com\/dhuna-ndaj-femijes-me-sindromen-down-policia-identifikon-te-dyshuarin-eshte-ne-fazen-e-mbledhjes-se-deshmive\/\",\"name\":\"Dhuna ndaj f\u00ebmij\u00ebs me Sindromen Down, policia identifikon t\u00eb dyshuarin \u2013 \u00ebsht\u00eb n\u00eb faz\u00ebn e mbledhjes s\u00eb d\u00ebshmive\",\"isPartOf\":{\"@id\":\"https:\/\/permbledhja.com\/#website\"},\"datePublished\":\"2023-07-11T12:30:25+00:00\",\"dateModified\":\"2023-07-11T12:30:25+00:00\",\"breadcrumb\":{\"@id\":\"https:\/\/permbledhja.com\/dhuna-ndaj-femijes-me-sindromen-down-policia-identifikon-te-dyshuarin-eshte-ne-fazen-e-mbledhjes-se-deshmive\/#breadcrumb\"},\"inLanguage\":\"sq\",\"potentialAction\":[{\"@type\":\"ReadAction\",\"target\":[\"https:\/\/permbledhja.com\/dhuna-ndaj-femijes-me-sindromen-down-policia-identifikon-te-dyshuarin-eshte-ne-fazen-e-mbledhjes-se-deshmive\/\"]}]},{\"@type\":\"BreadcrumbList\",\"@id\":\"https:\/\/permbledhja.com\/dhuna-ndaj-femijes-me-sindromen-down-policia-identifikon-te-dyshuarin-eshte-ne-fazen-e-mbledhjes-se-deshmive\/#breadcrumb\",\"itemListElement\":[{\"@type\":\"ListItem\",\"position\":1,\"name\":\"Ballina\",\"item\":\"https:\/\/permbledhja.com\/sq\/\"},{\"@type\":\"ListItem\",\"position\":2,\"name\":\"Dhuna ndaj f\u00ebmij\u00ebs me Sindromen Down, policia identifikon t\u00eb dyshuarin \u2013 \u00ebsht\u00eb n\u00eb faz\u00ebn e mbledhjes s\u00eb d\u00ebshmive\"}]},{\"@type\":\"WebSite\",\"@id\":\"https:\/\/permbledhja.com\/#website\",\"url\":\"https:\/\/permbledhja.com\/\",\"name\":\"Ve\u00e7 artikuj p\u00ebrmbledh\u00ebs\",\"description\":\"\",\"publisher\":{\"@id\":\"https:\/\/permbledhja.com\/#organization\"},\"potentialAction\":[{\"@type\":\"SearchAction\",\"target\":{\"@type\":\"EntryPoint\",\"urlTemplate\":\"https:\/\/permbledhja.com\/?s={search_term_string}\"},\"query-input\":\"required name=search_term_string\"}],\"inLanguage\":\"sq\"},{\"@type\":\"Organization\",\"@id\":\"https:\/\/permbledhja.com\/#organization\",\"name\":\"MK Media & Pr\",\"url\":\"https:\/\/permbledhja.com\/\",\"logo\":{\"@type\":\"ImageObject\",\"inLanguage\":\"sq\",\"@id\":\"https:\/\/permbledhja.com\/#\/schema\/logo\/image\/\",\"url\":\"https:\/\/permbledhja.com\/wp-content\/uploads\/2021\/12\/07-Press-Logo.jpg\",\"contentUrl\":\"https:\/\/permbledhja.com\/wp-content\/uploads\/2021\/12\/07-Press-Logo.jpg\",\"width\":512,\"height\":512,\"caption\":\"MK Media & Pr\"},\"image\":{\"@id\":\"https:\/\/permbledhja.com\/#\/schema\/logo\/image\/\"},\"sameAs\":[\"https:\/\/www.facebook.com\/press07\/\"]},{\"@type\":\"Person\",\"@id\":\"https:\/\/permbledhja.com\/#\/schema\/person\/d23f13f59b5722643933d6780783acf3\",\"name\":\"M M\",\"image\":{\"@type\":\"ImageObject\",\"inLanguage\":\"sq\",\"@id\":\"https:\/\/permbledhja.com\/#\/schema\/person\/image\/\",\"url\":\"https:\/\/secure.gravatar.com\/avatar\/e2835a76ca7c31a2416b2d51c4ec9a8f?s=96&d=mm&r=g\",\"contentUrl\":\"https:\/\/secure.gravatar.com\/avatar\/e2835a76ca7c31a2416b2d51c4ec9a8f?s=96&d=mm&r=g\",\"caption\":\"M M\"},\"sameAs\":[\"http:\/\/MM\"],\"url\":\"https:\/\/permbledhja.com\/sq\/author\/muhamet\/\"}]}<\/script>\n<!-- \/ Yoast SEO plugin. -->","yoast_head_json":{"title":"Dhuna ndaj f\u00ebmij\u00ebs me Sindromen Down, policia identifikon t\u00eb dyshuarin \u2013 \u00ebsht\u00eb n\u00eb faz\u00ebn e mbledhjes s\u00eb d\u00ebshmive","robots":{"index":"index","follow":"follow","max-snippet":"max-snippet:-1","max-image-preview":"max-image-preview:large","max-video-preview":"max-video-preview:-1"},"canonical":"https:\/\/permbledhja.com\/sq\/dhuna-ndaj-femijes-me-sindromen-down-policia-identifikon-te-dyshuarin-eshte-ne-fazen-e-mbledhjes-se-deshmive\/","og_locale":"sq_AL","og_type":"article","og_title":"Dhuna ndaj f\u00ebmij\u00ebs me Sindromen Down, policia identifikon t\u00eb dyshuarin \u2013 \u00ebsht\u00eb n\u00eb faz\u00ebn e mbledhjes s\u00eb d\u00ebshmive","og_description":"\u201cDown Syndrome Kosova\u201d ka informuar p\u00ebr pranimin e nj\u00eb raporti se ndaj nj\u00eb f\u00ebmij\u00eb me k\u00ebt\u00eb sindrom \u00ebsht\u00eb ushtruar dhun\u00eb dhe i nj\u00ebjti m\u00eb pas \u00ebsht\u00eb hedhur n\u00eb uj\u00eb n\u00eb Velipoj\u00eb me dat\u00ebn 6 korrik, duke ia rrezikuar jet\u00ebn. Kjo organizat\u00eb n\u00eb raportin q\u00eb ka pranuar njoftoi se dhuna u ushtrua nga p\u00ebrfaq\u00ebsuesi i qendr\u00ebs [&hellip;]","og_url":"https:\/\/permbledhja.com\/sq\/dhuna-ndaj-femijes-me-sindromen-down-policia-identifikon-te-dyshuarin-eshte-ne-fazen-e-mbledhjes-se-deshmive\/","og_site_name":"Ve\u00e7 artikuj p\u00ebrmbledh\u00ebs","article_publisher":"https:\/\/www.facebook.com\/press07\/","article_published_time":"2023-07-11T12:30:25+00:00","og_image":[{"width":768,"height":432,"url":"https:\/\/permbledhja.com\/wp-content\/uploads\/2023\/07\/LAJMI-I-FUNDIT-1.jpg","type":"image\/jpeg"}],"author":"M M","twitter_card":"summary_large_image","twitter_misc":{"Written by":"M M","Est. reading time":"2 minuta"},"schema":{"@context":"https:\/\/schema.org","@graph":[{"@type":"Article","@id":"https:\/\/permbledhja.com\/dhuna-ndaj-femijes-me-sindromen-down-policia-identifikon-te-dyshuarin-eshte-ne-fazen-e-mbledhjes-se-deshmive\/#article","isPartOf":{"@id":"https:\/\/permbledhja.com\/dhuna-ndaj-femijes-me-sindromen-down-policia-identifikon-te-dyshuarin-eshte-ne-fazen-e-mbledhjes-se-deshmive\/"},"author":{"name":"M M","@id":"https:\/\/permbledhja.com\/#\/schema\/person\/d23f13f59b5722643933d6780783acf3"},"headline":"Dhuna ndaj f\u00ebmij\u00ebs me Sindromen Down, policia identifikon t\u00eb dyshuarin \u2013 \u00ebsht\u00eb n\u00eb faz\u00ebn e mbledhjes s\u00eb d\u00ebshmive","datePublished":"2023-07-11T12:30:25+00:00","dateModified":"2023-07-11T12:30:25+00:00","mainEntityOfPage":{"@id":"https:\/\/permbledhja.com\/dhuna-ndaj-femijes-me-sindromen-down-policia-identifikon-te-dyshuarin-eshte-ne-fazen-e-mbledhjes-se-deshmive\/"},"wordCount":447,"publisher":{"@id":"https:\/\/permbledhja.com\/#organization"},"articleSection":["Komb\u00ebtare","Lajme"],"inLanguage":"sq"},{"@type":"WebPage","@id":"https:\/\/permbledhja.com\/dhuna-ndaj-femijes-me-sindromen-down-policia-identifikon-te-dyshuarin-eshte-ne-fazen-e-mbledhjes-se-deshmive\/","url":"https:\/\/permbledhja.com\/dhuna-ndaj-femijes-me-sindromen-down-policia-identifikon-te-dyshuarin-eshte-ne-fazen-e-mbledhjes-se-deshmive\/","name":"Dhuna ndaj f\u00ebmij\u00ebs me Sindromen Down, policia identifikon t\u00eb dyshuarin \u2013 \u00ebsht\u00eb n\u00eb faz\u00ebn e mbledhjes s\u00eb d\u00ebshmive","isPartOf":{"@id":"https:\/\/permbledhja.com\/#website"},"datePublished":"2023-07-11T12:30:25+00:00","dateModified":"2023-07-11T12:30:25+00:00","breadcrumb":{"@id":"https:\/\/permbledhja.com\/dhuna-ndaj-femijes-me-sindromen-down-policia-identifikon-te-dyshuarin-eshte-ne-fazen-e-mbledhjes-se-deshmive\/#breadcrumb"},"inLanguage":"sq","potentialAction":[{"@type":"ReadAction","target":["https:\/\/permbledhja.com\/dhuna-ndaj-femijes-me-sindromen-down-policia-identifikon-te-dyshuarin-eshte-ne-fazen-e-mbledhjes-se-deshmive\/"]}]},{"@type":"BreadcrumbList","@id":"https:\/\/permbledhja.com\/dhuna-ndaj-femijes-me-sindromen-down-policia-identifikon-te-dyshuarin-eshte-ne-fazen-e-mbledhjes-se-deshmive\/#breadcrumb","itemListElement":[{"@type":"ListItem","position":1,"name":"Ballina","item":"https:\/\/permbledhja.com\/sq\/"},{"@type":"ListItem","position":2,"name":"Dhuna ndaj f\u00ebmij\u00ebs me Sindromen Down, policia identifikon t\u00eb dyshuarin \u2013 \u00ebsht\u00eb n\u00eb faz\u00ebn e mbledhjes s\u00eb d\u00ebshmive"}]},{"@type":"WebSite","@id":"https:\/\/permbledhja.com\/#website","url":"https:\/\/permbledhja.com\/","name":"Ve\u00e7 artikuj p\u00ebrmbledh\u00ebs","description":"","publisher":{"@id":"https:\/\/permbledhja.com\/#organization"},"potentialAction":[{"@type":"SearchAction","target":{"@type":"EntryPoint","urlTemplate":"https:\/\/permbledhja.com\/?s={search_term_string}"},"query-input":"required name=search_term_string"}],"inLanguage":"sq"},{"@type":"Organization","@id":"https:\/\/permbledhja.com\/#organization","name":"MK Media & Pr","url":"https:\/\/permbledhja.com\/","logo":{"@type":"ImageObject","inLanguage":"sq","@id":"https:\/\/permbledhja.com\/#\/schema\/logo\/image\/","url":"https:\/\/permbledhja.com\/wp-content\/uploads\/2021\/12\/07-Press-Logo.jpg","contentUrl":"https:\/\/permbledhja.com\/wp-content\/uploads\/2021\/12\/07-Press-Logo.jpg","width":512,"height":512,"caption":"MK Media & Pr"},"image":{"@id":"https:\/\/permbledhja.com\/#\/schema\/logo\/image\/"},"sameAs":["https:\/\/www.facebook.com\/press07\/"]},{"@type":"Person","@id":"https:\/\/permbledhja.com\/#\/schema\/person\/d23f13f59b5722643933d6780783acf3","name":"M M","image":{"@type":"ImageObject","inLanguage":"sq","@id":"https:\/\/permbledhja.com\/#\/schema\/person\/image\/","url":"https:\/\/secure.gravatar.com\/avatar\/e2835a76ca7c31a2416b2d51c4ec9a8f?s=96&d=mm&r=g","contentUrl":"https:\/\/secure.gravatar.com\/avatar\/e2835a76ca7c31a2416b2d51c4ec9a8f?s=96&d=mm&r=g","caption":"M M"},"sameAs":["http:\/\/MM"],"url":"https:\/\/permbledhja.com\/sq\/author\/muhamet\/"}]}},"_links":{"self":[{"href":"https:\/\/permbledhja.com\/sq\/wp-json\/wp\/v2\/posts\/18690"}],"collection":[{"href":"https:\/\/permbledhja.com\/sq\/wp-json\/wp\/v2\/posts"}],"about":[{"href":"https:\/\/permbledhja.com\/sq\/wp-json\/wp\/v2\/types\/post"}],"author":[{"embeddable":true,"href":"https:\/\/permbledhja.com\/sq\/wp-json\/wp\/v2\/users\/2"}],"replies":[{"embeddable":true,"href":"https:\/\/permbledhja.com\/sq\/wp-json\/wp\/v2\/comments?post=18690"}],"version-history":[{"count":1,"href":"https:\/\/permbledhja.com\/sq\/wp-json\/wp\/v2\/posts\/18690\/revisions"}],"predecessor-version":[{"id":18692,"href":"https:\/\/permbledhja.com\/sq\/wp-json\/wp\/v2\/posts\/18690\/revisions\/18692"}],"wp:featuredmedia":[{"embeddable":true,"href":"https:\/\/permbledhja.com\/sq\/wp-json\/wp\/v2\/media\/18691"}],"wp:attachment":[{"href":"https:\/\/permbledhja.com\/sq\/wp-json\/wp\/v2\/media?parent=18690"}],"wp:term":[{"taxonomy":"category","embeddable":true,"href":"https:\/\/permbledhja.com\/sq\/wp-json\/wp\/v2\/categories?post=18690"},{"taxonomy":"post_tag","embeddable":true,"href":"https:\/\/permbledhja.com\/sq\/wp-json\/wp\/v2\/tags?post=18690"}],"curies":[{"name":"wp","href":"https:\/\/api.w.org\/{rel}","templated":true}]}}