{"id":18613,"date":"2023-07-11T07:01:43","date_gmt":"2023-07-11T07:01:43","guid":{"rendered":"https:\/\/permbledhja.com\/?p=18613"},"modified":"2023-07-11T07:01:43","modified_gmt":"2023-07-11T07:01:43","slug":"evrope-ose-vdekje-emigrantet-adoleshente-rrezikojne-te-gjitha-per-te-kaluar-mesdheun","status":"publish","type":"post","link":"https:\/\/permbledhja.com\/sq\/evrope-ose-vdekje-emigrantet-adoleshente-rrezikojne-te-gjitha-per-te-kaluar-mesdheun\/","title":{"rendered":"\u200b\u2018Evrop\u00eb ose vdekje&#8217; &#8211; emigrant\u00ebt adoleshent\u00eb rrezikojn\u00eb t\u00eb gjitha p\u00ebr t\u00eb kaluar Mesdheun"},"content":{"rendered":"<h3>Emigrant\u00ebt e shp\u00ebtuar n\u00eb nj\u00eb nga operacionet e para t\u00eb shp\u00ebtimit n\u00eb Mesdhe q\u00eb kur qindra njer\u00ebz vdiq\u00ebn kur nj\u00eb vark\u00eb u mbyt n\u00eb brigjet greke, thon\u00eb se asgj\u00eb nuk mund t&#8217;i pengoj\u00eb ata t\u00eb p\u00ebrpiqen t\u00eb arrijn\u00eb n\u00eb Evrop\u00eb.<\/h3>\n<p>Ata fol\u00ebn me Alice Cuddy t\u00eb BBC-s\u00eb, n\u00eb bordin e nj\u00eb anijeje shp\u00ebtimi q\u00eb patrullonte n\u00eb det p\u00ebr barkat e emigrant\u00ebve n\u00eb v\u00ebshtir\u00ebsi.<\/p>\n<p>Nd\u00ebrsa anija gjigante e shp\u00ebtimit bardh\u00eb e zi lundron n\u00ebp\u00ebr nj\u00eb hap\u00ebsir\u00eb t\u00eb Detit Mesdhe, horizonti nd\u00ebrpritet nga pamja e nj\u00eb varke blu t\u00eb err\u00ebt, t\u00eb mbushur me njer\u00ebz, p\u00ebrcjell KosovaPress.<\/p>\n<p>Punonj\u00ebsit e shp\u00ebtimit nga shoqata bamir\u00ebse SOS Mediterranee veshin helmeta dhe xhaketa shp\u00ebtimi nd\u00ebrsa vrapojn\u00eb drejt vendit t\u00eb ngjarjes me skafe. Ata i t\u00ebrheqin shpejt emigrant\u00ebt n\u00eb bordin e anijeve nj\u00eb nga nj\u00eb, duke num\u00ebruar sa jan\u00eb.<\/p>\n<p>Djemt\u00eb dhe t\u00eb rinjt\u00eb, shumica nga Gambia, kan\u00eb qen\u00eb n\u00eb det p\u00ebr 15 or\u00eb dhe kan\u00eb arritur 54 milje detare nga qyteti libian Castelverde, af\u00ebr Tripolit. Ata jan\u00eb n\u00eb gjendje ankthi.<\/p>\n<p>Disa m\u00eb von\u00eb m\u00eb thon\u00eb se pak para se t\u00eb mb\u00ebrrinin shp\u00ebtimtar\u00ebt, pothuajse kishte shp\u00ebrthyer nj\u00eb p\u00ebrleshje n\u00eb bordin e vark\u00ebs s\u00eb tejmbushur. Disa ishin t\u00eb vendosur t\u00eb vazhdonin, nd\u00ebrsa t\u00eb tjer\u00ebt po luteshin t\u00eb hiqnin dor\u00eb dhe t\u00eb provonin p\u00ebrs\u00ebri m\u00eb von\u00eb. Nj\u00ebrit i ra telefoni n\u00eb det gjat\u00eb p\u00ebrleshjes.<\/p>\n<p>Nj\u00ebri mban fanell\u00ebn e futbollit t\u00eb zbeht\u00eb t\u00eb Manchester Cityt, t\u00eb tjer\u00ebt mbajn\u00eb iPhone. Pak kan\u00eb sjell\u00eb uj\u00eb apo ushqim. Shum\u00eb prej tyre nuk mund t\u00eb notojn\u00eb, t\u00eb armatosur vet\u00ebm me tubat e brendsh\u00ebm t\u00eb gomave p\u00ebr t&#8217;i p\u00ebrdorur si pajisje notimi n\u00ebse p\u00ebrfundojn\u00eb n\u00eb det.<\/p>\n<p>Ka panik gjat\u00eb shp\u00ebtimit pasi n\u00eb horizont shfaqet nj\u00eb anije e rojes bregdetare libiane. Shum\u00eb nga djemt\u00eb jan\u00eb t\u00ebrhequr m\u00eb par\u00eb n\u00eb Libi nga roja e saj bregdetare, t\u00eb cil\u00ebn BE-ja i ka siguruar anije, trajnime dhe financime.<\/p>\n<p>Disa nga emigrant\u00ebt buz\u00ebqeshin nd\u00ebrsa ulen n\u00eb skafin e shp\u00ebtimit &#8211; nj\u00ebri b\u00ebn nj\u00eb selfie n\u00eb telefonin e tij. Nj\u00eb m\u00eb von\u00eb m\u00eb thot\u00eb se kur kapi dor\u00ebn e nj\u00eb prej shp\u00ebtimtar\u00ebve, mendoi: &#8220;Tani kam hyr\u00eb n\u00eb Evrop\u00eb&#8221;.<\/p>\n<p>Grupi kthehet me nxitim n\u00eb anijen e SOS Mediterranee, Ocean Viking, ku i n\u00ebnshtrohen kontrolleve mjek\u00ebsore dhe marrin rroba t\u00eb reja dhe \u00e7anta q\u00eb p\u00ebrmbajn\u00eb furnizime si fur\u00e7a dh\u00ebmb\u00ebsh.<\/p>\n<p>Organizata bamir\u00ebse alarmon autoritetet italiane, t\u00eb cilat caktojn\u00eb shpejt qytetin jugor t\u00eb Barit si portin n\u00eb t\u00eb cilin do t\u00eb zbarkojn\u00eb, duke u th\u00ebn\u00eb atyre t\u00eb shkojn\u00eb atje &#8220;pa vones\u00eb&#8221;.<\/p>\n<p>Kjo vjen pas nj\u00eb ligji t\u00eb ri i cili k\u00ebrkon q\u00eb anije t\u00eb tilla t\u00eb nisen menj\u00ebher\u00eb drejt nj\u00eb porti n\u00eb vend q\u00eb t\u00eb vazhdojn\u00eb t\u00eb patrullojn\u00eb p\u00ebr m\u00eb shum\u00eb anije me emigrant\u00eb.<\/p>\n<p>Do t\u00eb duhen pothuajse tre dit\u00eb p\u00ebr t\u00eb arritur n\u00eb Bari.<\/p>\n<p>K\u00ebshtu, nd\u00ebrsa nisemi n\u00eb lundrim, ne flasim me disa prej emigrant\u00ebve n\u00eb dhomat e ngritura si objekte mjek\u00ebsore dhe zona akomodimi n\u00eb kuvert\u00ebn e anijes. Shumica flasin anglisht &#8211; t\u00eb gjith\u00eb emrat e tyre jan\u00eb ndryshuar.<\/p>\n<p>Emigrant\u00ebt na thon\u00eb se kishin njohuri p\u00ebr rreziqet me t\u00eb cilat po p\u00ebrballeshin. Shum\u00eb thon\u00eb se kjo nuk ishte p\u00ebrpjekja e tyre e par\u00eb p\u00ebr t\u00eb arritur n\u00eb Evrop\u00eb &#8211; disa e kishin shmangur p\u00ebr pak vdekjen, pasi ishin marr\u00eb nga varkat dhe ishin kthyer n\u00eb Libi.<\/p>\n","protected":false},"excerpt":{"rendered":"<p>Emigrant\u00ebt e shp\u00ebtuar n\u00eb nj\u00eb nga operacionet e para t\u00eb shp\u00ebtimit n\u00eb Mesdhe q\u00eb kur qindra njer\u00ebz vdiq\u00ebn kur nj\u00eb vark\u00eb u mbyt n\u00eb brigjet greke, thon\u00eb se asgj\u00eb nuk mund t&#8217;i pengoj\u00eb ata t\u00eb p\u00ebrpiqen t\u00eb arrijn\u00eb n\u00eb Evrop\u00eb. Ata fol\u00ebn me Alice Cuddy t\u00eb BBC-s\u00eb, n\u00eb bordin e nj\u00eb anijeje shp\u00ebtimi q\u00eb patrullonte [&hellip;]<\/p>\n","protected":false},"author":1,"featured_media":18614,"comment_status":"closed","ping_status":"closed","sticky":false,"template":"","format":"standard","meta":{"_monsterinsights_skip_tracking":false,"_monsterinsights_sitenote_active":false,"_monsterinsights_sitenote_note":"","_monsterinsights_sitenote_category":0,"_uf_show_specific_survey":0,"_uf_disable_surveys":false,"footnotes":""},"categories":[1146],"tags":[2083],"yoast_head":"<!-- This site is optimized with the Yoast SEO plugin v21.5 - https:\/\/yoast.com\/wordpress\/plugins\/seo\/ -->\n<title>\u200b\u2018Evrop\u00eb ose vdekje&#039; - emigrant\u00ebt adoleshent\u00eb rrezikojn\u00eb t\u00eb gjitha p\u00ebr t\u00eb kaluar Mesdheun<\/title>\n<meta name=\"robots\" content=\"index, follow, max-snippet:-1, max-image-preview:large, max-video-preview:-1\" \/>\n<link rel=\"canonical\" href=\"https:\/\/permbledhja.com\/sq\/evrope-ose-vdekje-emigrantet-adoleshente-rrezikojne-te-gjitha-per-te-kaluar-mesdheun\/\" \/>\n<meta property=\"og:locale\" content=\"sq_AL\" \/>\n<meta property=\"og:type\" content=\"article\" \/>\n<meta property=\"og:title\" content=\"\u200b\u2018Evrop\u00eb ose vdekje&#039; - emigrant\u00ebt adoleshent\u00eb rrezikojn\u00eb t\u00eb gjitha p\u00ebr t\u00eb kaluar Mesdheun\" \/>\n<meta property=\"og:description\" content=\"Emigrant\u00ebt e shp\u00ebtuar n\u00eb nj\u00eb nga operacionet e para t\u00eb shp\u00ebtimit n\u00eb Mesdhe q\u00eb kur qindra njer\u00ebz vdiq\u00ebn kur nj\u00eb vark\u00eb u mbyt n\u00eb brigjet greke, thon\u00eb se asgj\u00eb nuk mund t&#8217;i pengoj\u00eb ata t\u00eb p\u00ebrpiqen t\u00eb arrijn\u00eb n\u00eb Evrop\u00eb. Ata fol\u00ebn me Alice Cuddy t\u00eb BBC-s\u00eb, n\u00eb bordin e nj\u00eb anijeje shp\u00ebtimi q\u00eb patrullonte [&hellip;]\" \/>\n<meta property=\"og:url\" content=\"https:\/\/permbledhja.com\/sq\/evrope-ose-vdekje-emigrantet-adoleshente-rrezikojne-te-gjitha-per-te-kaluar-mesdheun\/\" \/>\n<meta property=\"og:site_name\" content=\"Ve\u00e7 artikuj p\u00ebrmbledh\u00ebs\" \/>\n<meta property=\"article:publisher\" content=\"https:\/\/www.facebook.com\/press07\/\" \/>\n<meta property=\"article:author\" content=\"https:\/\/www.facebook.com\/kafexhiu.muharrem\/\" \/>\n<meta property=\"article:published_time\" content=\"2023-07-11T07:01:43+00:00\" \/>\n<meta property=\"og:image\" content=\"https:\/\/permbledhja.com\/wp-content\/uploads\/2023\/07\/96121689058797.jpg\" \/>\n\t<meta property=\"og:image:width\" content=\"600\" \/>\n\t<meta property=\"og:image:height\" content=\"400\" \/>\n\t<meta property=\"og:image:type\" content=\"image\/jpeg\" \/>\n<meta name=\"author\" content=\"P\u00ebrmbledhja\" \/>\n<meta name=\"twitter:card\" content=\"summary_large_image\" \/>\n<meta name=\"twitter:label1\" content=\"Written by\" \/>\n\t<meta name=\"twitter:data1\" content=\"P\u00ebrmbledhja\" \/>\n\t<meta name=\"twitter:label2\" content=\"Est. reading time\" \/>\n\t<meta name=\"twitter:data2\" content=\"3 minuta\" \/>\n<script type=\"application\/ld+json\" class=\"yoast-schema-graph\">{\"@context\":\"https:\/\/schema.org\",\"@graph\":[{\"@type\":\"Article\",\"@id\":\"https:\/\/permbledhja.com\/evrope-ose-vdekje-emigrantet-adoleshente-rrezikojne-te-gjitha-per-te-kaluar-mesdheun\/#article\",\"isPartOf\":{\"@id\":\"https:\/\/permbledhja.com\/evrope-ose-vdekje-emigrantet-adoleshente-rrezikojne-te-gjitha-per-te-kaluar-mesdheun\/\"},\"author\":{\"name\":\"P\u00ebrmbledhja\",\"@id\":\"https:\/\/permbledhja.com\/#\/schema\/person\/0d064377258d3221e50693947b9eb4fe\"},\"headline\":\"\u200b\u2018Evrop\u00eb ose vdekje&#8217; &#8211; emigrant\u00ebt adoleshent\u00eb rrezikojn\u00eb t\u00eb gjitha p\u00ebr t\u00eb kaluar Mesdheun\",\"datePublished\":\"2023-07-11T07:01:43+00:00\",\"dateModified\":\"2023-07-11T07:01:43+00:00\",\"mainEntityOfPage\":{\"@id\":\"https:\/\/permbledhja.com\/evrope-ose-vdekje-emigrantet-adoleshente-rrezikojne-te-gjitha-per-te-kaluar-mesdheun\/\"},\"wordCount\":621,\"publisher\":{\"@id\":\"https:\/\/permbledhja.com\/#organization\"},\"keywords\":[\"Mesdheu\"],\"articleSection\":[\"Kryesoret\"],\"inLanguage\":\"sq\"},{\"@type\":\"WebPage\",\"@id\":\"https:\/\/permbledhja.com\/evrope-ose-vdekje-emigrantet-adoleshente-rrezikojne-te-gjitha-per-te-kaluar-mesdheun\/\",\"url\":\"https:\/\/permbledhja.com\/evrope-ose-vdekje-emigrantet-adoleshente-rrezikojne-te-gjitha-per-te-kaluar-mesdheun\/\",\"name\":\"\u200b\u2018Evrop\u00eb ose vdekje' - emigrant\u00ebt adoleshent\u00eb rrezikojn\u00eb t\u00eb gjitha p\u00ebr t\u00eb kaluar Mesdheun\",\"isPartOf\":{\"@id\":\"https:\/\/permbledhja.com\/#website\"},\"datePublished\":\"2023-07-11T07:01:43+00:00\",\"dateModified\":\"2023-07-11T07:01:43+00:00\",\"breadcrumb\":{\"@id\":\"https:\/\/permbledhja.com\/evrope-ose-vdekje-emigrantet-adoleshente-rrezikojne-te-gjitha-per-te-kaluar-mesdheun\/#breadcrumb\"},\"inLanguage\":\"sq\",\"potentialAction\":[{\"@type\":\"ReadAction\",\"target\":[\"https:\/\/permbledhja.com\/evrope-ose-vdekje-emigrantet-adoleshente-rrezikojne-te-gjitha-per-te-kaluar-mesdheun\/\"]}]},{\"@type\":\"BreadcrumbList\",\"@id\":\"https:\/\/permbledhja.com\/evrope-ose-vdekje-emigrantet-adoleshente-rrezikojne-te-gjitha-per-te-kaluar-mesdheun\/#breadcrumb\",\"itemListElement\":[{\"@type\":\"ListItem\",\"position\":1,\"name\":\"Ballina\",\"item\":\"https:\/\/permbledhja.com\/sq\/\"},{\"@type\":\"ListItem\",\"position\":2,\"name\":\"\u200b\u2018Evrop\u00eb ose vdekje&#8217; &#8211; emigrant\u00ebt adoleshent\u00eb rrezikojn\u00eb t\u00eb gjitha p\u00ebr t\u00eb kaluar Mesdheun\"}]},{\"@type\":\"WebSite\",\"@id\":\"https:\/\/permbledhja.com\/#website\",\"url\":\"https:\/\/permbledhja.com\/\",\"name\":\"Ve\u00e7 artikuj p\u00ebrmbledh\u00ebs\",\"description\":\"\",\"publisher\":{\"@id\":\"https:\/\/permbledhja.com\/#organization\"},\"potentialAction\":[{\"@type\":\"SearchAction\",\"target\":{\"@type\":\"EntryPoint\",\"urlTemplate\":\"https:\/\/permbledhja.com\/?s={search_term_string}\"},\"query-input\":\"required name=search_term_string\"}],\"inLanguage\":\"sq\"},{\"@type\":\"Organization\",\"@id\":\"https:\/\/permbledhja.com\/#organization\",\"name\":\"MK Media & Pr\",\"url\":\"https:\/\/permbledhja.com\/\",\"logo\":{\"@type\":\"ImageObject\",\"inLanguage\":\"sq\",\"@id\":\"https:\/\/permbledhja.com\/#\/schema\/logo\/image\/\",\"url\":\"https:\/\/permbledhja.com\/wp-content\/uploads\/2021\/12\/07-Press-Logo.jpg\",\"contentUrl\":\"https:\/\/permbledhja.com\/wp-content\/uploads\/2021\/12\/07-Press-Logo.jpg\",\"width\":512,\"height\":512,\"caption\":\"MK Media & Pr\"},\"image\":{\"@id\":\"https:\/\/permbledhja.com\/#\/schema\/logo\/image\/\"},\"sameAs\":[\"https:\/\/www.facebook.com\/press07\/\"]},{\"@type\":\"Person\",\"@id\":\"https:\/\/permbledhja.com\/#\/schema\/person\/0d064377258d3221e50693947b9eb4fe\",\"name\":\"P\u00ebrmbledhja\",\"image\":{\"@type\":\"ImageObject\",\"inLanguage\":\"sq\",\"@id\":\"https:\/\/permbledhja.com\/#\/schema\/person\/image\/\",\"url\":\"https:\/\/permbledhja.com\/wp-content\/uploads\/2026\/01\/452004717_1040944174702970_8932037511805513407_n-96x96.jpg\",\"contentUrl\":\"https:\/\/permbledhja.com\/wp-content\/uploads\/2026\/01\/452004717_1040944174702970_8932037511805513407_n-96x96.jpg\",\"caption\":\"P\u00ebrmbledhja\"},\"sameAs\":[\"https:\/\/www.facebook.com\/kafexhiu.muharrem\/\",\"https:\/\/www.instagram.com\/muharrem_kafexhiu\/\"],\"url\":\"https:\/\/permbledhja.com\/sq\/author\/admin\/\"}]}<\/script>\n<!-- \/ Yoast SEO plugin. -->","yoast_head_json":{"title":"\u200b\u2018Evrop\u00eb ose vdekje' - emigrant\u00ebt adoleshent\u00eb rrezikojn\u00eb t\u00eb gjitha p\u00ebr t\u00eb kaluar Mesdheun","robots":{"index":"index","follow":"follow","max-snippet":"max-snippet:-1","max-image-preview":"max-image-preview:large","max-video-preview":"max-video-preview:-1"},"canonical":"https:\/\/permbledhja.com\/sq\/evrope-ose-vdekje-emigrantet-adoleshente-rrezikojne-te-gjitha-per-te-kaluar-mesdheun\/","og_locale":"sq_AL","og_type":"article","og_title":"\u200b\u2018Evrop\u00eb ose vdekje' - emigrant\u00ebt adoleshent\u00eb rrezikojn\u00eb t\u00eb gjitha p\u00ebr t\u00eb kaluar Mesdheun","og_description":"Emigrant\u00ebt e shp\u00ebtuar n\u00eb nj\u00eb nga operacionet e para t\u00eb shp\u00ebtimit n\u00eb Mesdhe q\u00eb kur qindra njer\u00ebz vdiq\u00ebn kur nj\u00eb vark\u00eb u mbyt n\u00eb brigjet greke, thon\u00eb se asgj\u00eb nuk mund t&#8217;i pengoj\u00eb ata t\u00eb p\u00ebrpiqen t\u00eb arrijn\u00eb n\u00eb Evrop\u00eb. Ata fol\u00ebn me Alice Cuddy t\u00eb BBC-s\u00eb, n\u00eb bordin e nj\u00eb anijeje shp\u00ebtimi q\u00eb patrullonte [&hellip;]","og_url":"https:\/\/permbledhja.com\/sq\/evrope-ose-vdekje-emigrantet-adoleshente-rrezikojne-te-gjitha-per-te-kaluar-mesdheun\/","og_site_name":"Ve\u00e7 artikuj p\u00ebrmbledh\u00ebs","article_publisher":"https:\/\/www.facebook.com\/press07\/","article_author":"https:\/\/www.facebook.com\/kafexhiu.muharrem\/","article_published_time":"2023-07-11T07:01:43+00:00","og_image":[{"width":600,"height":400,"url":"https:\/\/permbledhja.com\/wp-content\/uploads\/2023\/07\/96121689058797.jpg","type":"image\/jpeg"}],"author":"P\u00ebrmbledhja","twitter_card":"summary_large_image","twitter_misc":{"Written by":"P\u00ebrmbledhja","Est. reading time":"3 minuta"},"schema":{"@context":"https:\/\/schema.org","@graph":[{"@type":"Article","@id":"https:\/\/permbledhja.com\/evrope-ose-vdekje-emigrantet-adoleshente-rrezikojne-te-gjitha-per-te-kaluar-mesdheun\/#article","isPartOf":{"@id":"https:\/\/permbledhja.com\/evrope-ose-vdekje-emigrantet-adoleshente-rrezikojne-te-gjitha-per-te-kaluar-mesdheun\/"},"author":{"name":"P\u00ebrmbledhja","@id":"https:\/\/permbledhja.com\/#\/schema\/person\/0d064377258d3221e50693947b9eb4fe"},"headline":"\u200b\u2018Evrop\u00eb ose vdekje&#8217; &#8211; emigrant\u00ebt adoleshent\u00eb rrezikojn\u00eb t\u00eb gjitha p\u00ebr t\u00eb kaluar Mesdheun","datePublished":"2023-07-11T07:01:43+00:00","dateModified":"2023-07-11T07:01:43+00:00","mainEntityOfPage":{"@id":"https:\/\/permbledhja.com\/evrope-ose-vdekje-emigrantet-adoleshente-rrezikojne-te-gjitha-per-te-kaluar-mesdheun\/"},"wordCount":621,"publisher":{"@id":"https:\/\/permbledhja.com\/#organization"},"keywords":["Mesdheu"],"articleSection":["Kryesoret"],"inLanguage":"sq"},{"@type":"WebPage","@id":"https:\/\/permbledhja.com\/evrope-ose-vdekje-emigrantet-adoleshente-rrezikojne-te-gjitha-per-te-kaluar-mesdheun\/","url":"https:\/\/permbledhja.com\/evrope-ose-vdekje-emigrantet-adoleshente-rrezikojne-te-gjitha-per-te-kaluar-mesdheun\/","name":"\u200b\u2018Evrop\u00eb ose vdekje' - emigrant\u00ebt adoleshent\u00eb rrezikojn\u00eb t\u00eb gjitha p\u00ebr t\u00eb kaluar Mesdheun","isPartOf":{"@id":"https:\/\/permbledhja.com\/#website"},"datePublished":"2023-07-11T07:01:43+00:00","dateModified":"2023-07-11T07:01:43+00:00","breadcrumb":{"@id":"https:\/\/permbledhja.com\/evrope-ose-vdekje-emigrantet-adoleshente-rrezikojne-te-gjitha-per-te-kaluar-mesdheun\/#breadcrumb"},"inLanguage":"sq","potentialAction":[{"@type":"ReadAction","target":["https:\/\/permbledhja.com\/evrope-ose-vdekje-emigrantet-adoleshente-rrezikojne-te-gjitha-per-te-kaluar-mesdheun\/"]}]},{"@type":"BreadcrumbList","@id":"https:\/\/permbledhja.com\/evrope-ose-vdekje-emigrantet-adoleshente-rrezikojne-te-gjitha-per-te-kaluar-mesdheun\/#breadcrumb","itemListElement":[{"@type":"ListItem","position":1,"name":"Ballina","item":"https:\/\/permbledhja.com\/sq\/"},{"@type":"ListItem","position":2,"name":"\u200b\u2018Evrop\u00eb ose vdekje&#8217; &#8211; emigrant\u00ebt adoleshent\u00eb rrezikojn\u00eb t\u00eb gjitha p\u00ebr t\u00eb kaluar Mesdheun"}]},{"@type":"WebSite","@id":"https:\/\/permbledhja.com\/#website","url":"https:\/\/permbledhja.com\/","name":"Ve\u00e7 artikuj p\u00ebrmbledh\u00ebs","description":"","publisher":{"@id":"https:\/\/permbledhja.com\/#organization"},"potentialAction":[{"@type":"SearchAction","target":{"@type":"EntryPoint","urlTemplate":"https:\/\/permbledhja.com\/?s={search_term_string}"},"query-input":"required name=search_term_string"}],"inLanguage":"sq"},{"@type":"Organization","@id":"https:\/\/permbledhja.com\/#organization","name":"MK Media & Pr","url":"https:\/\/permbledhja.com\/","logo":{"@type":"ImageObject","inLanguage":"sq","@id":"https:\/\/permbledhja.com\/#\/schema\/logo\/image\/","url":"https:\/\/permbledhja.com\/wp-content\/uploads\/2021\/12\/07-Press-Logo.jpg","contentUrl":"https:\/\/permbledhja.com\/wp-content\/uploads\/2021\/12\/07-Press-Logo.jpg","width":512,"height":512,"caption":"MK Media & Pr"},"image":{"@id":"https:\/\/permbledhja.com\/#\/schema\/logo\/image\/"},"sameAs":["https:\/\/www.facebook.com\/press07\/"]},{"@type":"Person","@id":"https:\/\/permbledhja.com\/#\/schema\/person\/0d064377258d3221e50693947b9eb4fe","name":"P\u00ebrmbledhja","image":{"@type":"ImageObject","inLanguage":"sq","@id":"https:\/\/permbledhja.com\/#\/schema\/person\/image\/","url":"https:\/\/permbledhja.com\/wp-content\/uploads\/2026\/01\/452004717_1040944174702970_8932037511805513407_n-96x96.jpg","contentUrl":"https:\/\/permbledhja.com\/wp-content\/uploads\/2026\/01\/452004717_1040944174702970_8932037511805513407_n-96x96.jpg","caption":"P\u00ebrmbledhja"},"sameAs":["https:\/\/www.facebook.com\/kafexhiu.muharrem\/","https:\/\/www.instagram.com\/muharrem_kafexhiu\/"],"url":"https:\/\/permbledhja.com\/sq\/author\/admin\/"}]}},"_links":{"self":[{"href":"https:\/\/permbledhja.com\/sq\/wp-json\/wp\/v2\/posts\/18613"}],"collection":[{"href":"https:\/\/permbledhja.com\/sq\/wp-json\/wp\/v2\/posts"}],"about":[{"href":"https:\/\/permbledhja.com\/sq\/wp-json\/wp\/v2\/types\/post"}],"author":[{"embeddable":true,"href":"https:\/\/permbledhja.com\/sq\/wp-json\/wp\/v2\/users\/1"}],"replies":[{"embeddable":true,"href":"https:\/\/permbledhja.com\/sq\/wp-json\/wp\/v2\/comments?post=18613"}],"version-history":[{"count":1,"href":"https:\/\/permbledhja.com\/sq\/wp-json\/wp\/v2\/posts\/18613\/revisions"}],"predecessor-version":[{"id":18615,"href":"https:\/\/permbledhja.com\/sq\/wp-json\/wp\/v2\/posts\/18613\/revisions\/18615"}],"wp:featuredmedia":[{"embeddable":true,"href":"https:\/\/permbledhja.com\/sq\/wp-json\/wp\/v2\/media\/18614"}],"wp:attachment":[{"href":"https:\/\/permbledhja.com\/sq\/wp-json\/wp\/v2\/media?parent=18613"}],"wp:term":[{"taxonomy":"category","embeddable":true,"href":"https:\/\/permbledhja.com\/sq\/wp-json\/wp\/v2\/categories?post=18613"},{"taxonomy":"post_tag","embeddable":true,"href":"https:\/\/permbledhja.com\/sq\/wp-json\/wp\/v2\/tags?post=18613"}],"curies":[{"name":"wp","href":"https:\/\/api.w.org\/{rel}","templated":true}]}}