{"id":18590,"date":"2023-07-10T18:56:01","date_gmt":"2023-07-10T18:56:01","guid":{"rendered":"https:\/\/permbledhja.com\/?p=18590"},"modified":"2023-07-10T18:56:01","modified_gmt":"2023-07-10T18:56:01","slug":"e-konfirmuar-nga-kfor-i-ushtarit-te-lenduar-ne-zvecan-i-eshte-amputuar-kemba","status":"publish","type":"post","link":"https:\/\/permbledhja.com\/sq\/e-konfirmuar-nga-kfor-i-ushtarit-te-lenduar-ne-zvecan-i-eshte-amputuar-kemba\/","title":{"rendered":"E konfirmuar nga KFOR-i: Ushtarit t\u00eb l\u00ebnduar n\u00eb Zve\u00e7an i \u00ebsht\u00eb amputuar k\u00ebmba"},"content":{"rendered":"<h3>Nj\u00eb ushtari hungarez, q\u00eb sh\u00ebrbeu n\u00eb forcat paqeruajt\u00ebse t\u00eb NATO-s n\u00eb Kosov\u00eb, KFOR, i \u00ebsht\u00eb amputuar k\u00ebmba pas l\u00ebndimeve q\u00eb ka marr\u00eb n\u00eb p\u00ebrleshjet me protestuesit serb\u00eb n\u00eb veri t\u00eb Kosov\u00ebs.<\/h3>\n<p>M\u00eb 29 maj, gjat\u00eb protestave t\u00eb vazhdueshme t\u00eb serb\u00ebve n\u00eb komunat veriore, ishin sulmuar dhe kishin p\u00ebsuar l\u00ebndime 30 ushtar\u00eb t\u00eb KFOR-it.<\/p>\n<p>N\u00eb nj\u00eb p\u00ebrgjigje p\u00ebr Radion Evropa e Lir\u00eb, KFOR-i ka konfirmuar se ushtarit hungarez i \u00ebsht\u00eb amputuar k\u00ebmba, duke shtuar se t\u00eb gjith\u00eb ushtar\u00ebt e l\u00ebnduar \u201cjan\u00eb kthyer n\u00eb sht\u00ebpit\u00eb e tyre\u201d.<\/p>\n<p>P\u00ebrve\u00e7 19 ushtar\u00ebve hungarez\u00eb, at\u00eb dit\u00eb n\u00eb komun\u00ebn e Zve\u00e7anit, ishin l\u00ebnduar edhe 11 ushtar\u00eb italian\u00eb.<\/p>\n<p>Tre nga ushtar\u00eb t\u00eb Hungaris\u00eb ishin plagosur me arm\u00eb zjarri.<\/p>\n<p>Serb\u00ebt n\u00eb kat\u00ebr komunat veriore t\u00eb Kosov\u00ebs jan\u00eb duke protestuar q\u00eb nga 26 maji, duke kund\u00ebrshtuar kryetar\u00ebt e rinj shqiptar\u00eb t\u00eb komunave n\u00eb veri.<\/p>\n<p>Pas rritjes s\u00eb tensioneve n\u00eb veri t\u00eb Kosov\u00ebs, NATO ka angazhuar 700 trupa shtes\u00eb n\u00eb Kosov\u00eb, p\u00ebrve\u00e7 4.000 trupave q\u00eb ve\u00e7se jan\u00eb t\u00eb dislokuar n\u00eb Kosov\u00eb.\/REL<\/p>\n","protected":false},"excerpt":{"rendered":"<p>Nj\u00eb ushtari hungarez, q\u00eb sh\u00ebrbeu n\u00eb forcat paqeruajt\u00ebse t\u00eb NATO-s n\u00eb Kosov\u00eb, KFOR, i \u00ebsht\u00eb amputuar k\u00ebmba pas l\u00ebndimeve q\u00eb ka marr\u00eb n\u00eb p\u00ebrleshjet me protestuesit serb\u00eb n\u00eb veri t\u00eb Kosov\u00ebs. M\u00eb 29 maj, gjat\u00eb protestave t\u00eb vazhdueshme t\u00eb serb\u00ebve n\u00eb komunat veriore, ishin sulmuar dhe kishin p\u00ebsuar l\u00ebndime 30 ushtar\u00eb t\u00eb KFOR-it. N\u00eb nj\u00eb [&hellip;]<\/p>\n","protected":false},"author":1,"featured_media":18591,"comment_status":"closed","ping_status":"closed","sticky":false,"template":"","format":"standard","meta":{"_monsterinsights_skip_tracking":false,"_monsterinsights_sitenote_active":false,"_monsterinsights_sitenote_note":"","_monsterinsights_sitenote_category":0,"_uf_show_specific_survey":0,"_uf_disable_surveys":false,"footnotes":""},"categories":[23,15],"tags":[517],"yoast_head":"<!-- This site is optimized with the Yoast SEO plugin v21.5 - https:\/\/yoast.com\/wordpress\/plugins\/seo\/ -->\n<title>E konfirmuar nga KFOR-i: Ushtarit t\u00eb l\u00ebnduar n\u00eb Zve\u00e7an i \u00ebsht\u00eb amputuar k\u00ebmba<\/title>\n<meta name=\"robots\" content=\"index, follow, max-snippet:-1, max-image-preview:large, max-video-preview:-1\" \/>\n<link rel=\"canonical\" href=\"https:\/\/permbledhja.com\/sq\/e-konfirmuar-nga-kfor-i-ushtarit-te-lenduar-ne-zvecan-i-eshte-amputuar-kemba\/\" \/>\n<meta property=\"og:locale\" content=\"sq_AL\" \/>\n<meta property=\"og:type\" content=\"article\" \/>\n<meta property=\"og:title\" content=\"E konfirmuar nga KFOR-i: Ushtarit t\u00eb l\u00ebnduar n\u00eb Zve\u00e7an i \u00ebsht\u00eb amputuar k\u00ebmba\" \/>\n<meta property=\"og:description\" content=\"Nj\u00eb ushtari hungarez, q\u00eb sh\u00ebrbeu n\u00eb forcat paqeruajt\u00ebse t\u00eb NATO-s n\u00eb Kosov\u00eb, KFOR, i \u00ebsht\u00eb amputuar k\u00ebmba pas l\u00ebndimeve q\u00eb ka marr\u00eb n\u00eb p\u00ebrleshjet me protestuesit serb\u00eb n\u00eb veri t\u00eb Kosov\u00ebs. M\u00eb 29 maj, gjat\u00eb protestave t\u00eb vazhdueshme t\u00eb serb\u00ebve n\u00eb komunat veriore, ishin sulmuar dhe kishin p\u00ebsuar l\u00ebndime 30 ushtar\u00eb t\u00eb KFOR-it. N\u00eb nj\u00eb [&hellip;]\" \/>\n<meta property=\"og:url\" content=\"https:\/\/permbledhja.com\/sq\/e-konfirmuar-nga-kfor-i-ushtarit-te-lenduar-ne-zvecan-i-eshte-amputuar-kemba\/\" \/>\n<meta property=\"og:site_name\" content=\"Ve\u00e7 artikuj p\u00ebrmbledh\u00ebs\" \/>\n<meta property=\"article:publisher\" content=\"https:\/\/www.facebook.com\/press07\/\" \/>\n<meta property=\"article:author\" content=\"https:\/\/www.facebook.com\/kafexhiu.muharrem\/\" \/>\n<meta property=\"article:published_time\" content=\"2023-07-10T18:56:01+00:00\" \/>\n<meta property=\"og:image\" content=\"https:\/\/permbledhja.com\/wp-content\/uploads\/2023\/07\/nato.jpg\" \/>\n\t<meta property=\"og:image:width\" content=\"1364\" \/>\n\t<meta property=\"og:image:height\" content=\"767\" \/>\n\t<meta property=\"og:image:type\" content=\"image\/jpeg\" \/>\n<meta name=\"author\" content=\"P\u00ebrmbledhja\" \/>\n<meta name=\"twitter:card\" content=\"summary_large_image\" \/>\n<meta name=\"twitter:label1\" content=\"Written by\" \/>\n\t<meta name=\"twitter:data1\" content=\"P\u00ebrmbledhja\" \/>\n\t<meta name=\"twitter:label2\" content=\"Est. reading time\" \/>\n\t<meta name=\"twitter:data2\" content=\"1 minut\u00eb\" \/>\n<script type=\"application\/ld+json\" class=\"yoast-schema-graph\">{\"@context\":\"https:\/\/schema.org\",\"@graph\":[{\"@type\":\"Article\",\"@id\":\"https:\/\/permbledhja.com\/e-konfirmuar-nga-kfor-i-ushtarit-te-lenduar-ne-zvecan-i-eshte-amputuar-kemba\/#article\",\"isPartOf\":{\"@id\":\"https:\/\/permbledhja.com\/e-konfirmuar-nga-kfor-i-ushtarit-te-lenduar-ne-zvecan-i-eshte-amputuar-kemba\/\"},\"author\":{\"name\":\"P\u00ebrmbledhja\",\"@id\":\"https:\/\/permbledhja.com\/#\/schema\/person\/0d064377258d3221e50693947b9eb4fe\"},\"headline\":\"E konfirmuar nga KFOR-i: Ushtarit t\u00eb l\u00ebnduar n\u00eb Zve\u00e7an i \u00ebsht\u00eb amputuar k\u00ebmba\",\"datePublished\":\"2023-07-10T18:56:01+00:00\",\"dateModified\":\"2023-07-10T18:56:01+00:00\",\"mainEntityOfPage\":{\"@id\":\"https:\/\/permbledhja.com\/e-konfirmuar-nga-kfor-i-ushtarit-te-lenduar-ne-zvecan-i-eshte-amputuar-kemba\/\"},\"wordCount\":199,\"publisher\":{\"@id\":\"https:\/\/permbledhja.com\/#organization\"},\"keywords\":[\"KFOR\"],\"articleSection\":[\"Komb\u00ebtare\",\"Lajme\"],\"inLanguage\":\"sq\"},{\"@type\":\"WebPage\",\"@id\":\"https:\/\/permbledhja.com\/e-konfirmuar-nga-kfor-i-ushtarit-te-lenduar-ne-zvecan-i-eshte-amputuar-kemba\/\",\"url\":\"https:\/\/permbledhja.com\/e-konfirmuar-nga-kfor-i-ushtarit-te-lenduar-ne-zvecan-i-eshte-amputuar-kemba\/\",\"name\":\"E konfirmuar nga KFOR-i: Ushtarit t\u00eb l\u00ebnduar n\u00eb Zve\u00e7an i \u00ebsht\u00eb amputuar k\u00ebmba\",\"isPartOf\":{\"@id\":\"https:\/\/permbledhja.com\/#website\"},\"datePublished\":\"2023-07-10T18:56:01+00:00\",\"dateModified\":\"2023-07-10T18:56:01+00:00\",\"breadcrumb\":{\"@id\":\"https:\/\/permbledhja.com\/e-konfirmuar-nga-kfor-i-ushtarit-te-lenduar-ne-zvecan-i-eshte-amputuar-kemba\/#breadcrumb\"},\"inLanguage\":\"sq\",\"potentialAction\":[{\"@type\":\"ReadAction\",\"target\":[\"https:\/\/permbledhja.com\/e-konfirmuar-nga-kfor-i-ushtarit-te-lenduar-ne-zvecan-i-eshte-amputuar-kemba\/\"]}]},{\"@type\":\"BreadcrumbList\",\"@id\":\"https:\/\/permbledhja.com\/e-konfirmuar-nga-kfor-i-ushtarit-te-lenduar-ne-zvecan-i-eshte-amputuar-kemba\/#breadcrumb\",\"itemListElement\":[{\"@type\":\"ListItem\",\"position\":1,\"name\":\"Ballina\",\"item\":\"https:\/\/permbledhja.com\/sq\/\"},{\"@type\":\"ListItem\",\"position\":2,\"name\":\"E konfirmuar nga KFOR-i: Ushtarit t\u00eb l\u00ebnduar n\u00eb Zve\u00e7an i \u00ebsht\u00eb amputuar k\u00ebmba\"}]},{\"@type\":\"WebSite\",\"@id\":\"https:\/\/permbledhja.com\/#website\",\"url\":\"https:\/\/permbledhja.com\/\",\"name\":\"Ve\u00e7 artikuj p\u00ebrmbledh\u00ebs\",\"description\":\"\",\"publisher\":{\"@id\":\"https:\/\/permbledhja.com\/#organization\"},\"potentialAction\":[{\"@type\":\"SearchAction\",\"target\":{\"@type\":\"EntryPoint\",\"urlTemplate\":\"https:\/\/permbledhja.com\/?s={search_term_string}\"},\"query-input\":\"required name=search_term_string\"}],\"inLanguage\":\"sq\"},{\"@type\":\"Organization\",\"@id\":\"https:\/\/permbledhja.com\/#organization\",\"name\":\"MK Media & Pr\",\"url\":\"https:\/\/permbledhja.com\/\",\"logo\":{\"@type\":\"ImageObject\",\"inLanguage\":\"sq\",\"@id\":\"https:\/\/permbledhja.com\/#\/schema\/logo\/image\/\",\"url\":\"https:\/\/permbledhja.com\/wp-content\/uploads\/2021\/12\/07-Press-Logo.jpg\",\"contentUrl\":\"https:\/\/permbledhja.com\/wp-content\/uploads\/2021\/12\/07-Press-Logo.jpg\",\"width\":512,\"height\":512,\"caption\":\"MK Media & Pr\"},\"image\":{\"@id\":\"https:\/\/permbledhja.com\/#\/schema\/logo\/image\/\"},\"sameAs\":[\"https:\/\/www.facebook.com\/press07\/\"]},{\"@type\":\"Person\",\"@id\":\"https:\/\/permbledhja.com\/#\/schema\/person\/0d064377258d3221e50693947b9eb4fe\",\"name\":\"P\u00ebrmbledhja\",\"image\":{\"@type\":\"ImageObject\",\"inLanguage\":\"sq\",\"@id\":\"https:\/\/permbledhja.com\/#\/schema\/person\/image\/\",\"url\":\"https:\/\/permbledhja.com\/wp-content\/uploads\/2026\/01\/452004717_1040944174702970_8932037511805513407_n-96x96.jpg\",\"contentUrl\":\"https:\/\/permbledhja.com\/wp-content\/uploads\/2026\/01\/452004717_1040944174702970_8932037511805513407_n-96x96.jpg\",\"caption\":\"P\u00ebrmbledhja\"},\"sameAs\":[\"https:\/\/www.facebook.com\/kafexhiu.muharrem\/\",\"https:\/\/www.instagram.com\/muharrem_kafexhiu\/\"],\"url\":\"https:\/\/permbledhja.com\/sq\/author\/admin\/\"}]}<\/script>\n<!-- \/ Yoast SEO plugin. -->","yoast_head_json":{"title":"E konfirmuar nga KFOR-i: Ushtarit t\u00eb l\u00ebnduar n\u00eb Zve\u00e7an i \u00ebsht\u00eb amputuar k\u00ebmba","robots":{"index":"index","follow":"follow","max-snippet":"max-snippet:-1","max-image-preview":"max-image-preview:large","max-video-preview":"max-video-preview:-1"},"canonical":"https:\/\/permbledhja.com\/sq\/e-konfirmuar-nga-kfor-i-ushtarit-te-lenduar-ne-zvecan-i-eshte-amputuar-kemba\/","og_locale":"sq_AL","og_type":"article","og_title":"E konfirmuar nga KFOR-i: Ushtarit t\u00eb l\u00ebnduar n\u00eb Zve\u00e7an i \u00ebsht\u00eb amputuar k\u00ebmba","og_description":"Nj\u00eb ushtari hungarez, q\u00eb sh\u00ebrbeu n\u00eb forcat paqeruajt\u00ebse t\u00eb NATO-s n\u00eb Kosov\u00eb, KFOR, i \u00ebsht\u00eb amputuar k\u00ebmba pas l\u00ebndimeve q\u00eb ka marr\u00eb n\u00eb p\u00ebrleshjet me protestuesit serb\u00eb n\u00eb veri t\u00eb Kosov\u00ebs. M\u00eb 29 maj, gjat\u00eb protestave t\u00eb vazhdueshme t\u00eb serb\u00ebve n\u00eb komunat veriore, ishin sulmuar dhe kishin p\u00ebsuar l\u00ebndime 30 ushtar\u00eb t\u00eb KFOR-it. N\u00eb nj\u00eb [&hellip;]","og_url":"https:\/\/permbledhja.com\/sq\/e-konfirmuar-nga-kfor-i-ushtarit-te-lenduar-ne-zvecan-i-eshte-amputuar-kemba\/","og_site_name":"Ve\u00e7 artikuj p\u00ebrmbledh\u00ebs","article_publisher":"https:\/\/www.facebook.com\/press07\/","article_author":"https:\/\/www.facebook.com\/kafexhiu.muharrem\/","article_published_time":"2023-07-10T18:56:01+00:00","og_image":[{"width":1364,"height":767,"url":"https:\/\/permbledhja.com\/wp-content\/uploads\/2023\/07\/nato.jpg","type":"image\/jpeg"}],"author":"P\u00ebrmbledhja","twitter_card":"summary_large_image","twitter_misc":{"Written by":"P\u00ebrmbledhja","Est. reading time":"1 minut\u00eb"},"schema":{"@context":"https:\/\/schema.org","@graph":[{"@type":"Article","@id":"https:\/\/permbledhja.com\/e-konfirmuar-nga-kfor-i-ushtarit-te-lenduar-ne-zvecan-i-eshte-amputuar-kemba\/#article","isPartOf":{"@id":"https:\/\/permbledhja.com\/e-konfirmuar-nga-kfor-i-ushtarit-te-lenduar-ne-zvecan-i-eshte-amputuar-kemba\/"},"author":{"name":"P\u00ebrmbledhja","@id":"https:\/\/permbledhja.com\/#\/schema\/person\/0d064377258d3221e50693947b9eb4fe"},"headline":"E konfirmuar nga KFOR-i: Ushtarit t\u00eb l\u00ebnduar n\u00eb Zve\u00e7an i \u00ebsht\u00eb amputuar k\u00ebmba","datePublished":"2023-07-10T18:56:01+00:00","dateModified":"2023-07-10T18:56:01+00:00","mainEntityOfPage":{"@id":"https:\/\/permbledhja.com\/e-konfirmuar-nga-kfor-i-ushtarit-te-lenduar-ne-zvecan-i-eshte-amputuar-kemba\/"},"wordCount":199,"publisher":{"@id":"https:\/\/permbledhja.com\/#organization"},"keywords":["KFOR"],"articleSection":["Komb\u00ebtare","Lajme"],"inLanguage":"sq"},{"@type":"WebPage","@id":"https:\/\/permbledhja.com\/e-konfirmuar-nga-kfor-i-ushtarit-te-lenduar-ne-zvecan-i-eshte-amputuar-kemba\/","url":"https:\/\/permbledhja.com\/e-konfirmuar-nga-kfor-i-ushtarit-te-lenduar-ne-zvecan-i-eshte-amputuar-kemba\/","name":"E konfirmuar nga KFOR-i: Ushtarit t\u00eb l\u00ebnduar n\u00eb Zve\u00e7an i \u00ebsht\u00eb amputuar k\u00ebmba","isPartOf":{"@id":"https:\/\/permbledhja.com\/#website"},"datePublished":"2023-07-10T18:56:01+00:00","dateModified":"2023-07-10T18:56:01+00:00","breadcrumb":{"@id":"https:\/\/permbledhja.com\/e-konfirmuar-nga-kfor-i-ushtarit-te-lenduar-ne-zvecan-i-eshte-amputuar-kemba\/#breadcrumb"},"inLanguage":"sq","potentialAction":[{"@type":"ReadAction","target":["https:\/\/permbledhja.com\/e-konfirmuar-nga-kfor-i-ushtarit-te-lenduar-ne-zvecan-i-eshte-amputuar-kemba\/"]}]},{"@type":"BreadcrumbList","@id":"https:\/\/permbledhja.com\/e-konfirmuar-nga-kfor-i-ushtarit-te-lenduar-ne-zvecan-i-eshte-amputuar-kemba\/#breadcrumb","itemListElement":[{"@type":"ListItem","position":1,"name":"Ballina","item":"https:\/\/permbledhja.com\/sq\/"},{"@type":"ListItem","position":2,"name":"E konfirmuar nga KFOR-i: Ushtarit t\u00eb l\u00ebnduar n\u00eb Zve\u00e7an i \u00ebsht\u00eb amputuar k\u00ebmba"}]},{"@type":"WebSite","@id":"https:\/\/permbledhja.com\/#website","url":"https:\/\/permbledhja.com\/","name":"Ve\u00e7 artikuj p\u00ebrmbledh\u00ebs","description":"","publisher":{"@id":"https:\/\/permbledhja.com\/#organization"},"potentialAction":[{"@type":"SearchAction","target":{"@type":"EntryPoint","urlTemplate":"https:\/\/permbledhja.com\/?s={search_term_string}"},"query-input":"required name=search_term_string"}],"inLanguage":"sq"},{"@type":"Organization","@id":"https:\/\/permbledhja.com\/#organization","name":"MK Media & Pr","url":"https:\/\/permbledhja.com\/","logo":{"@type":"ImageObject","inLanguage":"sq","@id":"https:\/\/permbledhja.com\/#\/schema\/logo\/image\/","url":"https:\/\/permbledhja.com\/wp-content\/uploads\/2021\/12\/07-Press-Logo.jpg","contentUrl":"https:\/\/permbledhja.com\/wp-content\/uploads\/2021\/12\/07-Press-Logo.jpg","width":512,"height":512,"caption":"MK Media & Pr"},"image":{"@id":"https:\/\/permbledhja.com\/#\/schema\/logo\/image\/"},"sameAs":["https:\/\/www.facebook.com\/press07\/"]},{"@type":"Person","@id":"https:\/\/permbledhja.com\/#\/schema\/person\/0d064377258d3221e50693947b9eb4fe","name":"P\u00ebrmbledhja","image":{"@type":"ImageObject","inLanguage":"sq","@id":"https:\/\/permbledhja.com\/#\/schema\/person\/image\/","url":"https:\/\/permbledhja.com\/wp-content\/uploads\/2026\/01\/452004717_1040944174702970_8932037511805513407_n-96x96.jpg","contentUrl":"https:\/\/permbledhja.com\/wp-content\/uploads\/2026\/01\/452004717_1040944174702970_8932037511805513407_n-96x96.jpg","caption":"P\u00ebrmbledhja"},"sameAs":["https:\/\/www.facebook.com\/kafexhiu.muharrem\/","https:\/\/www.instagram.com\/muharrem_kafexhiu\/"],"url":"https:\/\/permbledhja.com\/sq\/author\/admin\/"}]}},"_links":{"self":[{"href":"https:\/\/permbledhja.com\/sq\/wp-json\/wp\/v2\/posts\/18590"}],"collection":[{"href":"https:\/\/permbledhja.com\/sq\/wp-json\/wp\/v2\/posts"}],"about":[{"href":"https:\/\/permbledhja.com\/sq\/wp-json\/wp\/v2\/types\/post"}],"author":[{"embeddable":true,"href":"https:\/\/permbledhja.com\/sq\/wp-json\/wp\/v2\/users\/1"}],"replies":[{"embeddable":true,"href":"https:\/\/permbledhja.com\/sq\/wp-json\/wp\/v2\/comments?post=18590"}],"version-history":[{"count":1,"href":"https:\/\/permbledhja.com\/sq\/wp-json\/wp\/v2\/posts\/18590\/revisions"}],"predecessor-version":[{"id":18592,"href":"https:\/\/permbledhja.com\/sq\/wp-json\/wp\/v2\/posts\/18590\/revisions\/18592"}],"wp:featuredmedia":[{"embeddable":true,"href":"https:\/\/permbledhja.com\/sq\/wp-json\/wp\/v2\/media\/18591"}],"wp:attachment":[{"href":"https:\/\/permbledhja.com\/sq\/wp-json\/wp\/v2\/media?parent=18590"}],"wp:term":[{"taxonomy":"category","embeddable":true,"href":"https:\/\/permbledhja.com\/sq\/wp-json\/wp\/v2\/categories?post=18590"},{"taxonomy":"post_tag","embeddable":true,"href":"https:\/\/permbledhja.com\/sq\/wp-json\/wp\/v2\/tags?post=18590"}],"curies":[{"name":"wp","href":"https:\/\/api.w.org\/{rel}","templated":true}]}}