{"id":18564,"date":"2023-07-10T17:11:22","date_gmt":"2023-07-10T17:11:22","guid":{"rendered":"https:\/\/permbledhja.com\/?p=18564"},"modified":"2023-07-10T17:11:22","modified_gmt":"2023-07-10T17:11:22","slug":"ldk-per-audio-incizimin-e-kusarit-maskat-rane-me-to-dhe-perdja-e-populizmit","status":"publish","type":"post","link":"https:\/\/permbledhja.com\/sq\/ldk-per-audio-incizimin-e-kusarit-maskat-rane-me-to-dhe-perdja-e-populizmit\/","title":{"rendered":"LDK p\u00ebr audio-incizimin e Kusarit: Maskat ran\u00eb, me to dhe perdja e populizmit"},"content":{"rendered":"<hr \/>\n<h3>Lidhja Demokratike e Kosov\u00ebs ka reaguar pas audio-incizimit q\u00eb \u00ebsht\u00eb p\u00ebrfshir\u00eb shefja e Grupit Parlamentar t\u00eb Vet\u00ebvendojes, Mimoza Kusari-Lila.<\/h3>\n<p>P\u00ebrmes nj\u00eb komunikat\u00eb, LDK thot\u00eb se audio-incizimet, shp\u00ebrfaqin sheshazi hipokrizin\u00eb e thell\u00eb t\u00eb pushtetit populist.<\/p>\n<p class=\"post-content single-post-content\">\u201cMaskat ran\u00eb! Me to dhe perdja e populizmit. Kjo hipokrizi, tashm\u00eb standard veprues i partis\u00eb n\u00eb pushtet, q\u00eb n\u00eb nj\u00ebr\u00ebn an\u00eb kontakton, koordinon e bashk\u00ebvepron me njer\u00ebz t\u00eb lidhur me krimin, e n\u00eb an\u00ebn tjet\u00ebr akuzon t\u00eb tjer\u00ebt p\u00ebr nj\u00eb gj\u00eb t\u00eb till\u00eb, shp\u00ebrfaq gjendjen alarmante t\u00eb politike b\u00ebrjes n\u00eb vend\u201d, thuhet n\u00eb reagim.<\/p>\n<p class=\"post-content single-post-content\">\u201cP\u00ebr t\u00eb v\u00ebrteten dhe faktimin e saj, ne shprehim mir\u00ebnjohjen. P\u00ebr gjendjen e r\u00ebnd\u00eb t\u00eb politik\u00ebb\u00ebrjes n\u00eb Kosov\u00eb, LDK -ja shpreh shqet\u00ebsimin m\u00eb t\u00eb thell\u00eb\u201d, thuhet tutje.<\/p>\n<p class=\"post-content single-post-content\">Sipas LDK-s\u00eb, koordinimi i aktiviteteve politike n\u00eb vend, sikurse dhe komunikimi me nj\u00eb person me urdh\u00ebr-arrest e n\u00eb list\u00eb t\u00eb zez\u00eb t\u00eb SHBA-s\u00eb, cenon r\u00ebnd\u00eb sigurin\u00eb e Republik\u00ebs s\u00eb Kosov\u00ebs.\u201cLDK-ja do t\u00eb p\u00ebrcjell\u00eb n\u00eb vijim zhvillimet mbi k\u00ebt\u00eb tem\u00eb\u201d, thuhet n\u00eb fund.<\/p>\n<p><iframe loading=\"lazy\" style=\"border: none; overflow: hidden;\" src=\"https:\/\/www.facebook.com\/plugins\/post.php?href=https%3A%2F%2Fwww.facebook.com%2FLDKzyrtare%2Fposts%2Fpfbid0ip5r8y9KDp2wK4vhnScAhZMPGQvBwQnPTVXov9i8fhEEsUsMq3QxPd3moAoswmr5l&amp;show_text=true&amp;width=500\" width=\"500\" height=\"736\" frameborder=\"0\" scrolling=\"no\" allowfullscreen=\"allowfullscreen\"><\/iframe><\/p>\n","protected":false},"excerpt":{"rendered":"<p>Lidhja Demokratike e Kosov\u00ebs ka reaguar pas audio-incizimit q\u00eb \u00ebsht\u00eb p\u00ebrfshir\u00eb shefja e Grupit Parlamentar t\u00eb Vet\u00ebvendojes, Mimoza Kusari-Lila. P\u00ebrmes nj\u00eb komunikat\u00eb, LDK thot\u00eb se audio-incizimet, shp\u00ebrfaqin sheshazi hipokrizin\u00eb e thell\u00eb t\u00eb pushtetit populist. \u201cMaskat ran\u00eb! Me to dhe perdja e populizmit. Kjo hipokrizi, tashm\u00eb standard veprues i partis\u00eb n\u00eb pushtet, q\u00eb n\u00eb nj\u00ebr\u00ebn an\u00eb [&hellip;]<\/p>\n","protected":false},"author":2,"featured_media":18565,"comment_status":"closed","ping_status":"closed","sticky":false,"template":"","format":"standard","meta":{"_monsterinsights_skip_tracking":false,"_monsterinsights_sitenote_active":false,"_monsterinsights_sitenote_note":"","_monsterinsights_sitenote_category":0,"_uf_show_specific_survey":0,"_uf_disable_surveys":false,"footnotes":""},"categories":[23,15],"tags":[],"yoast_head":"<!-- This site is optimized with the Yoast SEO plugin v21.5 - https:\/\/yoast.com\/wordpress\/plugins\/seo\/ -->\n<title>LDK p\u00ebr audio-incizimin e Kusarit: Maskat ran\u00eb, me to dhe perdja e populizmit<\/title>\n<meta name=\"robots\" content=\"index, follow, max-snippet:-1, max-image-preview:large, max-video-preview:-1\" \/>\n<link rel=\"canonical\" href=\"https:\/\/permbledhja.com\/sq\/ldk-per-audio-incizimin-e-kusarit-maskat-rane-me-to-dhe-perdja-e-populizmit\/\" \/>\n<meta property=\"og:locale\" content=\"sq_AL\" \/>\n<meta property=\"og:type\" content=\"article\" \/>\n<meta property=\"og:title\" content=\"LDK p\u00ebr audio-incizimin e Kusarit: Maskat ran\u00eb, me to dhe perdja e populizmit\" \/>\n<meta property=\"og:description\" content=\"Lidhja Demokratike e Kosov\u00ebs ka reaguar pas audio-incizimit q\u00eb \u00ebsht\u00eb p\u00ebrfshir\u00eb shefja e Grupit Parlamentar t\u00eb Vet\u00ebvendojes, Mimoza Kusari-Lila. P\u00ebrmes nj\u00eb komunikat\u00eb, LDK thot\u00eb se audio-incizimet, shp\u00ebrfaqin sheshazi hipokrizin\u00eb e thell\u00eb t\u00eb pushtetit populist. \u201cMaskat ran\u00eb! Me to dhe perdja e populizmit. Kjo hipokrizi, tashm\u00eb standard veprues i partis\u00eb n\u00eb pushtet, q\u00eb n\u00eb nj\u00ebr\u00ebn an\u00eb [&hellip;]\" \/>\n<meta property=\"og:url\" content=\"https:\/\/permbledhja.com\/sq\/ldk-per-audio-incizimin-e-kusarit-maskat-rane-me-to-dhe-perdja-e-populizmit\/\" \/>\n<meta property=\"og:site_name\" content=\"Ve\u00e7 artikuj p\u00ebrmbledh\u00ebs\" \/>\n<meta property=\"article:publisher\" content=\"https:\/\/www.facebook.com\/press07\/\" \/>\n<meta property=\"article:published_time\" content=\"2023-07-10T17:11:22+00:00\" \/>\n<meta property=\"og:image\" content=\"https:\/\/permbledhja.com\/wp-content\/uploads\/2023\/07\/314673667_10159250231087759_440611761460355830_n.jpg\" \/>\n\t<meta property=\"og:image:width\" content=\"2048\" \/>\n\t<meta property=\"og:image:height\" content=\"1282\" \/>\n\t<meta property=\"og:image:type\" content=\"image\/jpeg\" \/>\n<meta name=\"author\" content=\"M M\" \/>\n<meta name=\"twitter:card\" content=\"summary_large_image\" \/>\n<meta name=\"twitter:label1\" content=\"Written by\" \/>\n\t<meta name=\"twitter:data1\" content=\"M M\" \/>\n\t<meta name=\"twitter:label2\" content=\"Est. reading time\" \/>\n\t<meta name=\"twitter:data2\" content=\"1 minut\u00eb\" \/>\n<script type=\"application\/ld+json\" class=\"yoast-schema-graph\">{\"@context\":\"https:\/\/schema.org\",\"@graph\":[{\"@type\":\"Article\",\"@id\":\"https:\/\/permbledhja.com\/ldk-per-audio-incizimin-e-kusarit-maskat-rane-me-to-dhe-perdja-e-populizmit\/#article\",\"isPartOf\":{\"@id\":\"https:\/\/permbledhja.com\/ldk-per-audio-incizimin-e-kusarit-maskat-rane-me-to-dhe-perdja-e-populizmit\/\"},\"author\":{\"name\":\"M M\",\"@id\":\"https:\/\/permbledhja.com\/#\/schema\/person\/d23f13f59b5722643933d6780783acf3\"},\"headline\":\"LDK p\u00ebr audio-incizimin e Kusarit: Maskat ran\u00eb, me to dhe perdja e populizmit\",\"datePublished\":\"2023-07-10T17:11:22+00:00\",\"dateModified\":\"2023-07-10T17:11:22+00:00\",\"mainEntityOfPage\":{\"@id\":\"https:\/\/permbledhja.com\/ldk-per-audio-incizimin-e-kusarit-maskat-rane-me-to-dhe-perdja-e-populizmit\/\"},\"wordCount\":201,\"publisher\":{\"@id\":\"https:\/\/permbledhja.com\/#organization\"},\"articleSection\":[\"Komb\u00ebtare\",\"Lajme\"],\"inLanguage\":\"sq\"},{\"@type\":\"WebPage\",\"@id\":\"https:\/\/permbledhja.com\/ldk-per-audio-incizimin-e-kusarit-maskat-rane-me-to-dhe-perdja-e-populizmit\/\",\"url\":\"https:\/\/permbledhja.com\/ldk-per-audio-incizimin-e-kusarit-maskat-rane-me-to-dhe-perdja-e-populizmit\/\",\"name\":\"LDK p\u00ebr audio-incizimin e Kusarit: Maskat ran\u00eb, me to dhe perdja e populizmit\",\"isPartOf\":{\"@id\":\"https:\/\/permbledhja.com\/#website\"},\"datePublished\":\"2023-07-10T17:11:22+00:00\",\"dateModified\":\"2023-07-10T17:11:22+00:00\",\"breadcrumb\":{\"@id\":\"https:\/\/permbledhja.com\/ldk-per-audio-incizimin-e-kusarit-maskat-rane-me-to-dhe-perdja-e-populizmit\/#breadcrumb\"},\"inLanguage\":\"sq\",\"potentialAction\":[{\"@type\":\"ReadAction\",\"target\":[\"https:\/\/permbledhja.com\/ldk-per-audio-incizimin-e-kusarit-maskat-rane-me-to-dhe-perdja-e-populizmit\/\"]}]},{\"@type\":\"BreadcrumbList\",\"@id\":\"https:\/\/permbledhja.com\/ldk-per-audio-incizimin-e-kusarit-maskat-rane-me-to-dhe-perdja-e-populizmit\/#breadcrumb\",\"itemListElement\":[{\"@type\":\"ListItem\",\"position\":1,\"name\":\"Ballina\",\"item\":\"https:\/\/permbledhja.com\/sq\/\"},{\"@type\":\"ListItem\",\"position\":2,\"name\":\"LDK p\u00ebr audio-incizimin e Kusarit: Maskat ran\u00eb, me to dhe perdja e populizmit\"}]},{\"@type\":\"WebSite\",\"@id\":\"https:\/\/permbledhja.com\/#website\",\"url\":\"https:\/\/permbledhja.com\/\",\"name\":\"Ve\u00e7 artikuj p\u00ebrmbledh\u00ebs\",\"description\":\"\",\"publisher\":{\"@id\":\"https:\/\/permbledhja.com\/#organization\"},\"potentialAction\":[{\"@type\":\"SearchAction\",\"target\":{\"@type\":\"EntryPoint\",\"urlTemplate\":\"https:\/\/permbledhja.com\/?s={search_term_string}\"},\"query-input\":\"required name=search_term_string\"}],\"inLanguage\":\"sq\"},{\"@type\":\"Organization\",\"@id\":\"https:\/\/permbledhja.com\/#organization\",\"name\":\"MK Media & Pr\",\"url\":\"https:\/\/permbledhja.com\/\",\"logo\":{\"@type\":\"ImageObject\",\"inLanguage\":\"sq\",\"@id\":\"https:\/\/permbledhja.com\/#\/schema\/logo\/image\/\",\"url\":\"https:\/\/permbledhja.com\/wp-content\/uploads\/2021\/12\/07-Press-Logo.jpg\",\"contentUrl\":\"https:\/\/permbledhja.com\/wp-content\/uploads\/2021\/12\/07-Press-Logo.jpg\",\"width\":512,\"height\":512,\"caption\":\"MK Media & Pr\"},\"image\":{\"@id\":\"https:\/\/permbledhja.com\/#\/schema\/logo\/image\/\"},\"sameAs\":[\"https:\/\/www.facebook.com\/press07\/\"]},{\"@type\":\"Person\",\"@id\":\"https:\/\/permbledhja.com\/#\/schema\/person\/d23f13f59b5722643933d6780783acf3\",\"name\":\"M M\",\"image\":{\"@type\":\"ImageObject\",\"inLanguage\":\"sq\",\"@id\":\"https:\/\/permbledhja.com\/#\/schema\/person\/image\/\",\"url\":\"https:\/\/secure.gravatar.com\/avatar\/e2835a76ca7c31a2416b2d51c4ec9a8f?s=96&d=mm&r=g\",\"contentUrl\":\"https:\/\/secure.gravatar.com\/avatar\/e2835a76ca7c31a2416b2d51c4ec9a8f?s=96&d=mm&r=g\",\"caption\":\"M M\"},\"sameAs\":[\"http:\/\/MM\"],\"url\":\"https:\/\/permbledhja.com\/sq\/author\/muhamet\/\"}]}<\/script>\n<!-- \/ Yoast SEO plugin. -->","yoast_head_json":{"title":"LDK p\u00ebr audio-incizimin e Kusarit: Maskat ran\u00eb, me to dhe perdja e populizmit","robots":{"index":"index","follow":"follow","max-snippet":"max-snippet:-1","max-image-preview":"max-image-preview:large","max-video-preview":"max-video-preview:-1"},"canonical":"https:\/\/permbledhja.com\/sq\/ldk-per-audio-incizimin-e-kusarit-maskat-rane-me-to-dhe-perdja-e-populizmit\/","og_locale":"sq_AL","og_type":"article","og_title":"LDK p\u00ebr audio-incizimin e Kusarit: Maskat ran\u00eb, me to dhe perdja e populizmit","og_description":"Lidhja Demokratike e Kosov\u00ebs ka reaguar pas audio-incizimit q\u00eb \u00ebsht\u00eb p\u00ebrfshir\u00eb shefja e Grupit Parlamentar t\u00eb Vet\u00ebvendojes, Mimoza Kusari-Lila. P\u00ebrmes nj\u00eb komunikat\u00eb, LDK thot\u00eb se audio-incizimet, shp\u00ebrfaqin sheshazi hipokrizin\u00eb e thell\u00eb t\u00eb pushtetit populist. \u201cMaskat ran\u00eb! Me to dhe perdja e populizmit. Kjo hipokrizi, tashm\u00eb standard veprues i partis\u00eb n\u00eb pushtet, q\u00eb n\u00eb nj\u00ebr\u00ebn an\u00eb [&hellip;]","og_url":"https:\/\/permbledhja.com\/sq\/ldk-per-audio-incizimin-e-kusarit-maskat-rane-me-to-dhe-perdja-e-populizmit\/","og_site_name":"Ve\u00e7 artikuj p\u00ebrmbledh\u00ebs","article_publisher":"https:\/\/www.facebook.com\/press07\/","article_published_time":"2023-07-10T17:11:22+00:00","og_image":[{"width":2048,"height":1282,"url":"https:\/\/permbledhja.com\/wp-content\/uploads\/2023\/07\/314673667_10159250231087759_440611761460355830_n.jpg","type":"image\/jpeg"}],"author":"M M","twitter_card":"summary_large_image","twitter_misc":{"Written by":"M M","Est. reading time":"1 minut\u00eb"},"schema":{"@context":"https:\/\/schema.org","@graph":[{"@type":"Article","@id":"https:\/\/permbledhja.com\/ldk-per-audio-incizimin-e-kusarit-maskat-rane-me-to-dhe-perdja-e-populizmit\/#article","isPartOf":{"@id":"https:\/\/permbledhja.com\/ldk-per-audio-incizimin-e-kusarit-maskat-rane-me-to-dhe-perdja-e-populizmit\/"},"author":{"name":"M M","@id":"https:\/\/permbledhja.com\/#\/schema\/person\/d23f13f59b5722643933d6780783acf3"},"headline":"LDK p\u00ebr audio-incizimin e Kusarit: Maskat ran\u00eb, me to dhe perdja e populizmit","datePublished":"2023-07-10T17:11:22+00:00","dateModified":"2023-07-10T17:11:22+00:00","mainEntityOfPage":{"@id":"https:\/\/permbledhja.com\/ldk-per-audio-incizimin-e-kusarit-maskat-rane-me-to-dhe-perdja-e-populizmit\/"},"wordCount":201,"publisher":{"@id":"https:\/\/permbledhja.com\/#organization"},"articleSection":["Komb\u00ebtare","Lajme"],"inLanguage":"sq"},{"@type":"WebPage","@id":"https:\/\/permbledhja.com\/ldk-per-audio-incizimin-e-kusarit-maskat-rane-me-to-dhe-perdja-e-populizmit\/","url":"https:\/\/permbledhja.com\/ldk-per-audio-incizimin-e-kusarit-maskat-rane-me-to-dhe-perdja-e-populizmit\/","name":"LDK p\u00ebr audio-incizimin e Kusarit: Maskat ran\u00eb, me to dhe perdja e populizmit","isPartOf":{"@id":"https:\/\/permbledhja.com\/#website"},"datePublished":"2023-07-10T17:11:22+00:00","dateModified":"2023-07-10T17:11:22+00:00","breadcrumb":{"@id":"https:\/\/permbledhja.com\/ldk-per-audio-incizimin-e-kusarit-maskat-rane-me-to-dhe-perdja-e-populizmit\/#breadcrumb"},"inLanguage":"sq","potentialAction":[{"@type":"ReadAction","target":["https:\/\/permbledhja.com\/ldk-per-audio-incizimin-e-kusarit-maskat-rane-me-to-dhe-perdja-e-populizmit\/"]}]},{"@type":"BreadcrumbList","@id":"https:\/\/permbledhja.com\/ldk-per-audio-incizimin-e-kusarit-maskat-rane-me-to-dhe-perdja-e-populizmit\/#breadcrumb","itemListElement":[{"@type":"ListItem","position":1,"name":"Ballina","item":"https:\/\/permbledhja.com\/sq\/"},{"@type":"ListItem","position":2,"name":"LDK p\u00ebr audio-incizimin e Kusarit: Maskat ran\u00eb, me to dhe perdja e populizmit"}]},{"@type":"WebSite","@id":"https:\/\/permbledhja.com\/#website","url":"https:\/\/permbledhja.com\/","name":"Ve\u00e7 artikuj p\u00ebrmbledh\u00ebs","description":"","publisher":{"@id":"https:\/\/permbledhja.com\/#organization"},"potentialAction":[{"@type":"SearchAction","target":{"@type":"EntryPoint","urlTemplate":"https:\/\/permbledhja.com\/?s={search_term_string}"},"query-input":"required name=search_term_string"}],"inLanguage":"sq"},{"@type":"Organization","@id":"https:\/\/permbledhja.com\/#organization","name":"MK Media & Pr","url":"https:\/\/permbledhja.com\/","logo":{"@type":"ImageObject","inLanguage":"sq","@id":"https:\/\/permbledhja.com\/#\/schema\/logo\/image\/","url":"https:\/\/permbledhja.com\/wp-content\/uploads\/2021\/12\/07-Press-Logo.jpg","contentUrl":"https:\/\/permbledhja.com\/wp-content\/uploads\/2021\/12\/07-Press-Logo.jpg","width":512,"height":512,"caption":"MK Media & Pr"},"image":{"@id":"https:\/\/permbledhja.com\/#\/schema\/logo\/image\/"},"sameAs":["https:\/\/www.facebook.com\/press07\/"]},{"@type":"Person","@id":"https:\/\/permbledhja.com\/#\/schema\/person\/d23f13f59b5722643933d6780783acf3","name":"M M","image":{"@type":"ImageObject","inLanguage":"sq","@id":"https:\/\/permbledhja.com\/#\/schema\/person\/image\/","url":"https:\/\/secure.gravatar.com\/avatar\/e2835a76ca7c31a2416b2d51c4ec9a8f?s=96&d=mm&r=g","contentUrl":"https:\/\/secure.gravatar.com\/avatar\/e2835a76ca7c31a2416b2d51c4ec9a8f?s=96&d=mm&r=g","caption":"M M"},"sameAs":["http:\/\/MM"],"url":"https:\/\/permbledhja.com\/sq\/author\/muhamet\/"}]}},"_links":{"self":[{"href":"https:\/\/permbledhja.com\/sq\/wp-json\/wp\/v2\/posts\/18564"}],"collection":[{"href":"https:\/\/permbledhja.com\/sq\/wp-json\/wp\/v2\/posts"}],"about":[{"href":"https:\/\/permbledhja.com\/sq\/wp-json\/wp\/v2\/types\/post"}],"author":[{"embeddable":true,"href":"https:\/\/permbledhja.com\/sq\/wp-json\/wp\/v2\/users\/2"}],"replies":[{"embeddable":true,"href":"https:\/\/permbledhja.com\/sq\/wp-json\/wp\/v2\/comments?post=18564"}],"version-history":[{"count":1,"href":"https:\/\/permbledhja.com\/sq\/wp-json\/wp\/v2\/posts\/18564\/revisions"}],"predecessor-version":[{"id":18566,"href":"https:\/\/permbledhja.com\/sq\/wp-json\/wp\/v2\/posts\/18564\/revisions\/18566"}],"wp:featuredmedia":[{"embeddable":true,"href":"https:\/\/permbledhja.com\/sq\/wp-json\/wp\/v2\/media\/18565"}],"wp:attachment":[{"href":"https:\/\/permbledhja.com\/sq\/wp-json\/wp\/v2\/media?parent=18564"}],"wp:term":[{"taxonomy":"category","embeddable":true,"href":"https:\/\/permbledhja.com\/sq\/wp-json\/wp\/v2\/categories?post=18564"},{"taxonomy":"post_tag","embeddable":true,"href":"https:\/\/permbledhja.com\/sq\/wp-json\/wp\/v2\/tags?post=18564"}],"curies":[{"name":"wp","href":"https:\/\/api.w.org\/{rel}","templated":true}]}}