{"id":18557,"date":"2023-07-10T16:47:52","date_gmt":"2023-07-10T16:47:52","guid":{"rendered":"https:\/\/permbledhja.com\/?p=18557"},"modified":"2023-07-10T16:48:53","modified_gmt":"2023-07-10T16:48:53","slug":"marreveshja-lajcak-bislimi-per-deeskalimin-ne-veri-per-cfare-u-dakorduan","status":"publish","type":"post","link":"https:\/\/permbledhja.com\/sq\/marreveshja-lajcak-bislimi-per-deeskalimin-ne-veri-per-cfare-u-dakorduan\/","title":{"rendered":"Marr\u00ebveshja Laj\u00e7ak &#8211; Bislimi p\u00ebr deeskalimin n\u00eb Veri, p\u00ebr \u00e7far\u00eb u dakorduan?"},"content":{"rendered":"<h3>Pas vizitave n\u00eb Kosov\u00eb e Serbi jav\u00ebn q\u00eb shkoi Miroslav Laj\u00e7ak sot b\u00ebri nj\u00eb paraqitje befasuese nga kryeqyteti i vendit t\u00eb tij, Bratislava.<\/h3>\n<p>Krah tij u paraqit edhe Z\u00ebvend\u00ebskreministri Besnik Bislimi. T\u00eb dy than\u00eb se kan\u00eb arritur marr\u00ebveshje p\u00ebr deesakalimin e situat\u00ebs n\u00eb Veri. Por \u00e7far\u00eb p\u00ebrmban ajo?<\/p>\n<p>Si\u00e7 m\u00ebson Gazeta Express Emisar i BE\u2019s\u00eb ka p\u00ebrgatitur nj\u00eb plan p\u00ebr zbatimin e tre pikave t\u00eb propozuara, q\u00eb liston p\u00ebrgjegj\u00ebsit\u00eb e secil\u00ebs pal\u00eb si dhe sekuencon veprimet p\u00ebr zbatimin e planit trepik\u00ebsh.<\/p>\n<p>N\u00ebse gjith\u00e7ka shkon si\u00e7 duhet hiqen masat ndaj Kosov\u00ebs, merr vesh Gazeta Express nga burimet e saj.<\/p>\n<p>Shefi i Politik\u00ebs s\u00eb Jashtme t\u00eb BE\u2019s\u00eb pas takimeve t\u00eb ndara me 22 qershor \u00a0doli me propozimet p\u00ebr shtensionimin e situat\u00ebs, ku \u00e7do gj\u00eb nis me nj\u00eb hap q\u00eb, sipas nd\u00ebrkomb\u00ebtar\u00ebve, duhet ta b\u00ebj\u00eb Kosova.<\/p>\n<p>\u201cP\u00ebr Kosov\u00ebn, q\u00eb menj\u00ebher\u00eb t\u00eb pezulloj\u00eb operacionet policore n\u00eb nd\u00ebrtesat e komunave n\u00eb veri dhe q\u00eb kat\u00ebr kryetar\u00ebt e komunave p\u00ebrkoh\u00ebsisht t\u2019i kryejn\u00eb detyrat jasht\u00eb zyrave komunale. Serbia t\u00eb siguroj\u00eb q\u00eb protestuesit t\u00eb largohen nga nd\u00ebrtesat e komunave nj\u00ebkoh\u00ebsisht me largimin e policis\u00eb s\u00eb Kosov\u00ebs\u201d, kishte \u00a0th\u00ebn\u00eb Borrell.<\/p>\n<p>Sipas burimeve b\u00ebhet fjal\u00eb se Lajcak dhe Borell jan\u00eb dakorduar p\u00ebr pikat e nj\u00ebjta.<\/p>\n<p>Por, t\u00eb dy t\u00eb h\u00ebn\u00ebn kur kan\u00eb njoftuar p\u00ebr marr\u00ebveshje kan\u00eb shkruar pak a shum\u00eb me tone t\u00eb nj\u00ebjta.<\/p>\n<p>\u201cU pajtuam p\u00ebr hapat e n\u00ebevojsh\u00ebm p\u00ebr t\u00eb siguruar deeskalim efektiv dhe sic parashihet me ligj, duke u fokuaur n\u00eb normalizim dhe zbatimin e sundimit t\u00eb ligjit\u201d, ka shkruar Bislimi.<\/p>\n<p>Marr\u00ebveshjen i pari e ka shpallur Emisari Miroslav Laj\u00e7ak<\/p>\n<p>Pat\u00ebm nj\u00eb diksutim bilateral intensiv sot n\u00eb Bratislav\u00eb me Z\u00ebvend\u00ebskryemiministrin Besnik Bislimi p\u00ebr shtensionimin e situat\u00ebs n\u00eb veri t\u00eb Kosov\u00ebs, sipas deklarat\u00ebs s\u00eb 3 qershorit nga Bashkimi Evropian dhe p\u00ebr rrug\u00ebn e zbatimit t\u00eb t\u00eb gjitha marr\u00ebveshjeve t\u00eb Dialogut. U pajtuam p\u00ebr hapat e par\u00eb drejt k\u00ebtij q\u00ebllimi\u201d, ka shkruar Lajcak n\u00eb Twitter.<\/p>\n","protected":false},"excerpt":{"rendered":"<p>Pas vizitave n\u00eb Kosov\u00eb e Serbi jav\u00ebn q\u00eb shkoi Miroslav Laj\u00e7ak sot b\u00ebri nj\u00eb paraqitje befasuese nga kryeqyteti i vendit t\u00eb tij, Bratislava. Krah tij u paraqit edhe Z\u00ebvend\u00ebskreministri Besnik Bislimi. T\u00eb dy than\u00eb se kan\u00eb arritur marr\u00ebveshje p\u00ebr deesakalimin e situat\u00ebs n\u00eb Veri. Por \u00e7far\u00eb p\u00ebrmban ajo? Si\u00e7 m\u00ebson Gazeta Express Emisar i BE\u2019s\u00eb [&hellip;]<\/p>\n","protected":false},"author":2,"featured_media":18558,"comment_status":"closed","ping_status":"closed","sticky":false,"template":"","format":"standard","meta":{"_monsterinsights_skip_tracking":false,"_monsterinsights_sitenote_active":false,"_monsterinsights_sitenote_note":"","_monsterinsights_sitenote_category":0,"_uf_show_specific_survey":0,"_uf_disable_surveys":false,"footnotes":""},"categories":[23,15],"tags":[],"yoast_head":"<!-- This site is optimized with the Yoast SEO plugin v21.5 - https:\/\/yoast.com\/wordpress\/plugins\/seo\/ -->\n<title>Marr\u00ebveshja Laj\u00e7ak - Bislimi p\u00ebr deeskalimin n\u00eb Veri, p\u00ebr \u00e7far\u00eb u dakorduan?<\/title>\n<meta name=\"robots\" content=\"index, follow, max-snippet:-1, max-image-preview:large, max-video-preview:-1\" \/>\n<link rel=\"canonical\" href=\"https:\/\/permbledhja.com\/sq\/marreveshja-lajcak-bislimi-per-deeskalimin-ne-veri-per-cfare-u-dakorduan\/\" \/>\n<meta property=\"og:locale\" content=\"sq_AL\" \/>\n<meta property=\"og:type\" content=\"article\" \/>\n<meta property=\"og:title\" content=\"Marr\u00ebveshja Laj\u00e7ak - Bislimi p\u00ebr deeskalimin n\u00eb Veri, p\u00ebr \u00e7far\u00eb u dakorduan?\" \/>\n<meta property=\"og:description\" content=\"Pas vizitave n\u00eb Kosov\u00eb e Serbi jav\u00ebn q\u00eb shkoi Miroslav Laj\u00e7ak sot b\u00ebri nj\u00eb paraqitje befasuese nga kryeqyteti i vendit t\u00eb tij, Bratislava. Krah tij u paraqit edhe Z\u00ebvend\u00ebskreministri Besnik Bislimi. T\u00eb dy than\u00eb se kan\u00eb arritur marr\u00ebveshje p\u00ebr deesakalimin e situat\u00ebs n\u00eb Veri. Por \u00e7far\u00eb p\u00ebrmban ajo? Si\u00e7 m\u00ebson Gazeta Express Emisar i BE\u2019s\u00eb [&hellip;]\" \/>\n<meta property=\"og:url\" content=\"https:\/\/permbledhja.com\/sq\/marreveshja-lajcak-bislimi-per-deeskalimin-ne-veri-per-cfare-u-dakorduan\/\" \/>\n<meta property=\"og:site_name\" content=\"Ve\u00e7 artikuj p\u00ebrmbledh\u00ebs\" \/>\n<meta property=\"article:publisher\" content=\"https:\/\/www.facebook.com\/press07\/\" \/>\n<meta property=\"article:published_time\" content=\"2023-07-10T16:47:52+00:00\" \/>\n<meta property=\"article:modified_time\" content=\"2023-07-10T16:48:53+00:00\" \/>\n<meta property=\"og:image\" content=\"https:\/\/permbledhja.com\/wp-content\/uploads\/2023\/07\/lajcakbislimi.jpg\" \/>\n\t<meta property=\"og:image:width\" content=\"1882\" \/>\n\t<meta property=\"og:image:height\" content=\"1269\" \/>\n\t<meta property=\"og:image:type\" content=\"image\/jpeg\" \/>\n<meta name=\"author\" content=\"M M\" \/>\n<meta name=\"twitter:card\" content=\"summary_large_image\" \/>\n<meta name=\"twitter:label1\" content=\"Written by\" \/>\n\t<meta name=\"twitter:data1\" content=\"M M\" \/>\n\t<meta name=\"twitter:label2\" content=\"Est. reading time\" \/>\n\t<meta name=\"twitter:data2\" content=\"2 minuta\" \/>\n<script type=\"application\/ld+json\" class=\"yoast-schema-graph\">{\"@context\":\"https:\/\/schema.org\",\"@graph\":[{\"@type\":\"Article\",\"@id\":\"https:\/\/permbledhja.com\/sq\/marreveshja-lajcak-bislimi-per-deeskalimin-ne-veri-per-cfare-u-dakorduan\/#article\",\"isPartOf\":{\"@id\":\"https:\/\/permbledhja.com\/sq\/marreveshja-lajcak-bislimi-per-deeskalimin-ne-veri-per-cfare-u-dakorduan\/\"},\"author\":{\"name\":\"M M\",\"@id\":\"https:\/\/permbledhja.com\/#\/schema\/person\/d23f13f59b5722643933d6780783acf3\"},\"headline\":\"Marr\u00ebveshja Laj\u00e7ak &#8211; Bislimi p\u00ebr deeskalimin n\u00eb Veri, p\u00ebr \u00e7far\u00eb u dakorduan?\",\"datePublished\":\"2023-07-10T16:47:52+00:00\",\"dateModified\":\"2023-07-10T16:48:53+00:00\",\"mainEntityOfPage\":{\"@id\":\"https:\/\/permbledhja.com\/sq\/marreveshja-lajcak-bislimi-per-deeskalimin-ne-veri-per-cfare-u-dakorduan\/\"},\"wordCount\":390,\"publisher\":{\"@id\":\"https:\/\/permbledhja.com\/#organization\"},\"articleSection\":[\"Komb\u00ebtare\",\"Lajme\"],\"inLanguage\":\"sq\"},{\"@type\":\"WebPage\",\"@id\":\"https:\/\/permbledhja.com\/sq\/marreveshja-lajcak-bislimi-per-deeskalimin-ne-veri-per-cfare-u-dakorduan\/\",\"url\":\"https:\/\/permbledhja.com\/sq\/marreveshja-lajcak-bislimi-per-deeskalimin-ne-veri-per-cfare-u-dakorduan\/\",\"name\":\"Marr\u00ebveshja Laj\u00e7ak - Bislimi p\u00ebr deeskalimin n\u00eb Veri, p\u00ebr \u00e7far\u00eb u dakorduan?\",\"isPartOf\":{\"@id\":\"https:\/\/permbledhja.com\/#website\"},\"datePublished\":\"2023-07-10T16:47:52+00:00\",\"dateModified\":\"2023-07-10T16:48:53+00:00\",\"breadcrumb\":{\"@id\":\"https:\/\/permbledhja.com\/sq\/marreveshja-lajcak-bislimi-per-deeskalimin-ne-veri-per-cfare-u-dakorduan\/#breadcrumb\"},\"inLanguage\":\"sq\",\"potentialAction\":[{\"@type\":\"ReadAction\",\"target\":[\"https:\/\/permbledhja.com\/sq\/marreveshja-lajcak-bislimi-per-deeskalimin-ne-veri-per-cfare-u-dakorduan\/\"]}]},{\"@type\":\"BreadcrumbList\",\"@id\":\"https:\/\/permbledhja.com\/sq\/marreveshja-lajcak-bislimi-per-deeskalimin-ne-veri-per-cfare-u-dakorduan\/#breadcrumb\",\"itemListElement\":[{\"@type\":\"ListItem\",\"position\":1,\"name\":\"Ballina\",\"item\":\"https:\/\/permbledhja.com\/sq\/\"},{\"@type\":\"ListItem\",\"position\":2,\"name\":\"Marr\u00ebveshja Laj\u00e7ak &#8211; Bislimi p\u00ebr deeskalimin n\u00eb Veri, p\u00ebr \u00e7far\u00eb u dakorduan?\"}]},{\"@type\":\"WebSite\",\"@id\":\"https:\/\/permbledhja.com\/#website\",\"url\":\"https:\/\/permbledhja.com\/\",\"name\":\"Ve\u00e7 artikuj p\u00ebrmbledh\u00ebs\",\"description\":\"\",\"publisher\":{\"@id\":\"https:\/\/permbledhja.com\/#organization\"},\"potentialAction\":[{\"@type\":\"SearchAction\",\"target\":{\"@type\":\"EntryPoint\",\"urlTemplate\":\"https:\/\/permbledhja.com\/?s={search_term_string}\"},\"query-input\":\"required name=search_term_string\"}],\"inLanguage\":\"sq\"},{\"@type\":\"Organization\",\"@id\":\"https:\/\/permbledhja.com\/#organization\",\"name\":\"MK Media & Pr\",\"url\":\"https:\/\/permbledhja.com\/\",\"logo\":{\"@type\":\"ImageObject\",\"inLanguage\":\"sq\",\"@id\":\"https:\/\/permbledhja.com\/#\/schema\/logo\/image\/\",\"url\":\"https:\/\/permbledhja.com\/wp-content\/uploads\/2021\/12\/07-Press-Logo.jpg\",\"contentUrl\":\"https:\/\/permbledhja.com\/wp-content\/uploads\/2021\/12\/07-Press-Logo.jpg\",\"width\":512,\"height\":512,\"caption\":\"MK Media & Pr\"},\"image\":{\"@id\":\"https:\/\/permbledhja.com\/#\/schema\/logo\/image\/\"},\"sameAs\":[\"https:\/\/www.facebook.com\/press07\/\"]},{\"@type\":\"Person\",\"@id\":\"https:\/\/permbledhja.com\/#\/schema\/person\/d23f13f59b5722643933d6780783acf3\",\"name\":\"M M\",\"image\":{\"@type\":\"ImageObject\",\"inLanguage\":\"sq\",\"@id\":\"https:\/\/permbledhja.com\/#\/schema\/person\/image\/\",\"url\":\"https:\/\/secure.gravatar.com\/avatar\/e2835a76ca7c31a2416b2d51c4ec9a8f?s=96&d=mm&r=g\",\"contentUrl\":\"https:\/\/secure.gravatar.com\/avatar\/e2835a76ca7c31a2416b2d51c4ec9a8f?s=96&d=mm&r=g\",\"caption\":\"M M\"},\"sameAs\":[\"http:\/\/MM\"],\"url\":\"https:\/\/permbledhja.com\/sq\/author\/muhamet\/\"}]}<\/script>\n<!-- \/ Yoast SEO plugin. -->","yoast_head_json":{"title":"Marr\u00ebveshja Laj\u00e7ak - Bislimi p\u00ebr deeskalimin n\u00eb Veri, p\u00ebr \u00e7far\u00eb u dakorduan?","robots":{"index":"index","follow":"follow","max-snippet":"max-snippet:-1","max-image-preview":"max-image-preview:large","max-video-preview":"max-video-preview:-1"},"canonical":"https:\/\/permbledhja.com\/sq\/marreveshja-lajcak-bislimi-per-deeskalimin-ne-veri-per-cfare-u-dakorduan\/","og_locale":"sq_AL","og_type":"article","og_title":"Marr\u00ebveshja Laj\u00e7ak - Bislimi p\u00ebr deeskalimin n\u00eb Veri, p\u00ebr \u00e7far\u00eb u dakorduan?","og_description":"Pas vizitave n\u00eb Kosov\u00eb e Serbi jav\u00ebn q\u00eb shkoi Miroslav Laj\u00e7ak sot b\u00ebri nj\u00eb paraqitje befasuese nga kryeqyteti i vendit t\u00eb tij, Bratislava. Krah tij u paraqit edhe Z\u00ebvend\u00ebskreministri Besnik Bislimi. T\u00eb dy than\u00eb se kan\u00eb arritur marr\u00ebveshje p\u00ebr deesakalimin e situat\u00ebs n\u00eb Veri. Por \u00e7far\u00eb p\u00ebrmban ajo? Si\u00e7 m\u00ebson Gazeta Express Emisar i BE\u2019s\u00eb [&hellip;]","og_url":"https:\/\/permbledhja.com\/sq\/marreveshja-lajcak-bislimi-per-deeskalimin-ne-veri-per-cfare-u-dakorduan\/","og_site_name":"Ve\u00e7 artikuj p\u00ebrmbledh\u00ebs","article_publisher":"https:\/\/www.facebook.com\/press07\/","article_published_time":"2023-07-10T16:47:52+00:00","article_modified_time":"2023-07-10T16:48:53+00:00","og_image":[{"width":1882,"height":1269,"url":"https:\/\/permbledhja.com\/wp-content\/uploads\/2023\/07\/lajcakbislimi.jpg","type":"image\/jpeg"}],"author":"M M","twitter_card":"summary_large_image","twitter_misc":{"Written by":"M M","Est. reading time":"2 minuta"},"schema":{"@context":"https:\/\/schema.org","@graph":[{"@type":"Article","@id":"https:\/\/permbledhja.com\/sq\/marreveshja-lajcak-bislimi-per-deeskalimin-ne-veri-per-cfare-u-dakorduan\/#article","isPartOf":{"@id":"https:\/\/permbledhja.com\/sq\/marreveshja-lajcak-bislimi-per-deeskalimin-ne-veri-per-cfare-u-dakorduan\/"},"author":{"name":"M M","@id":"https:\/\/permbledhja.com\/#\/schema\/person\/d23f13f59b5722643933d6780783acf3"},"headline":"Marr\u00ebveshja Laj\u00e7ak &#8211; Bislimi p\u00ebr deeskalimin n\u00eb Veri, p\u00ebr \u00e7far\u00eb u dakorduan?","datePublished":"2023-07-10T16:47:52+00:00","dateModified":"2023-07-10T16:48:53+00:00","mainEntityOfPage":{"@id":"https:\/\/permbledhja.com\/sq\/marreveshja-lajcak-bislimi-per-deeskalimin-ne-veri-per-cfare-u-dakorduan\/"},"wordCount":390,"publisher":{"@id":"https:\/\/permbledhja.com\/#organization"},"articleSection":["Komb\u00ebtare","Lajme"],"inLanguage":"sq"},{"@type":"WebPage","@id":"https:\/\/permbledhja.com\/sq\/marreveshja-lajcak-bislimi-per-deeskalimin-ne-veri-per-cfare-u-dakorduan\/","url":"https:\/\/permbledhja.com\/sq\/marreveshja-lajcak-bislimi-per-deeskalimin-ne-veri-per-cfare-u-dakorduan\/","name":"Marr\u00ebveshja Laj\u00e7ak - Bislimi p\u00ebr deeskalimin n\u00eb Veri, p\u00ebr \u00e7far\u00eb u dakorduan?","isPartOf":{"@id":"https:\/\/permbledhja.com\/#website"},"datePublished":"2023-07-10T16:47:52+00:00","dateModified":"2023-07-10T16:48:53+00:00","breadcrumb":{"@id":"https:\/\/permbledhja.com\/sq\/marreveshja-lajcak-bislimi-per-deeskalimin-ne-veri-per-cfare-u-dakorduan\/#breadcrumb"},"inLanguage":"sq","potentialAction":[{"@type":"ReadAction","target":["https:\/\/permbledhja.com\/sq\/marreveshja-lajcak-bislimi-per-deeskalimin-ne-veri-per-cfare-u-dakorduan\/"]}]},{"@type":"BreadcrumbList","@id":"https:\/\/permbledhja.com\/sq\/marreveshja-lajcak-bislimi-per-deeskalimin-ne-veri-per-cfare-u-dakorduan\/#breadcrumb","itemListElement":[{"@type":"ListItem","position":1,"name":"Ballina","item":"https:\/\/permbledhja.com\/sq\/"},{"@type":"ListItem","position":2,"name":"Marr\u00ebveshja Laj\u00e7ak &#8211; Bislimi p\u00ebr deeskalimin n\u00eb Veri, p\u00ebr \u00e7far\u00eb u dakorduan?"}]},{"@type":"WebSite","@id":"https:\/\/permbledhja.com\/#website","url":"https:\/\/permbledhja.com\/","name":"Ve\u00e7 artikuj p\u00ebrmbledh\u00ebs","description":"","publisher":{"@id":"https:\/\/permbledhja.com\/#organization"},"potentialAction":[{"@type":"SearchAction","target":{"@type":"EntryPoint","urlTemplate":"https:\/\/permbledhja.com\/?s={search_term_string}"},"query-input":"required name=search_term_string"}],"inLanguage":"sq"},{"@type":"Organization","@id":"https:\/\/permbledhja.com\/#organization","name":"MK Media & Pr","url":"https:\/\/permbledhja.com\/","logo":{"@type":"ImageObject","inLanguage":"sq","@id":"https:\/\/permbledhja.com\/#\/schema\/logo\/image\/","url":"https:\/\/permbledhja.com\/wp-content\/uploads\/2021\/12\/07-Press-Logo.jpg","contentUrl":"https:\/\/permbledhja.com\/wp-content\/uploads\/2021\/12\/07-Press-Logo.jpg","width":512,"height":512,"caption":"MK Media & Pr"},"image":{"@id":"https:\/\/permbledhja.com\/#\/schema\/logo\/image\/"},"sameAs":["https:\/\/www.facebook.com\/press07\/"]},{"@type":"Person","@id":"https:\/\/permbledhja.com\/#\/schema\/person\/d23f13f59b5722643933d6780783acf3","name":"M M","image":{"@type":"ImageObject","inLanguage":"sq","@id":"https:\/\/permbledhja.com\/#\/schema\/person\/image\/","url":"https:\/\/secure.gravatar.com\/avatar\/e2835a76ca7c31a2416b2d51c4ec9a8f?s=96&d=mm&r=g","contentUrl":"https:\/\/secure.gravatar.com\/avatar\/e2835a76ca7c31a2416b2d51c4ec9a8f?s=96&d=mm&r=g","caption":"M M"},"sameAs":["http:\/\/MM"],"url":"https:\/\/permbledhja.com\/sq\/author\/muhamet\/"}]}},"_links":{"self":[{"href":"https:\/\/permbledhja.com\/sq\/wp-json\/wp\/v2\/posts\/18557"}],"collection":[{"href":"https:\/\/permbledhja.com\/sq\/wp-json\/wp\/v2\/posts"}],"about":[{"href":"https:\/\/permbledhja.com\/sq\/wp-json\/wp\/v2\/types\/post"}],"author":[{"embeddable":true,"href":"https:\/\/permbledhja.com\/sq\/wp-json\/wp\/v2\/users\/2"}],"replies":[{"embeddable":true,"href":"https:\/\/permbledhja.com\/sq\/wp-json\/wp\/v2\/comments?post=18557"}],"version-history":[{"count":2,"href":"https:\/\/permbledhja.com\/sq\/wp-json\/wp\/v2\/posts\/18557\/revisions"}],"predecessor-version":[{"id":18560,"href":"https:\/\/permbledhja.com\/sq\/wp-json\/wp\/v2\/posts\/18557\/revisions\/18560"}],"wp:featuredmedia":[{"embeddable":true,"href":"https:\/\/permbledhja.com\/sq\/wp-json\/wp\/v2\/media\/18558"}],"wp:attachment":[{"href":"https:\/\/permbledhja.com\/sq\/wp-json\/wp\/v2\/media?parent=18557"}],"wp:term":[{"taxonomy":"category","embeddable":true,"href":"https:\/\/permbledhja.com\/sq\/wp-json\/wp\/v2\/categories?post=18557"},{"taxonomy":"post_tag","embeddable":true,"href":"https:\/\/permbledhja.com\/sq\/wp-json\/wp\/v2\/tags?post=18557"}],"curies":[{"name":"wp","href":"https:\/\/api.w.org\/{rel}","templated":true}]}}