{"id":18553,"date":"2023-07-10T16:31:30","date_gmt":"2023-07-10T16:31:30","guid":{"rendered":"https:\/\/permbledhja.com\/?p=18553"},"modified":"2023-07-10T16:34:56","modified_gmt":"2023-07-10T16:34:56","slug":"musliu-kusari-foli-me-simiqin-me-direktiva-te-kurtit-e-mihalit-i-ben-nder-vetes-nese-jep-doreheqje","status":"publish","type":"post","link":"https:\/\/permbledhja.com\/sq\/musliu-kusari-foli-me-simiqin-me-direktiva-te-kurtit-e-mihalit-i-ben-nder-vetes-nese-jep-doreheqje\/","title":{"rendered":"Musliu: Kusari foli me Simiqin me direktiva t\u00eb Kurtit e Mihalit, i b\u00ebn nder vetes n\u00ebse jep dor\u00ebheqje"},"content":{"rendered":"<h3>Deputetja e PDK-s\u00eb, Ganimete Musliu e ka quajtur \u201cseksere\u201d kryetaren e grupit parlamentar t\u00eb LVV-s\u00eb, Mimoza Kusari.<\/h3>\n<p>Musliu tha n\u00eb Frontal n\u00eb T7 se Kusari do t\u00eb duhej t\u00eb jepte dor\u00ebheqje, pasi n\u00eb nj\u00eb p\u00ebrgjim t\u00eb publikuar sot ajo u d\u00ebgjua teksa fliste me n\u00ebnkryetarin e List\u00ebs Serbe, Slavko Simiq p\u00ebr Milan Radoi\u00e7iqin, i k\u00ebrkuar nga organet e rendit n\u00eb Kosov\u00eb dhe n\u00eb list\u00eb t\u00eb zez\u00eb t\u00eb SHBA-s\u00eb.<\/p>\n<p>\u201cMe qen\u00eb n\u00eb vend t\u00eb Mimoza Kusarit, kisha dh\u00ebn\u00eb dor\u00ebheqje\u201d, tha Musliu, e cila beson se Kusari ka biseduar me Simiqin \u201cme direktiva t\u00eb Albin Kurtit dhe Dejona Mihalit\u201d.<\/p>\n<p>Ajo tha se p\u00ebr t\u00eb \u201cnuk \u00ebsht\u00eb \u00e7udi\u201d p\u00ebrgjimi. \u201cE di q\u00eb kan\u00eb fol\u00eb gjith\u00eb\u201d, tha Musliu.<\/p>\n<p>Deputetja e PDK-s\u00eb tha se p\u00ebrgjimi shfaqi \u201can\u00ebn m\u00eb t\u00eb err\u00ebt t\u00eb nj\u00eb shefe t\u00eb grupit parlamentar\u201d. Me dor\u00ebheqje, sipas Musliut, Kusari \u201ci b\u00ebn nder edhe vetes, edhe familjes s\u00eb saj, por edhe L\u00ebvizjes Vet\u00ebvendosje\u201d.<\/p>\n<p>\u201c\u00cbsht\u00eb mir\u00eb q\u00eb po e kupton edhe qytetari i Republik\u00ebs s\u00eb Kosov\u00ebs se kush jan\u00eb k\u00ebta\u201d, tha Musliu.<\/p>\n","protected":false},"excerpt":{"rendered":"<p>Deputetja e PDK-s\u00eb, Ganimete Musliu e ka quajtur \u201cseksere\u201d kryetaren e grupit parlamentar t\u00eb LVV-s\u00eb, Mimoza Kusari. Musliu tha n\u00eb Frontal n\u00eb T7 se Kusari do t\u00eb duhej t\u00eb jepte dor\u00ebheqje, pasi n\u00eb nj\u00eb p\u00ebrgjim t\u00eb publikuar sot ajo u d\u00ebgjua teksa fliste me n\u00ebnkryetarin e List\u00ebs Serbe, Slavko Simiq p\u00ebr Milan Radoi\u00e7iqin, i k\u00ebrkuar [&hellip;]<\/p>\n","protected":false},"author":2,"featured_media":18556,"comment_status":"closed","ping_status":"closed","sticky":false,"template":"","format":"standard","meta":{"_monsterinsights_skip_tracking":false,"_monsterinsights_sitenote_active":false,"_monsterinsights_sitenote_note":"","_monsterinsights_sitenote_category":0,"_uf_show_specific_survey":0,"_uf_disable_surveys":false,"footnotes":""},"categories":[23,15],"tags":[131],"yoast_head":"<!-- This site is optimized with the Yoast SEO plugin v21.5 - https:\/\/yoast.com\/wordpress\/plugins\/seo\/ -->\n<title>Musliu: Kusari foli me Simiqin me direktiva t\u00eb Kurtit e Mihalit, i b\u00ebn nder vetes n\u00ebse jep dor\u00ebheqje<\/title>\n<meta name=\"robots\" content=\"index, follow, max-snippet:-1, max-image-preview:large, max-video-preview:-1\" \/>\n<link rel=\"canonical\" href=\"https:\/\/permbledhja.com\/sq\/musliu-kusari-foli-me-simiqin-me-direktiva-te-kurtit-e-mihalit-i-ben-nder-vetes-nese-jep-doreheqje\/\" \/>\n<meta property=\"og:locale\" content=\"sq_AL\" \/>\n<meta property=\"og:type\" content=\"article\" \/>\n<meta property=\"og:title\" content=\"Musliu: Kusari foli me Simiqin me direktiva t\u00eb Kurtit e Mihalit, i b\u00ebn nder vetes n\u00ebse jep dor\u00ebheqje\" \/>\n<meta property=\"og:description\" content=\"Deputetja e PDK-s\u00eb, Ganimete Musliu e ka quajtur \u201cseksere\u201d kryetaren e grupit parlamentar t\u00eb LVV-s\u00eb, Mimoza Kusari. Musliu tha n\u00eb Frontal n\u00eb T7 se Kusari do t\u00eb duhej t\u00eb jepte dor\u00ebheqje, pasi n\u00eb nj\u00eb p\u00ebrgjim t\u00eb publikuar sot ajo u d\u00ebgjua teksa fliste me n\u00ebnkryetarin e List\u00ebs Serbe, Slavko Simiq p\u00ebr Milan Radoi\u00e7iqin, i k\u00ebrkuar [&hellip;]\" \/>\n<meta property=\"og:url\" content=\"https:\/\/permbledhja.com\/sq\/musliu-kusari-foli-me-simiqin-me-direktiva-te-kurtit-e-mihalit-i-ben-nder-vetes-nese-jep-doreheqje\/\" \/>\n<meta property=\"og:site_name\" content=\"Ve\u00e7 artikuj p\u00ebrmbledh\u00ebs\" \/>\n<meta property=\"article:publisher\" content=\"https:\/\/www.facebook.com\/press07\/\" \/>\n<meta property=\"article:published_time\" content=\"2023-07-10T16:31:30+00:00\" \/>\n<meta property=\"article:modified_time\" content=\"2023-07-10T16:34:56+00:00\" \/>\n<meta property=\"og:image\" content=\"https:\/\/permbledhja.com\/wp-content\/uploads\/2023\/07\/Capture-15.jpg\" \/>\n\t<meta property=\"og:image:width\" content=\"1194\" \/>\n\t<meta property=\"og:image:height\" content=\"573\" \/>\n\t<meta property=\"og:image:type\" content=\"image\/jpeg\" \/>\n<meta name=\"author\" content=\"M M\" \/>\n<meta name=\"twitter:card\" content=\"summary_large_image\" \/>\n<meta name=\"twitter:label1\" content=\"Written by\" \/>\n\t<meta name=\"twitter:data1\" content=\"M M\" \/>\n\t<meta name=\"twitter:label2\" content=\"Est. reading time\" \/>\n\t<meta name=\"twitter:data2\" content=\"1 minut\u00eb\" \/>\n<script type=\"application\/ld+json\" class=\"yoast-schema-graph\">{\"@context\":\"https:\/\/schema.org\",\"@graph\":[{\"@type\":\"Article\",\"@id\":\"https:\/\/permbledhja.com\/musliu-kusari-foli-me-simiqin-me-direktiva-te-kurtit-e-mihalit-i-ben-nder-vetes-nese-jep-doreheqje\/#article\",\"isPartOf\":{\"@id\":\"https:\/\/permbledhja.com\/musliu-kusari-foli-me-simiqin-me-direktiva-te-kurtit-e-mihalit-i-ben-nder-vetes-nese-jep-doreheqje\/\"},\"author\":{\"name\":\"M M\",\"@id\":\"https:\/\/permbledhja.com\/#\/schema\/person\/d23f13f59b5722643933d6780783acf3\"},\"headline\":\"Musliu: Kusari foli me Simiqin me direktiva t\u00eb Kurtit e Mihalit, i b\u00ebn nder vetes n\u00ebse jep dor\u00ebheqje\",\"datePublished\":\"2023-07-10T16:31:30+00:00\",\"dateModified\":\"2023-07-10T16:34:56+00:00\",\"mainEntityOfPage\":{\"@id\":\"https:\/\/permbledhja.com\/musliu-kusari-foli-me-simiqin-me-direktiva-te-kurtit-e-mihalit-i-ben-nder-vetes-nese-jep-doreheqje\/\"},\"wordCount\":210,\"publisher\":{\"@id\":\"https:\/\/permbledhja.com\/#organization\"},\"keywords\":[\"Ganimete Musliu\"],\"articleSection\":[\"Komb\u00ebtare\",\"Lajme\"],\"inLanguage\":\"sq\"},{\"@type\":\"WebPage\",\"@id\":\"https:\/\/permbledhja.com\/musliu-kusari-foli-me-simiqin-me-direktiva-te-kurtit-e-mihalit-i-ben-nder-vetes-nese-jep-doreheqje\/\",\"url\":\"https:\/\/permbledhja.com\/musliu-kusari-foli-me-simiqin-me-direktiva-te-kurtit-e-mihalit-i-ben-nder-vetes-nese-jep-doreheqje\/\",\"name\":\"Musliu: Kusari foli me Simiqin me direktiva t\u00eb Kurtit e Mihalit, i b\u00ebn nder vetes n\u00ebse jep dor\u00ebheqje\",\"isPartOf\":{\"@id\":\"https:\/\/permbledhja.com\/#website\"},\"datePublished\":\"2023-07-10T16:31:30+00:00\",\"dateModified\":\"2023-07-10T16:34:56+00:00\",\"breadcrumb\":{\"@id\":\"https:\/\/permbledhja.com\/musliu-kusari-foli-me-simiqin-me-direktiva-te-kurtit-e-mihalit-i-ben-nder-vetes-nese-jep-doreheqje\/#breadcrumb\"},\"inLanguage\":\"sq\",\"potentialAction\":[{\"@type\":\"ReadAction\",\"target\":[\"https:\/\/permbledhja.com\/musliu-kusari-foli-me-simiqin-me-direktiva-te-kurtit-e-mihalit-i-ben-nder-vetes-nese-jep-doreheqje\/\"]}]},{\"@type\":\"BreadcrumbList\",\"@id\":\"https:\/\/permbledhja.com\/musliu-kusari-foli-me-simiqin-me-direktiva-te-kurtit-e-mihalit-i-ben-nder-vetes-nese-jep-doreheqje\/#breadcrumb\",\"itemListElement\":[{\"@type\":\"ListItem\",\"position\":1,\"name\":\"Ballina\",\"item\":\"https:\/\/permbledhja.com\/sq\/\"},{\"@type\":\"ListItem\",\"position\":2,\"name\":\"Musliu: Kusari foli me Simiqin me direktiva t\u00eb Kurtit e Mihalit, i b\u00ebn nder vetes n\u00ebse jep dor\u00ebheqje\"}]},{\"@type\":\"WebSite\",\"@id\":\"https:\/\/permbledhja.com\/#website\",\"url\":\"https:\/\/permbledhja.com\/\",\"name\":\"Ve\u00e7 artikuj p\u00ebrmbledh\u00ebs\",\"description\":\"\",\"publisher\":{\"@id\":\"https:\/\/permbledhja.com\/#organization\"},\"potentialAction\":[{\"@type\":\"SearchAction\",\"target\":{\"@type\":\"EntryPoint\",\"urlTemplate\":\"https:\/\/permbledhja.com\/?s={search_term_string}\"},\"query-input\":\"required name=search_term_string\"}],\"inLanguage\":\"sq\"},{\"@type\":\"Organization\",\"@id\":\"https:\/\/permbledhja.com\/#organization\",\"name\":\"MK Media & Pr\",\"url\":\"https:\/\/permbledhja.com\/\",\"logo\":{\"@type\":\"ImageObject\",\"inLanguage\":\"sq\",\"@id\":\"https:\/\/permbledhja.com\/#\/schema\/logo\/image\/\",\"url\":\"https:\/\/permbledhja.com\/wp-content\/uploads\/2021\/12\/07-Press-Logo.jpg\",\"contentUrl\":\"https:\/\/permbledhja.com\/wp-content\/uploads\/2021\/12\/07-Press-Logo.jpg\",\"width\":512,\"height\":512,\"caption\":\"MK Media & Pr\"},\"image\":{\"@id\":\"https:\/\/permbledhja.com\/#\/schema\/logo\/image\/\"},\"sameAs\":[\"https:\/\/www.facebook.com\/press07\/\"]},{\"@type\":\"Person\",\"@id\":\"https:\/\/permbledhja.com\/#\/schema\/person\/d23f13f59b5722643933d6780783acf3\",\"name\":\"M M\",\"image\":{\"@type\":\"ImageObject\",\"inLanguage\":\"sq\",\"@id\":\"https:\/\/permbledhja.com\/#\/schema\/person\/image\/\",\"url\":\"https:\/\/secure.gravatar.com\/avatar\/e2835a76ca7c31a2416b2d51c4ec9a8f?s=96&d=mm&r=g\",\"contentUrl\":\"https:\/\/secure.gravatar.com\/avatar\/e2835a76ca7c31a2416b2d51c4ec9a8f?s=96&d=mm&r=g\",\"caption\":\"M M\"},\"sameAs\":[\"http:\/\/MM\"],\"url\":\"https:\/\/permbledhja.com\/sq\/author\/muhamet\/\"}]}<\/script>\n<!-- \/ Yoast SEO plugin. -->","yoast_head_json":{"title":"Musliu: Kusari foli me Simiqin me direktiva t\u00eb Kurtit e Mihalit, i b\u00ebn nder vetes n\u00ebse jep dor\u00ebheqje","robots":{"index":"index","follow":"follow","max-snippet":"max-snippet:-1","max-image-preview":"max-image-preview:large","max-video-preview":"max-video-preview:-1"},"canonical":"https:\/\/permbledhja.com\/sq\/musliu-kusari-foli-me-simiqin-me-direktiva-te-kurtit-e-mihalit-i-ben-nder-vetes-nese-jep-doreheqje\/","og_locale":"sq_AL","og_type":"article","og_title":"Musliu: Kusari foli me Simiqin me direktiva t\u00eb Kurtit e Mihalit, i b\u00ebn nder vetes n\u00ebse jep dor\u00ebheqje","og_description":"Deputetja e PDK-s\u00eb, Ganimete Musliu e ka quajtur \u201cseksere\u201d kryetaren e grupit parlamentar t\u00eb LVV-s\u00eb, Mimoza Kusari. Musliu tha n\u00eb Frontal n\u00eb T7 se Kusari do t\u00eb duhej t\u00eb jepte dor\u00ebheqje, pasi n\u00eb nj\u00eb p\u00ebrgjim t\u00eb publikuar sot ajo u d\u00ebgjua teksa fliste me n\u00ebnkryetarin e List\u00ebs Serbe, Slavko Simiq p\u00ebr Milan Radoi\u00e7iqin, i k\u00ebrkuar [&hellip;]","og_url":"https:\/\/permbledhja.com\/sq\/musliu-kusari-foli-me-simiqin-me-direktiva-te-kurtit-e-mihalit-i-ben-nder-vetes-nese-jep-doreheqje\/","og_site_name":"Ve\u00e7 artikuj p\u00ebrmbledh\u00ebs","article_publisher":"https:\/\/www.facebook.com\/press07\/","article_published_time":"2023-07-10T16:31:30+00:00","article_modified_time":"2023-07-10T16:34:56+00:00","og_image":[{"width":1194,"height":573,"url":"https:\/\/permbledhja.com\/wp-content\/uploads\/2023\/07\/Capture-15.jpg","type":"image\/jpeg"}],"author":"M M","twitter_card":"summary_large_image","twitter_misc":{"Written by":"M M","Est. reading time":"1 minut\u00eb"},"schema":{"@context":"https:\/\/schema.org","@graph":[{"@type":"Article","@id":"https:\/\/permbledhja.com\/musliu-kusari-foli-me-simiqin-me-direktiva-te-kurtit-e-mihalit-i-ben-nder-vetes-nese-jep-doreheqje\/#article","isPartOf":{"@id":"https:\/\/permbledhja.com\/musliu-kusari-foli-me-simiqin-me-direktiva-te-kurtit-e-mihalit-i-ben-nder-vetes-nese-jep-doreheqje\/"},"author":{"name":"M M","@id":"https:\/\/permbledhja.com\/#\/schema\/person\/d23f13f59b5722643933d6780783acf3"},"headline":"Musliu: Kusari foli me Simiqin me direktiva t\u00eb Kurtit e Mihalit, i b\u00ebn nder vetes n\u00ebse jep dor\u00ebheqje","datePublished":"2023-07-10T16:31:30+00:00","dateModified":"2023-07-10T16:34:56+00:00","mainEntityOfPage":{"@id":"https:\/\/permbledhja.com\/musliu-kusari-foli-me-simiqin-me-direktiva-te-kurtit-e-mihalit-i-ben-nder-vetes-nese-jep-doreheqje\/"},"wordCount":210,"publisher":{"@id":"https:\/\/permbledhja.com\/#organization"},"keywords":["Ganimete Musliu"],"articleSection":["Komb\u00ebtare","Lajme"],"inLanguage":"sq"},{"@type":"WebPage","@id":"https:\/\/permbledhja.com\/musliu-kusari-foli-me-simiqin-me-direktiva-te-kurtit-e-mihalit-i-ben-nder-vetes-nese-jep-doreheqje\/","url":"https:\/\/permbledhja.com\/musliu-kusari-foli-me-simiqin-me-direktiva-te-kurtit-e-mihalit-i-ben-nder-vetes-nese-jep-doreheqje\/","name":"Musliu: Kusari foli me Simiqin me direktiva t\u00eb Kurtit e Mihalit, i b\u00ebn nder vetes n\u00ebse jep dor\u00ebheqje","isPartOf":{"@id":"https:\/\/permbledhja.com\/#website"},"datePublished":"2023-07-10T16:31:30+00:00","dateModified":"2023-07-10T16:34:56+00:00","breadcrumb":{"@id":"https:\/\/permbledhja.com\/musliu-kusari-foli-me-simiqin-me-direktiva-te-kurtit-e-mihalit-i-ben-nder-vetes-nese-jep-doreheqje\/#breadcrumb"},"inLanguage":"sq","potentialAction":[{"@type":"ReadAction","target":["https:\/\/permbledhja.com\/musliu-kusari-foli-me-simiqin-me-direktiva-te-kurtit-e-mihalit-i-ben-nder-vetes-nese-jep-doreheqje\/"]}]},{"@type":"BreadcrumbList","@id":"https:\/\/permbledhja.com\/musliu-kusari-foli-me-simiqin-me-direktiva-te-kurtit-e-mihalit-i-ben-nder-vetes-nese-jep-doreheqje\/#breadcrumb","itemListElement":[{"@type":"ListItem","position":1,"name":"Ballina","item":"https:\/\/permbledhja.com\/sq\/"},{"@type":"ListItem","position":2,"name":"Musliu: Kusari foli me Simiqin me direktiva t\u00eb Kurtit e Mihalit, i b\u00ebn nder vetes n\u00ebse jep dor\u00ebheqje"}]},{"@type":"WebSite","@id":"https:\/\/permbledhja.com\/#website","url":"https:\/\/permbledhja.com\/","name":"Ve\u00e7 artikuj p\u00ebrmbledh\u00ebs","description":"","publisher":{"@id":"https:\/\/permbledhja.com\/#organization"},"potentialAction":[{"@type":"SearchAction","target":{"@type":"EntryPoint","urlTemplate":"https:\/\/permbledhja.com\/?s={search_term_string}"},"query-input":"required name=search_term_string"}],"inLanguage":"sq"},{"@type":"Organization","@id":"https:\/\/permbledhja.com\/#organization","name":"MK Media & Pr","url":"https:\/\/permbledhja.com\/","logo":{"@type":"ImageObject","inLanguage":"sq","@id":"https:\/\/permbledhja.com\/#\/schema\/logo\/image\/","url":"https:\/\/permbledhja.com\/wp-content\/uploads\/2021\/12\/07-Press-Logo.jpg","contentUrl":"https:\/\/permbledhja.com\/wp-content\/uploads\/2021\/12\/07-Press-Logo.jpg","width":512,"height":512,"caption":"MK Media & Pr"},"image":{"@id":"https:\/\/permbledhja.com\/#\/schema\/logo\/image\/"},"sameAs":["https:\/\/www.facebook.com\/press07\/"]},{"@type":"Person","@id":"https:\/\/permbledhja.com\/#\/schema\/person\/d23f13f59b5722643933d6780783acf3","name":"M M","image":{"@type":"ImageObject","inLanguage":"sq","@id":"https:\/\/permbledhja.com\/#\/schema\/person\/image\/","url":"https:\/\/secure.gravatar.com\/avatar\/e2835a76ca7c31a2416b2d51c4ec9a8f?s=96&d=mm&r=g","contentUrl":"https:\/\/secure.gravatar.com\/avatar\/e2835a76ca7c31a2416b2d51c4ec9a8f?s=96&d=mm&r=g","caption":"M M"},"sameAs":["http:\/\/MM"],"url":"https:\/\/permbledhja.com\/sq\/author\/muhamet\/"}]}},"_links":{"self":[{"href":"https:\/\/permbledhja.com\/sq\/wp-json\/wp\/v2\/posts\/18553"}],"collection":[{"href":"https:\/\/permbledhja.com\/sq\/wp-json\/wp\/v2\/posts"}],"about":[{"href":"https:\/\/permbledhja.com\/sq\/wp-json\/wp\/v2\/types\/post"}],"author":[{"embeddable":true,"href":"https:\/\/permbledhja.com\/sq\/wp-json\/wp\/v2\/users\/2"}],"replies":[{"embeddable":true,"href":"https:\/\/permbledhja.com\/sq\/wp-json\/wp\/v2\/comments?post=18553"}],"version-history":[{"count":1,"href":"https:\/\/permbledhja.com\/sq\/wp-json\/wp\/v2\/posts\/18553\/revisions"}],"predecessor-version":[{"id":18555,"href":"https:\/\/permbledhja.com\/sq\/wp-json\/wp\/v2\/posts\/18553\/revisions\/18555"}],"wp:featuredmedia":[{"embeddable":true,"href":"https:\/\/permbledhja.com\/sq\/wp-json\/wp\/v2\/media\/18556"}],"wp:attachment":[{"href":"https:\/\/permbledhja.com\/sq\/wp-json\/wp\/v2\/media?parent=18553"}],"wp:term":[{"taxonomy":"category","embeddable":true,"href":"https:\/\/permbledhja.com\/sq\/wp-json\/wp\/v2\/categories?post=18553"},{"taxonomy":"post_tag","embeddable":true,"href":"https:\/\/permbledhja.com\/sq\/wp-json\/wp\/v2\/tags?post=18553"}],"curies":[{"name":"wp","href":"https:\/\/api.w.org\/{rel}","templated":true}]}}