{"id":18546,"date":"2023-07-10T16:10:53","date_gmt":"2023-07-10T16:10:53","guid":{"rendered":"https:\/\/permbledhja.com\/?p=18546"},"modified":"2023-07-10T16:10:53","modified_gmt":"2023-07-10T16:10:53","slug":"musliu-i-pergjigjet-konjufces-jemi-te-bindur-dhe-shume-te-sigurte-per-zgjedhje","status":"publish","type":"post","link":"https:\/\/permbledhja.com\/sq\/musliu-i-pergjigjet-konjufces-jemi-te-bindur-dhe-shume-te-sigurte-per-zgjedhje\/","title":{"rendered":"Musliu i p\u00ebrgjigjet Konjufc\u00ebs: Jemi t\u00eb bindur dhe shum\u00eb t\u00eb sigurt\u00eb p\u00ebr zgjedhje"},"content":{"rendered":"<h3>Deputetja e PDK-s\u00eb, Ganimete Musliu tha se PDK-ja \u00ebsht\u00eb e bindur se vendi duhet t\u00eb shkoj\u00eb n\u00eb zgjedhje t\u00eb reja t\u00eb parakohshme.<\/h3>\n<p>Musliu tha n\u00eb Frontal n\u00eb T7 se n\u00eb PDK jan\u00eb \u201cshum\u00eb t\u00eb sigurt\u00eb\u201d p\u00ebr k\u00ebt\u00eb.<\/p>\n<p>\u201cJami shum\u00eb t\u00eb bindur dhe shum\u00eb t\u00eb sigurt\u00eb q\u00eb vendi ka nevoj\u00eb p\u00ebr zgjedhje\u201d, tha ajo.<\/p>\n<p>Musliu u pyet edhe p\u00ebr deklarat\u00ebn e kryeparlamentarit Glauk Konjufca, i cili n\u00eb nj\u00eb seanc\u00eb t\u00eb Kuvendit i pyeti partit\u00eb opozitare n\u00ebse e mbajn\u00eb n\u00eb mend kur u kishte th\u00ebn\u00eb t\u00eb b\u00ebhen bashk\u00eb n\u00eb zgjedhje kund\u00ebr LVV-s\u00eb.<\/p>\n<p>\u201cN\u00eb realitet kjo hajgare e z. Konjufca dhe qeveris\u00eb s\u00eb Kosov\u00ebs. Ky trajtim me hajgare dhe arroganc\u00eb e ka sjell\u00eb shtetin n\u00eb k\u00ebt\u00eb gjendje\u201d, tha Musliu.<\/p>\n","protected":false},"excerpt":{"rendered":"<p>Deputetja e PDK-s\u00eb, Ganimete Musliu tha se PDK-ja \u00ebsht\u00eb e bindur se vendi duhet t\u00eb shkoj\u00eb n\u00eb zgjedhje t\u00eb reja t\u00eb parakohshme. Musliu tha n\u00eb Frontal n\u00eb T7 se n\u00eb PDK jan\u00eb \u201cshum\u00eb t\u00eb sigurt\u00eb\u201d p\u00ebr k\u00ebt\u00eb. \u201cJami shum\u00eb t\u00eb bindur dhe shum\u00eb t\u00eb sigurt\u00eb q\u00eb vendi ka nevoj\u00eb p\u00ebr zgjedhje\u201d, tha ajo. Musliu u [&hellip;]<\/p>\n","protected":false},"author":2,"featured_media":18547,"comment_status":"closed","ping_status":"closed","sticky":false,"template":"","format":"standard","meta":{"_monsterinsights_skip_tracking":false,"_monsterinsights_sitenote_active":false,"_monsterinsights_sitenote_note":"","_monsterinsights_sitenote_category":0,"_uf_show_specific_survey":0,"_uf_disable_surveys":false,"footnotes":""},"categories":[23,15],"tags":[],"yoast_head":"<!-- This site is optimized with the Yoast SEO plugin v21.5 - https:\/\/yoast.com\/wordpress\/plugins\/seo\/ -->\n<title>Musliu i p\u00ebrgjigjet Konjufc\u00ebs: Jemi t\u00eb bindur dhe shum\u00eb t\u00eb sigurt\u00eb p\u00ebr zgjedhje<\/title>\n<meta name=\"robots\" content=\"index, follow, max-snippet:-1, max-image-preview:large, max-video-preview:-1\" \/>\n<link rel=\"canonical\" href=\"https:\/\/permbledhja.com\/sq\/musliu-i-pergjigjet-konjufces-jemi-te-bindur-dhe-shume-te-sigurte-per-zgjedhje\/\" \/>\n<meta property=\"og:locale\" content=\"sq_AL\" \/>\n<meta property=\"og:type\" content=\"article\" \/>\n<meta property=\"og:title\" content=\"Musliu i p\u00ebrgjigjet Konjufc\u00ebs: Jemi t\u00eb bindur dhe shum\u00eb t\u00eb sigurt\u00eb p\u00ebr zgjedhje\" \/>\n<meta property=\"og:description\" content=\"Deputetja e PDK-s\u00eb, Ganimete Musliu tha se PDK-ja \u00ebsht\u00eb e bindur se vendi duhet t\u00eb shkoj\u00eb n\u00eb zgjedhje t\u00eb reja t\u00eb parakohshme. Musliu tha n\u00eb Frontal n\u00eb T7 se n\u00eb PDK jan\u00eb \u201cshum\u00eb t\u00eb sigurt\u00eb\u201d p\u00ebr k\u00ebt\u00eb. \u201cJami shum\u00eb t\u00eb bindur dhe shum\u00eb t\u00eb sigurt\u00eb q\u00eb vendi ka nevoj\u00eb p\u00ebr zgjedhje\u201d, tha ajo. Musliu u [&hellip;]\" \/>\n<meta property=\"og:url\" content=\"https:\/\/permbledhja.com\/sq\/musliu-i-pergjigjet-konjufces-jemi-te-bindur-dhe-shume-te-sigurte-per-zgjedhje\/\" \/>\n<meta property=\"og:site_name\" content=\"Ve\u00e7 artikuj p\u00ebrmbledh\u00ebs\" \/>\n<meta property=\"article:publisher\" content=\"https:\/\/www.facebook.com\/press07\/\" \/>\n<meta property=\"article:published_time\" content=\"2023-07-10T16:10:53+00:00\" \/>\n<meta property=\"og:image\" content=\"https:\/\/permbledhja.com\/wp-content\/uploads\/2023\/07\/glauk-konjufca-ganimete-musliu-5435345.jpg\" \/>\n\t<meta property=\"og:image:width\" content=\"1024\" \/>\n\t<meta property=\"og:image:height\" content=\"576\" \/>\n\t<meta property=\"og:image:type\" content=\"image\/jpeg\" \/>\n<meta name=\"author\" content=\"M M\" \/>\n<meta name=\"twitter:card\" content=\"summary_large_image\" \/>\n<meta name=\"twitter:label1\" content=\"Written by\" \/>\n\t<meta name=\"twitter:data1\" content=\"M M\" \/>\n\t<meta name=\"twitter:label2\" content=\"Est. reading time\" \/>\n\t<meta name=\"twitter:data2\" content=\"1 minut\u00eb\" \/>\n<script type=\"application\/ld+json\" class=\"yoast-schema-graph\">{\"@context\":\"https:\/\/schema.org\",\"@graph\":[{\"@type\":\"Article\",\"@id\":\"https:\/\/permbledhja.com\/musliu-i-pergjigjet-konjufces-jemi-te-bindur-dhe-shume-te-sigurte-per-zgjedhje\/#article\",\"isPartOf\":{\"@id\":\"https:\/\/permbledhja.com\/musliu-i-pergjigjet-konjufces-jemi-te-bindur-dhe-shume-te-sigurte-per-zgjedhje\/\"},\"author\":{\"name\":\"M M\",\"@id\":\"https:\/\/permbledhja.com\/#\/schema\/person\/d23f13f59b5722643933d6780783acf3\"},\"headline\":\"Musliu i p\u00ebrgjigjet Konjufc\u00ebs: Jemi t\u00eb bindur dhe shum\u00eb t\u00eb sigurt\u00eb p\u00ebr zgjedhje\",\"datePublished\":\"2023-07-10T16:10:53+00:00\",\"dateModified\":\"2023-07-10T16:10:53+00:00\",\"mainEntityOfPage\":{\"@id\":\"https:\/\/permbledhja.com\/musliu-i-pergjigjet-konjufces-jemi-te-bindur-dhe-shume-te-sigurte-per-zgjedhje\/\"},\"wordCount\":143,\"publisher\":{\"@id\":\"https:\/\/permbledhja.com\/#organization\"},\"articleSection\":[\"Komb\u00ebtare\",\"Lajme\"],\"inLanguage\":\"sq\"},{\"@type\":\"WebPage\",\"@id\":\"https:\/\/permbledhja.com\/musliu-i-pergjigjet-konjufces-jemi-te-bindur-dhe-shume-te-sigurte-per-zgjedhje\/\",\"url\":\"https:\/\/permbledhja.com\/musliu-i-pergjigjet-konjufces-jemi-te-bindur-dhe-shume-te-sigurte-per-zgjedhje\/\",\"name\":\"Musliu i p\u00ebrgjigjet Konjufc\u00ebs: Jemi t\u00eb bindur dhe shum\u00eb t\u00eb sigurt\u00eb p\u00ebr zgjedhje\",\"isPartOf\":{\"@id\":\"https:\/\/permbledhja.com\/#website\"},\"datePublished\":\"2023-07-10T16:10:53+00:00\",\"dateModified\":\"2023-07-10T16:10:53+00:00\",\"breadcrumb\":{\"@id\":\"https:\/\/permbledhja.com\/musliu-i-pergjigjet-konjufces-jemi-te-bindur-dhe-shume-te-sigurte-per-zgjedhje\/#breadcrumb\"},\"inLanguage\":\"sq\",\"potentialAction\":[{\"@type\":\"ReadAction\",\"target\":[\"https:\/\/permbledhja.com\/musliu-i-pergjigjet-konjufces-jemi-te-bindur-dhe-shume-te-sigurte-per-zgjedhje\/\"]}]},{\"@type\":\"BreadcrumbList\",\"@id\":\"https:\/\/permbledhja.com\/musliu-i-pergjigjet-konjufces-jemi-te-bindur-dhe-shume-te-sigurte-per-zgjedhje\/#breadcrumb\",\"itemListElement\":[{\"@type\":\"ListItem\",\"position\":1,\"name\":\"Ballina\",\"item\":\"https:\/\/permbledhja.com\/sq\/\"},{\"@type\":\"ListItem\",\"position\":2,\"name\":\"Musliu i p\u00ebrgjigjet Konjufc\u00ebs: Jemi t\u00eb bindur dhe shum\u00eb t\u00eb sigurt\u00eb p\u00ebr zgjedhje\"}]},{\"@type\":\"WebSite\",\"@id\":\"https:\/\/permbledhja.com\/#website\",\"url\":\"https:\/\/permbledhja.com\/\",\"name\":\"Ve\u00e7 artikuj p\u00ebrmbledh\u00ebs\",\"description\":\"\",\"publisher\":{\"@id\":\"https:\/\/permbledhja.com\/#organization\"},\"potentialAction\":[{\"@type\":\"SearchAction\",\"target\":{\"@type\":\"EntryPoint\",\"urlTemplate\":\"https:\/\/permbledhja.com\/?s={search_term_string}\"},\"query-input\":\"required name=search_term_string\"}],\"inLanguage\":\"sq\"},{\"@type\":\"Organization\",\"@id\":\"https:\/\/permbledhja.com\/#organization\",\"name\":\"MK Media & Pr\",\"url\":\"https:\/\/permbledhja.com\/\",\"logo\":{\"@type\":\"ImageObject\",\"inLanguage\":\"sq\",\"@id\":\"https:\/\/permbledhja.com\/#\/schema\/logo\/image\/\",\"url\":\"https:\/\/permbledhja.com\/wp-content\/uploads\/2021\/12\/07-Press-Logo.jpg\",\"contentUrl\":\"https:\/\/permbledhja.com\/wp-content\/uploads\/2021\/12\/07-Press-Logo.jpg\",\"width\":512,\"height\":512,\"caption\":\"MK Media & Pr\"},\"image\":{\"@id\":\"https:\/\/permbledhja.com\/#\/schema\/logo\/image\/\"},\"sameAs\":[\"https:\/\/www.facebook.com\/press07\/\"]},{\"@type\":\"Person\",\"@id\":\"https:\/\/permbledhja.com\/#\/schema\/person\/d23f13f59b5722643933d6780783acf3\",\"name\":\"M M\",\"image\":{\"@type\":\"ImageObject\",\"inLanguage\":\"sq\",\"@id\":\"https:\/\/permbledhja.com\/#\/schema\/person\/image\/\",\"url\":\"https:\/\/secure.gravatar.com\/avatar\/e2835a76ca7c31a2416b2d51c4ec9a8f?s=96&d=mm&r=g\",\"contentUrl\":\"https:\/\/secure.gravatar.com\/avatar\/e2835a76ca7c31a2416b2d51c4ec9a8f?s=96&d=mm&r=g\",\"caption\":\"M M\"},\"sameAs\":[\"http:\/\/MM\"],\"url\":\"https:\/\/permbledhja.com\/sq\/author\/muhamet\/\"}]}<\/script>\n<!-- \/ Yoast SEO plugin. -->","yoast_head_json":{"title":"Musliu i p\u00ebrgjigjet Konjufc\u00ebs: Jemi t\u00eb bindur dhe shum\u00eb t\u00eb sigurt\u00eb p\u00ebr zgjedhje","robots":{"index":"index","follow":"follow","max-snippet":"max-snippet:-1","max-image-preview":"max-image-preview:large","max-video-preview":"max-video-preview:-1"},"canonical":"https:\/\/permbledhja.com\/sq\/musliu-i-pergjigjet-konjufces-jemi-te-bindur-dhe-shume-te-sigurte-per-zgjedhje\/","og_locale":"sq_AL","og_type":"article","og_title":"Musliu i p\u00ebrgjigjet Konjufc\u00ebs: Jemi t\u00eb bindur dhe shum\u00eb t\u00eb sigurt\u00eb p\u00ebr zgjedhje","og_description":"Deputetja e PDK-s\u00eb, Ganimete Musliu tha se PDK-ja \u00ebsht\u00eb e bindur se vendi duhet t\u00eb shkoj\u00eb n\u00eb zgjedhje t\u00eb reja t\u00eb parakohshme. Musliu tha n\u00eb Frontal n\u00eb T7 se n\u00eb PDK jan\u00eb \u201cshum\u00eb t\u00eb sigurt\u00eb\u201d p\u00ebr k\u00ebt\u00eb. \u201cJami shum\u00eb t\u00eb bindur dhe shum\u00eb t\u00eb sigurt\u00eb q\u00eb vendi ka nevoj\u00eb p\u00ebr zgjedhje\u201d, tha ajo. Musliu u [&hellip;]","og_url":"https:\/\/permbledhja.com\/sq\/musliu-i-pergjigjet-konjufces-jemi-te-bindur-dhe-shume-te-sigurte-per-zgjedhje\/","og_site_name":"Ve\u00e7 artikuj p\u00ebrmbledh\u00ebs","article_publisher":"https:\/\/www.facebook.com\/press07\/","article_published_time":"2023-07-10T16:10:53+00:00","og_image":[{"width":1024,"height":576,"url":"https:\/\/permbledhja.com\/wp-content\/uploads\/2023\/07\/glauk-konjufca-ganimete-musliu-5435345.jpg","type":"image\/jpeg"}],"author":"M M","twitter_card":"summary_large_image","twitter_misc":{"Written by":"M M","Est. reading time":"1 minut\u00eb"},"schema":{"@context":"https:\/\/schema.org","@graph":[{"@type":"Article","@id":"https:\/\/permbledhja.com\/musliu-i-pergjigjet-konjufces-jemi-te-bindur-dhe-shume-te-sigurte-per-zgjedhje\/#article","isPartOf":{"@id":"https:\/\/permbledhja.com\/musliu-i-pergjigjet-konjufces-jemi-te-bindur-dhe-shume-te-sigurte-per-zgjedhje\/"},"author":{"name":"M M","@id":"https:\/\/permbledhja.com\/#\/schema\/person\/d23f13f59b5722643933d6780783acf3"},"headline":"Musliu i p\u00ebrgjigjet Konjufc\u00ebs: Jemi t\u00eb bindur dhe shum\u00eb t\u00eb sigurt\u00eb p\u00ebr zgjedhje","datePublished":"2023-07-10T16:10:53+00:00","dateModified":"2023-07-10T16:10:53+00:00","mainEntityOfPage":{"@id":"https:\/\/permbledhja.com\/musliu-i-pergjigjet-konjufces-jemi-te-bindur-dhe-shume-te-sigurte-per-zgjedhje\/"},"wordCount":143,"publisher":{"@id":"https:\/\/permbledhja.com\/#organization"},"articleSection":["Komb\u00ebtare","Lajme"],"inLanguage":"sq"},{"@type":"WebPage","@id":"https:\/\/permbledhja.com\/musliu-i-pergjigjet-konjufces-jemi-te-bindur-dhe-shume-te-sigurte-per-zgjedhje\/","url":"https:\/\/permbledhja.com\/musliu-i-pergjigjet-konjufces-jemi-te-bindur-dhe-shume-te-sigurte-per-zgjedhje\/","name":"Musliu i p\u00ebrgjigjet Konjufc\u00ebs: Jemi t\u00eb bindur dhe shum\u00eb t\u00eb sigurt\u00eb p\u00ebr zgjedhje","isPartOf":{"@id":"https:\/\/permbledhja.com\/#website"},"datePublished":"2023-07-10T16:10:53+00:00","dateModified":"2023-07-10T16:10:53+00:00","breadcrumb":{"@id":"https:\/\/permbledhja.com\/musliu-i-pergjigjet-konjufces-jemi-te-bindur-dhe-shume-te-sigurte-per-zgjedhje\/#breadcrumb"},"inLanguage":"sq","potentialAction":[{"@type":"ReadAction","target":["https:\/\/permbledhja.com\/musliu-i-pergjigjet-konjufces-jemi-te-bindur-dhe-shume-te-sigurte-per-zgjedhje\/"]}]},{"@type":"BreadcrumbList","@id":"https:\/\/permbledhja.com\/musliu-i-pergjigjet-konjufces-jemi-te-bindur-dhe-shume-te-sigurte-per-zgjedhje\/#breadcrumb","itemListElement":[{"@type":"ListItem","position":1,"name":"Ballina","item":"https:\/\/permbledhja.com\/sq\/"},{"@type":"ListItem","position":2,"name":"Musliu i p\u00ebrgjigjet Konjufc\u00ebs: Jemi t\u00eb bindur dhe shum\u00eb t\u00eb sigurt\u00eb p\u00ebr zgjedhje"}]},{"@type":"WebSite","@id":"https:\/\/permbledhja.com\/#website","url":"https:\/\/permbledhja.com\/","name":"Ve\u00e7 artikuj p\u00ebrmbledh\u00ebs","description":"","publisher":{"@id":"https:\/\/permbledhja.com\/#organization"},"potentialAction":[{"@type":"SearchAction","target":{"@type":"EntryPoint","urlTemplate":"https:\/\/permbledhja.com\/?s={search_term_string}"},"query-input":"required name=search_term_string"}],"inLanguage":"sq"},{"@type":"Organization","@id":"https:\/\/permbledhja.com\/#organization","name":"MK Media & Pr","url":"https:\/\/permbledhja.com\/","logo":{"@type":"ImageObject","inLanguage":"sq","@id":"https:\/\/permbledhja.com\/#\/schema\/logo\/image\/","url":"https:\/\/permbledhja.com\/wp-content\/uploads\/2021\/12\/07-Press-Logo.jpg","contentUrl":"https:\/\/permbledhja.com\/wp-content\/uploads\/2021\/12\/07-Press-Logo.jpg","width":512,"height":512,"caption":"MK Media & Pr"},"image":{"@id":"https:\/\/permbledhja.com\/#\/schema\/logo\/image\/"},"sameAs":["https:\/\/www.facebook.com\/press07\/"]},{"@type":"Person","@id":"https:\/\/permbledhja.com\/#\/schema\/person\/d23f13f59b5722643933d6780783acf3","name":"M M","image":{"@type":"ImageObject","inLanguage":"sq","@id":"https:\/\/permbledhja.com\/#\/schema\/person\/image\/","url":"https:\/\/secure.gravatar.com\/avatar\/e2835a76ca7c31a2416b2d51c4ec9a8f?s=96&d=mm&r=g","contentUrl":"https:\/\/secure.gravatar.com\/avatar\/e2835a76ca7c31a2416b2d51c4ec9a8f?s=96&d=mm&r=g","caption":"M M"},"sameAs":["http:\/\/MM"],"url":"https:\/\/permbledhja.com\/sq\/author\/muhamet\/"}]}},"_links":{"self":[{"href":"https:\/\/permbledhja.com\/sq\/wp-json\/wp\/v2\/posts\/18546"}],"collection":[{"href":"https:\/\/permbledhja.com\/sq\/wp-json\/wp\/v2\/posts"}],"about":[{"href":"https:\/\/permbledhja.com\/sq\/wp-json\/wp\/v2\/types\/post"}],"author":[{"embeddable":true,"href":"https:\/\/permbledhja.com\/sq\/wp-json\/wp\/v2\/users\/2"}],"replies":[{"embeddable":true,"href":"https:\/\/permbledhja.com\/sq\/wp-json\/wp\/v2\/comments?post=18546"}],"version-history":[{"count":1,"href":"https:\/\/permbledhja.com\/sq\/wp-json\/wp\/v2\/posts\/18546\/revisions"}],"predecessor-version":[{"id":18548,"href":"https:\/\/permbledhja.com\/sq\/wp-json\/wp\/v2\/posts\/18546\/revisions\/18548"}],"wp:featuredmedia":[{"embeddable":true,"href":"https:\/\/permbledhja.com\/sq\/wp-json\/wp\/v2\/media\/18547"}],"wp:attachment":[{"href":"https:\/\/permbledhja.com\/sq\/wp-json\/wp\/v2\/media?parent=18546"}],"wp:term":[{"taxonomy":"category","embeddable":true,"href":"https:\/\/permbledhja.com\/sq\/wp-json\/wp\/v2\/categories?post=18546"},{"taxonomy":"post_tag","embeddable":true,"href":"https:\/\/permbledhja.com\/sq\/wp-json\/wp\/v2\/tags?post=18546"}],"curies":[{"name":"wp","href":"https:\/\/api.w.org\/{rel}","templated":true}]}}