{"id":18543,"date":"2023-07-10T16:02:31","date_gmt":"2023-07-10T16:02:31","guid":{"rendered":"https:\/\/permbledhja.com\/?p=18543"},"modified":"2023-07-10T16:02:31","modified_gmt":"2023-07-10T16:02:31","slug":"dy-deputetet-e-vv-se-e-hedhin-poshte-propozimin-e-qeverise-kurti","status":"publish","type":"post","link":"https:\/\/permbledhja.com\/sq\/dy-deputetet-e-vv-se-e-hedhin-poshte-propozimin-e-qeverise-kurti\/","title":{"rendered":"Dy deputet\u00ebt e VV-s\u00eb e hedhin posht\u00eb propozimin e Qeveris\u00eb Kurti"},"content":{"rendered":"<h3>Dy deputet\u00ebt e L\u00ebvizjes Vet\u00ebvendosje n\u00eb Kuvendin e Kosov\u00ebs, Eman Rrahmani dhe Visar Korenica, an\u00ebtar\u00eb t\u00eb Komisionit p\u00ebr Buxhet dhe Financa n\u00eb Kuvendin e Kosov\u00ebs, ia kan\u00eb hedhur posht\u00eb Qeveris\u00eb Kurti propozimin p\u00ebr shkarkimin e vet\u00ebm nj\u00eb an\u00ebtareje t\u00eb OSHP-s\u00eb.<ins><\/ins><\/h3>\n<p>Rrahmani dhe Korenica nuk kan\u00eb votuar pro propozimit t\u00eb Qeveris\u00eb s\u00eb Kosov\u00ebs, t\u00eb n\u00ebnshkruar nga kryeministri Albin Kurti, p\u00ebr shkarkimin e Kimete Gashit, an\u00ebtares s\u00eb Organit Shqyrtues t\u00eb Prokurimit, me arsyetimin se ajo kishte n\u00ebnshkruar nj\u00eb vendim t\u00eb d\u00ebmsh\u00ebm lidhur me tenderin p\u00ebr insulina.<\/p>\n<p>Qeveria e ka miratuar n\u00eb maj t\u00eb k\u00ebtij viti propozimin p\u00ebr shkarkimin e Kimete Gashit dhe at\u00eb ia kishte proceduar kuvendit.<ins><\/ins><\/p>\n<p>Vet shefi i qeveris\u00eb e ka propozuar shkarkimin e Gashit.<\/p>\n<p>\u201cSh\u00ebndeti publik po rrezikohet me vendimin p\u00ebr furnizimin me insulina. Bazuar n\u00eb vendimin n\u00eb fjal\u00eb, lejohet furnizimi me insulina pa autorizim marketingu\u201d, ka th\u00ebn\u00eb Kurti n\u00eb mbledhjen e qeveris\u00eb m\u00eb 10 maj. \u201cDetyrohemi t\u00eb marrim masa\u201d.<ins><\/ins><\/p>\n<p>Rrahmani, n\u00eb mbledhjen e sotme t\u00eb Komisionit Parlamentar p\u00ebr Buxhet, ka k\u00ebrkuar q\u00eb qeveria ta ndryshoj\u00eb propozimin. Ka rekomanduar shkarkimin e t\u00eb gjith\u00eb an\u00ebtar\u00ebve t\u00eb Bordit t\u00eb OSHP-s\u00eb, e jo vet\u00ebm shkarkimin e Gashit.<\/p>\n<p>\u201cN\u00eb baz\u00eb t\u00eb konkludimeve q\u00eb i kemi pasur n\u00eb k\u00ebt\u00eb komision, edhe sipas deklarimeve t\u00eb vet qeveris\u00eb, \u00ebsht\u00eb konstatu se p\u00ebrgjegj\u00ebs jan\u00eb t\u00eb gjith\u00eb an\u00ebtar\u00ebt e bordit. Dhe, si i till\u00eb, un\u00eb mendoj se nuk kemi t\u00eb drejt\u00eb t\u2019i rekomandojm\u00eb kuvendit shkarkimin e vet\u00ebm nj\u00eb an\u00ebtareje t\u00eb bordit. K\u00ebshtu q\u00eb, un\u00eb propozoj q\u00eb qeveris\u00eb t\u2019i k\u00ebrkohet t\u00eb vijn\u00eb t\u00eb gjith\u00eb emrat e atyre q\u00eb kan\u00eb qen\u00eb p\u00ebrgjegj\u00ebs t\u00eb k\u00ebtij vendimi mbi t\u00eb cilin \u00ebsht\u00eb mb\u00ebshtetur qeveria p\u00ebr shkarkimin e an\u00ebtares [Kimete Gashi]\u201d, ka th\u00ebn\u00eb Rrahmani.<\/p>\n","protected":false},"excerpt":{"rendered":"<p>Dy deputet\u00ebt e L\u00ebvizjes Vet\u00ebvendosje n\u00eb Kuvendin e Kosov\u00ebs, Eman Rrahmani dhe Visar Korenica, an\u00ebtar\u00eb t\u00eb Komisionit p\u00ebr Buxhet dhe Financa n\u00eb Kuvendin e Kosov\u00ebs, ia kan\u00eb hedhur posht\u00eb Qeveris\u00eb Kurti propozimin p\u00ebr shkarkimin e vet\u00ebm nj\u00eb an\u00ebtareje t\u00eb OSHP-s\u00eb. Rrahmani dhe Korenica nuk kan\u00eb votuar pro propozimit t\u00eb Qeveris\u00eb s\u00eb Kosov\u00ebs, t\u00eb n\u00ebnshkruar nga [&hellip;]<\/p>\n","protected":false},"author":2,"featured_media":18544,"comment_status":"closed","ping_status":"closed","sticky":false,"template":"","format":"standard","meta":{"_monsterinsights_skip_tracking":false,"_monsterinsights_sitenote_active":false,"_monsterinsights_sitenote_note":"","_monsterinsights_sitenote_category":0,"_uf_show_specific_survey":0,"_uf_disable_surveys":false,"footnotes":""},"categories":[23,15],"tags":[],"yoast_head":"<!-- This site is optimized with the Yoast SEO plugin v21.5 - https:\/\/yoast.com\/wordpress\/plugins\/seo\/ -->\n<title>Dy deputet\u00ebt e VV-s\u00eb e hedhin posht\u00eb propozimin e Qeveris\u00eb Kurti<\/title>\n<meta name=\"robots\" content=\"index, follow, max-snippet:-1, max-image-preview:large, max-video-preview:-1\" \/>\n<link rel=\"canonical\" href=\"https:\/\/permbledhja.com\/sq\/dy-deputetet-e-vv-se-e-hedhin-poshte-propozimin-e-qeverise-kurti\/\" \/>\n<meta property=\"og:locale\" content=\"sq_AL\" \/>\n<meta property=\"og:type\" content=\"article\" \/>\n<meta property=\"og:title\" content=\"Dy deputet\u00ebt e VV-s\u00eb e hedhin posht\u00eb propozimin e Qeveris\u00eb Kurti\" \/>\n<meta property=\"og:description\" content=\"Dy deputet\u00ebt e L\u00ebvizjes Vet\u00ebvendosje n\u00eb Kuvendin e Kosov\u00ebs, Eman Rrahmani dhe Visar Korenica, an\u00ebtar\u00eb t\u00eb Komisionit p\u00ebr Buxhet dhe Financa n\u00eb Kuvendin e Kosov\u00ebs, ia kan\u00eb hedhur posht\u00eb Qeveris\u00eb Kurti propozimin p\u00ebr shkarkimin e vet\u00ebm nj\u00eb an\u00ebtareje t\u00eb OSHP-s\u00eb. Rrahmani dhe Korenica nuk kan\u00eb votuar pro propozimit t\u00eb Qeveris\u00eb s\u00eb Kosov\u00ebs, t\u00eb n\u00ebnshkruar nga [&hellip;]\" \/>\n<meta property=\"og:url\" content=\"https:\/\/permbledhja.com\/sq\/dy-deputetet-e-vv-se-e-hedhin-poshte-propozimin-e-qeverise-kurti\/\" \/>\n<meta property=\"og:site_name\" content=\"Ve\u00e7 artikuj p\u00ebrmbledh\u00ebs\" \/>\n<meta property=\"article:publisher\" content=\"https:\/\/www.facebook.com\/press07\/\" \/>\n<meta property=\"article:published_time\" content=\"2023-07-10T16:02:31+00:00\" \/>\n<meta property=\"og:image\" content=\"https:\/\/permbledhja.com\/wp-content\/uploads\/2023\/07\/ggggg.jpg\" \/>\n\t<meta property=\"og:image:width\" content=\"960\" \/>\n\t<meta property=\"og:image:height\" content=\"540\" \/>\n\t<meta property=\"og:image:type\" content=\"image\/jpeg\" \/>\n<meta name=\"author\" content=\"M M\" \/>\n<meta name=\"twitter:card\" content=\"summary_large_image\" \/>\n<meta name=\"twitter:label1\" content=\"Written by\" \/>\n\t<meta name=\"twitter:data1\" content=\"M M\" \/>\n\t<meta name=\"twitter:label2\" content=\"Est. reading time\" \/>\n\t<meta name=\"twitter:data2\" content=\"2 minuta\" \/>\n<script type=\"application\/ld+json\" class=\"yoast-schema-graph\">{\"@context\":\"https:\/\/schema.org\",\"@graph\":[{\"@type\":\"Article\",\"@id\":\"https:\/\/permbledhja.com\/sq\/dy-deputetet-e-vv-se-e-hedhin-poshte-propozimin-e-qeverise-kurti\/#article\",\"isPartOf\":{\"@id\":\"https:\/\/permbledhja.com\/sq\/dy-deputetet-e-vv-se-e-hedhin-poshte-propozimin-e-qeverise-kurti\/\"},\"author\":{\"name\":\"M M\",\"@id\":\"https:\/\/permbledhja.com\/#\/schema\/person\/d23f13f59b5722643933d6780783acf3\"},\"headline\":\"Dy deputet\u00ebt e VV-s\u00eb e hedhin posht\u00eb propozimin e Qeveris\u00eb Kurti\",\"datePublished\":\"2023-07-10T16:02:31+00:00\",\"dateModified\":\"2023-07-10T16:02:31+00:00\",\"mainEntityOfPage\":{\"@id\":\"https:\/\/permbledhja.com\/sq\/dy-deputetet-e-vv-se-e-hedhin-poshte-propozimin-e-qeverise-kurti\/\"},\"wordCount\":327,\"publisher\":{\"@id\":\"https:\/\/permbledhja.com\/#organization\"},\"articleSection\":[\"Komb\u00ebtare\",\"Lajme\"],\"inLanguage\":\"sq\"},{\"@type\":\"WebPage\",\"@id\":\"https:\/\/permbledhja.com\/sq\/dy-deputetet-e-vv-se-e-hedhin-poshte-propozimin-e-qeverise-kurti\/\",\"url\":\"https:\/\/permbledhja.com\/sq\/dy-deputetet-e-vv-se-e-hedhin-poshte-propozimin-e-qeverise-kurti\/\",\"name\":\"Dy deputet\u00ebt e VV-s\u00eb e hedhin posht\u00eb propozimin e Qeveris\u00eb Kurti\",\"isPartOf\":{\"@id\":\"https:\/\/permbledhja.com\/#website\"},\"datePublished\":\"2023-07-10T16:02:31+00:00\",\"dateModified\":\"2023-07-10T16:02:31+00:00\",\"breadcrumb\":{\"@id\":\"https:\/\/permbledhja.com\/sq\/dy-deputetet-e-vv-se-e-hedhin-poshte-propozimin-e-qeverise-kurti\/#breadcrumb\"},\"inLanguage\":\"sq\",\"potentialAction\":[{\"@type\":\"ReadAction\",\"target\":[\"https:\/\/permbledhja.com\/sq\/dy-deputetet-e-vv-se-e-hedhin-poshte-propozimin-e-qeverise-kurti\/\"]}]},{\"@type\":\"BreadcrumbList\",\"@id\":\"https:\/\/permbledhja.com\/sq\/dy-deputetet-e-vv-se-e-hedhin-poshte-propozimin-e-qeverise-kurti\/#breadcrumb\",\"itemListElement\":[{\"@type\":\"ListItem\",\"position\":1,\"name\":\"Ballina\",\"item\":\"https:\/\/permbledhja.com\/sq\/\"},{\"@type\":\"ListItem\",\"position\":2,\"name\":\"Dy deputet\u00ebt e VV-s\u00eb e hedhin posht\u00eb propozimin e Qeveris\u00eb Kurti\"}]},{\"@type\":\"WebSite\",\"@id\":\"https:\/\/permbledhja.com\/#website\",\"url\":\"https:\/\/permbledhja.com\/\",\"name\":\"Ve\u00e7 artikuj p\u00ebrmbledh\u00ebs\",\"description\":\"\",\"publisher\":{\"@id\":\"https:\/\/permbledhja.com\/#organization\"},\"potentialAction\":[{\"@type\":\"SearchAction\",\"target\":{\"@type\":\"EntryPoint\",\"urlTemplate\":\"https:\/\/permbledhja.com\/?s={search_term_string}\"},\"query-input\":\"required name=search_term_string\"}],\"inLanguage\":\"sq\"},{\"@type\":\"Organization\",\"@id\":\"https:\/\/permbledhja.com\/#organization\",\"name\":\"MK Media & Pr\",\"url\":\"https:\/\/permbledhja.com\/\",\"logo\":{\"@type\":\"ImageObject\",\"inLanguage\":\"sq\",\"@id\":\"https:\/\/permbledhja.com\/#\/schema\/logo\/image\/\",\"url\":\"https:\/\/permbledhja.com\/wp-content\/uploads\/2021\/12\/07-Press-Logo.jpg\",\"contentUrl\":\"https:\/\/permbledhja.com\/wp-content\/uploads\/2021\/12\/07-Press-Logo.jpg\",\"width\":512,\"height\":512,\"caption\":\"MK Media & Pr\"},\"image\":{\"@id\":\"https:\/\/permbledhja.com\/#\/schema\/logo\/image\/\"},\"sameAs\":[\"https:\/\/www.facebook.com\/press07\/\"]},{\"@type\":\"Person\",\"@id\":\"https:\/\/permbledhja.com\/#\/schema\/person\/d23f13f59b5722643933d6780783acf3\",\"name\":\"M M\",\"image\":{\"@type\":\"ImageObject\",\"inLanguage\":\"sq\",\"@id\":\"https:\/\/permbledhja.com\/#\/schema\/person\/image\/\",\"url\":\"https:\/\/secure.gravatar.com\/avatar\/e2835a76ca7c31a2416b2d51c4ec9a8f?s=96&d=mm&r=g\",\"contentUrl\":\"https:\/\/secure.gravatar.com\/avatar\/e2835a76ca7c31a2416b2d51c4ec9a8f?s=96&d=mm&r=g\",\"caption\":\"M M\"},\"sameAs\":[\"http:\/\/MM\"],\"url\":\"https:\/\/permbledhja.com\/sq\/author\/muhamet\/\"}]}<\/script>\n<!-- \/ Yoast SEO plugin. -->","yoast_head_json":{"title":"Dy deputet\u00ebt e VV-s\u00eb e hedhin posht\u00eb propozimin e Qeveris\u00eb Kurti","robots":{"index":"index","follow":"follow","max-snippet":"max-snippet:-1","max-image-preview":"max-image-preview:large","max-video-preview":"max-video-preview:-1"},"canonical":"https:\/\/permbledhja.com\/sq\/dy-deputetet-e-vv-se-e-hedhin-poshte-propozimin-e-qeverise-kurti\/","og_locale":"sq_AL","og_type":"article","og_title":"Dy deputet\u00ebt e VV-s\u00eb e hedhin posht\u00eb propozimin e Qeveris\u00eb Kurti","og_description":"Dy deputet\u00ebt e L\u00ebvizjes Vet\u00ebvendosje n\u00eb Kuvendin e Kosov\u00ebs, Eman Rrahmani dhe Visar Korenica, an\u00ebtar\u00eb t\u00eb Komisionit p\u00ebr Buxhet dhe Financa n\u00eb Kuvendin e Kosov\u00ebs, ia kan\u00eb hedhur posht\u00eb Qeveris\u00eb Kurti propozimin p\u00ebr shkarkimin e vet\u00ebm nj\u00eb an\u00ebtareje t\u00eb OSHP-s\u00eb. Rrahmani dhe Korenica nuk kan\u00eb votuar pro propozimit t\u00eb Qeveris\u00eb s\u00eb Kosov\u00ebs, t\u00eb n\u00ebnshkruar nga [&hellip;]","og_url":"https:\/\/permbledhja.com\/sq\/dy-deputetet-e-vv-se-e-hedhin-poshte-propozimin-e-qeverise-kurti\/","og_site_name":"Ve\u00e7 artikuj p\u00ebrmbledh\u00ebs","article_publisher":"https:\/\/www.facebook.com\/press07\/","article_published_time":"2023-07-10T16:02:31+00:00","og_image":[{"width":960,"height":540,"url":"https:\/\/permbledhja.com\/wp-content\/uploads\/2023\/07\/ggggg.jpg","type":"image\/jpeg"}],"author":"M M","twitter_card":"summary_large_image","twitter_misc":{"Written by":"M M","Est. reading time":"2 minuta"},"schema":{"@context":"https:\/\/schema.org","@graph":[{"@type":"Article","@id":"https:\/\/permbledhja.com\/sq\/dy-deputetet-e-vv-se-e-hedhin-poshte-propozimin-e-qeverise-kurti\/#article","isPartOf":{"@id":"https:\/\/permbledhja.com\/sq\/dy-deputetet-e-vv-se-e-hedhin-poshte-propozimin-e-qeverise-kurti\/"},"author":{"name":"M M","@id":"https:\/\/permbledhja.com\/#\/schema\/person\/d23f13f59b5722643933d6780783acf3"},"headline":"Dy deputet\u00ebt e VV-s\u00eb e hedhin posht\u00eb propozimin e Qeveris\u00eb Kurti","datePublished":"2023-07-10T16:02:31+00:00","dateModified":"2023-07-10T16:02:31+00:00","mainEntityOfPage":{"@id":"https:\/\/permbledhja.com\/sq\/dy-deputetet-e-vv-se-e-hedhin-poshte-propozimin-e-qeverise-kurti\/"},"wordCount":327,"publisher":{"@id":"https:\/\/permbledhja.com\/#organization"},"articleSection":["Komb\u00ebtare","Lajme"],"inLanguage":"sq"},{"@type":"WebPage","@id":"https:\/\/permbledhja.com\/sq\/dy-deputetet-e-vv-se-e-hedhin-poshte-propozimin-e-qeverise-kurti\/","url":"https:\/\/permbledhja.com\/sq\/dy-deputetet-e-vv-se-e-hedhin-poshte-propozimin-e-qeverise-kurti\/","name":"Dy deputet\u00ebt e VV-s\u00eb e hedhin posht\u00eb propozimin e Qeveris\u00eb Kurti","isPartOf":{"@id":"https:\/\/permbledhja.com\/#website"},"datePublished":"2023-07-10T16:02:31+00:00","dateModified":"2023-07-10T16:02:31+00:00","breadcrumb":{"@id":"https:\/\/permbledhja.com\/sq\/dy-deputetet-e-vv-se-e-hedhin-poshte-propozimin-e-qeverise-kurti\/#breadcrumb"},"inLanguage":"sq","potentialAction":[{"@type":"ReadAction","target":["https:\/\/permbledhja.com\/sq\/dy-deputetet-e-vv-se-e-hedhin-poshte-propozimin-e-qeverise-kurti\/"]}]},{"@type":"BreadcrumbList","@id":"https:\/\/permbledhja.com\/sq\/dy-deputetet-e-vv-se-e-hedhin-poshte-propozimin-e-qeverise-kurti\/#breadcrumb","itemListElement":[{"@type":"ListItem","position":1,"name":"Ballina","item":"https:\/\/permbledhja.com\/sq\/"},{"@type":"ListItem","position":2,"name":"Dy deputet\u00ebt e VV-s\u00eb e hedhin posht\u00eb propozimin e Qeveris\u00eb Kurti"}]},{"@type":"WebSite","@id":"https:\/\/permbledhja.com\/#website","url":"https:\/\/permbledhja.com\/","name":"Ve\u00e7 artikuj p\u00ebrmbledh\u00ebs","description":"","publisher":{"@id":"https:\/\/permbledhja.com\/#organization"},"potentialAction":[{"@type":"SearchAction","target":{"@type":"EntryPoint","urlTemplate":"https:\/\/permbledhja.com\/?s={search_term_string}"},"query-input":"required name=search_term_string"}],"inLanguage":"sq"},{"@type":"Organization","@id":"https:\/\/permbledhja.com\/#organization","name":"MK Media & Pr","url":"https:\/\/permbledhja.com\/","logo":{"@type":"ImageObject","inLanguage":"sq","@id":"https:\/\/permbledhja.com\/#\/schema\/logo\/image\/","url":"https:\/\/permbledhja.com\/wp-content\/uploads\/2021\/12\/07-Press-Logo.jpg","contentUrl":"https:\/\/permbledhja.com\/wp-content\/uploads\/2021\/12\/07-Press-Logo.jpg","width":512,"height":512,"caption":"MK Media & Pr"},"image":{"@id":"https:\/\/permbledhja.com\/#\/schema\/logo\/image\/"},"sameAs":["https:\/\/www.facebook.com\/press07\/"]},{"@type":"Person","@id":"https:\/\/permbledhja.com\/#\/schema\/person\/d23f13f59b5722643933d6780783acf3","name":"M M","image":{"@type":"ImageObject","inLanguage":"sq","@id":"https:\/\/permbledhja.com\/#\/schema\/person\/image\/","url":"https:\/\/secure.gravatar.com\/avatar\/e2835a76ca7c31a2416b2d51c4ec9a8f?s=96&d=mm&r=g","contentUrl":"https:\/\/secure.gravatar.com\/avatar\/e2835a76ca7c31a2416b2d51c4ec9a8f?s=96&d=mm&r=g","caption":"M M"},"sameAs":["http:\/\/MM"],"url":"https:\/\/permbledhja.com\/sq\/author\/muhamet\/"}]}},"_links":{"self":[{"href":"https:\/\/permbledhja.com\/sq\/wp-json\/wp\/v2\/posts\/18543"}],"collection":[{"href":"https:\/\/permbledhja.com\/sq\/wp-json\/wp\/v2\/posts"}],"about":[{"href":"https:\/\/permbledhja.com\/sq\/wp-json\/wp\/v2\/types\/post"}],"author":[{"embeddable":true,"href":"https:\/\/permbledhja.com\/sq\/wp-json\/wp\/v2\/users\/2"}],"replies":[{"embeddable":true,"href":"https:\/\/permbledhja.com\/sq\/wp-json\/wp\/v2\/comments?post=18543"}],"version-history":[{"count":1,"href":"https:\/\/permbledhja.com\/sq\/wp-json\/wp\/v2\/posts\/18543\/revisions"}],"predecessor-version":[{"id":18545,"href":"https:\/\/permbledhja.com\/sq\/wp-json\/wp\/v2\/posts\/18543\/revisions\/18545"}],"wp:featuredmedia":[{"embeddable":true,"href":"https:\/\/permbledhja.com\/sq\/wp-json\/wp\/v2\/media\/18544"}],"wp:attachment":[{"href":"https:\/\/permbledhja.com\/sq\/wp-json\/wp\/v2\/media?parent=18543"}],"wp:term":[{"taxonomy":"category","embeddable":true,"href":"https:\/\/permbledhja.com\/sq\/wp-json\/wp\/v2\/categories?post=18543"},{"taxonomy":"post_tag","embeddable":true,"href":"https:\/\/permbledhja.com\/sq\/wp-json\/wp\/v2\/tags?post=18543"}],"curies":[{"name":"wp","href":"https:\/\/api.w.org\/{rel}","templated":true}]}}