{"id":18540,"date":"2023-07-10T15:58:59","date_gmt":"2023-07-10T15:58:59","guid":{"rendered":"https:\/\/permbledhja.com\/?p=18540"},"modified":"2023-07-10T15:58:59","modified_gmt":"2023-07-10T15:58:59","slug":"a-ju-nxunen-a-zemaj-i-ldk-se-tallet-me-vv-ne","status":"publish","type":"post","link":"https:\/\/permbledhja.com\/sq\/a-ju-nxunen-a-zemaj-i-ldk-se-tallet-me-vv-ne\/","title":{"rendered":"\u201cA ju nxunen a\u201d, Zemaj i LDK-s\u00eb tallet me VV-n\u00eb"},"content":{"rendered":"<h3>Deputeti i LDK-s\u00eb, Armend Zemaj ka reaguar p\u00ebr p\u00ebrgjimin e nj\u00eb bisede t\u00eb Shefes s\u00eb Grupit Parlamentar t\u00eb L\u00ebvizjes Vet\u00ebvendosje, Mimoza Kusarit dhe n\u00ebnkryetarit t\u00eb List\u00ebs Serbe, Slavko Simiq.<\/h3>\n<p>Zemaj ka pyetur pushtetin \u201ca iu zun\u00ebn a\u201d. \u201d Se p\u00ebr me fol keni fol gjith\u00eb!\u201d, ka shkruar tutje.<\/p>\n<p>Kusari &#8211; Lila n\u00eb nj\u00eb prononcim p\u00ebr Ekonomia Online ka mohuar se ka pasur kontakt me dik\u00eb tjet\u00ebr nga kjo List\u00eb, p\u00ebrve\u00e7 me Igor Simiq, q\u00eb ka qen\u00eb shef i Grupit Parlamentar t\u00eb List\u00ebs Serbe dhe Slavko Simiqin. Ajo thot\u00eb se me k\u00ebta zyrtar\u00eb ka folur p\u00ebr pun\u00ebn n\u00eb Kuvend, specifikisht p\u00ebr tri projektligje.<\/p>\n","protected":false},"excerpt":{"rendered":"<p>Deputeti i LDK-s\u00eb, Armend Zemaj ka reaguar p\u00ebr p\u00ebrgjimin e nj\u00eb bisede t\u00eb Shefes s\u00eb Grupit Parlamentar t\u00eb L\u00ebvizjes Vet\u00ebvendosje, Mimoza Kusarit dhe n\u00ebnkryetarit t\u00eb List\u00ebs Serbe, Slavko Simiq. Zemaj ka pyetur pushtetin \u201ca iu zun\u00ebn a\u201d. \u201d Se p\u00ebr me fol keni fol gjith\u00eb!\u201d, ka shkruar tutje. Kusari &#8211; Lila n\u00eb nj\u00eb prononcim p\u00ebr [&hellip;]<\/p>\n","protected":false},"author":2,"featured_media":18541,"comment_status":"closed","ping_status":"closed","sticky":false,"template":"","format":"standard","meta":{"_monsterinsights_skip_tracking":false,"_monsterinsights_sitenote_active":false,"_monsterinsights_sitenote_note":"","_monsterinsights_sitenote_category":0,"_uf_show_specific_survey":0,"_uf_disable_surveys":false,"footnotes":""},"categories":[23,15],"tags":[1022],"yoast_head":"<!-- This site is optimized with the Yoast SEO plugin v21.5 - https:\/\/yoast.com\/wordpress\/plugins\/seo\/ -->\n<title>\u201cA ju nxunen a\u201d, Zemaj i LDK-s\u00eb tallet me VV-n\u00eb<\/title>\n<meta name=\"robots\" content=\"index, follow, max-snippet:-1, max-image-preview:large, max-video-preview:-1\" \/>\n<link rel=\"canonical\" href=\"https:\/\/permbledhja.com\/sq\/a-ju-nxunen-a-zemaj-i-ldk-se-tallet-me-vv-ne\/\" \/>\n<meta property=\"og:locale\" content=\"sq_AL\" \/>\n<meta property=\"og:type\" content=\"article\" \/>\n<meta property=\"og:title\" content=\"\u201cA ju nxunen a\u201d, Zemaj i LDK-s\u00eb tallet me VV-n\u00eb\" \/>\n<meta property=\"og:description\" content=\"Deputeti i LDK-s\u00eb, Armend Zemaj ka reaguar p\u00ebr p\u00ebrgjimin e nj\u00eb bisede t\u00eb Shefes s\u00eb Grupit Parlamentar t\u00eb L\u00ebvizjes Vet\u00ebvendosje, Mimoza Kusarit dhe n\u00ebnkryetarit t\u00eb List\u00ebs Serbe, Slavko Simiq. Zemaj ka pyetur pushtetin \u201ca iu zun\u00ebn a\u201d. \u201d Se p\u00ebr me fol keni fol gjith\u00eb!\u201d, ka shkruar tutje. Kusari &#8211; Lila n\u00eb nj\u00eb prononcim p\u00ebr [&hellip;]\" \/>\n<meta property=\"og:url\" content=\"https:\/\/permbledhja.com\/sq\/a-ju-nxunen-a-zemaj-i-ldk-se-tallet-me-vv-ne\/\" \/>\n<meta property=\"og:site_name\" content=\"Ve\u00e7 artikuj p\u00ebrmbledh\u00ebs\" \/>\n<meta property=\"article:publisher\" content=\"https:\/\/www.facebook.com\/press07\/\" \/>\n<meta property=\"article:published_time\" content=\"2023-07-10T15:58:59+00:00\" \/>\n<meta property=\"og:image\" content=\"https:\/\/permbledhja.com\/wp-content\/uploads\/2023\/07\/zemaj-1024x682-1.jpg\" \/>\n\t<meta property=\"og:image:width\" content=\"1024\" \/>\n\t<meta property=\"og:image:height\" content=\"682\" \/>\n\t<meta property=\"og:image:type\" content=\"image\/jpeg\" \/>\n<meta name=\"author\" content=\"M M\" \/>\n<meta name=\"twitter:card\" content=\"summary_large_image\" \/>\n<meta name=\"twitter:label1\" content=\"Written by\" \/>\n\t<meta name=\"twitter:data1\" content=\"M M\" \/>\n\t<meta name=\"twitter:label2\" content=\"Est. reading time\" \/>\n\t<meta name=\"twitter:data2\" content=\"1 minut\u00eb\" \/>\n<script type=\"application\/ld+json\" class=\"yoast-schema-graph\">{\"@context\":\"https:\/\/schema.org\",\"@graph\":[{\"@type\":\"Article\",\"@id\":\"https:\/\/permbledhja.com\/a-ju-nxunen-a-zemaj-i-ldk-se-tallet-me-vv-ne\/#article\",\"isPartOf\":{\"@id\":\"https:\/\/permbledhja.com\/a-ju-nxunen-a-zemaj-i-ldk-se-tallet-me-vv-ne\/\"},\"author\":{\"name\":\"M M\",\"@id\":\"https:\/\/permbledhja.com\/#\/schema\/person\/d23f13f59b5722643933d6780783acf3\"},\"headline\":\"\u201cA ju nxunen a\u201d, Zemaj i LDK-s\u00eb tallet me VV-n\u00eb\",\"datePublished\":\"2023-07-10T15:58:59+00:00\",\"dateModified\":\"2023-07-10T15:58:59+00:00\",\"mainEntityOfPage\":{\"@id\":\"https:\/\/permbledhja.com\/a-ju-nxunen-a-zemaj-i-ldk-se-tallet-me-vv-ne\/\"},\"wordCount\":127,\"publisher\":{\"@id\":\"https:\/\/permbledhja.com\/#organization\"},\"keywords\":[\"Armend Zemaj\"],\"articleSection\":[\"Komb\u00ebtare\",\"Lajme\"],\"inLanguage\":\"sq\"},{\"@type\":\"WebPage\",\"@id\":\"https:\/\/permbledhja.com\/a-ju-nxunen-a-zemaj-i-ldk-se-tallet-me-vv-ne\/\",\"url\":\"https:\/\/permbledhja.com\/a-ju-nxunen-a-zemaj-i-ldk-se-tallet-me-vv-ne\/\",\"name\":\"\u201cA ju nxunen a\u201d, Zemaj i LDK-s\u00eb tallet me VV-n\u00eb\",\"isPartOf\":{\"@id\":\"https:\/\/permbledhja.com\/#website\"},\"datePublished\":\"2023-07-10T15:58:59+00:00\",\"dateModified\":\"2023-07-10T15:58:59+00:00\",\"breadcrumb\":{\"@id\":\"https:\/\/permbledhja.com\/a-ju-nxunen-a-zemaj-i-ldk-se-tallet-me-vv-ne\/#breadcrumb\"},\"inLanguage\":\"sq\",\"potentialAction\":[{\"@type\":\"ReadAction\",\"target\":[\"https:\/\/permbledhja.com\/a-ju-nxunen-a-zemaj-i-ldk-se-tallet-me-vv-ne\/\"]}]},{\"@type\":\"BreadcrumbList\",\"@id\":\"https:\/\/permbledhja.com\/a-ju-nxunen-a-zemaj-i-ldk-se-tallet-me-vv-ne\/#breadcrumb\",\"itemListElement\":[{\"@type\":\"ListItem\",\"position\":1,\"name\":\"Ballina\",\"item\":\"https:\/\/permbledhja.com\/sq\/\"},{\"@type\":\"ListItem\",\"position\":2,\"name\":\"\u201cA ju nxunen a\u201d, Zemaj i LDK-s\u00eb tallet me VV-n\u00eb\"}]},{\"@type\":\"WebSite\",\"@id\":\"https:\/\/permbledhja.com\/#website\",\"url\":\"https:\/\/permbledhja.com\/\",\"name\":\"Ve\u00e7 artikuj p\u00ebrmbledh\u00ebs\",\"description\":\"\",\"publisher\":{\"@id\":\"https:\/\/permbledhja.com\/#organization\"},\"potentialAction\":[{\"@type\":\"SearchAction\",\"target\":{\"@type\":\"EntryPoint\",\"urlTemplate\":\"https:\/\/permbledhja.com\/?s={search_term_string}\"},\"query-input\":\"required name=search_term_string\"}],\"inLanguage\":\"sq\"},{\"@type\":\"Organization\",\"@id\":\"https:\/\/permbledhja.com\/#organization\",\"name\":\"MK Media & Pr\",\"url\":\"https:\/\/permbledhja.com\/\",\"logo\":{\"@type\":\"ImageObject\",\"inLanguage\":\"sq\",\"@id\":\"https:\/\/permbledhja.com\/#\/schema\/logo\/image\/\",\"url\":\"https:\/\/permbledhja.com\/wp-content\/uploads\/2021\/12\/07-Press-Logo.jpg\",\"contentUrl\":\"https:\/\/permbledhja.com\/wp-content\/uploads\/2021\/12\/07-Press-Logo.jpg\",\"width\":512,\"height\":512,\"caption\":\"MK Media & Pr\"},\"image\":{\"@id\":\"https:\/\/permbledhja.com\/#\/schema\/logo\/image\/\"},\"sameAs\":[\"https:\/\/www.facebook.com\/press07\/\"]},{\"@type\":\"Person\",\"@id\":\"https:\/\/permbledhja.com\/#\/schema\/person\/d23f13f59b5722643933d6780783acf3\",\"name\":\"M M\",\"image\":{\"@type\":\"ImageObject\",\"inLanguage\":\"sq\",\"@id\":\"https:\/\/permbledhja.com\/#\/schema\/person\/image\/\",\"url\":\"https:\/\/secure.gravatar.com\/avatar\/e2835a76ca7c31a2416b2d51c4ec9a8f?s=96&d=mm&r=g\",\"contentUrl\":\"https:\/\/secure.gravatar.com\/avatar\/e2835a76ca7c31a2416b2d51c4ec9a8f?s=96&d=mm&r=g\",\"caption\":\"M M\"},\"sameAs\":[\"http:\/\/MM\"],\"url\":\"https:\/\/permbledhja.com\/sq\/author\/muhamet\/\"}]}<\/script>\n<!-- \/ Yoast SEO plugin. -->","yoast_head_json":{"title":"\u201cA ju nxunen a\u201d, Zemaj i LDK-s\u00eb tallet me VV-n\u00eb","robots":{"index":"index","follow":"follow","max-snippet":"max-snippet:-1","max-image-preview":"max-image-preview:large","max-video-preview":"max-video-preview:-1"},"canonical":"https:\/\/permbledhja.com\/sq\/a-ju-nxunen-a-zemaj-i-ldk-se-tallet-me-vv-ne\/","og_locale":"sq_AL","og_type":"article","og_title":"\u201cA ju nxunen a\u201d, Zemaj i LDK-s\u00eb tallet me VV-n\u00eb","og_description":"Deputeti i LDK-s\u00eb, Armend Zemaj ka reaguar p\u00ebr p\u00ebrgjimin e nj\u00eb bisede t\u00eb Shefes s\u00eb Grupit Parlamentar t\u00eb L\u00ebvizjes Vet\u00ebvendosje, Mimoza Kusarit dhe n\u00ebnkryetarit t\u00eb List\u00ebs Serbe, Slavko Simiq. Zemaj ka pyetur pushtetin \u201ca iu zun\u00ebn a\u201d. \u201d Se p\u00ebr me fol keni fol gjith\u00eb!\u201d, ka shkruar tutje. Kusari &#8211; Lila n\u00eb nj\u00eb prononcim p\u00ebr [&hellip;]","og_url":"https:\/\/permbledhja.com\/sq\/a-ju-nxunen-a-zemaj-i-ldk-se-tallet-me-vv-ne\/","og_site_name":"Ve\u00e7 artikuj p\u00ebrmbledh\u00ebs","article_publisher":"https:\/\/www.facebook.com\/press07\/","article_published_time":"2023-07-10T15:58:59+00:00","og_image":[{"width":1024,"height":682,"url":"https:\/\/permbledhja.com\/wp-content\/uploads\/2023\/07\/zemaj-1024x682-1.jpg","type":"image\/jpeg"}],"author":"M M","twitter_card":"summary_large_image","twitter_misc":{"Written by":"M M","Est. reading time":"1 minut\u00eb"},"schema":{"@context":"https:\/\/schema.org","@graph":[{"@type":"Article","@id":"https:\/\/permbledhja.com\/a-ju-nxunen-a-zemaj-i-ldk-se-tallet-me-vv-ne\/#article","isPartOf":{"@id":"https:\/\/permbledhja.com\/a-ju-nxunen-a-zemaj-i-ldk-se-tallet-me-vv-ne\/"},"author":{"name":"M M","@id":"https:\/\/permbledhja.com\/#\/schema\/person\/d23f13f59b5722643933d6780783acf3"},"headline":"\u201cA ju nxunen a\u201d, Zemaj i LDK-s\u00eb tallet me VV-n\u00eb","datePublished":"2023-07-10T15:58:59+00:00","dateModified":"2023-07-10T15:58:59+00:00","mainEntityOfPage":{"@id":"https:\/\/permbledhja.com\/a-ju-nxunen-a-zemaj-i-ldk-se-tallet-me-vv-ne\/"},"wordCount":127,"publisher":{"@id":"https:\/\/permbledhja.com\/#organization"},"keywords":["Armend Zemaj"],"articleSection":["Komb\u00ebtare","Lajme"],"inLanguage":"sq"},{"@type":"WebPage","@id":"https:\/\/permbledhja.com\/a-ju-nxunen-a-zemaj-i-ldk-se-tallet-me-vv-ne\/","url":"https:\/\/permbledhja.com\/a-ju-nxunen-a-zemaj-i-ldk-se-tallet-me-vv-ne\/","name":"\u201cA ju nxunen a\u201d, Zemaj i LDK-s\u00eb tallet me VV-n\u00eb","isPartOf":{"@id":"https:\/\/permbledhja.com\/#website"},"datePublished":"2023-07-10T15:58:59+00:00","dateModified":"2023-07-10T15:58:59+00:00","breadcrumb":{"@id":"https:\/\/permbledhja.com\/a-ju-nxunen-a-zemaj-i-ldk-se-tallet-me-vv-ne\/#breadcrumb"},"inLanguage":"sq","potentialAction":[{"@type":"ReadAction","target":["https:\/\/permbledhja.com\/a-ju-nxunen-a-zemaj-i-ldk-se-tallet-me-vv-ne\/"]}]},{"@type":"BreadcrumbList","@id":"https:\/\/permbledhja.com\/a-ju-nxunen-a-zemaj-i-ldk-se-tallet-me-vv-ne\/#breadcrumb","itemListElement":[{"@type":"ListItem","position":1,"name":"Ballina","item":"https:\/\/permbledhja.com\/sq\/"},{"@type":"ListItem","position":2,"name":"\u201cA ju nxunen a\u201d, Zemaj i LDK-s\u00eb tallet me VV-n\u00eb"}]},{"@type":"WebSite","@id":"https:\/\/permbledhja.com\/#website","url":"https:\/\/permbledhja.com\/","name":"Ve\u00e7 artikuj p\u00ebrmbledh\u00ebs","description":"","publisher":{"@id":"https:\/\/permbledhja.com\/#organization"},"potentialAction":[{"@type":"SearchAction","target":{"@type":"EntryPoint","urlTemplate":"https:\/\/permbledhja.com\/?s={search_term_string}"},"query-input":"required name=search_term_string"}],"inLanguage":"sq"},{"@type":"Organization","@id":"https:\/\/permbledhja.com\/#organization","name":"MK Media & Pr","url":"https:\/\/permbledhja.com\/","logo":{"@type":"ImageObject","inLanguage":"sq","@id":"https:\/\/permbledhja.com\/#\/schema\/logo\/image\/","url":"https:\/\/permbledhja.com\/wp-content\/uploads\/2021\/12\/07-Press-Logo.jpg","contentUrl":"https:\/\/permbledhja.com\/wp-content\/uploads\/2021\/12\/07-Press-Logo.jpg","width":512,"height":512,"caption":"MK Media & Pr"},"image":{"@id":"https:\/\/permbledhja.com\/#\/schema\/logo\/image\/"},"sameAs":["https:\/\/www.facebook.com\/press07\/"]},{"@type":"Person","@id":"https:\/\/permbledhja.com\/#\/schema\/person\/d23f13f59b5722643933d6780783acf3","name":"M M","image":{"@type":"ImageObject","inLanguage":"sq","@id":"https:\/\/permbledhja.com\/#\/schema\/person\/image\/","url":"https:\/\/secure.gravatar.com\/avatar\/e2835a76ca7c31a2416b2d51c4ec9a8f?s=96&d=mm&r=g","contentUrl":"https:\/\/secure.gravatar.com\/avatar\/e2835a76ca7c31a2416b2d51c4ec9a8f?s=96&d=mm&r=g","caption":"M M"},"sameAs":["http:\/\/MM"],"url":"https:\/\/permbledhja.com\/sq\/author\/muhamet\/"}]}},"_links":{"self":[{"href":"https:\/\/permbledhja.com\/sq\/wp-json\/wp\/v2\/posts\/18540"}],"collection":[{"href":"https:\/\/permbledhja.com\/sq\/wp-json\/wp\/v2\/posts"}],"about":[{"href":"https:\/\/permbledhja.com\/sq\/wp-json\/wp\/v2\/types\/post"}],"author":[{"embeddable":true,"href":"https:\/\/permbledhja.com\/sq\/wp-json\/wp\/v2\/users\/2"}],"replies":[{"embeddable":true,"href":"https:\/\/permbledhja.com\/sq\/wp-json\/wp\/v2\/comments?post=18540"}],"version-history":[{"count":1,"href":"https:\/\/permbledhja.com\/sq\/wp-json\/wp\/v2\/posts\/18540\/revisions"}],"predecessor-version":[{"id":18542,"href":"https:\/\/permbledhja.com\/sq\/wp-json\/wp\/v2\/posts\/18540\/revisions\/18542"}],"wp:featuredmedia":[{"embeddable":true,"href":"https:\/\/permbledhja.com\/sq\/wp-json\/wp\/v2\/media\/18541"}],"wp:attachment":[{"href":"https:\/\/permbledhja.com\/sq\/wp-json\/wp\/v2\/media?parent=18540"}],"wp:term":[{"taxonomy":"category","embeddable":true,"href":"https:\/\/permbledhja.com\/sq\/wp-json\/wp\/v2\/categories?post=18540"},{"taxonomy":"post_tag","embeddable":true,"href":"https:\/\/permbledhja.com\/sq\/wp-json\/wp\/v2\/tags?post=18540"}],"curies":[{"name":"wp","href":"https:\/\/api.w.org\/{rel}","templated":true}]}}