{"id":18412,"date":"2023-07-09T20:51:39","date_gmt":"2023-07-09T20:51:39","guid":{"rendered":"https:\/\/permbledhja.com\/?p=18412"},"modified":"2023-07-09T20:51:39","modified_gmt":"2023-07-09T20:51:39","slug":"24-vjet-nga-vrasja-e-vellezerve-bytyci-ne-serbi-kush-jane-te-dyshuarit-dhe-cfare-dihet-deri-tash-per-rastin","status":"publish","type":"post","link":"https:\/\/permbledhja.com\/sq\/24-vjet-nga-vrasja-e-vellezerve-bytyci-ne-serbi-kush-jane-te-dyshuarit-dhe-cfare-dihet-deri-tash-per-rastin\/","title":{"rendered":"24 vjet nga vrasja e v\u00ebllez\u00ebrve Byty\u00e7i n\u00eb Serbi, kush jan\u00eb t\u00eb dyshuarit dhe \u00e7far\u00eb dihet deri tash p\u00ebr rastin"},"content":{"rendered":"<p>Kan\u00eb kaluar 24 vjet nga vrasja e tre shqiptaro-amerikan\u00ebve n\u00eb Serbi i njohur m\u00eb shum\u00eb si rasti i v\u00ebllez\u00ebrve Byty\u00e7i. Trupat e Agron, Yll dhe Mehmet Byty\u00e7it u gjet\u00ebn n\u00eb nj\u00eb varrez\u00eb masive me mbi 70 viktima t\u00eb tjer\u00eb nga lufta n\u00eb Kosov\u00eb n\u00eb Petrovo Selo t\u00eb Serbis\u00eb, pas hapjes s\u00eb varrezave masive n\u00eb Serbi.<\/p>\n<p>Departamenti amerikan i shtetit dhe zyrtar\u00eb t\u00eb tjer\u00eb amerikan i kan\u00eb b\u00ebr\u00eb s\u00ebrish thirrje Serbis\u00eb q\u00eb t\u00eb hetoj\u00eb dhe t\u00eb d\u00ebnoj\u00eb personat p\u00ebrgjegj\u00ebs.<\/p>\n<p>Kolegu Artan Haraqija, bisedoi me v\u00ebllain e viktimave, Fatos Byty\u00e7i dhe aktivisten serbe p\u00ebr t\u00eb drejtat e njeriut, Natasha Kandi\u00e7 p\u00ebr t\u00eb kuptuar pse rasti vazhdon t\u00eb jet\u00eb i hapur dhe kush jan\u00eb t\u00eb dyshuarit kryesor\u00eb q\u00eb ata besojn\u00eb se dhan\u00eb urdh\u00ebr p\u00ebr rr\u00ebmbimin dhe ekzekutimin e tyre.<\/p>\n<p>Menj\u00ebher\u00eb pas p\u00ebrfundimit t\u00eb luft\u00ebs n\u00eb Kosov\u00eb, Yll, Agron dhe Mehmet Byty\u00e7i nisen drejt Merdares, at\u00ebkoh\u00eb pik\u00eb administrative mes Kosov\u00ebs dhe Serbis\u00eb. Ata kishin shkuar n\u00eb Kosov\u00eb nga Shtetet e Bashkuara si pjes\u00ebtar\u00eb t\u00eb grupit \u2018Atlantiku\u2019, me 400 vullnetar\u00eb t\u00eb tjer\u00eb t\u00eb Ushtris\u00eb \u00c7lirimtare t\u00eb Kosov\u00ebs.<\/p>\n<p>Nj\u00eb familje rome, fqinj t\u00eb familjes Byty\u00e7i n\u00eb Prizren, p\u00ebr arsye sigurie u k\u00ebrkoi v\u00ebllez\u00ebrve shqiptaro amerikan q\u00eb t\u2019i ndihmoj\u00eb t\u00eb udh\u00ebtojn\u00eb drejt Serbis\u00eb.<\/p>\n<p>\u201cRasti i v\u00ebllez\u00ebrve Byty\u00e7i \u00ebsht\u00eb me r\u00ebnd\u00ebsi t\u00eb madhe pasi \u00ebsht\u00eb rast i tre v\u00ebllez\u00ebrve, q\u00eb donin t\u00eb ndihmonin t\u00eb tjer\u00ebt, n\u00eb nj\u00eb koh\u00eb shum\u00eb t\u00eb rrezikshme\u201d, thot\u00eb aktivistja serbe p\u00ebr t\u00eb drejtat e njeriut, Natasha Kandi\u00e7.<\/p>\n<p>N\u00eb munges\u00eb t\u00eb tabelave p\u00ebr t\u00eb kuptuar se ku ndahen t\u00eb dy vendet q\u00eb ishin n\u00eb luft\u00eb deri para pak dit\u00ebsh, grupi kalon gabimisht n\u00eb Serbi dhe ndalohen n\u00eb nj\u00eb pik\u00eb kontrolli t\u00eb policis\u00eb serbe. Tre v\u00ebllez\u00ebrit arrestohen dhe m\u00eb pas d\u00ebrgohen n\u00eb Kurshumli, ku nj\u00eb gjykat\u00ebs i d\u00ebnon p\u00ebr kund\u00ebrvajtje, me 15 dit\u00eb burg, p\u00ebr hyrje ilegale n\u00eb ish Jugosllavi. Shtetasit amerikan\u00eb n\u00eb at\u00eb koh\u00eb duhej t\u00eb kishin viz\u00eb p\u00ebr t\u00eb hyr\u00eb n\u00eb at\u00eb q\u00eb kishte mbetur nga Federata Jugosllave.<\/p>\n<p>Tre shqiptaro amerikan\u00ebt d\u00ebrgohen n\u00eb burgun e Prokuples.<\/p>\n<p>Pak dit\u00eb para se t\u00eb p\u00ebrfundonin d\u00ebnimin, merret vendim p\u00ebr t\u2019i liruar. Por, t\u00eb njejt\u00ebn dit\u00eb, nj\u00eb grup i policis\u00eb speciale serbe i merr nga Prokupla dhe i d\u00ebrgon n\u00eb Petrovo Selo, kampin e trajnimit t\u00eb policis\u00eb s\u00eb Serbis\u00eb.<\/p>\n<p>\u201cPasi i kan\u00eb marr\u00eb n\u00eb Prokuple, i kan\u00eb d\u00ebrguar n\u00eb Petrovo Selo. I kan\u00eb torturuar p\u00ebr disa dit\u00eb\u201d, thot\u00eb v\u00ebllai i ish ushtar\u00ebve t\u00eb U\u00c7K-s\u00eb, i cili p\u00ebr mbi dy dekada b\u00ebn p\u00ebrpjekje q\u00eb t\u00eb zbuloj\u00eb se kush jan\u00eb fajtor\u00ebt p\u00ebr vrasjen e tyre.<\/p>\n<p>Vrasja e tyre u b\u00eb n\u00eb nj\u00eb koh\u00eb kur pushteti i Slobodan Milloshevi\u00e7it n\u00eb m\u00ebnyr\u00eb aktive b\u00ebnte p\u00ebrpjekje p\u00ebr t\u00eb fshehur krimet e kryera n\u00eb Kosov\u00eb, kryesisht duke hapur varreza masive n\u00ebp\u00ebr Serbi. E v\u00ebrteta, jo vet\u00ebm p\u00ebr tre v\u00ebllez\u00ebrit Byty\u00e7i, por edhe p\u00ebr qindra shqiptar\u00eb t\u00eb tjer\u00eb u kuptua vet\u00ebm pas hapjes s\u00eb disa prej varrezave masive nga ish kryeministri serb, Zoran Xhinxhi\u00e7.<\/p>\n<p>\u201cHapja e varrezave masive u b\u00eb pasi e urdh\u00ebron k\u00ebt\u00eb Xhinxhi\u00e7, e hapin Batajnic\u00ebn fillimisht dhe m\u00eb pas Petrovo Selon dhe prej Petrovo Selos dalin trupat e v\u00ebllez\u00ebrve t\u00eb mi\u201d, thot\u00eb zoti Byty\u00e7i.<\/p>\n<p>Trupat e Agronit, Yllit dhe Mehmetit tregojn\u00eb shenja torture. Ata jan\u00eb ekzekutuar me arm\u00eb zjarri pas shpine, nd\u00ebrsa duart i kan\u00eb pasur t\u00eb lidhura me tel. Gjetja e trupave t\u00eb qindra shqiptar\u00ebve n\u00eb varrezat masive n\u00eb Serbi, t\u00eb hapura deri tani, megjithat\u00eb d\u00ebshtoi t\u00eb zbuloj\u00eb t\u00eb v\u00ebrtet\u00ebn e shum\u00eb prej k\u00ebtyre krimeve. P\u00ebr zotin Byty\u00e7i, edhe vet\u00eb hapja e varrezave masive u b\u00eb p\u00ebr q\u00ebllime politike.<\/p>\n<p>\u201cQ\u00ebllimi ka qen\u00eb politik vet\u00ebm q\u00eb Millosevi\u00e7i t\u00eb dor\u00ebzohet n\u00eb Tribunal t\u00eb Hag\u00ebs se nuk kan\u00eb pasur argument se si ta heqin at\u00eb njeri nga Serbia\u201d, thot\u00eb Fatos Byty\u00e7i.<\/p>\n<p>Deri m\u00eb sot vrasja e tre shqiptaro-amerikan\u00ebve ka mbetur pa autor, megjith\u00ebse p\u00ebrgjegj\u00ebsia p\u00ebr k\u00ebt\u00eb krim sipas zonj\u00ebs Kandi\u00e7 dhe zotit Byty\u00e7i \u00ebsht\u00eb e leht\u00eb t\u00eb kuptohet.<\/p>\n<p>\u201cObrad Stevanovi\u00e7 \u00ebsht\u00eb nj\u00ebri. Obrad Stevanovi\u00e7i i jep urdh\u00ebr nga Beogradi Arsijenevi\u00e7 Milenkos dhe polic\u00ebve t\u00eb tjer\u00eb, q\u00eb kan\u00eb b\u00ebr\u00eb masakra n\u00eb Kosov\u00eb, t\u00eb nisen drejt\u00eb Prokuples p\u00ebr t\u00eb kidnapuar tre amerikan\u00eb. Goran Radosalvjevi\u00e7 Guri, thirr\u00eb n\u00eb telefon dhe i jep urdh\u00ebr Sreten Popovi\u00e7it q\u00eb me shku tre amerikan\u00eb me i kidnapu dhe t\u2019i sjellin n\u00eb Petrovo Selo\u201d, thot\u00eb zoti Byty\u00e7i.<\/p>\n<p>Obrad Stevanovi\u00e7 ishte gjeneral i policis\u00eb s\u00eb Serbis\u00eb.<\/p>\n<p>Goran Radosavljevi\u00e7 i njohur me nofk\u00ebn Guri ishte komandant i nj\u00ebsive speciale t\u00eb policis\u00eb s\u00eb Serbis\u00eb gjat\u00eb koh\u00ebs s\u00eb luft\u00ebs n\u00eb Kosov\u00eb.<\/p>\n<p>Ky i fundit dyshohet se ka marr\u00eb pjes\u00eb n\u00eb disa prej krimeve m\u00eb t\u00eb r\u00ebnda, p\u00ebrfshir\u00eb edhe masakr\u00ebn e Re\u00e7akut m\u00eb 15 janar 1999 ku u vran\u00eb 44 shqiptar\u00eb. Guri gjithashtu dyshohet se udh\u00ebhoqi operacionin kund\u00ebr familjes s\u00eb Adem Jasharit n\u00eb Prekaz t\u00eb Drenic\u00ebs ku u vran\u00eb mbi 100 njer\u00ebz.<\/p>\n<p>Pas luft\u00ebs, ai ishte udh\u00ebheq\u00ebs i kampit t\u00eb trajnimit t\u00eb nj\u00ebsive speciale policore serbe n\u00eb Petrovo Selo ku v\u00ebllez\u00ebrit Byty\u00e7i u vran\u00eb dhe m\u00eb pas u varros\u00ebn me dhjet\u00ebra shqiptar\u00eb t\u00eb tjer\u00eb.Sipas dijenis\u00eb sime vendimi p\u00ebr vrasjen e v\u00ebllez\u00ebrve Byty\u00e7i erdhi nga Beogradi\u201d<\/p>\n<p>\u201cAsgj\u00eb nuk mund t\u00eb ndodhte n\u00eb at\u00eb kamp pa dijenin\u00eb e tij. Obrad Stevanovi\u00e7 ishte gjithashtu gjeneral. Ai ishte n\u00eb krye t\u00eb policis\u00eb speciale n\u00eb Kosov\u00eb dhe Serbi dhe jam e sigurt q\u00eb pa dijenin\u00eb e tij asgj\u00eb nuk mund t\u00eb ndodhte. Sipas pozit\u00ebs q\u00eb kishte ai duhej t\u00eb dinte gjith\u00e7ka q\u00eb ndodhte. Sipas dijenis\u00eb sime vendimi p\u00ebr vrasjen e v\u00ebllez\u00ebrve Byty\u00e7i erdhi nga Beogradi\u201d, thot\u00eb zonja Kandi\u00e7.<\/p>\n<p>N\u00eb vitin 2006 n\u00eb Serbi \u00ebsht\u00eb mbajtur nj\u00eb proces kund\u00ebr dy oficer\u00ebve policor q\u00eb dyshohet se ekzekutuan vendimet nga lart p\u00ebr kapjen dhe ekzekutimin e v\u00ebllez\u00ebrve Byty\u00e7i, Sreten Popovi\u00e7 dhe Milosh Stojanovi\u00e7. Procesi p\u00ebrfundoi pa asnj\u00eb d\u00ebnim. Goran Radosavljevi\u00e7 u nderua n\u00eb qershorin e viti 2021 me medalje nga xhandarmaria serbe duke u b\u00ebr\u00eb e qart\u00eb se ai mbet\u00ebt i papreksh\u00ebm.<\/p>\n<p>Gjenerali serb n\u00eb pension, nj\u00eb nga t\u00eb dyshuarit se dha urdh\u00ebr p\u00ebr rr\u00ebmbimin dhe vrasjen e v\u00ebllez\u00ebrve Byty\u00e7i, Obrad Stevanovi\u00e7, si\u00e7 konfirmohet n\u00eb nj\u00eb video t\u00eb Ministris\u00eb s\u00eb Brendshme t\u00eb Serbis\u00eb t\u00eb postuar n\u00eb rrjetin YouTube, vazhdon t\u00eb jet\u00eb i ftuar n\u00eb aktivitetet e qeveris\u00eb serbe. N\u00eb aktivitetin e vitit 2021 ai flet rregullisht p\u00ebr heroizmin e pjes\u00ebtar\u00ebve t\u00eb forcave policore dhe ushtarake serbe q\u00eb humb\u00ebn jet\u00ebn gjat\u00eb luft\u00ebs s\u00eb vitit 1999.<\/p>\n<p>\u201cM\u00eb s\u00eb shumti kemi d\u00ebgjuar se si mbrojt\u00ebsit e atdheut ton\u00eb jan\u00eb cil\u00ebsuar si kriminel\u00eb lufte\u201d , vler\u00ebson n\u00eb videon e Ministris\u00eb s\u00eb Brendshme t\u00eb Serbis\u00eb Obrad Stevanovi\u00e7.<\/p>\n<p>\u201cJam shum\u00eb krenar p\u00ebr faktin se shteti serb njeh sakrificat e forcave policore q\u00eb s\u00eb bashku me ushtrin\u00eb dhe qytetar\u00ebt mbrojt\u00ebn vendin e tyre kund\u00ebr 19 vendeve m\u00eb t\u00eb fuqishme an\u00ebtare t\u00eb NATO-s\u201d, tha gjenerali serb n\u00eb pension, Obrad Stevanovi\u00e7 m\u00eb 24 mars 2021.<\/p>\n<p>Mos nd\u00ebshkimi p\u00ebr zonj\u00ebn Kandi\u00e7, vjen si pasoj\u00eb fillimisht e frik\u00ebs s\u00eb d\u00ebshmitar\u00ebve okular\u00eb q\u00eb t\u00eb flasin hapur, dhe bindja q\u00eb ekziston tek forcat speciale serbe se vrasja e ish ushtar\u00ebve t\u00eb U\u00c7K-s\u00eb nuk \u00ebsht\u00eb nj\u00eb krim p\u00ebr t\u00eb cilin gjeneral\u00ebt serb\u00eb duhet t\u00eb mbahen p\u00ebrgjegj\u00ebs.<\/p>\n<p>\u201cKa shum\u00eb dyshime se pjes\u00ebtar\u00ebt e nj\u00ebsive speciale serbe kan\u00eb kryer shum\u00eb krime n\u00eb Kosov\u00eb dhe komploti i heshtjes \u00ebsht\u00eb pjes\u00eb e pozit\u00ebs s\u00eb tyre, pra q\u00eb t\u00eb jesh i heshtur dhe t\u00eb mos flas\u00ebsh p\u00ebr krime\u201d, thot\u00eb zonja Kandi\u00e7.<\/p>\n<p>N\u00eb dhjetor t\u00eb vitit 2018, Departamenti i Shtetit e p\u00ebrcaktoi ish udh\u00ebheq\u00ebsin e nj\u00ebsive speciale t\u00eb policis\u00eb serbe Radosavljevic si person t\u00eb pad\u00ebshiruar p\u00ebr t\u00eb hyr\u00eb n\u00eb SHBA p\u00ebr shkak t\u00eb dyshimeve t\u00eb \u201cp\u00ebrfshirjes s\u00eb tij n\u00eb shkelje t\u00eb r\u00ebnda t\u00eb t\u00eb drejtave t\u00eb njeriut\u201d, p\u00ebrfshir\u00eb vrasjen e shtetasve amerikan\u00eb, Yll, Agron dhe Mehmet Byty\u00e7i.<\/p>\n<p>\u201cKemi premtime t\u00eb m\u00ebdha prej shtetit amerikan q\u00eb ky rast do t\u00eb zbardhet\u201d, thot\u00eb zoti Byty\u00e7i.<\/p>\n<p>Por, p\u00ebr zonj\u00ebn Kandi\u00e7 presioni nd\u00ebrkomb\u00ebtar \u00ebsht\u00eb qart\u00eb i pa-susksesh\u00ebm.<\/p>\n<p>Familja Byty\u00e7i \u00ebsht\u00eb e bindur se ekziston nj\u00eb njeri q\u00eb megjithat\u00eb ka informacion q\u00eb do t\u00eb \u00e7onte deri te kapja e ish gjeneral\u00ebve serb\u00eb t\u00eb dyshuar p\u00ebr rastin. Vlastimir Gjorgjevi\u00e7, ish Zv\/minist\u00ebr i Brendsh\u00ebm serb gjat\u00eb luft\u00ebs n\u00eb Kosov\u00eb \u00ebsht\u00eb d\u00ebnuar nga Gjykata e Hag\u00ebs p\u00ebr Krimet n\u00eb ish Jugosllavi me 27 vjet heqje lirie. Ai ishte p\u00ebrgjegj\u00ebs p\u00ebr fshehjen e trupave t\u00eb shqiptar\u00ebve q\u00eb ishin vrar\u00eb n\u00eb Kosov\u00eb.<\/p>\n<p>\u201cAi di gjith\u00e7ka, p\u00ebrfshir\u00eb edhe p\u00ebr vrasjen e v\u00ebllez\u00ebrve Byty\u00e7i. Por, jam e sigurt q\u00eb ai nuk \u00ebsht\u00eb i gatsh\u00ebm t\u00eb ndihmoj\u00eb n\u00eb k\u00ebt\u00eb rast. Gjat\u00eb procesit kund\u00ebr tij, ai ishte tejet i kujdessh\u00ebm duke mbrojtur gjeneral\u00ebt e tjer\u00eb. Ai mbrojti insititucionet serbe dhe nuk \u00ebsht\u00eb i gatsh\u00ebm t\u00eb flas\u00eb\u201d, thot\u00eb zonja Kandi\u00e7. \/VOA<\/p>\n","protected":false},"excerpt":{"rendered":"<p>Kan\u00eb kaluar 24 vjet nga vrasja e tre shqiptaro-amerikan\u00ebve n\u00eb Serbi i njohur m\u00eb shum\u00eb si rasti i v\u00ebllez\u00ebrve Byty\u00e7i. Trupat e Agron, Yll dhe Mehmet Byty\u00e7it u gjet\u00ebn n\u00eb nj\u00eb varrez\u00eb masive me mbi 70 viktima t\u00eb tjer\u00eb nga lufta n\u00eb Kosov\u00eb n\u00eb Petrovo Selo t\u00eb Serbis\u00eb, pas hapjes s\u00eb varrezave masive n\u00eb Serbi. [&hellip;]<\/p>\n","protected":false},"author":1,"featured_media":18413,"comment_status":"closed","ping_status":"closed","sticky":false,"template":"","format":"standard","meta":{"_monsterinsights_skip_tracking":false,"_monsterinsights_sitenote_active":false,"_monsterinsights_sitenote_note":"","_monsterinsights_sitenote_category":0,"_uf_show_specific_survey":0,"_uf_disable_surveys":false,"footnotes":""},"categories":[1],"tags":[2072],"yoast_head":"<!-- This site is optimized with the Yoast SEO plugin v21.5 - https:\/\/yoast.com\/wordpress\/plugins\/seo\/ -->\n<title>24 vjet nga vrasja e v\u00ebllez\u00ebrve Byty\u00e7i n\u00eb Serbi, kush jan\u00eb t\u00eb dyshuarit dhe \u00e7far\u00eb dihet deri tash p\u00ebr rastin<\/title>\n<meta name=\"robots\" content=\"index, follow, max-snippet:-1, max-image-preview:large, max-video-preview:-1\" \/>\n<link rel=\"canonical\" href=\"https:\/\/permbledhja.com\/sq\/24-vjet-nga-vrasja-e-vellezerve-bytyci-ne-serbi-kush-jane-te-dyshuarit-dhe-cfare-dihet-deri-tash-per-rastin\/\" \/>\n<meta property=\"og:locale\" content=\"sq_AL\" \/>\n<meta property=\"og:type\" content=\"article\" \/>\n<meta property=\"og:title\" content=\"24 vjet nga vrasja e v\u00ebllez\u00ebrve Byty\u00e7i n\u00eb Serbi, kush jan\u00eb t\u00eb dyshuarit dhe \u00e7far\u00eb dihet deri tash p\u00ebr rastin\" \/>\n<meta property=\"og:description\" content=\"Kan\u00eb kaluar 24 vjet nga vrasja e tre shqiptaro-amerikan\u00ebve n\u00eb Serbi i njohur m\u00eb shum\u00eb si rasti i v\u00ebllez\u00ebrve Byty\u00e7i. Trupat e Agron, Yll dhe Mehmet Byty\u00e7it u gjet\u00ebn n\u00eb nj\u00eb varrez\u00eb masive me mbi 70 viktima t\u00eb tjer\u00eb nga lufta n\u00eb Kosov\u00eb n\u00eb Petrovo Selo t\u00eb Serbis\u00eb, pas hapjes s\u00eb varrezave masive n\u00eb Serbi. [&hellip;]\" \/>\n<meta property=\"og:url\" content=\"https:\/\/permbledhja.com\/sq\/24-vjet-nga-vrasja-e-vellezerve-bytyci-ne-serbi-kush-jane-te-dyshuarit-dhe-cfare-dihet-deri-tash-per-rastin\/\" \/>\n<meta property=\"og:site_name\" content=\"Ve\u00e7 artikuj p\u00ebrmbledh\u00ebs\" \/>\n<meta property=\"article:publisher\" content=\"https:\/\/www.facebook.com\/press07\/\" \/>\n<meta property=\"article:author\" content=\"https:\/\/www.facebook.com\/kafexhiu.muharrem\/\" \/>\n<meta property=\"article:published_time\" content=\"2023-07-09T20:51:39+00:00\" \/>\n<meta property=\"og:image\" content=\"https:\/\/permbledhja.com\/wp-content\/uploads\/2023\/07\/4E0E909E-3C47-45C3-9308-335C9337FE75.webp\" \/>\n\t<meta property=\"og:image:width\" content=\"600\" \/>\n\t<meta property=\"og:image:height\" content=\"360\" \/>\n\t<meta property=\"og:image:type\" content=\"image\/webp\" \/>\n<meta name=\"author\" content=\"P\u00ebrmbledhja\" \/>\n<meta name=\"twitter:card\" content=\"summary_large_image\" \/>\n<meta name=\"twitter:label1\" content=\"Written by\" \/>\n\t<meta name=\"twitter:data1\" content=\"P\u00ebrmbledhja\" \/>\n\t<meta name=\"twitter:label2\" content=\"Est. reading time\" \/>\n\t<meta name=\"twitter:data2\" content=\"8 minuta\" \/>\n<script type=\"application\/ld+json\" class=\"yoast-schema-graph\">{\"@context\":\"https:\/\/schema.org\",\"@graph\":[{\"@type\":\"Article\",\"@id\":\"https:\/\/permbledhja.com\/sq\/24-vjet-nga-vrasja-e-vellezerve-bytyci-ne-serbi-kush-jane-te-dyshuarit-dhe-cfare-dihet-deri-tash-per-rastin\/#article\",\"isPartOf\":{\"@id\":\"https:\/\/permbledhja.com\/sq\/24-vjet-nga-vrasja-e-vellezerve-bytyci-ne-serbi-kush-jane-te-dyshuarit-dhe-cfare-dihet-deri-tash-per-rastin\/\"},\"author\":{\"name\":\"P\u00ebrmbledhja\",\"@id\":\"https:\/\/permbledhja.com\/#\/schema\/person\/0d064377258d3221e50693947b9eb4fe\"},\"headline\":\"24 vjet nga vrasja e v\u00ebllez\u00ebrve Byty\u00e7i n\u00eb Serbi, kush jan\u00eb t\u00eb dyshuarit dhe \u00e7far\u00eb dihet deri tash p\u00ebr rastin\",\"datePublished\":\"2023-07-09T20:51:39+00:00\",\"dateModified\":\"2023-07-09T20:51:39+00:00\",\"mainEntityOfPage\":{\"@id\":\"https:\/\/permbledhja.com\/sq\/24-vjet-nga-vrasja-e-vellezerve-bytyci-ne-serbi-kush-jane-te-dyshuarit-dhe-cfare-dihet-deri-tash-per-rastin\/\"},\"wordCount\":1628,\"publisher\":{\"@id\":\"https:\/\/permbledhja.com\/#organization\"},\"keywords\":[\"V\u00ebllez\u00ebrit Byty\u00e7i\"],\"articleSection\":[\"Breaking News\"],\"inLanguage\":\"sq\"},{\"@type\":\"WebPage\",\"@id\":\"https:\/\/permbledhja.com\/sq\/24-vjet-nga-vrasja-e-vellezerve-bytyci-ne-serbi-kush-jane-te-dyshuarit-dhe-cfare-dihet-deri-tash-per-rastin\/\",\"url\":\"https:\/\/permbledhja.com\/sq\/24-vjet-nga-vrasja-e-vellezerve-bytyci-ne-serbi-kush-jane-te-dyshuarit-dhe-cfare-dihet-deri-tash-per-rastin\/\",\"name\":\"24 vjet nga vrasja e v\u00ebllez\u00ebrve Byty\u00e7i n\u00eb Serbi, kush jan\u00eb t\u00eb dyshuarit dhe \u00e7far\u00eb dihet deri tash p\u00ebr rastin\",\"isPartOf\":{\"@id\":\"https:\/\/permbledhja.com\/#website\"},\"datePublished\":\"2023-07-09T20:51:39+00:00\",\"dateModified\":\"2023-07-09T20:51:39+00:00\",\"breadcrumb\":{\"@id\":\"https:\/\/permbledhja.com\/sq\/24-vjet-nga-vrasja-e-vellezerve-bytyci-ne-serbi-kush-jane-te-dyshuarit-dhe-cfare-dihet-deri-tash-per-rastin\/#breadcrumb\"},\"inLanguage\":\"sq\",\"potentialAction\":[{\"@type\":\"ReadAction\",\"target\":[\"https:\/\/permbledhja.com\/sq\/24-vjet-nga-vrasja-e-vellezerve-bytyci-ne-serbi-kush-jane-te-dyshuarit-dhe-cfare-dihet-deri-tash-per-rastin\/\"]}]},{\"@type\":\"BreadcrumbList\",\"@id\":\"https:\/\/permbledhja.com\/sq\/24-vjet-nga-vrasja-e-vellezerve-bytyci-ne-serbi-kush-jane-te-dyshuarit-dhe-cfare-dihet-deri-tash-per-rastin\/#breadcrumb\",\"itemListElement\":[{\"@type\":\"ListItem\",\"position\":1,\"name\":\"Ballina\",\"item\":\"https:\/\/permbledhja.com\/sq\/\"},{\"@type\":\"ListItem\",\"position\":2,\"name\":\"24 vjet nga vrasja e v\u00ebllez\u00ebrve Byty\u00e7i n\u00eb Serbi, kush jan\u00eb t\u00eb dyshuarit dhe \u00e7far\u00eb dihet deri tash p\u00ebr rastin\"}]},{\"@type\":\"WebSite\",\"@id\":\"https:\/\/permbledhja.com\/#website\",\"url\":\"https:\/\/permbledhja.com\/\",\"name\":\"Ve\u00e7 artikuj p\u00ebrmbledh\u00ebs\",\"description\":\"\",\"publisher\":{\"@id\":\"https:\/\/permbledhja.com\/#organization\"},\"potentialAction\":[{\"@type\":\"SearchAction\",\"target\":{\"@type\":\"EntryPoint\",\"urlTemplate\":\"https:\/\/permbledhja.com\/?s={search_term_string}\"},\"query-input\":\"required name=search_term_string\"}],\"inLanguage\":\"sq\"},{\"@type\":\"Organization\",\"@id\":\"https:\/\/permbledhja.com\/#organization\",\"name\":\"MK Media & Pr\",\"url\":\"https:\/\/permbledhja.com\/\",\"logo\":{\"@type\":\"ImageObject\",\"inLanguage\":\"sq\",\"@id\":\"https:\/\/permbledhja.com\/#\/schema\/logo\/image\/\",\"url\":\"https:\/\/permbledhja.com\/wp-content\/uploads\/2021\/12\/07-Press-Logo.jpg\",\"contentUrl\":\"https:\/\/permbledhja.com\/wp-content\/uploads\/2021\/12\/07-Press-Logo.jpg\",\"width\":512,\"height\":512,\"caption\":\"MK Media & Pr\"},\"image\":{\"@id\":\"https:\/\/permbledhja.com\/#\/schema\/logo\/image\/\"},\"sameAs\":[\"https:\/\/www.facebook.com\/press07\/\"]},{\"@type\":\"Person\",\"@id\":\"https:\/\/permbledhja.com\/#\/schema\/person\/0d064377258d3221e50693947b9eb4fe\",\"name\":\"P\u00ebrmbledhja\",\"image\":{\"@type\":\"ImageObject\",\"inLanguage\":\"sq\",\"@id\":\"https:\/\/permbledhja.com\/#\/schema\/person\/image\/\",\"url\":\"https:\/\/permbledhja.com\/wp-content\/uploads\/2026\/01\/452004717_1040944174702970_8932037511805513407_n-96x96.jpg\",\"contentUrl\":\"https:\/\/permbledhja.com\/wp-content\/uploads\/2026\/01\/452004717_1040944174702970_8932037511805513407_n-96x96.jpg\",\"caption\":\"P\u00ebrmbledhja\"},\"sameAs\":[\"https:\/\/www.facebook.com\/kafexhiu.muharrem\/\",\"https:\/\/www.instagram.com\/muharrem_kafexhiu\/\"],\"url\":\"https:\/\/permbledhja.com\/sq\/author\/admin\/\"}]}<\/script>\n<!-- \/ Yoast SEO plugin. -->","yoast_head_json":{"title":"24 vjet nga vrasja e v\u00ebllez\u00ebrve Byty\u00e7i n\u00eb Serbi, kush jan\u00eb t\u00eb dyshuarit dhe \u00e7far\u00eb dihet deri tash p\u00ebr rastin","robots":{"index":"index","follow":"follow","max-snippet":"max-snippet:-1","max-image-preview":"max-image-preview:large","max-video-preview":"max-video-preview:-1"},"canonical":"https:\/\/permbledhja.com\/sq\/24-vjet-nga-vrasja-e-vellezerve-bytyci-ne-serbi-kush-jane-te-dyshuarit-dhe-cfare-dihet-deri-tash-per-rastin\/","og_locale":"sq_AL","og_type":"article","og_title":"24 vjet nga vrasja e v\u00ebllez\u00ebrve Byty\u00e7i n\u00eb Serbi, kush jan\u00eb t\u00eb dyshuarit dhe \u00e7far\u00eb dihet deri tash p\u00ebr rastin","og_description":"Kan\u00eb kaluar 24 vjet nga vrasja e tre shqiptaro-amerikan\u00ebve n\u00eb Serbi i njohur m\u00eb shum\u00eb si rasti i v\u00ebllez\u00ebrve Byty\u00e7i. Trupat e Agron, Yll dhe Mehmet Byty\u00e7it u gjet\u00ebn n\u00eb nj\u00eb varrez\u00eb masive me mbi 70 viktima t\u00eb tjer\u00eb nga lufta n\u00eb Kosov\u00eb n\u00eb Petrovo Selo t\u00eb Serbis\u00eb, pas hapjes s\u00eb varrezave masive n\u00eb Serbi. [&hellip;]","og_url":"https:\/\/permbledhja.com\/sq\/24-vjet-nga-vrasja-e-vellezerve-bytyci-ne-serbi-kush-jane-te-dyshuarit-dhe-cfare-dihet-deri-tash-per-rastin\/","og_site_name":"Ve\u00e7 artikuj p\u00ebrmbledh\u00ebs","article_publisher":"https:\/\/www.facebook.com\/press07\/","article_author":"https:\/\/www.facebook.com\/kafexhiu.muharrem\/","article_published_time":"2023-07-09T20:51:39+00:00","og_image":[{"width":600,"height":360,"url":"https:\/\/permbledhja.com\/wp-content\/uploads\/2023\/07\/4E0E909E-3C47-45C3-9308-335C9337FE75.webp","type":"image\/webp"}],"author":"P\u00ebrmbledhja","twitter_card":"summary_large_image","twitter_misc":{"Written by":"P\u00ebrmbledhja","Est. reading time":"8 minuta"},"schema":{"@context":"https:\/\/schema.org","@graph":[{"@type":"Article","@id":"https:\/\/permbledhja.com\/sq\/24-vjet-nga-vrasja-e-vellezerve-bytyci-ne-serbi-kush-jane-te-dyshuarit-dhe-cfare-dihet-deri-tash-per-rastin\/#article","isPartOf":{"@id":"https:\/\/permbledhja.com\/sq\/24-vjet-nga-vrasja-e-vellezerve-bytyci-ne-serbi-kush-jane-te-dyshuarit-dhe-cfare-dihet-deri-tash-per-rastin\/"},"author":{"name":"P\u00ebrmbledhja","@id":"https:\/\/permbledhja.com\/#\/schema\/person\/0d064377258d3221e50693947b9eb4fe"},"headline":"24 vjet nga vrasja e v\u00ebllez\u00ebrve Byty\u00e7i n\u00eb Serbi, kush jan\u00eb t\u00eb dyshuarit dhe \u00e7far\u00eb dihet deri tash p\u00ebr rastin","datePublished":"2023-07-09T20:51:39+00:00","dateModified":"2023-07-09T20:51:39+00:00","mainEntityOfPage":{"@id":"https:\/\/permbledhja.com\/sq\/24-vjet-nga-vrasja-e-vellezerve-bytyci-ne-serbi-kush-jane-te-dyshuarit-dhe-cfare-dihet-deri-tash-per-rastin\/"},"wordCount":1628,"publisher":{"@id":"https:\/\/permbledhja.com\/#organization"},"keywords":["V\u00ebllez\u00ebrit Byty\u00e7i"],"articleSection":["Breaking News"],"inLanguage":"sq"},{"@type":"WebPage","@id":"https:\/\/permbledhja.com\/sq\/24-vjet-nga-vrasja-e-vellezerve-bytyci-ne-serbi-kush-jane-te-dyshuarit-dhe-cfare-dihet-deri-tash-per-rastin\/","url":"https:\/\/permbledhja.com\/sq\/24-vjet-nga-vrasja-e-vellezerve-bytyci-ne-serbi-kush-jane-te-dyshuarit-dhe-cfare-dihet-deri-tash-per-rastin\/","name":"24 vjet nga vrasja e v\u00ebllez\u00ebrve Byty\u00e7i n\u00eb Serbi, kush jan\u00eb t\u00eb dyshuarit dhe \u00e7far\u00eb dihet deri tash p\u00ebr rastin","isPartOf":{"@id":"https:\/\/permbledhja.com\/#website"},"datePublished":"2023-07-09T20:51:39+00:00","dateModified":"2023-07-09T20:51:39+00:00","breadcrumb":{"@id":"https:\/\/permbledhja.com\/sq\/24-vjet-nga-vrasja-e-vellezerve-bytyci-ne-serbi-kush-jane-te-dyshuarit-dhe-cfare-dihet-deri-tash-per-rastin\/#breadcrumb"},"inLanguage":"sq","potentialAction":[{"@type":"ReadAction","target":["https:\/\/permbledhja.com\/sq\/24-vjet-nga-vrasja-e-vellezerve-bytyci-ne-serbi-kush-jane-te-dyshuarit-dhe-cfare-dihet-deri-tash-per-rastin\/"]}]},{"@type":"BreadcrumbList","@id":"https:\/\/permbledhja.com\/sq\/24-vjet-nga-vrasja-e-vellezerve-bytyci-ne-serbi-kush-jane-te-dyshuarit-dhe-cfare-dihet-deri-tash-per-rastin\/#breadcrumb","itemListElement":[{"@type":"ListItem","position":1,"name":"Ballina","item":"https:\/\/permbledhja.com\/sq\/"},{"@type":"ListItem","position":2,"name":"24 vjet nga vrasja e v\u00ebllez\u00ebrve Byty\u00e7i n\u00eb Serbi, kush jan\u00eb t\u00eb dyshuarit dhe \u00e7far\u00eb dihet deri tash p\u00ebr rastin"}]},{"@type":"WebSite","@id":"https:\/\/permbledhja.com\/#website","url":"https:\/\/permbledhja.com\/","name":"Ve\u00e7 artikuj p\u00ebrmbledh\u00ebs","description":"","publisher":{"@id":"https:\/\/permbledhja.com\/#organization"},"potentialAction":[{"@type":"SearchAction","target":{"@type":"EntryPoint","urlTemplate":"https:\/\/permbledhja.com\/?s={search_term_string}"},"query-input":"required name=search_term_string"}],"inLanguage":"sq"},{"@type":"Organization","@id":"https:\/\/permbledhja.com\/#organization","name":"MK Media & Pr","url":"https:\/\/permbledhja.com\/","logo":{"@type":"ImageObject","inLanguage":"sq","@id":"https:\/\/permbledhja.com\/#\/schema\/logo\/image\/","url":"https:\/\/permbledhja.com\/wp-content\/uploads\/2021\/12\/07-Press-Logo.jpg","contentUrl":"https:\/\/permbledhja.com\/wp-content\/uploads\/2021\/12\/07-Press-Logo.jpg","width":512,"height":512,"caption":"MK Media & Pr"},"image":{"@id":"https:\/\/permbledhja.com\/#\/schema\/logo\/image\/"},"sameAs":["https:\/\/www.facebook.com\/press07\/"]},{"@type":"Person","@id":"https:\/\/permbledhja.com\/#\/schema\/person\/0d064377258d3221e50693947b9eb4fe","name":"P\u00ebrmbledhja","image":{"@type":"ImageObject","inLanguage":"sq","@id":"https:\/\/permbledhja.com\/#\/schema\/person\/image\/","url":"https:\/\/permbledhja.com\/wp-content\/uploads\/2026\/01\/452004717_1040944174702970_8932037511805513407_n-96x96.jpg","contentUrl":"https:\/\/permbledhja.com\/wp-content\/uploads\/2026\/01\/452004717_1040944174702970_8932037511805513407_n-96x96.jpg","caption":"P\u00ebrmbledhja"},"sameAs":["https:\/\/www.facebook.com\/kafexhiu.muharrem\/","https:\/\/www.instagram.com\/muharrem_kafexhiu\/"],"url":"https:\/\/permbledhja.com\/sq\/author\/admin\/"}]}},"_links":{"self":[{"href":"https:\/\/permbledhja.com\/sq\/wp-json\/wp\/v2\/posts\/18412"}],"collection":[{"href":"https:\/\/permbledhja.com\/sq\/wp-json\/wp\/v2\/posts"}],"about":[{"href":"https:\/\/permbledhja.com\/sq\/wp-json\/wp\/v2\/types\/post"}],"author":[{"embeddable":true,"href":"https:\/\/permbledhja.com\/sq\/wp-json\/wp\/v2\/users\/1"}],"replies":[{"embeddable":true,"href":"https:\/\/permbledhja.com\/sq\/wp-json\/wp\/v2\/comments?post=18412"}],"version-history":[{"count":1,"href":"https:\/\/permbledhja.com\/sq\/wp-json\/wp\/v2\/posts\/18412\/revisions"}],"predecessor-version":[{"id":18414,"href":"https:\/\/permbledhja.com\/sq\/wp-json\/wp\/v2\/posts\/18412\/revisions\/18414"}],"wp:featuredmedia":[{"embeddable":true,"href":"https:\/\/permbledhja.com\/sq\/wp-json\/wp\/v2\/media\/18413"}],"wp:attachment":[{"href":"https:\/\/permbledhja.com\/sq\/wp-json\/wp\/v2\/media?parent=18412"}],"wp:term":[{"taxonomy":"category","embeddable":true,"href":"https:\/\/permbledhja.com\/sq\/wp-json\/wp\/v2\/categories?post=18412"},{"taxonomy":"post_tag","embeddable":true,"href":"https:\/\/permbledhja.com\/sq\/wp-json\/wp\/v2\/tags?post=18412"}],"curies":[{"name":"wp","href":"https:\/\/api.w.org\/{rel}","templated":true}]}}