{"id":18257,"date":"2023-07-08T17:46:04","date_gmt":"2023-07-08T17:46:04","guid":{"rendered":"https:\/\/permbledhja.com\/?p=18257"},"modified":"2023-07-08T17:46:04","modified_gmt":"2023-07-08T17:46:04","slug":"escobar-gervalles-nuk-ecet-perpara-me-populizem","status":"publish","type":"post","link":"https:\/\/permbledhja.com\/sq\/escobar-gervalles-nuk-ecet-perpara-me-populizem\/","title":{"rendered":"Escobar &#8211; G\u00ebrvall\u00ebs: Nuk ecet p\u00ebrpara me populiz\u00ebm"},"content":{"rendered":"<h3>T\u00eb par\u00ebs q\u00eb iu dha fjala n\u00eb nj\u00eb panel diskutimi n\u00eb \u201cForumin e Dubrovnikut\u201d, ishte z\u00ebvend\u00ebskryeministrja, Donika G\u00ebrvalla.<\/h3>\n<p>Q\u00eb n\u00eb deklarimin e par\u00eb, ajo vendosi ta sulmoj\u00eb Bashkimin Evropian me fjal\u00eb t\u00eb r\u00ebnda. Ashp\u00ebr s\u2019i reagoi Miroslav Laj\u00e7ak, emisari p\u00ebr dialogun q\u00eb ishte i ulur pak metra m\u00eb larg, por \u201cbrutalisht\u201d, emisari amerikan, Gabriel Escobar, vendosi t\u2019i thot\u00eb disa fjal\u00eb p\u00ebr at\u00eb q\u00eb paraprakisht, e tha ministrja e Qeveris\u00eb Kurti. \u00c7ka ndodhi?<\/p>\n<p>Ministrja e Pun\u00ebve t\u00eb Jashtme, Donika G\u00ebrvalla, gjat\u00eb nj\u00eb paneli diskutimi e sulmoi r\u00ebnd\u00eb Bashkimin Evropian, duke e quajtur \u201ctig\u00ebr prej letre\u201d.<\/p>\n<p>\u201cUn\u00eb vler\u00ebsoj q\u00eb BE-ja nuk munden, dhe nj\u00ebjt\u00eb ka th\u00ebn\u00eb edhe nj\u00eb analist gjerman para disa dit\u00ebsh, sepse nuk \u00ebsht\u00eb e aft\u00eb t\u00eb ofroj\u00eb siguri, arsyet dihen. Nuk ka vullnet politik, ka shum\u00eb jounitet n\u00eb bllok, dhe pa ShBA-n\u00eb dhe NATO-n, BE-ja \u00ebsht\u00eb nj\u00eb tig\u00ebr prej letre kur vjen puna te siguria.\u201d \u2013 deklaroi fillimisht ajo, p\u00ebrcjell Nacionale.<\/p>\n<p>Escobar reagon me fjal\u00eb brutale<\/p>\n<p>Q\u00eb n\u00eb fillim kur iu dha fjala, emisari amerikan p\u00ebr Ballkanin Per\u00ebndimor, Gabriel Escobar e b\u00ebri t\u00eb qart\u00eb se nuk pajtohet me G\u00ebrvall\u00ebn.<\/p>\n<p>\u201cDhe m\u00eb vjen keq q\u00eb duhet t\u00eb \u201cdalloj\u201d nga kolegia ime n\u00eb Kosov\u00eb, por gjith\u00e7ka pozitive q\u00eb ka ndodhur n\u00eb Ballkan, ka qen\u00eb kombinim i bashk\u00ebpunimit t\u00eb BE-s\u00eb dhe ShBA-s\u00eb.\u201d \u2013 u shpreh ai.<\/p>\n<p>Ve\u00e7 k\u00ebsaj, Escobar la t\u00eb kuptohet se n\u00eb Kosov\u00eb ka lidership popullist, me t\u00eb cilin, \u201cnuk mund t\u00eb ecet p\u00ebrpara\u201d.<\/p>\n<p>\u201cRajoni \u00ebsht\u00eb b\u00ebr\u00eb nj\u00eb rajon me dy rrug\u00eb, nj\u00ebra ato q\u00eb jan\u00eb n\u00eb NATO, jan\u00eb m\u00eb stabile, dhe jan\u00eb fuqish\u00ebm n\u00eb rrug\u00ebn drejt BE-s\u00eb, dhe t\u00eb tjerat, jan\u00eb ato q\u00eb po konsumojn\u00eb v\u00ebmendjen dhe burimet e rajonit derisa kan\u00eb sfidat e tyre.\u201d \u2013 deklaroi ai fillimisht.<\/p>\n<p>Tutje, Escobar u shpreh si vijon: \u201cNdryshimi \u00ebsht\u00eb se shtetet q\u00eb jan\u00eb n\u00eb NATO dhe kan\u00eb b\u00ebr\u00eb progres, jan\u00eb ato q\u00eb kan\u00eb kaluar sfid\u00ebn e rivalitetit etnik\u2026Nd\u00ebrsa ato q\u00eb vazhdojn\u00eb t\u00eb ken\u00eb lidership q\u00eb beson q\u00eb popullizmi, nacionalizmi, rivaliteti etnik jan\u00eb rruga p\u00ebrpara, jan\u00eb ato q\u00eb po kan\u00eb m\u00eb shum\u00eb sfida\u201d.<\/p>\n<p>Laj\u00e7ak \u201cm\u00eb i but\u00eb\u201d<\/p>\n<p>Jo vet\u00ebm \u201ctig\u00ebr prej letre\u201d, k\u00ebto s\u2019ishin fjal\u00ebt e vetme me t\u00eb cilat G\u00ebrvalla sulmoi BE-n\u00eb, ajo mes tjerash, deklaroi se \u201cKosova s\u2019e p\u00ebrdor unionin p\u00ebr para\u201d.<\/p>\n<p>Ndyrshe prej t\u00eb tjer\u00ebve, ne nuk e p\u00ebrdorim BE-n\u00eb si nj\u00eb \u201ccash-cow (investim, biznes)\u201d, ne jemi m\u00eb shum\u00eb p\u00ebr vlera evropiane, se sa p\u00ebr vlera t\u00eb parave.\u201d \u2013 u shpreh ajo.<\/p>\n<p>Ndaj k\u00ebsaj, u p\u00ebrgjigj emisari Laj\u00e7ak, i cili tha se BE-ja, \u201c\u00ebsht\u00eb unioni m\u00eb i suksessh\u00ebm i shteteve\u201d.<\/p>\n<p>Po ashtu, ai theksoi se BE, \u00ebsht\u00eb \u00ebnd\u00ebrr e shteteve q\u00eb po trokasin n\u00eb der\u00ebn e k\u00ebtij blloku, derisa shtoi se ka nevoj\u00eb p\u00ebr zgjerim.<\/p>\n<p>\u201cFillimisht, mendoj se duhet t\u00eb them q\u00eb BE-ja \u00ebsht\u00eb larg perfeksionit, por \u00ebsht\u00eb m\u00eb i miri q\u00eb kemi. \u00cbsht\u00eb unioni m\u00eb i suksessh\u00ebm i shteteve. Nuk ka nj\u00eb union tjet\u00ebr t\u00eb shteteve n\u00eb k\u00ebt\u00eb planet, q\u00eb ka b\u00ebr\u00eb stabilitet politik, ekonomik m\u00eb t\u00eb mir\u00eb\u2026K\u00ebshtu q\u00eb, un\u00eb mendoj q\u00eb bashkimi n\u00eb BE \u00ebsht\u00eb nj\u00eb \u00ebnd\u00ebrr e shteteve q\u00eb jan\u00eb duke trokitur n\u00eb der\u00ebn e BE-s\u00eb. N\u00eb k\u00ebto 20 vite, vet\u00ebm Kroacia iu bashkua BE-s\u00eb, dhe procesi i zgjerimit ka humbur dinamik\u00ebn. Dihet se di\u00e7ka duhet t\u00eb b\u00ebhet. Dua t\u00eb them, ironikisht, q\u00eb lufta n\u00eb Ukrain\u00eb solli nj\u00eb afekt pozitiv, dhe ai \u00ebsht\u00eb kuptimi i BE-s\u00eb q\u00eb kemi nj\u00eb pun\u00eb t\u00eb pakryer n\u00eb Ballkanin Per\u00ebndimor, duhet t\u00eb jemi serioz, dhe zgjerimi \u00ebsht\u00eb kthyer n\u00eb loj\u00eb.\u201d \u2013 u shpreh ai.<\/p>\n","protected":false},"excerpt":{"rendered":"<p>T\u00eb par\u00ebs q\u00eb iu dha fjala n\u00eb nj\u00eb panel diskutimi n\u00eb \u201cForumin e Dubrovnikut\u201d, ishte z\u00ebvend\u00ebskryeministrja, Donika G\u00ebrvalla. Q\u00eb n\u00eb deklarimin e par\u00eb, ajo vendosi ta sulmoj\u00eb Bashkimin Evropian me fjal\u00eb t\u00eb r\u00ebnda. Ashp\u00ebr s\u2019i reagoi Miroslav Laj\u00e7ak, emisari p\u00ebr dialogun q\u00eb ishte i ulur pak metra m\u00eb larg, por \u201cbrutalisht\u201d, emisari amerikan, Gabriel Escobar, [&hellip;]<\/p>\n","protected":false},"author":1,"featured_media":18258,"comment_status":"closed","ping_status":"closed","sticky":false,"template":"","format":"standard","meta":{"_monsterinsights_skip_tracking":false,"_monsterinsights_sitenote_active":false,"_monsterinsights_sitenote_note":"","_monsterinsights_sitenote_category":0,"_uf_show_specific_survey":0,"_uf_disable_surveys":false,"footnotes":""},"categories":[1146],"tags":[722,2063],"yoast_head":"<!-- This site is optimized with the Yoast SEO plugin v21.5 - https:\/\/yoast.com\/wordpress\/plugins\/seo\/ -->\n<title>Escobar - G\u00ebrvall\u00ebs: Nuk ecet p\u00ebrpara me populiz\u00ebm<\/title>\n<meta name=\"robots\" content=\"index, follow, max-snippet:-1, max-image-preview:large, max-video-preview:-1\" \/>\n<link rel=\"canonical\" href=\"https:\/\/permbledhja.com\/sq\/escobar-gervalles-nuk-ecet-perpara-me-populizem\/\" \/>\n<meta property=\"og:locale\" content=\"sq_AL\" \/>\n<meta property=\"og:type\" content=\"article\" \/>\n<meta property=\"og:title\" content=\"Escobar - G\u00ebrvall\u00ebs: Nuk ecet p\u00ebrpara me populiz\u00ebm\" \/>\n<meta property=\"og:description\" content=\"T\u00eb par\u00ebs q\u00eb iu dha fjala n\u00eb nj\u00eb panel diskutimi n\u00eb \u201cForumin e Dubrovnikut\u201d, ishte z\u00ebvend\u00ebskryeministrja, Donika G\u00ebrvalla. Q\u00eb n\u00eb deklarimin e par\u00eb, ajo vendosi ta sulmoj\u00eb Bashkimin Evropian me fjal\u00eb t\u00eb r\u00ebnda. Ashp\u00ebr s\u2019i reagoi Miroslav Laj\u00e7ak, emisari p\u00ebr dialogun q\u00eb ishte i ulur pak metra m\u00eb larg, por \u201cbrutalisht\u201d, emisari amerikan, Gabriel Escobar, [&hellip;]\" \/>\n<meta property=\"og:url\" content=\"https:\/\/permbledhja.com\/sq\/escobar-gervalles-nuk-ecet-perpara-me-populizem\/\" \/>\n<meta property=\"og:site_name\" content=\"Ve\u00e7 artikuj p\u00ebrmbledh\u00ebs\" \/>\n<meta property=\"article:publisher\" content=\"https:\/\/www.facebook.com\/press07\/\" \/>\n<meta property=\"article:author\" content=\"https:\/\/www.facebook.com\/kafexhiu.muharrem\/\" \/>\n<meta property=\"article:published_time\" content=\"2023-07-08T17:46:04+00:00\" \/>\n<meta property=\"og:image\" content=\"https:\/\/permbledhja.com\/wp-content\/uploads\/2023\/07\/332AD82A-F400-4AE5-9625-8EC3EF3F2C33.jpeg\" \/>\n\t<meta property=\"og:image:width\" content=\"1144\" \/>\n\t<meta property=\"og:image:height\" content=\"757\" \/>\n\t<meta property=\"og:image:type\" content=\"image\/jpeg\" \/>\n<meta name=\"author\" content=\"P\u00ebrmbledhja\" \/>\n<meta name=\"twitter:card\" content=\"summary_large_image\" \/>\n<meta name=\"twitter:label1\" content=\"Written by\" \/>\n\t<meta name=\"twitter:data1\" content=\"P\u00ebrmbledhja\" \/>\n\t<meta name=\"twitter:label2\" content=\"Est. reading time\" \/>\n\t<meta name=\"twitter:data2\" content=\"4 minuta\" \/>\n<script type=\"application\/ld+json\" class=\"yoast-schema-graph\">{\"@context\":\"https:\/\/schema.org\",\"@graph\":[{\"@type\":\"Article\",\"@id\":\"https:\/\/permbledhja.com\/escobar-gervalles-nuk-ecet-perpara-me-populizem\/#article\",\"isPartOf\":{\"@id\":\"https:\/\/permbledhja.com\/escobar-gervalles-nuk-ecet-perpara-me-populizem\/\"},\"author\":{\"name\":\"P\u00ebrmbledhja\",\"@id\":\"https:\/\/permbledhja.com\/#\/schema\/person\/0d064377258d3221e50693947b9eb4fe\"},\"headline\":\"Escobar &#8211; G\u00ebrvall\u00ebs: Nuk ecet p\u00ebrpara me populiz\u00ebm\",\"datePublished\":\"2023-07-08T17:46:04+00:00\",\"dateModified\":\"2023-07-08T17:46:04+00:00\",\"mainEntityOfPage\":{\"@id\":\"https:\/\/permbledhja.com\/escobar-gervalles-nuk-ecet-perpara-me-populizem\/\"},\"wordCount\":645,\"publisher\":{\"@id\":\"https:\/\/permbledhja.com\/#organization\"},\"keywords\":[\"Escobar\",\"G\u00ebrvall\u00ebs\"],\"articleSection\":[\"Kryesoret\"],\"inLanguage\":\"sq\"},{\"@type\":\"WebPage\",\"@id\":\"https:\/\/permbledhja.com\/escobar-gervalles-nuk-ecet-perpara-me-populizem\/\",\"url\":\"https:\/\/permbledhja.com\/escobar-gervalles-nuk-ecet-perpara-me-populizem\/\",\"name\":\"Escobar - G\u00ebrvall\u00ebs: Nuk ecet p\u00ebrpara me populiz\u00ebm\",\"isPartOf\":{\"@id\":\"https:\/\/permbledhja.com\/#website\"},\"datePublished\":\"2023-07-08T17:46:04+00:00\",\"dateModified\":\"2023-07-08T17:46:04+00:00\",\"breadcrumb\":{\"@id\":\"https:\/\/permbledhja.com\/escobar-gervalles-nuk-ecet-perpara-me-populizem\/#breadcrumb\"},\"inLanguage\":\"sq\",\"potentialAction\":[{\"@type\":\"ReadAction\",\"target\":[\"https:\/\/permbledhja.com\/escobar-gervalles-nuk-ecet-perpara-me-populizem\/\"]}]},{\"@type\":\"BreadcrumbList\",\"@id\":\"https:\/\/permbledhja.com\/escobar-gervalles-nuk-ecet-perpara-me-populizem\/#breadcrumb\",\"itemListElement\":[{\"@type\":\"ListItem\",\"position\":1,\"name\":\"Ballina\",\"item\":\"https:\/\/permbledhja.com\/sq\/\"},{\"@type\":\"ListItem\",\"position\":2,\"name\":\"Escobar &#8211; G\u00ebrvall\u00ebs: Nuk ecet p\u00ebrpara me populiz\u00ebm\"}]},{\"@type\":\"WebSite\",\"@id\":\"https:\/\/permbledhja.com\/#website\",\"url\":\"https:\/\/permbledhja.com\/\",\"name\":\"Ve\u00e7 artikuj p\u00ebrmbledh\u00ebs\",\"description\":\"\",\"publisher\":{\"@id\":\"https:\/\/permbledhja.com\/#organization\"},\"potentialAction\":[{\"@type\":\"SearchAction\",\"target\":{\"@type\":\"EntryPoint\",\"urlTemplate\":\"https:\/\/permbledhja.com\/?s={search_term_string}\"},\"query-input\":\"required name=search_term_string\"}],\"inLanguage\":\"sq\"},{\"@type\":\"Organization\",\"@id\":\"https:\/\/permbledhja.com\/#organization\",\"name\":\"MK Media & Pr\",\"url\":\"https:\/\/permbledhja.com\/\",\"logo\":{\"@type\":\"ImageObject\",\"inLanguage\":\"sq\",\"@id\":\"https:\/\/permbledhja.com\/#\/schema\/logo\/image\/\",\"url\":\"https:\/\/permbledhja.com\/wp-content\/uploads\/2021\/12\/07-Press-Logo.jpg\",\"contentUrl\":\"https:\/\/permbledhja.com\/wp-content\/uploads\/2021\/12\/07-Press-Logo.jpg\",\"width\":512,\"height\":512,\"caption\":\"MK Media & Pr\"},\"image\":{\"@id\":\"https:\/\/permbledhja.com\/#\/schema\/logo\/image\/\"},\"sameAs\":[\"https:\/\/www.facebook.com\/press07\/\"]},{\"@type\":\"Person\",\"@id\":\"https:\/\/permbledhja.com\/#\/schema\/person\/0d064377258d3221e50693947b9eb4fe\",\"name\":\"P\u00ebrmbledhja\",\"image\":{\"@type\":\"ImageObject\",\"inLanguage\":\"sq\",\"@id\":\"https:\/\/permbledhja.com\/#\/schema\/person\/image\/\",\"url\":\"https:\/\/permbledhja.com\/wp-content\/uploads\/2026\/01\/452004717_1040944174702970_8932037511805513407_n-96x96.jpg\",\"contentUrl\":\"https:\/\/permbledhja.com\/wp-content\/uploads\/2026\/01\/452004717_1040944174702970_8932037511805513407_n-96x96.jpg\",\"caption\":\"P\u00ebrmbledhja\"},\"sameAs\":[\"https:\/\/www.facebook.com\/kafexhiu.muharrem\/\",\"https:\/\/www.instagram.com\/muharrem_kafexhiu\/\"],\"url\":\"https:\/\/permbledhja.com\/sq\/author\/admin\/\"}]}<\/script>\n<!-- \/ Yoast SEO plugin. -->","yoast_head_json":{"title":"Escobar - G\u00ebrvall\u00ebs: Nuk ecet p\u00ebrpara me populiz\u00ebm","robots":{"index":"index","follow":"follow","max-snippet":"max-snippet:-1","max-image-preview":"max-image-preview:large","max-video-preview":"max-video-preview:-1"},"canonical":"https:\/\/permbledhja.com\/sq\/escobar-gervalles-nuk-ecet-perpara-me-populizem\/","og_locale":"sq_AL","og_type":"article","og_title":"Escobar - G\u00ebrvall\u00ebs: Nuk ecet p\u00ebrpara me populiz\u00ebm","og_description":"T\u00eb par\u00ebs q\u00eb iu dha fjala n\u00eb nj\u00eb panel diskutimi n\u00eb \u201cForumin e Dubrovnikut\u201d, ishte z\u00ebvend\u00ebskryeministrja, Donika G\u00ebrvalla. Q\u00eb n\u00eb deklarimin e par\u00eb, ajo vendosi ta sulmoj\u00eb Bashkimin Evropian me fjal\u00eb t\u00eb r\u00ebnda. Ashp\u00ebr s\u2019i reagoi Miroslav Laj\u00e7ak, emisari p\u00ebr dialogun q\u00eb ishte i ulur pak metra m\u00eb larg, por \u201cbrutalisht\u201d, emisari amerikan, Gabriel Escobar, [&hellip;]","og_url":"https:\/\/permbledhja.com\/sq\/escobar-gervalles-nuk-ecet-perpara-me-populizem\/","og_site_name":"Ve\u00e7 artikuj p\u00ebrmbledh\u00ebs","article_publisher":"https:\/\/www.facebook.com\/press07\/","article_author":"https:\/\/www.facebook.com\/kafexhiu.muharrem\/","article_published_time":"2023-07-08T17:46:04+00:00","og_image":[{"width":1144,"height":757,"url":"https:\/\/permbledhja.com\/wp-content\/uploads\/2023\/07\/332AD82A-F400-4AE5-9625-8EC3EF3F2C33.jpeg","type":"image\/jpeg"}],"author":"P\u00ebrmbledhja","twitter_card":"summary_large_image","twitter_misc":{"Written by":"P\u00ebrmbledhja","Est. reading time":"4 minuta"},"schema":{"@context":"https:\/\/schema.org","@graph":[{"@type":"Article","@id":"https:\/\/permbledhja.com\/escobar-gervalles-nuk-ecet-perpara-me-populizem\/#article","isPartOf":{"@id":"https:\/\/permbledhja.com\/escobar-gervalles-nuk-ecet-perpara-me-populizem\/"},"author":{"name":"P\u00ebrmbledhja","@id":"https:\/\/permbledhja.com\/#\/schema\/person\/0d064377258d3221e50693947b9eb4fe"},"headline":"Escobar &#8211; G\u00ebrvall\u00ebs: Nuk ecet p\u00ebrpara me populiz\u00ebm","datePublished":"2023-07-08T17:46:04+00:00","dateModified":"2023-07-08T17:46:04+00:00","mainEntityOfPage":{"@id":"https:\/\/permbledhja.com\/escobar-gervalles-nuk-ecet-perpara-me-populizem\/"},"wordCount":645,"publisher":{"@id":"https:\/\/permbledhja.com\/#organization"},"keywords":["Escobar","G\u00ebrvall\u00ebs"],"articleSection":["Kryesoret"],"inLanguage":"sq"},{"@type":"WebPage","@id":"https:\/\/permbledhja.com\/escobar-gervalles-nuk-ecet-perpara-me-populizem\/","url":"https:\/\/permbledhja.com\/escobar-gervalles-nuk-ecet-perpara-me-populizem\/","name":"Escobar - G\u00ebrvall\u00ebs: Nuk ecet p\u00ebrpara me populiz\u00ebm","isPartOf":{"@id":"https:\/\/permbledhja.com\/#website"},"datePublished":"2023-07-08T17:46:04+00:00","dateModified":"2023-07-08T17:46:04+00:00","breadcrumb":{"@id":"https:\/\/permbledhja.com\/escobar-gervalles-nuk-ecet-perpara-me-populizem\/#breadcrumb"},"inLanguage":"sq","potentialAction":[{"@type":"ReadAction","target":["https:\/\/permbledhja.com\/escobar-gervalles-nuk-ecet-perpara-me-populizem\/"]}]},{"@type":"BreadcrumbList","@id":"https:\/\/permbledhja.com\/escobar-gervalles-nuk-ecet-perpara-me-populizem\/#breadcrumb","itemListElement":[{"@type":"ListItem","position":1,"name":"Ballina","item":"https:\/\/permbledhja.com\/sq\/"},{"@type":"ListItem","position":2,"name":"Escobar &#8211; G\u00ebrvall\u00ebs: Nuk ecet p\u00ebrpara me populiz\u00ebm"}]},{"@type":"WebSite","@id":"https:\/\/permbledhja.com\/#website","url":"https:\/\/permbledhja.com\/","name":"Ve\u00e7 artikuj p\u00ebrmbledh\u00ebs","description":"","publisher":{"@id":"https:\/\/permbledhja.com\/#organization"},"potentialAction":[{"@type":"SearchAction","target":{"@type":"EntryPoint","urlTemplate":"https:\/\/permbledhja.com\/?s={search_term_string}"},"query-input":"required name=search_term_string"}],"inLanguage":"sq"},{"@type":"Organization","@id":"https:\/\/permbledhja.com\/#organization","name":"MK Media & Pr","url":"https:\/\/permbledhja.com\/","logo":{"@type":"ImageObject","inLanguage":"sq","@id":"https:\/\/permbledhja.com\/#\/schema\/logo\/image\/","url":"https:\/\/permbledhja.com\/wp-content\/uploads\/2021\/12\/07-Press-Logo.jpg","contentUrl":"https:\/\/permbledhja.com\/wp-content\/uploads\/2021\/12\/07-Press-Logo.jpg","width":512,"height":512,"caption":"MK Media & Pr"},"image":{"@id":"https:\/\/permbledhja.com\/#\/schema\/logo\/image\/"},"sameAs":["https:\/\/www.facebook.com\/press07\/"]},{"@type":"Person","@id":"https:\/\/permbledhja.com\/#\/schema\/person\/0d064377258d3221e50693947b9eb4fe","name":"P\u00ebrmbledhja","image":{"@type":"ImageObject","inLanguage":"sq","@id":"https:\/\/permbledhja.com\/#\/schema\/person\/image\/","url":"https:\/\/permbledhja.com\/wp-content\/uploads\/2026\/01\/452004717_1040944174702970_8932037511805513407_n-96x96.jpg","contentUrl":"https:\/\/permbledhja.com\/wp-content\/uploads\/2026\/01\/452004717_1040944174702970_8932037511805513407_n-96x96.jpg","caption":"P\u00ebrmbledhja"},"sameAs":["https:\/\/www.facebook.com\/kafexhiu.muharrem\/","https:\/\/www.instagram.com\/muharrem_kafexhiu\/"],"url":"https:\/\/permbledhja.com\/sq\/author\/admin\/"}]}},"_links":{"self":[{"href":"https:\/\/permbledhja.com\/sq\/wp-json\/wp\/v2\/posts\/18257"}],"collection":[{"href":"https:\/\/permbledhja.com\/sq\/wp-json\/wp\/v2\/posts"}],"about":[{"href":"https:\/\/permbledhja.com\/sq\/wp-json\/wp\/v2\/types\/post"}],"author":[{"embeddable":true,"href":"https:\/\/permbledhja.com\/sq\/wp-json\/wp\/v2\/users\/1"}],"replies":[{"embeddable":true,"href":"https:\/\/permbledhja.com\/sq\/wp-json\/wp\/v2\/comments?post=18257"}],"version-history":[{"count":1,"href":"https:\/\/permbledhja.com\/sq\/wp-json\/wp\/v2\/posts\/18257\/revisions"}],"predecessor-version":[{"id":18259,"href":"https:\/\/permbledhja.com\/sq\/wp-json\/wp\/v2\/posts\/18257\/revisions\/18259"}],"wp:featuredmedia":[{"embeddable":true,"href":"https:\/\/permbledhja.com\/sq\/wp-json\/wp\/v2\/media\/18258"}],"wp:attachment":[{"href":"https:\/\/permbledhja.com\/sq\/wp-json\/wp\/v2\/media?parent=18257"}],"wp:term":[{"taxonomy":"category","embeddable":true,"href":"https:\/\/permbledhja.com\/sq\/wp-json\/wp\/v2\/categories?post=18257"},{"taxonomy":"post_tag","embeddable":true,"href":"https:\/\/permbledhja.com\/sq\/wp-json\/wp\/v2\/tags?post=18257"}],"curies":[{"name":"wp","href":"https:\/\/api.w.org\/{rel}","templated":true}]}}