{"id":18246,"date":"2023-07-08T15:54:59","date_gmt":"2023-07-08T15:54:59","guid":{"rendered":"https:\/\/permbledhja.com\/?p=18246"},"modified":"2023-07-08T15:54:59","modified_gmt":"2023-07-08T15:54:59","slug":"familja-ne-prizren-ne-hall-nga-vajza-narkomane-30-vjecarja-sulmon-fizikisht-babane","status":"publish","type":"post","link":"https:\/\/permbledhja.com\/sq\/familja-ne-prizren-ne-hall-nga-vajza-narkomane-30-vjecarja-sulmon-fizikisht-babane\/","title":{"rendered":"Familja n\u00eb Prizren n\u00eb hall nga vajza narkomane, 30-vje\u00e7arja sulmon fizikisht baban\u00eb"},"content":{"rendered":"<h3>Numri i rasteve t\u00eb dhun\u00ebs n\u00eb familje ka marr\u00eb p\u00ebrmasa shqet\u00ebsuese n\u00eb vendin ton\u00eb, pasi \u00e7do dit\u00eb persona t\u00eb ndrysh\u00ebm p\u00ebrfundojn\u00eb n\u00eb pranga si t\u00eb dyshuar p\u00ebr dhun\u00eb ndaj familjar\u00ebve. K\u00ebto raste b\u00ebhen edhe m\u00eb t\u00eb r\u00ebnda, kur viktima jan\u00eb prind\u00ebrit t\u00eb cil\u00ebt p\u00ebrjetojn\u00eb dhun\u00eb psikike e fizike nga f\u00ebmij\u00ebt e tyre.<\/h3>\n<p>E nd\u00ebr shkaqet e shpeshta t\u00eb dhun\u00ebs n\u00eb familje, \u00ebsht\u00eb edhe abuzimi me alkool e substanca narkotike.<\/p>\n<p>Sinjali m\u00ebson se nj\u00eb rast i till\u00eb ka ndodhur n\u00eb nj\u00eb familje n\u00eb Prizren, ku nj\u00eb 30-vje\u00e7are dyshohet se ka sulmuar fizikisht baban\u00eb e saj.<\/p>\n<p>Sipas burimeve, 53-vje\u00e7ari \u00ebsht\u00eb detyruar t\u00eb denoncoj\u00eb rastin n\u00eb Polici, ku ka deklaruar se e bija \u00ebsht\u00eb p\u00ebrdoruese e substancave narkotike dhe vazhdimisht b\u00ebn sjellje agresive, e s\u00eb fundi ka demoluar edhe orendit\u00eb sht\u00ebpiake.<\/p>\n<p>Bazuar n\u00eb d\u00ebshmin\u00eb e tij dh\u00ebn\u00eb organeve t\u00eb hetuesis\u00eb, pas nj\u00eb konflikti me t\u00eb dyshuar\u00ebn, ajo e ka goditur me shqelma e grushte.<\/p>\n<p>Si rezultat i denoncimit, nj\u00ebsit\u00eb policore kan\u00eb arrestuar t\u00eb dyshuar\u00ebn dhe e nj\u00ebjta \u00ebsht\u00eb shoq\u00ebruar n\u00eb stacion policor p\u00ebr intervistim.<\/p>\n<p>Pas p\u00ebrfundimit t\u00eb procedurave policore, Prokurori i Shtetit ka nxjerr\u00eb aktvendim q\u00eb 30-vje\u00e7ares t\u2019i caktohet masa e ndalimit policor dhe e nj\u00ebjta do t\u00eb hetohet n\u00ebn dyshimet p\u00ebr kryerjen e vepr\u00ebs penale \u2018Dhun\u00eb n\u00eb familje\u2019.<\/p>\n","protected":false},"excerpt":{"rendered":"<p>Numri i rasteve t\u00eb dhun\u00ebs n\u00eb familje ka marr\u00eb p\u00ebrmasa shqet\u00ebsuese n\u00eb vendin ton\u00eb, pasi \u00e7do dit\u00eb persona t\u00eb ndrysh\u00ebm p\u00ebrfundojn\u00eb n\u00eb pranga si t\u00eb dyshuar p\u00ebr dhun\u00eb ndaj familjar\u00ebve. K\u00ebto raste b\u00ebhen edhe m\u00eb t\u00eb r\u00ebnda, kur viktima jan\u00eb prind\u00ebrit t\u00eb cil\u00ebt p\u00ebrjetojn\u00eb dhun\u00eb psikike e fizike nga f\u00ebmij\u00ebt e tyre. E nd\u00ebr shkaqet [&hellip;]<\/p>\n","protected":false},"author":1,"featured_media":18247,"comment_status":"closed","ping_status":"closed","sticky":false,"template":"","format":"standard","meta":{"_monsterinsights_skip_tracking":false,"_monsterinsights_sitenote_active":false,"_monsterinsights_sitenote_note":"","_monsterinsights_sitenote_category":0,"_uf_show_specific_survey":0,"_uf_disable_surveys":false,"footnotes":""},"categories":[23,15],"tags":[183],"yoast_head":"<!-- This site is optimized with the Yoast SEO plugin v21.5 - https:\/\/yoast.com\/wordpress\/plugins\/seo\/ -->\n<title>Familja n\u00eb Prizren n\u00eb hall nga vajza narkomane, 30-vje\u00e7arja sulmon fizikisht baban\u00eb<\/title>\n<meta name=\"robots\" content=\"index, follow, max-snippet:-1, max-image-preview:large, max-video-preview:-1\" \/>\n<link rel=\"canonical\" href=\"https:\/\/permbledhja.com\/sq\/familja-ne-prizren-ne-hall-nga-vajza-narkomane-30-vjecarja-sulmon-fizikisht-babane\/\" \/>\n<meta property=\"og:locale\" content=\"sq_AL\" \/>\n<meta property=\"og:type\" content=\"article\" \/>\n<meta property=\"og:title\" content=\"Familja n\u00eb Prizren n\u00eb hall nga vajza narkomane, 30-vje\u00e7arja sulmon fizikisht baban\u00eb\" \/>\n<meta property=\"og:description\" content=\"Numri i rasteve t\u00eb dhun\u00ebs n\u00eb familje ka marr\u00eb p\u00ebrmasa shqet\u00ebsuese n\u00eb vendin ton\u00eb, pasi \u00e7do dit\u00eb persona t\u00eb ndrysh\u00ebm p\u00ebrfundojn\u00eb n\u00eb pranga si t\u00eb dyshuar p\u00ebr dhun\u00eb ndaj familjar\u00ebve. K\u00ebto raste b\u00ebhen edhe m\u00eb t\u00eb r\u00ebnda, kur viktima jan\u00eb prind\u00ebrit t\u00eb cil\u00ebt p\u00ebrjetojn\u00eb dhun\u00eb psikike e fizike nga f\u00ebmij\u00ebt e tyre. E nd\u00ebr shkaqet [&hellip;]\" \/>\n<meta property=\"og:url\" content=\"https:\/\/permbledhja.com\/sq\/familja-ne-prizren-ne-hall-nga-vajza-narkomane-30-vjecarja-sulmon-fizikisht-babane\/\" \/>\n<meta property=\"og:site_name\" content=\"Ve\u00e7 artikuj p\u00ebrmbledh\u00ebs\" \/>\n<meta property=\"article:publisher\" content=\"https:\/\/www.facebook.com\/press07\/\" \/>\n<meta property=\"article:author\" content=\"https:\/\/www.facebook.com\/kafexhiu.muharrem\/\" \/>\n<meta property=\"article:published_time\" content=\"2023-07-08T15:54:59+00:00\" \/>\n<meta property=\"og:image\" content=\"https:\/\/permbledhja.com\/wp-content\/uploads\/2023\/07\/prizren-kosovo-f-66348126-jpg-77233-.jpg\" \/>\n\t<meta property=\"og:image:width\" content=\"1440\" \/>\n\t<meta property=\"og:image:height\" content=\"958\" \/>\n\t<meta property=\"og:image:type\" content=\"image\/jpeg\" \/>\n<meta name=\"author\" content=\"P\u00ebrmbledhja\" \/>\n<meta name=\"twitter:card\" content=\"summary_large_image\" \/>\n<meta name=\"twitter:label1\" content=\"Written by\" \/>\n\t<meta name=\"twitter:data1\" content=\"P\u00ebrmbledhja\" \/>\n\t<meta name=\"twitter:label2\" content=\"Est. reading time\" \/>\n\t<meta name=\"twitter:data2\" content=\"1 minut\u00eb\" \/>\n<script type=\"application\/ld+json\" class=\"yoast-schema-graph\">{\"@context\":\"https:\/\/schema.org\",\"@graph\":[{\"@type\":\"Article\",\"@id\":\"https:\/\/permbledhja.com\/sq\/familja-ne-prizren-ne-hall-nga-vajza-narkomane-30-vjecarja-sulmon-fizikisht-babane\/#article\",\"isPartOf\":{\"@id\":\"https:\/\/permbledhja.com\/sq\/familja-ne-prizren-ne-hall-nga-vajza-narkomane-30-vjecarja-sulmon-fizikisht-babane\/\"},\"author\":{\"name\":\"P\u00ebrmbledhja\",\"@id\":\"https:\/\/permbledhja.com\/#\/schema\/person\/0d064377258d3221e50693947b9eb4fe\"},\"headline\":\"Familja n\u00eb Prizren n\u00eb hall nga vajza narkomane, 30-vje\u00e7arja sulmon fizikisht baban\u00eb\",\"datePublished\":\"2023-07-08T15:54:59+00:00\",\"dateModified\":\"2023-07-08T15:54:59+00:00\",\"mainEntityOfPage\":{\"@id\":\"https:\/\/permbledhja.com\/sq\/familja-ne-prizren-ne-hall-nga-vajza-narkomane-30-vjecarja-sulmon-fizikisht-babane\/\"},\"wordCount\":257,\"publisher\":{\"@id\":\"https:\/\/permbledhja.com\/#organization\"},\"keywords\":[\"Prizren\"],\"articleSection\":[\"Komb\u00ebtare\",\"Lajme\"],\"inLanguage\":\"sq\"},{\"@type\":\"WebPage\",\"@id\":\"https:\/\/permbledhja.com\/sq\/familja-ne-prizren-ne-hall-nga-vajza-narkomane-30-vjecarja-sulmon-fizikisht-babane\/\",\"url\":\"https:\/\/permbledhja.com\/sq\/familja-ne-prizren-ne-hall-nga-vajza-narkomane-30-vjecarja-sulmon-fizikisht-babane\/\",\"name\":\"Familja n\u00eb Prizren n\u00eb hall nga vajza narkomane, 30-vje\u00e7arja sulmon fizikisht baban\u00eb\",\"isPartOf\":{\"@id\":\"https:\/\/permbledhja.com\/#website\"},\"datePublished\":\"2023-07-08T15:54:59+00:00\",\"dateModified\":\"2023-07-08T15:54:59+00:00\",\"breadcrumb\":{\"@id\":\"https:\/\/permbledhja.com\/sq\/familja-ne-prizren-ne-hall-nga-vajza-narkomane-30-vjecarja-sulmon-fizikisht-babane\/#breadcrumb\"},\"inLanguage\":\"sq\",\"potentialAction\":[{\"@type\":\"ReadAction\",\"target\":[\"https:\/\/permbledhja.com\/sq\/familja-ne-prizren-ne-hall-nga-vajza-narkomane-30-vjecarja-sulmon-fizikisht-babane\/\"]}]},{\"@type\":\"BreadcrumbList\",\"@id\":\"https:\/\/permbledhja.com\/sq\/familja-ne-prizren-ne-hall-nga-vajza-narkomane-30-vjecarja-sulmon-fizikisht-babane\/#breadcrumb\",\"itemListElement\":[{\"@type\":\"ListItem\",\"position\":1,\"name\":\"Ballina\",\"item\":\"https:\/\/permbledhja.com\/sq\/\"},{\"@type\":\"ListItem\",\"position\":2,\"name\":\"Familja n\u00eb Prizren n\u00eb hall nga vajza narkomane, 30-vje\u00e7arja sulmon fizikisht baban\u00eb\"}]},{\"@type\":\"WebSite\",\"@id\":\"https:\/\/permbledhja.com\/#website\",\"url\":\"https:\/\/permbledhja.com\/\",\"name\":\"Ve\u00e7 artikuj p\u00ebrmbledh\u00ebs\",\"description\":\"\",\"publisher\":{\"@id\":\"https:\/\/permbledhja.com\/#organization\"},\"potentialAction\":[{\"@type\":\"SearchAction\",\"target\":{\"@type\":\"EntryPoint\",\"urlTemplate\":\"https:\/\/permbledhja.com\/?s={search_term_string}\"},\"query-input\":\"required name=search_term_string\"}],\"inLanguage\":\"sq\"},{\"@type\":\"Organization\",\"@id\":\"https:\/\/permbledhja.com\/#organization\",\"name\":\"MK Media & Pr\",\"url\":\"https:\/\/permbledhja.com\/\",\"logo\":{\"@type\":\"ImageObject\",\"inLanguage\":\"sq\",\"@id\":\"https:\/\/permbledhja.com\/#\/schema\/logo\/image\/\",\"url\":\"https:\/\/permbledhja.com\/wp-content\/uploads\/2021\/12\/07-Press-Logo.jpg\",\"contentUrl\":\"https:\/\/permbledhja.com\/wp-content\/uploads\/2021\/12\/07-Press-Logo.jpg\",\"width\":512,\"height\":512,\"caption\":\"MK Media & Pr\"},\"image\":{\"@id\":\"https:\/\/permbledhja.com\/#\/schema\/logo\/image\/\"},\"sameAs\":[\"https:\/\/www.facebook.com\/press07\/\"]},{\"@type\":\"Person\",\"@id\":\"https:\/\/permbledhja.com\/#\/schema\/person\/0d064377258d3221e50693947b9eb4fe\",\"name\":\"P\u00ebrmbledhja\",\"image\":{\"@type\":\"ImageObject\",\"inLanguage\":\"sq\",\"@id\":\"https:\/\/permbledhja.com\/#\/schema\/person\/image\/\",\"url\":\"https:\/\/permbledhja.com\/wp-content\/uploads\/2026\/01\/452004717_1040944174702970_8932037511805513407_n-96x96.jpg\",\"contentUrl\":\"https:\/\/permbledhja.com\/wp-content\/uploads\/2026\/01\/452004717_1040944174702970_8932037511805513407_n-96x96.jpg\",\"caption\":\"P\u00ebrmbledhja\"},\"sameAs\":[\"https:\/\/www.facebook.com\/kafexhiu.muharrem\/\",\"https:\/\/www.instagram.com\/muharrem_kafexhiu\/\"],\"url\":\"https:\/\/permbledhja.com\/sq\/author\/admin\/\"}]}<\/script>\n<!-- \/ Yoast SEO plugin. -->","yoast_head_json":{"title":"Familja n\u00eb Prizren n\u00eb hall nga vajza narkomane, 30-vje\u00e7arja sulmon fizikisht baban\u00eb","robots":{"index":"index","follow":"follow","max-snippet":"max-snippet:-1","max-image-preview":"max-image-preview:large","max-video-preview":"max-video-preview:-1"},"canonical":"https:\/\/permbledhja.com\/sq\/familja-ne-prizren-ne-hall-nga-vajza-narkomane-30-vjecarja-sulmon-fizikisht-babane\/","og_locale":"sq_AL","og_type":"article","og_title":"Familja n\u00eb Prizren n\u00eb hall nga vajza narkomane, 30-vje\u00e7arja sulmon fizikisht baban\u00eb","og_description":"Numri i rasteve t\u00eb dhun\u00ebs n\u00eb familje ka marr\u00eb p\u00ebrmasa shqet\u00ebsuese n\u00eb vendin ton\u00eb, pasi \u00e7do dit\u00eb persona t\u00eb ndrysh\u00ebm p\u00ebrfundojn\u00eb n\u00eb pranga si t\u00eb dyshuar p\u00ebr dhun\u00eb ndaj familjar\u00ebve. K\u00ebto raste b\u00ebhen edhe m\u00eb t\u00eb r\u00ebnda, kur viktima jan\u00eb prind\u00ebrit t\u00eb cil\u00ebt p\u00ebrjetojn\u00eb dhun\u00eb psikike e fizike nga f\u00ebmij\u00ebt e tyre. E nd\u00ebr shkaqet [&hellip;]","og_url":"https:\/\/permbledhja.com\/sq\/familja-ne-prizren-ne-hall-nga-vajza-narkomane-30-vjecarja-sulmon-fizikisht-babane\/","og_site_name":"Ve\u00e7 artikuj p\u00ebrmbledh\u00ebs","article_publisher":"https:\/\/www.facebook.com\/press07\/","article_author":"https:\/\/www.facebook.com\/kafexhiu.muharrem\/","article_published_time":"2023-07-08T15:54:59+00:00","og_image":[{"width":1440,"height":958,"url":"https:\/\/permbledhja.com\/wp-content\/uploads\/2023\/07\/prizren-kosovo-f-66348126-jpg-77233-.jpg","type":"image\/jpeg"}],"author":"P\u00ebrmbledhja","twitter_card":"summary_large_image","twitter_misc":{"Written by":"P\u00ebrmbledhja","Est. reading time":"1 minut\u00eb"},"schema":{"@context":"https:\/\/schema.org","@graph":[{"@type":"Article","@id":"https:\/\/permbledhja.com\/sq\/familja-ne-prizren-ne-hall-nga-vajza-narkomane-30-vjecarja-sulmon-fizikisht-babane\/#article","isPartOf":{"@id":"https:\/\/permbledhja.com\/sq\/familja-ne-prizren-ne-hall-nga-vajza-narkomane-30-vjecarja-sulmon-fizikisht-babane\/"},"author":{"name":"P\u00ebrmbledhja","@id":"https:\/\/permbledhja.com\/#\/schema\/person\/0d064377258d3221e50693947b9eb4fe"},"headline":"Familja n\u00eb Prizren n\u00eb hall nga vajza narkomane, 30-vje\u00e7arja sulmon fizikisht baban\u00eb","datePublished":"2023-07-08T15:54:59+00:00","dateModified":"2023-07-08T15:54:59+00:00","mainEntityOfPage":{"@id":"https:\/\/permbledhja.com\/sq\/familja-ne-prizren-ne-hall-nga-vajza-narkomane-30-vjecarja-sulmon-fizikisht-babane\/"},"wordCount":257,"publisher":{"@id":"https:\/\/permbledhja.com\/#organization"},"keywords":["Prizren"],"articleSection":["Komb\u00ebtare","Lajme"],"inLanguage":"sq"},{"@type":"WebPage","@id":"https:\/\/permbledhja.com\/sq\/familja-ne-prizren-ne-hall-nga-vajza-narkomane-30-vjecarja-sulmon-fizikisht-babane\/","url":"https:\/\/permbledhja.com\/sq\/familja-ne-prizren-ne-hall-nga-vajza-narkomane-30-vjecarja-sulmon-fizikisht-babane\/","name":"Familja n\u00eb Prizren n\u00eb hall nga vajza narkomane, 30-vje\u00e7arja sulmon fizikisht baban\u00eb","isPartOf":{"@id":"https:\/\/permbledhja.com\/#website"},"datePublished":"2023-07-08T15:54:59+00:00","dateModified":"2023-07-08T15:54:59+00:00","breadcrumb":{"@id":"https:\/\/permbledhja.com\/sq\/familja-ne-prizren-ne-hall-nga-vajza-narkomane-30-vjecarja-sulmon-fizikisht-babane\/#breadcrumb"},"inLanguage":"sq","potentialAction":[{"@type":"ReadAction","target":["https:\/\/permbledhja.com\/sq\/familja-ne-prizren-ne-hall-nga-vajza-narkomane-30-vjecarja-sulmon-fizikisht-babane\/"]}]},{"@type":"BreadcrumbList","@id":"https:\/\/permbledhja.com\/sq\/familja-ne-prizren-ne-hall-nga-vajza-narkomane-30-vjecarja-sulmon-fizikisht-babane\/#breadcrumb","itemListElement":[{"@type":"ListItem","position":1,"name":"Ballina","item":"https:\/\/permbledhja.com\/sq\/"},{"@type":"ListItem","position":2,"name":"Familja n\u00eb Prizren n\u00eb hall nga vajza narkomane, 30-vje\u00e7arja sulmon fizikisht baban\u00eb"}]},{"@type":"WebSite","@id":"https:\/\/permbledhja.com\/#website","url":"https:\/\/permbledhja.com\/","name":"Ve\u00e7 artikuj p\u00ebrmbledh\u00ebs","description":"","publisher":{"@id":"https:\/\/permbledhja.com\/#organization"},"potentialAction":[{"@type":"SearchAction","target":{"@type":"EntryPoint","urlTemplate":"https:\/\/permbledhja.com\/?s={search_term_string}"},"query-input":"required name=search_term_string"}],"inLanguage":"sq"},{"@type":"Organization","@id":"https:\/\/permbledhja.com\/#organization","name":"MK Media & Pr","url":"https:\/\/permbledhja.com\/","logo":{"@type":"ImageObject","inLanguage":"sq","@id":"https:\/\/permbledhja.com\/#\/schema\/logo\/image\/","url":"https:\/\/permbledhja.com\/wp-content\/uploads\/2021\/12\/07-Press-Logo.jpg","contentUrl":"https:\/\/permbledhja.com\/wp-content\/uploads\/2021\/12\/07-Press-Logo.jpg","width":512,"height":512,"caption":"MK Media & Pr"},"image":{"@id":"https:\/\/permbledhja.com\/#\/schema\/logo\/image\/"},"sameAs":["https:\/\/www.facebook.com\/press07\/"]},{"@type":"Person","@id":"https:\/\/permbledhja.com\/#\/schema\/person\/0d064377258d3221e50693947b9eb4fe","name":"P\u00ebrmbledhja","image":{"@type":"ImageObject","inLanguage":"sq","@id":"https:\/\/permbledhja.com\/#\/schema\/person\/image\/","url":"https:\/\/permbledhja.com\/wp-content\/uploads\/2026\/01\/452004717_1040944174702970_8932037511805513407_n-96x96.jpg","contentUrl":"https:\/\/permbledhja.com\/wp-content\/uploads\/2026\/01\/452004717_1040944174702970_8932037511805513407_n-96x96.jpg","caption":"P\u00ebrmbledhja"},"sameAs":["https:\/\/www.facebook.com\/kafexhiu.muharrem\/","https:\/\/www.instagram.com\/muharrem_kafexhiu\/"],"url":"https:\/\/permbledhja.com\/sq\/author\/admin\/"}]}},"_links":{"self":[{"href":"https:\/\/permbledhja.com\/sq\/wp-json\/wp\/v2\/posts\/18246"}],"collection":[{"href":"https:\/\/permbledhja.com\/sq\/wp-json\/wp\/v2\/posts"}],"about":[{"href":"https:\/\/permbledhja.com\/sq\/wp-json\/wp\/v2\/types\/post"}],"author":[{"embeddable":true,"href":"https:\/\/permbledhja.com\/sq\/wp-json\/wp\/v2\/users\/1"}],"replies":[{"embeddable":true,"href":"https:\/\/permbledhja.com\/sq\/wp-json\/wp\/v2\/comments?post=18246"}],"version-history":[{"count":1,"href":"https:\/\/permbledhja.com\/sq\/wp-json\/wp\/v2\/posts\/18246\/revisions"}],"predecessor-version":[{"id":18248,"href":"https:\/\/permbledhja.com\/sq\/wp-json\/wp\/v2\/posts\/18246\/revisions\/18248"}],"wp:featuredmedia":[{"embeddable":true,"href":"https:\/\/permbledhja.com\/sq\/wp-json\/wp\/v2\/media\/18247"}],"wp:attachment":[{"href":"https:\/\/permbledhja.com\/sq\/wp-json\/wp\/v2\/media?parent=18246"}],"wp:term":[{"taxonomy":"category","embeddable":true,"href":"https:\/\/permbledhja.com\/sq\/wp-json\/wp\/v2\/categories?post=18246"},{"taxonomy":"post_tag","embeddable":true,"href":"https:\/\/permbledhja.com\/sq\/wp-json\/wp\/v2\/tags?post=18246"}],"curies":[{"name":"wp","href":"https:\/\/api.w.org\/{rel}","templated":true}]}}