{"id":17980,"date":"2023-07-07T08:21:49","date_gmt":"2023-07-07T08:21:49","guid":{"rendered":"https:\/\/permbledhja.com\/?p=17980"},"modified":"2023-07-07T08:21:49","modified_gmt":"2023-07-07T08:21:49","slug":"u-kercenua-nga-vuciqi-pas-deklarates-se-serbia-po-kontrabandon-arme-me-autoambulanca-kearns-merr-perkrahje-te-shumta","status":"publish","type":"post","link":"https:\/\/permbledhja.com\/sq\/u-kercenua-nga-vuciqi-pas-deklarates-se-serbia-po-kontrabandon-arme-me-autoambulanca-kearns-merr-perkrahje-te-shumta\/","title":{"rendered":"U k\u00ebrc\u00ebnua nga Vu\u00e7iqi pas deklarat\u00ebs se Serbia po kontrabandon arm\u00eb me autoambulanca, Kearns merr p\u00ebrkrahje t\u00eb shumta"},"content":{"rendered":"<p>Ambasadori i Kosov\u00ebs n\u00eb Britani t\u00eb Madhe, Ilir Kapiti dhe analisti i Ballkanit Per\u00ebndimor nga Instituti \u201cNew Europe\u201d, Jakub Bielamowicz i kan\u00eb dal\u00eb n\u00eb mbrojtje deputetes britanike, Alicia Kearns e cila nj\u00eb dit\u00eb m\u00eb par\u00eb u k\u00ebrc\u00ebnua nga presidenti i Serbis\u00eb, Aleksandar Vu\u00e7iq pas deklaratave t\u00eb saj se Serbia po kontrabandon arm\u00eb me autoambulanca drejt kishave ortodokse n\u00eb Kosov\u00eb.<\/p>\n<p>Ambasadori i Kosov\u00ebs n\u00eb Lond\u00ebr, Ilir Kapiti n\u00eb nj\u00eb postim n\u00eb Twitter shkruan se Aleksandar Vu\u00e7iq, ministri fam\u00ebkeq i informimit n\u00eb koh\u00ebn e Slobodan Millosheviqit \u00ebsht\u00eb i njohur p\u00ebr aft\u00ebsit\u00eb e tij dinake p\u00ebr orkestrimin e skemave komplekse.<\/p>\n<p>Nd\u00ebrkaq, njoh\u00ebsi i proceseve n\u00eb Ballkanin Per\u00ebndimor, Jakub Bielamowicz thekson se \u00ebsht\u00eb sulm i turpsh\u00ebm i presidentit t\u00eb Serbis\u00eb, Aleksandar Vu\u00e7iq q\u00eb po k\u00ebrc\u00ebnon me hetim deputeten Kearns p\u00ebr deklaratat e saja.<\/p>\n<p>\u201cNj\u00eb sulm i turpsh\u00ebm nga presidenti i Serbis\u00eb, Aleksandar Vu\u00e7iq i cili po k\u00ebrc\u00ebnon me nj\u00eb hetim kund\u00ebr Alicia Kearns, kryetare e Komitetit t\u00eb Pun\u00ebve t\u00eb Jashtme t\u00eb Mbret\u00ebris\u00eb s\u00eb Bashkuar, e cila ka folur p\u00ebr agresionin e Serbis\u00eb, p\u00ebrfshir\u00eb kontraband\u00eb arm\u00ebsh me autoambulanca n\u00eb kishat serbe n\u00eb Kosov\u00eb\u201d, shkruan ai.<\/p>\n<p>Edhe deputeti gjerman, Michael Roth i ka dal\u00eb n\u00eb mbrojtje deputetes britanike.<\/p>\n<p>\u201cThjesht e neveritshme. Solidaritet i plot\u00eb me kolegun tim t\u00eb madh\u201d, shkruan ai.<\/p>\n<p>Ndryshe, dit\u00eb m\u00eb par\u00eb \u00ebsht\u00eb ngritur nj\u00eb debat n\u00eb opinion lidhur me pretendimet p\u00ebr kontraband\u00eb t\u00eb arm\u00ebve nga Serbia p\u00ebr n\u00eb Kosov\u00eb p\u00ebrmes autoambulancave.<\/p>\n<p>Deputetja britanike, Alicia Kearns pak dit\u00eb m\u00eb par\u00eb ka th\u00ebn\u00eb se Serbia kontrabandon arm\u00eb me autoambulanca drejt kishave ortodokse n\u00eb Kosov\u00eb.<\/p>\n<p>Ajo madje tha se p\u00ebr k\u00ebt\u00eb \u00ebsht\u00eb n\u00eb dijeni KFOR-i.Por, KFOR-i t\u00eb m\u00ebrkur\u00ebn n\u00eb nj\u00eb p\u00ebrgjigje p\u00ebr Telegrafin mohoi nj\u00eb gj\u00eb t\u00eb till\u00eb. KFOR-i ka theksuar se nuk ka asnj\u00eb prov\u00eb p\u00ebr at\u00eb q\u00eb \u00ebsht\u00eb raportuar, dhe se deputetja i referohet ngjarjes s\u00eb vitit 2022, kur Batalioni Mbret\u00ebror Fusilier (regjiment ushtarak britanik), u pun\u00ebsua n\u00eb Kosov\u00eb.<\/p>\n<p>\u201cNuk ka asnj\u00eb d\u00ebshmi n\u00eb lidhje me kontraband\u00ebn e supozuar t\u00eb kryer p\u00ebrmes vij\u00ebs kufitare administrative nd\u00ebrmjet Kosov\u00ebs dhe Serbis\u00eb n\u00eb kishat ortodokse me autoambulanca\u201d, deklaroi KFOR-i.Nd\u00ebrkaq, pas deklaratave t\u00eb deputetes britanike, ka reaguar presidenti i Serbis\u00eb, Aleksandar Vu\u00e7iq, duke e k\u00ebrc\u00ebnuar Kearns me hetime ndaj saj.<\/p>\n<p>Ai ka th\u00ebn\u00eb Kearns  \u201c\u00ebsht\u00eb e njohur p\u00ebr aktivitetet e saj antiserbe\u201d.\u201cTani, s\u00eb bashku me veprimet policore, po futin elemente t\u00eb reja, q\u00eb \u00ebsht\u00eb sulm ndaj dy shtyllave t\u00eb tjera t\u00eb popullit serb n\u00eb Kosov\u00eb, Kish\u00ebs Ortodokse Serbe dhe sh\u00ebndet\u00ebsis\u00eb\u201d.<\/p>\n<p>Vu\u00e7iq tha se ndaj saj kan\u00eb nisur edhe nj\u00eb hetim.\u201cMos u shqet\u00ebsoni zonj\u00eb, ne tashm\u00eb po kryejm\u00eb nj\u00eb hetim kund\u00ebr jush, p\u00ebr t\u00eb par\u00eb pse po e b\u00ebni k\u00ebt\u00eb, n\u00ebse qeveria e Mbret\u00ebris\u00eb s\u00eb Bashkuar nuk reagon, ne jemi t\u00eb detyruar t\u00eb b\u00ebjm\u00eb\u201d. \/Telegrafi<\/p>\n","protected":false},"excerpt":{"rendered":"<p>Ambasadori i Kosov\u00ebs n\u00eb Britani t\u00eb Madhe, Ilir Kapiti dhe analisti i Ballkanit Per\u00ebndimor nga Instituti \u201cNew Europe\u201d, Jakub Bielamowicz i kan\u00eb dal\u00eb n\u00eb mbrojtje deputetes britanike, Alicia Kearns e cila nj\u00eb dit\u00eb m\u00eb par\u00eb u k\u00ebrc\u00ebnua nga presidenti i Serbis\u00eb, Aleksandar Vu\u00e7iq pas deklaratave t\u00eb saj se Serbia po kontrabandon arm\u00eb me autoambulanca drejt [&hellip;]<\/p>\n","protected":false},"author":1,"featured_media":17981,"comment_status":"closed","ping_status":"closed","sticky":false,"template":"","format":"standard","meta":{"_monsterinsights_skip_tracking":false,"_monsterinsights_sitenote_active":false,"_monsterinsights_sitenote_note":"","_monsterinsights_sitenote_category":0,"_uf_show_specific_survey":0,"_uf_disable_surveys":false,"footnotes":""},"categories":[1],"tags":[366],"yoast_head":"<!-- This site is optimized with the Yoast SEO plugin v21.5 - https:\/\/yoast.com\/wordpress\/plugins\/seo\/ -->\n<title>U k\u00ebrc\u00ebnua nga Vu\u00e7iqi pas deklarat\u00ebs se Serbia po kontrabandon arm\u00eb me autoambulanca, Kearns merr p\u00ebrkrahje t\u00eb shumta<\/title>\n<meta name=\"robots\" content=\"index, follow, max-snippet:-1, max-image-preview:large, max-video-preview:-1\" \/>\n<link rel=\"canonical\" href=\"https:\/\/permbledhja.com\/sq\/u-kercenua-nga-vuciqi-pas-deklarates-se-serbia-po-kontrabandon-arme-me-autoambulanca-kearns-merr-perkrahje-te-shumta\/\" \/>\n<meta property=\"og:locale\" content=\"sq_AL\" \/>\n<meta property=\"og:type\" content=\"article\" \/>\n<meta property=\"og:title\" content=\"U k\u00ebrc\u00ebnua nga Vu\u00e7iqi pas deklarat\u00ebs se Serbia po kontrabandon arm\u00eb me autoambulanca, Kearns merr p\u00ebrkrahje t\u00eb shumta\" \/>\n<meta property=\"og:description\" content=\"Ambasadori i Kosov\u00ebs n\u00eb Britani t\u00eb Madhe, Ilir Kapiti dhe analisti i Ballkanit Per\u00ebndimor nga Instituti \u201cNew Europe\u201d, Jakub Bielamowicz i kan\u00eb dal\u00eb n\u00eb mbrojtje deputetes britanike, Alicia Kearns e cila nj\u00eb dit\u00eb m\u00eb par\u00eb u k\u00ebrc\u00ebnua nga presidenti i Serbis\u00eb, Aleksandar Vu\u00e7iq pas deklaratave t\u00eb saj se Serbia po kontrabandon arm\u00eb me autoambulanca drejt [&hellip;]\" \/>\n<meta property=\"og:url\" content=\"https:\/\/permbledhja.com\/sq\/u-kercenua-nga-vuciqi-pas-deklarates-se-serbia-po-kontrabandon-arme-me-autoambulanca-kearns-merr-perkrahje-te-shumta\/\" \/>\n<meta property=\"og:site_name\" content=\"Ve\u00e7 artikuj p\u00ebrmbledh\u00ebs\" \/>\n<meta property=\"article:publisher\" content=\"https:\/\/www.facebook.com\/press07\/\" \/>\n<meta property=\"article:author\" content=\"https:\/\/www.facebook.com\/kafexhiu.muharrem\/\" \/>\n<meta property=\"article:published_time\" content=\"2023-07-07T08:21:49+00:00\" \/>\n<meta property=\"og:image\" content=\"https:\/\/permbledhja.com\/wp-content\/uploads\/2023\/07\/9D5D7379-CA89-41F8-BDC3-C5CF029DD292.jpeg\" \/>\n\t<meta property=\"og:image:width\" content=\"780\" \/>\n\t<meta property=\"og:image:height\" content=\"439\" \/>\n\t<meta property=\"og:image:type\" content=\"image\/jpeg\" \/>\n<meta name=\"author\" content=\"P\u00ebrmbledhja\" \/>\n<meta name=\"twitter:card\" content=\"summary_large_image\" \/>\n<meta name=\"twitter:label1\" content=\"Written by\" \/>\n\t<meta name=\"twitter:data1\" content=\"P\u00ebrmbledhja\" \/>\n\t<meta name=\"twitter:label2\" content=\"Est. reading time\" \/>\n\t<meta name=\"twitter:data2\" content=\"3 minuta\" \/>\n<script type=\"application\/ld+json\" class=\"yoast-schema-graph\">{\"@context\":\"https:\/\/schema.org\",\"@graph\":[{\"@type\":\"Article\",\"@id\":\"https:\/\/permbledhja.com\/u-kercenua-nga-vuciqi-pas-deklarates-se-serbia-po-kontrabandon-arme-me-autoambulanca-kearns-merr-perkrahje-te-shumta\/#article\",\"isPartOf\":{\"@id\":\"https:\/\/permbledhja.com\/u-kercenua-nga-vuciqi-pas-deklarates-se-serbia-po-kontrabandon-arme-me-autoambulanca-kearns-merr-perkrahje-te-shumta\/\"},\"author\":{\"name\":\"P\u00ebrmbledhja\",\"@id\":\"https:\/\/permbledhja.com\/#\/schema\/person\/0d064377258d3221e50693947b9eb4fe\"},\"headline\":\"U k\u00ebrc\u00ebnua nga Vu\u00e7iqi pas deklarat\u00ebs se Serbia po kontrabandon arm\u00eb me autoambulanca, Kearns merr p\u00ebrkrahje t\u00eb shumta\",\"datePublished\":\"2023-07-07T08:21:49+00:00\",\"dateModified\":\"2023-07-07T08:21:49+00:00\",\"mainEntityOfPage\":{\"@id\":\"https:\/\/permbledhja.com\/u-kercenua-nga-vuciqi-pas-deklarates-se-serbia-po-kontrabandon-arme-me-autoambulanca-kearns-merr-perkrahje-te-shumta\/\"},\"wordCount\":532,\"publisher\":{\"@id\":\"https:\/\/permbledhja.com\/#organization\"},\"keywords\":[\"Vu\u00e7iq\"],\"articleSection\":[\"Breaking News\"],\"inLanguage\":\"sq\"},{\"@type\":\"WebPage\",\"@id\":\"https:\/\/permbledhja.com\/u-kercenua-nga-vuciqi-pas-deklarates-se-serbia-po-kontrabandon-arme-me-autoambulanca-kearns-merr-perkrahje-te-shumta\/\",\"url\":\"https:\/\/permbledhja.com\/u-kercenua-nga-vuciqi-pas-deklarates-se-serbia-po-kontrabandon-arme-me-autoambulanca-kearns-merr-perkrahje-te-shumta\/\",\"name\":\"U k\u00ebrc\u00ebnua nga Vu\u00e7iqi pas deklarat\u00ebs se Serbia po kontrabandon arm\u00eb me autoambulanca, Kearns merr p\u00ebrkrahje t\u00eb shumta\",\"isPartOf\":{\"@id\":\"https:\/\/permbledhja.com\/#website\"},\"datePublished\":\"2023-07-07T08:21:49+00:00\",\"dateModified\":\"2023-07-07T08:21:49+00:00\",\"breadcrumb\":{\"@id\":\"https:\/\/permbledhja.com\/u-kercenua-nga-vuciqi-pas-deklarates-se-serbia-po-kontrabandon-arme-me-autoambulanca-kearns-merr-perkrahje-te-shumta\/#breadcrumb\"},\"inLanguage\":\"sq\",\"potentialAction\":[{\"@type\":\"ReadAction\",\"target\":[\"https:\/\/permbledhja.com\/u-kercenua-nga-vuciqi-pas-deklarates-se-serbia-po-kontrabandon-arme-me-autoambulanca-kearns-merr-perkrahje-te-shumta\/\"]}]},{\"@type\":\"BreadcrumbList\",\"@id\":\"https:\/\/permbledhja.com\/u-kercenua-nga-vuciqi-pas-deklarates-se-serbia-po-kontrabandon-arme-me-autoambulanca-kearns-merr-perkrahje-te-shumta\/#breadcrumb\",\"itemListElement\":[{\"@type\":\"ListItem\",\"position\":1,\"name\":\"Ballina\",\"item\":\"https:\/\/permbledhja.com\/sq\/\"},{\"@type\":\"ListItem\",\"position\":2,\"name\":\"U k\u00ebrc\u00ebnua nga Vu\u00e7iqi pas deklarat\u00ebs se Serbia po kontrabandon arm\u00eb me autoambulanca, Kearns merr p\u00ebrkrahje t\u00eb shumta\"}]},{\"@type\":\"WebSite\",\"@id\":\"https:\/\/permbledhja.com\/#website\",\"url\":\"https:\/\/permbledhja.com\/\",\"name\":\"Ve\u00e7 artikuj p\u00ebrmbledh\u00ebs\",\"description\":\"\",\"publisher\":{\"@id\":\"https:\/\/permbledhja.com\/#organization\"},\"potentialAction\":[{\"@type\":\"SearchAction\",\"target\":{\"@type\":\"EntryPoint\",\"urlTemplate\":\"https:\/\/permbledhja.com\/?s={search_term_string}\"},\"query-input\":\"required name=search_term_string\"}],\"inLanguage\":\"sq\"},{\"@type\":\"Organization\",\"@id\":\"https:\/\/permbledhja.com\/#organization\",\"name\":\"MK Media & Pr\",\"url\":\"https:\/\/permbledhja.com\/\",\"logo\":{\"@type\":\"ImageObject\",\"inLanguage\":\"sq\",\"@id\":\"https:\/\/permbledhja.com\/#\/schema\/logo\/image\/\",\"url\":\"https:\/\/permbledhja.com\/wp-content\/uploads\/2021\/12\/07-Press-Logo.jpg\",\"contentUrl\":\"https:\/\/permbledhja.com\/wp-content\/uploads\/2021\/12\/07-Press-Logo.jpg\",\"width\":512,\"height\":512,\"caption\":\"MK Media & Pr\"},\"image\":{\"@id\":\"https:\/\/permbledhja.com\/#\/schema\/logo\/image\/\"},\"sameAs\":[\"https:\/\/www.facebook.com\/press07\/\"]},{\"@type\":\"Person\",\"@id\":\"https:\/\/permbledhja.com\/#\/schema\/person\/0d064377258d3221e50693947b9eb4fe\",\"name\":\"P\u00ebrmbledhja\",\"image\":{\"@type\":\"ImageObject\",\"inLanguage\":\"sq\",\"@id\":\"https:\/\/permbledhja.com\/#\/schema\/person\/image\/\",\"url\":\"https:\/\/permbledhja.com\/wp-content\/uploads\/2026\/01\/452004717_1040944174702970_8932037511805513407_n-96x96.jpg\",\"contentUrl\":\"https:\/\/permbledhja.com\/wp-content\/uploads\/2026\/01\/452004717_1040944174702970_8932037511805513407_n-96x96.jpg\",\"caption\":\"P\u00ebrmbledhja\"},\"sameAs\":[\"https:\/\/www.facebook.com\/kafexhiu.muharrem\/\",\"https:\/\/www.instagram.com\/muharrem_kafexhiu\/\"],\"url\":\"https:\/\/permbledhja.com\/sq\/author\/admin\/\"}]}<\/script>\n<!-- \/ Yoast SEO plugin. -->","yoast_head_json":{"title":"U k\u00ebrc\u00ebnua nga Vu\u00e7iqi pas deklarat\u00ebs se Serbia po kontrabandon arm\u00eb me autoambulanca, Kearns merr p\u00ebrkrahje t\u00eb shumta","robots":{"index":"index","follow":"follow","max-snippet":"max-snippet:-1","max-image-preview":"max-image-preview:large","max-video-preview":"max-video-preview:-1"},"canonical":"https:\/\/permbledhja.com\/sq\/u-kercenua-nga-vuciqi-pas-deklarates-se-serbia-po-kontrabandon-arme-me-autoambulanca-kearns-merr-perkrahje-te-shumta\/","og_locale":"sq_AL","og_type":"article","og_title":"U k\u00ebrc\u00ebnua nga Vu\u00e7iqi pas deklarat\u00ebs se Serbia po kontrabandon arm\u00eb me autoambulanca, Kearns merr p\u00ebrkrahje t\u00eb shumta","og_description":"Ambasadori i Kosov\u00ebs n\u00eb Britani t\u00eb Madhe, Ilir Kapiti dhe analisti i Ballkanit Per\u00ebndimor nga Instituti \u201cNew Europe\u201d, Jakub Bielamowicz i kan\u00eb dal\u00eb n\u00eb mbrojtje deputetes britanike, Alicia Kearns e cila nj\u00eb dit\u00eb m\u00eb par\u00eb u k\u00ebrc\u00ebnua nga presidenti i Serbis\u00eb, Aleksandar Vu\u00e7iq pas deklaratave t\u00eb saj se Serbia po kontrabandon arm\u00eb me autoambulanca drejt [&hellip;]","og_url":"https:\/\/permbledhja.com\/sq\/u-kercenua-nga-vuciqi-pas-deklarates-se-serbia-po-kontrabandon-arme-me-autoambulanca-kearns-merr-perkrahje-te-shumta\/","og_site_name":"Ve\u00e7 artikuj p\u00ebrmbledh\u00ebs","article_publisher":"https:\/\/www.facebook.com\/press07\/","article_author":"https:\/\/www.facebook.com\/kafexhiu.muharrem\/","article_published_time":"2023-07-07T08:21:49+00:00","og_image":[{"width":780,"height":439,"url":"https:\/\/permbledhja.com\/wp-content\/uploads\/2023\/07\/9D5D7379-CA89-41F8-BDC3-C5CF029DD292.jpeg","type":"image\/jpeg"}],"author":"P\u00ebrmbledhja","twitter_card":"summary_large_image","twitter_misc":{"Written by":"P\u00ebrmbledhja","Est. reading time":"3 minuta"},"schema":{"@context":"https:\/\/schema.org","@graph":[{"@type":"Article","@id":"https:\/\/permbledhja.com\/u-kercenua-nga-vuciqi-pas-deklarates-se-serbia-po-kontrabandon-arme-me-autoambulanca-kearns-merr-perkrahje-te-shumta\/#article","isPartOf":{"@id":"https:\/\/permbledhja.com\/u-kercenua-nga-vuciqi-pas-deklarates-se-serbia-po-kontrabandon-arme-me-autoambulanca-kearns-merr-perkrahje-te-shumta\/"},"author":{"name":"P\u00ebrmbledhja","@id":"https:\/\/permbledhja.com\/#\/schema\/person\/0d064377258d3221e50693947b9eb4fe"},"headline":"U k\u00ebrc\u00ebnua nga Vu\u00e7iqi pas deklarat\u00ebs se Serbia po kontrabandon arm\u00eb me autoambulanca, Kearns merr p\u00ebrkrahje t\u00eb shumta","datePublished":"2023-07-07T08:21:49+00:00","dateModified":"2023-07-07T08:21:49+00:00","mainEntityOfPage":{"@id":"https:\/\/permbledhja.com\/u-kercenua-nga-vuciqi-pas-deklarates-se-serbia-po-kontrabandon-arme-me-autoambulanca-kearns-merr-perkrahje-te-shumta\/"},"wordCount":532,"publisher":{"@id":"https:\/\/permbledhja.com\/#organization"},"keywords":["Vu\u00e7iq"],"articleSection":["Breaking News"],"inLanguage":"sq"},{"@type":"WebPage","@id":"https:\/\/permbledhja.com\/u-kercenua-nga-vuciqi-pas-deklarates-se-serbia-po-kontrabandon-arme-me-autoambulanca-kearns-merr-perkrahje-te-shumta\/","url":"https:\/\/permbledhja.com\/u-kercenua-nga-vuciqi-pas-deklarates-se-serbia-po-kontrabandon-arme-me-autoambulanca-kearns-merr-perkrahje-te-shumta\/","name":"U k\u00ebrc\u00ebnua nga Vu\u00e7iqi pas deklarat\u00ebs se Serbia po kontrabandon arm\u00eb me autoambulanca, Kearns merr p\u00ebrkrahje t\u00eb shumta","isPartOf":{"@id":"https:\/\/permbledhja.com\/#website"},"datePublished":"2023-07-07T08:21:49+00:00","dateModified":"2023-07-07T08:21:49+00:00","breadcrumb":{"@id":"https:\/\/permbledhja.com\/u-kercenua-nga-vuciqi-pas-deklarates-se-serbia-po-kontrabandon-arme-me-autoambulanca-kearns-merr-perkrahje-te-shumta\/#breadcrumb"},"inLanguage":"sq","potentialAction":[{"@type":"ReadAction","target":["https:\/\/permbledhja.com\/u-kercenua-nga-vuciqi-pas-deklarates-se-serbia-po-kontrabandon-arme-me-autoambulanca-kearns-merr-perkrahje-te-shumta\/"]}]},{"@type":"BreadcrumbList","@id":"https:\/\/permbledhja.com\/u-kercenua-nga-vuciqi-pas-deklarates-se-serbia-po-kontrabandon-arme-me-autoambulanca-kearns-merr-perkrahje-te-shumta\/#breadcrumb","itemListElement":[{"@type":"ListItem","position":1,"name":"Ballina","item":"https:\/\/permbledhja.com\/sq\/"},{"@type":"ListItem","position":2,"name":"U k\u00ebrc\u00ebnua nga Vu\u00e7iqi pas deklarat\u00ebs se Serbia po kontrabandon arm\u00eb me autoambulanca, Kearns merr p\u00ebrkrahje t\u00eb shumta"}]},{"@type":"WebSite","@id":"https:\/\/permbledhja.com\/#website","url":"https:\/\/permbledhja.com\/","name":"Ve\u00e7 artikuj p\u00ebrmbledh\u00ebs","description":"","publisher":{"@id":"https:\/\/permbledhja.com\/#organization"},"potentialAction":[{"@type":"SearchAction","target":{"@type":"EntryPoint","urlTemplate":"https:\/\/permbledhja.com\/?s={search_term_string}"},"query-input":"required name=search_term_string"}],"inLanguage":"sq"},{"@type":"Organization","@id":"https:\/\/permbledhja.com\/#organization","name":"MK Media & Pr","url":"https:\/\/permbledhja.com\/","logo":{"@type":"ImageObject","inLanguage":"sq","@id":"https:\/\/permbledhja.com\/#\/schema\/logo\/image\/","url":"https:\/\/permbledhja.com\/wp-content\/uploads\/2021\/12\/07-Press-Logo.jpg","contentUrl":"https:\/\/permbledhja.com\/wp-content\/uploads\/2021\/12\/07-Press-Logo.jpg","width":512,"height":512,"caption":"MK Media & Pr"},"image":{"@id":"https:\/\/permbledhja.com\/#\/schema\/logo\/image\/"},"sameAs":["https:\/\/www.facebook.com\/press07\/"]},{"@type":"Person","@id":"https:\/\/permbledhja.com\/#\/schema\/person\/0d064377258d3221e50693947b9eb4fe","name":"P\u00ebrmbledhja","image":{"@type":"ImageObject","inLanguage":"sq","@id":"https:\/\/permbledhja.com\/#\/schema\/person\/image\/","url":"https:\/\/permbledhja.com\/wp-content\/uploads\/2026\/01\/452004717_1040944174702970_8932037511805513407_n-96x96.jpg","contentUrl":"https:\/\/permbledhja.com\/wp-content\/uploads\/2026\/01\/452004717_1040944174702970_8932037511805513407_n-96x96.jpg","caption":"P\u00ebrmbledhja"},"sameAs":["https:\/\/www.facebook.com\/kafexhiu.muharrem\/","https:\/\/www.instagram.com\/muharrem_kafexhiu\/"],"url":"https:\/\/permbledhja.com\/sq\/author\/admin\/"}]}},"_links":{"self":[{"href":"https:\/\/permbledhja.com\/sq\/wp-json\/wp\/v2\/posts\/17980"}],"collection":[{"href":"https:\/\/permbledhja.com\/sq\/wp-json\/wp\/v2\/posts"}],"about":[{"href":"https:\/\/permbledhja.com\/sq\/wp-json\/wp\/v2\/types\/post"}],"author":[{"embeddable":true,"href":"https:\/\/permbledhja.com\/sq\/wp-json\/wp\/v2\/users\/1"}],"replies":[{"embeddable":true,"href":"https:\/\/permbledhja.com\/sq\/wp-json\/wp\/v2\/comments?post=17980"}],"version-history":[{"count":1,"href":"https:\/\/permbledhja.com\/sq\/wp-json\/wp\/v2\/posts\/17980\/revisions"}],"predecessor-version":[{"id":17982,"href":"https:\/\/permbledhja.com\/sq\/wp-json\/wp\/v2\/posts\/17980\/revisions\/17982"}],"wp:featuredmedia":[{"embeddable":true,"href":"https:\/\/permbledhja.com\/sq\/wp-json\/wp\/v2\/media\/17981"}],"wp:attachment":[{"href":"https:\/\/permbledhja.com\/sq\/wp-json\/wp\/v2\/media?parent=17980"}],"wp:term":[{"taxonomy":"category","embeddable":true,"href":"https:\/\/permbledhja.com\/sq\/wp-json\/wp\/v2\/categories?post=17980"},{"taxonomy":"post_tag","embeddable":true,"href":"https:\/\/permbledhja.com\/sq\/wp-json\/wp\/v2\/tags?post=17980"}],"curies":[{"name":"wp","href":"https:\/\/api.w.org\/{rel}","templated":true}]}}