{"id":17957,"date":"2023-07-07T06:06:50","date_gmt":"2023-07-07T06:06:50","guid":{"rendered":"https:\/\/permbledhja.com\/?p=17957"},"modified":"2023-07-07T06:06:50","modified_gmt":"2023-07-07T06:06:50","slug":"a-u-konsultua-me-kurtin-per-ta-takuar-ramen-konjufca-sndodh-asgje-pa-konsultim-nuk-mora-leje","status":"publish","type":"post","link":"https:\/\/permbledhja.com\/sq\/a-u-konsultua-me-kurtin-per-ta-takuar-ramen-konjufca-sndodh-asgje-pa-konsultim-nuk-mora-leje\/","title":{"rendered":"A u konsultua me Kurtin p\u00ebr ta takuar Ram\u00ebn?, Konjufca: S\u2019ndodh asgj\u00eb pa konsultim \u2013 nuk mora leje"},"content":{"rendered":"<p>Kryeparlamentari Glauk Konjufca \u00ebsht\u00eb pyetur n\u00ebse \u00ebsht\u00eb konsultuar me kryeministrin Albin Kurti p\u00ebr takimin me kryeministrin e Shqip\u00ebris\u00eb, Edi Ram\u00ebn.<\/p>\n<p>Konjufca tha se asgj\u00eb s\u2019ndodh\u00eb pa konsultim me Kurtin dhe Presidenten Vjosa Osmani, por ka shtuar se s\u2019ka marr\u00eb leje p\u00ebr t\u2019u takuar me Ram\u00ebn.<\/p>\n<p>\u201cKurgj\u00eb nuk ndodh pa konsultime me kryeministrin dhe presidenten. Nuk ishte marrje e lejes. Ishte ide n\u00eb t\u00eb cil\u00ebn erdh\u00ebm n\u00eb diskutim t\u00eb barabart\u00eb dhe t\u00eb p\u00ebrbashk\u00ebt\u201d, ka th\u00ebn\u00eb Konjufca.<\/p>\n<p>P\u00ebr refuzimin e Kurtit q\u00eb t\u00eb takohet me Ram\u00ebn, Konjufca ka th\u00ebn\u00eb se ka dashur q\u00eb t\u00eb p\u00ebr\u00e7oj\u00eb nj\u00eb mesazh.<\/p>\n<p>Po, kjo ka qen\u00eb ide e kryeministrit dhe duhet t\u00eb respektohet. Ndonj\u00ebher\u00eb k\u00ebshtu funksionojn\u00eb marr\u00ebdh\u00ebniet mes shteteve, kur ti d\u00ebshiron me p\u00ebr\u00e7u nj\u00eb porosi t\u00eb caktuar se ke qen\u00eb i l\u00ebnduar dhe q\u00eb kjo nuk \u00ebsht\u00eb nj\u00eb \u00e7\u00ebshtje q\u00eb duhet t\u00eb kap\u00ebrcej\u00eb sikur nuk ka ndodhur asgj\u00eb\u201d, tha Konjufca.<\/p>\n<p>Duke folur p\u00ebr raportet e Ram\u00ebs me kryeministrin Albin Kurti, Konjufca tha se raportet mes tyre s\u2019jan\u00eb t\u00eb acaruara, por \u201ct\u00eb l\u00ebnduara\u201d.<\/p>\n<p>Ai tha se raportet jan\u00eb l\u00ebnduar prej anulimit t\u00eb mbledhjes s\u00eb p\u00ebrbashk\u00ebt mes dy qeverive, por jo aq shum\u00eb sa q\u00eb t\u00eb mos e takojn\u00eb fare Ram\u00ebn. Sipas Konjufc\u00ebs, Kurti e Rama do t\u00eb takohen s\u00eb shpejti.<\/p>\n<p>\u201cNuk \u00ebsht\u00eb nj\u00eb acarim i raporteve ashtu sic po e quani ju i raporteve, aq sa t\u00eb mos takohen fare\u2026Un\u00eb do ta kisha p\u00ebrdorur shprehjen l\u00ebndim, kur t\u00eb l\u00ebndon dikush. Ne kemi qen\u00eb t\u00eb l\u00ebnduar prej anulimit t\u00eb mbledhjes s\u00eb qeverive, por jo aq t\u00eb l\u00ebnduar sa t\u00eb mos e presim fare z.Rama\u2026Natyrisht se kjo do t\u00eb rregullohet s\u00eb shpejti, ata do t\u00eb takohen mendoj s\u00eb shpejti edhe n\u00ebse jo sonte\u201d, ka th\u00ebn\u00eb Konufca para gazetar\u00ebve.<\/p>\n","protected":false},"excerpt":{"rendered":"<p>Kryeparlamentari Glauk Konjufca \u00ebsht\u00eb pyetur n\u00ebse \u00ebsht\u00eb konsultuar me kryeministrin Albin Kurti p\u00ebr takimin me kryeministrin e Shqip\u00ebris\u00eb, Edi Ram\u00ebn. Konjufca tha se asgj\u00eb s\u2019ndodh\u00eb pa konsultim me Kurtin dhe Presidenten Vjosa Osmani, por ka shtuar se s\u2019ka marr\u00eb leje p\u00ebr t\u2019u takuar me Ram\u00ebn. \u201cKurgj\u00eb nuk ndodh pa konsultime me kryeministrin dhe presidenten. Nuk [&hellip;]<\/p>\n","protected":false},"author":1,"featured_media":17958,"comment_status":"closed","ping_status":"closed","sticky":false,"template":"","format":"standard","meta":{"_monsterinsights_skip_tracking":false,"_monsterinsights_sitenote_active":false,"_monsterinsights_sitenote_note":"","_monsterinsights_sitenote_category":0,"_uf_show_specific_survey":0,"_uf_disable_surveys":false,"footnotes":""},"categories":[1146],"tags":[374],"yoast_head":"<!-- This site is optimized with the Yoast SEO plugin v21.5 - https:\/\/yoast.com\/wordpress\/plugins\/seo\/ -->\n<title>A u konsultua me Kurtin p\u00ebr ta takuar Ram\u00ebn?, Konjufca: S\u2019ndodh asgj\u00eb pa konsultim \u2013 nuk mora leje<\/title>\n<meta name=\"robots\" content=\"index, follow, max-snippet:-1, max-image-preview:large, max-video-preview:-1\" \/>\n<link rel=\"canonical\" href=\"https:\/\/permbledhja.com\/sq\/a-u-konsultua-me-kurtin-per-ta-takuar-ramen-konjufca-sndodh-asgje-pa-konsultim-nuk-mora-leje\/\" \/>\n<meta property=\"og:locale\" content=\"sq_AL\" \/>\n<meta property=\"og:type\" content=\"article\" \/>\n<meta property=\"og:title\" content=\"A u konsultua me Kurtin p\u00ebr ta takuar Ram\u00ebn?, Konjufca: S\u2019ndodh asgj\u00eb pa konsultim \u2013 nuk mora leje\" \/>\n<meta property=\"og:description\" content=\"Kryeparlamentari Glauk Konjufca \u00ebsht\u00eb pyetur n\u00ebse \u00ebsht\u00eb konsultuar me kryeministrin Albin Kurti p\u00ebr takimin me kryeministrin e Shqip\u00ebris\u00eb, Edi Ram\u00ebn. Konjufca tha se asgj\u00eb s\u2019ndodh\u00eb pa konsultim me Kurtin dhe Presidenten Vjosa Osmani, por ka shtuar se s\u2019ka marr\u00eb leje p\u00ebr t\u2019u takuar me Ram\u00ebn. \u201cKurgj\u00eb nuk ndodh pa konsultime me kryeministrin dhe presidenten. Nuk [&hellip;]\" \/>\n<meta property=\"og:url\" content=\"https:\/\/permbledhja.com\/sq\/a-u-konsultua-me-kurtin-per-ta-takuar-ramen-konjufca-sndodh-asgje-pa-konsultim-nuk-mora-leje\/\" \/>\n<meta property=\"og:site_name\" content=\"Ve\u00e7 artikuj p\u00ebrmbledh\u00ebs\" \/>\n<meta property=\"article:publisher\" content=\"https:\/\/www.facebook.com\/press07\/\" \/>\n<meta property=\"article:author\" content=\"https:\/\/www.facebook.com\/kafexhiu.muharrem\/\" \/>\n<meta property=\"article:published_time\" content=\"2023-07-07T06:06:50+00:00\" \/>\n<meta property=\"og:image\" content=\"https:\/\/permbledhja.com\/wp-content\/uploads\/2023\/07\/EE21CD44-099D-45CF-B515-DD0B19F9F96E.webp\" \/>\n\t<meta property=\"og:image:width\" content=\"600\" \/>\n\t<meta property=\"og:image:height\" content=\"360\" \/>\n\t<meta property=\"og:image:type\" content=\"image\/webp\" \/>\n<meta name=\"author\" content=\"P\u00ebrmbledhja\" \/>\n<meta name=\"twitter:card\" content=\"summary_large_image\" \/>\n<meta name=\"twitter:label1\" content=\"Written by\" \/>\n\t<meta name=\"twitter:data1\" content=\"P\u00ebrmbledhja\" \/>\n\t<meta name=\"twitter:label2\" content=\"Est. reading time\" \/>\n\t<meta name=\"twitter:data2\" content=\"2 minuta\" \/>\n<script type=\"application\/ld+json\" class=\"yoast-schema-graph\">{\"@context\":\"https:\/\/schema.org\",\"@graph\":[{\"@type\":\"Article\",\"@id\":\"https:\/\/permbledhja.com\/a-u-konsultua-me-kurtin-per-ta-takuar-ramen-konjufca-sndodh-asgje-pa-konsultim-nuk-mora-leje\/#article\",\"isPartOf\":{\"@id\":\"https:\/\/permbledhja.com\/a-u-konsultua-me-kurtin-per-ta-takuar-ramen-konjufca-sndodh-asgje-pa-konsultim-nuk-mora-leje\/\"},\"author\":{\"name\":\"P\u00ebrmbledhja\",\"@id\":\"https:\/\/permbledhja.com\/#\/schema\/person\/0d064377258d3221e50693947b9eb4fe\"},\"headline\":\"A u konsultua me Kurtin p\u00ebr ta takuar Ram\u00ebn?, Konjufca: S\u2019ndodh asgj\u00eb pa konsultim \u2013 nuk mora leje\",\"datePublished\":\"2023-07-07T06:06:50+00:00\",\"dateModified\":\"2023-07-07T06:06:50+00:00\",\"mainEntityOfPage\":{\"@id\":\"https:\/\/permbledhja.com\/a-u-konsultua-me-kurtin-per-ta-takuar-ramen-konjufca-sndodh-asgje-pa-konsultim-nuk-mora-leje\/\"},\"wordCount\":347,\"publisher\":{\"@id\":\"https:\/\/permbledhja.com\/#organization\"},\"keywords\":[\"Konjufca\"],\"articleSection\":[\"Kryesoret\"],\"inLanguage\":\"sq\"},{\"@type\":\"WebPage\",\"@id\":\"https:\/\/permbledhja.com\/a-u-konsultua-me-kurtin-per-ta-takuar-ramen-konjufca-sndodh-asgje-pa-konsultim-nuk-mora-leje\/\",\"url\":\"https:\/\/permbledhja.com\/a-u-konsultua-me-kurtin-per-ta-takuar-ramen-konjufca-sndodh-asgje-pa-konsultim-nuk-mora-leje\/\",\"name\":\"A u konsultua me Kurtin p\u00ebr ta takuar Ram\u00ebn?, Konjufca: S\u2019ndodh asgj\u00eb pa konsultim \u2013 nuk mora leje\",\"isPartOf\":{\"@id\":\"https:\/\/permbledhja.com\/#website\"},\"datePublished\":\"2023-07-07T06:06:50+00:00\",\"dateModified\":\"2023-07-07T06:06:50+00:00\",\"breadcrumb\":{\"@id\":\"https:\/\/permbledhja.com\/a-u-konsultua-me-kurtin-per-ta-takuar-ramen-konjufca-sndodh-asgje-pa-konsultim-nuk-mora-leje\/#breadcrumb\"},\"inLanguage\":\"sq\",\"potentialAction\":[{\"@type\":\"ReadAction\",\"target\":[\"https:\/\/permbledhja.com\/a-u-konsultua-me-kurtin-per-ta-takuar-ramen-konjufca-sndodh-asgje-pa-konsultim-nuk-mora-leje\/\"]}]},{\"@type\":\"BreadcrumbList\",\"@id\":\"https:\/\/permbledhja.com\/a-u-konsultua-me-kurtin-per-ta-takuar-ramen-konjufca-sndodh-asgje-pa-konsultim-nuk-mora-leje\/#breadcrumb\",\"itemListElement\":[{\"@type\":\"ListItem\",\"position\":1,\"name\":\"Ballina\",\"item\":\"https:\/\/permbledhja.com\/sq\/\"},{\"@type\":\"ListItem\",\"position\":2,\"name\":\"A u konsultua me Kurtin p\u00ebr ta takuar Ram\u00ebn?, Konjufca: S\u2019ndodh asgj\u00eb pa konsultim \u2013 nuk mora leje\"}]},{\"@type\":\"WebSite\",\"@id\":\"https:\/\/permbledhja.com\/#website\",\"url\":\"https:\/\/permbledhja.com\/\",\"name\":\"Ve\u00e7 artikuj p\u00ebrmbledh\u00ebs\",\"description\":\"\",\"publisher\":{\"@id\":\"https:\/\/permbledhja.com\/#organization\"},\"potentialAction\":[{\"@type\":\"SearchAction\",\"target\":{\"@type\":\"EntryPoint\",\"urlTemplate\":\"https:\/\/permbledhja.com\/?s={search_term_string}\"},\"query-input\":\"required name=search_term_string\"}],\"inLanguage\":\"sq\"},{\"@type\":\"Organization\",\"@id\":\"https:\/\/permbledhja.com\/#organization\",\"name\":\"MK Media & Pr\",\"url\":\"https:\/\/permbledhja.com\/\",\"logo\":{\"@type\":\"ImageObject\",\"inLanguage\":\"sq\",\"@id\":\"https:\/\/permbledhja.com\/#\/schema\/logo\/image\/\",\"url\":\"https:\/\/permbledhja.com\/wp-content\/uploads\/2021\/12\/07-Press-Logo.jpg\",\"contentUrl\":\"https:\/\/permbledhja.com\/wp-content\/uploads\/2021\/12\/07-Press-Logo.jpg\",\"width\":512,\"height\":512,\"caption\":\"MK Media & Pr\"},\"image\":{\"@id\":\"https:\/\/permbledhja.com\/#\/schema\/logo\/image\/\"},\"sameAs\":[\"https:\/\/www.facebook.com\/press07\/\"]},{\"@type\":\"Person\",\"@id\":\"https:\/\/permbledhja.com\/#\/schema\/person\/0d064377258d3221e50693947b9eb4fe\",\"name\":\"P\u00ebrmbledhja\",\"image\":{\"@type\":\"ImageObject\",\"inLanguage\":\"sq\",\"@id\":\"https:\/\/permbledhja.com\/#\/schema\/person\/image\/\",\"url\":\"https:\/\/permbledhja.com\/wp-content\/uploads\/2026\/01\/452004717_1040944174702970_8932037511805513407_n-96x96.jpg\",\"contentUrl\":\"https:\/\/permbledhja.com\/wp-content\/uploads\/2026\/01\/452004717_1040944174702970_8932037511805513407_n-96x96.jpg\",\"caption\":\"P\u00ebrmbledhja\"},\"sameAs\":[\"https:\/\/www.facebook.com\/kafexhiu.muharrem\/\",\"https:\/\/www.instagram.com\/muharrem_kafexhiu\/\"],\"url\":\"https:\/\/permbledhja.com\/sq\/author\/admin\/\"}]}<\/script>\n<!-- \/ Yoast SEO plugin. -->","yoast_head_json":{"title":"A u konsultua me Kurtin p\u00ebr ta takuar Ram\u00ebn?, Konjufca: S\u2019ndodh asgj\u00eb pa konsultim \u2013 nuk mora leje","robots":{"index":"index","follow":"follow","max-snippet":"max-snippet:-1","max-image-preview":"max-image-preview:large","max-video-preview":"max-video-preview:-1"},"canonical":"https:\/\/permbledhja.com\/sq\/a-u-konsultua-me-kurtin-per-ta-takuar-ramen-konjufca-sndodh-asgje-pa-konsultim-nuk-mora-leje\/","og_locale":"sq_AL","og_type":"article","og_title":"A u konsultua me Kurtin p\u00ebr ta takuar Ram\u00ebn?, Konjufca: S\u2019ndodh asgj\u00eb pa konsultim \u2013 nuk mora leje","og_description":"Kryeparlamentari Glauk Konjufca \u00ebsht\u00eb pyetur n\u00ebse \u00ebsht\u00eb konsultuar me kryeministrin Albin Kurti p\u00ebr takimin me kryeministrin e Shqip\u00ebris\u00eb, Edi Ram\u00ebn. Konjufca tha se asgj\u00eb s\u2019ndodh\u00eb pa konsultim me Kurtin dhe Presidenten Vjosa Osmani, por ka shtuar se s\u2019ka marr\u00eb leje p\u00ebr t\u2019u takuar me Ram\u00ebn. \u201cKurgj\u00eb nuk ndodh pa konsultime me kryeministrin dhe presidenten. Nuk [&hellip;]","og_url":"https:\/\/permbledhja.com\/sq\/a-u-konsultua-me-kurtin-per-ta-takuar-ramen-konjufca-sndodh-asgje-pa-konsultim-nuk-mora-leje\/","og_site_name":"Ve\u00e7 artikuj p\u00ebrmbledh\u00ebs","article_publisher":"https:\/\/www.facebook.com\/press07\/","article_author":"https:\/\/www.facebook.com\/kafexhiu.muharrem\/","article_published_time":"2023-07-07T06:06:50+00:00","og_image":[{"width":600,"height":360,"url":"https:\/\/permbledhja.com\/wp-content\/uploads\/2023\/07\/EE21CD44-099D-45CF-B515-DD0B19F9F96E.webp","type":"image\/webp"}],"author":"P\u00ebrmbledhja","twitter_card":"summary_large_image","twitter_misc":{"Written by":"P\u00ebrmbledhja","Est. reading time":"2 minuta"},"schema":{"@context":"https:\/\/schema.org","@graph":[{"@type":"Article","@id":"https:\/\/permbledhja.com\/a-u-konsultua-me-kurtin-per-ta-takuar-ramen-konjufca-sndodh-asgje-pa-konsultim-nuk-mora-leje\/#article","isPartOf":{"@id":"https:\/\/permbledhja.com\/a-u-konsultua-me-kurtin-per-ta-takuar-ramen-konjufca-sndodh-asgje-pa-konsultim-nuk-mora-leje\/"},"author":{"name":"P\u00ebrmbledhja","@id":"https:\/\/permbledhja.com\/#\/schema\/person\/0d064377258d3221e50693947b9eb4fe"},"headline":"A u konsultua me Kurtin p\u00ebr ta takuar Ram\u00ebn?, Konjufca: S\u2019ndodh asgj\u00eb pa konsultim \u2013 nuk mora leje","datePublished":"2023-07-07T06:06:50+00:00","dateModified":"2023-07-07T06:06:50+00:00","mainEntityOfPage":{"@id":"https:\/\/permbledhja.com\/a-u-konsultua-me-kurtin-per-ta-takuar-ramen-konjufca-sndodh-asgje-pa-konsultim-nuk-mora-leje\/"},"wordCount":347,"publisher":{"@id":"https:\/\/permbledhja.com\/#organization"},"keywords":["Konjufca"],"articleSection":["Kryesoret"],"inLanguage":"sq"},{"@type":"WebPage","@id":"https:\/\/permbledhja.com\/a-u-konsultua-me-kurtin-per-ta-takuar-ramen-konjufca-sndodh-asgje-pa-konsultim-nuk-mora-leje\/","url":"https:\/\/permbledhja.com\/a-u-konsultua-me-kurtin-per-ta-takuar-ramen-konjufca-sndodh-asgje-pa-konsultim-nuk-mora-leje\/","name":"A u konsultua me Kurtin p\u00ebr ta takuar Ram\u00ebn?, Konjufca: S\u2019ndodh asgj\u00eb pa konsultim \u2013 nuk mora leje","isPartOf":{"@id":"https:\/\/permbledhja.com\/#website"},"datePublished":"2023-07-07T06:06:50+00:00","dateModified":"2023-07-07T06:06:50+00:00","breadcrumb":{"@id":"https:\/\/permbledhja.com\/a-u-konsultua-me-kurtin-per-ta-takuar-ramen-konjufca-sndodh-asgje-pa-konsultim-nuk-mora-leje\/#breadcrumb"},"inLanguage":"sq","potentialAction":[{"@type":"ReadAction","target":["https:\/\/permbledhja.com\/a-u-konsultua-me-kurtin-per-ta-takuar-ramen-konjufca-sndodh-asgje-pa-konsultim-nuk-mora-leje\/"]}]},{"@type":"BreadcrumbList","@id":"https:\/\/permbledhja.com\/a-u-konsultua-me-kurtin-per-ta-takuar-ramen-konjufca-sndodh-asgje-pa-konsultim-nuk-mora-leje\/#breadcrumb","itemListElement":[{"@type":"ListItem","position":1,"name":"Ballina","item":"https:\/\/permbledhja.com\/sq\/"},{"@type":"ListItem","position":2,"name":"A u konsultua me Kurtin p\u00ebr ta takuar Ram\u00ebn?, Konjufca: S\u2019ndodh asgj\u00eb pa konsultim \u2013 nuk mora leje"}]},{"@type":"WebSite","@id":"https:\/\/permbledhja.com\/#website","url":"https:\/\/permbledhja.com\/","name":"Ve\u00e7 artikuj p\u00ebrmbledh\u00ebs","description":"","publisher":{"@id":"https:\/\/permbledhja.com\/#organization"},"potentialAction":[{"@type":"SearchAction","target":{"@type":"EntryPoint","urlTemplate":"https:\/\/permbledhja.com\/?s={search_term_string}"},"query-input":"required name=search_term_string"}],"inLanguage":"sq"},{"@type":"Organization","@id":"https:\/\/permbledhja.com\/#organization","name":"MK Media & Pr","url":"https:\/\/permbledhja.com\/","logo":{"@type":"ImageObject","inLanguage":"sq","@id":"https:\/\/permbledhja.com\/#\/schema\/logo\/image\/","url":"https:\/\/permbledhja.com\/wp-content\/uploads\/2021\/12\/07-Press-Logo.jpg","contentUrl":"https:\/\/permbledhja.com\/wp-content\/uploads\/2021\/12\/07-Press-Logo.jpg","width":512,"height":512,"caption":"MK Media & Pr"},"image":{"@id":"https:\/\/permbledhja.com\/#\/schema\/logo\/image\/"},"sameAs":["https:\/\/www.facebook.com\/press07\/"]},{"@type":"Person","@id":"https:\/\/permbledhja.com\/#\/schema\/person\/0d064377258d3221e50693947b9eb4fe","name":"P\u00ebrmbledhja","image":{"@type":"ImageObject","inLanguage":"sq","@id":"https:\/\/permbledhja.com\/#\/schema\/person\/image\/","url":"https:\/\/permbledhja.com\/wp-content\/uploads\/2026\/01\/452004717_1040944174702970_8932037511805513407_n-96x96.jpg","contentUrl":"https:\/\/permbledhja.com\/wp-content\/uploads\/2026\/01\/452004717_1040944174702970_8932037511805513407_n-96x96.jpg","caption":"P\u00ebrmbledhja"},"sameAs":["https:\/\/www.facebook.com\/kafexhiu.muharrem\/","https:\/\/www.instagram.com\/muharrem_kafexhiu\/"],"url":"https:\/\/permbledhja.com\/sq\/author\/admin\/"}]}},"_links":{"self":[{"href":"https:\/\/permbledhja.com\/sq\/wp-json\/wp\/v2\/posts\/17957"}],"collection":[{"href":"https:\/\/permbledhja.com\/sq\/wp-json\/wp\/v2\/posts"}],"about":[{"href":"https:\/\/permbledhja.com\/sq\/wp-json\/wp\/v2\/types\/post"}],"author":[{"embeddable":true,"href":"https:\/\/permbledhja.com\/sq\/wp-json\/wp\/v2\/users\/1"}],"replies":[{"embeddable":true,"href":"https:\/\/permbledhja.com\/sq\/wp-json\/wp\/v2\/comments?post=17957"}],"version-history":[{"count":1,"href":"https:\/\/permbledhja.com\/sq\/wp-json\/wp\/v2\/posts\/17957\/revisions"}],"predecessor-version":[{"id":17959,"href":"https:\/\/permbledhja.com\/sq\/wp-json\/wp\/v2\/posts\/17957\/revisions\/17959"}],"wp:featuredmedia":[{"embeddable":true,"href":"https:\/\/permbledhja.com\/sq\/wp-json\/wp\/v2\/media\/17958"}],"wp:attachment":[{"href":"https:\/\/permbledhja.com\/sq\/wp-json\/wp\/v2\/media?parent=17957"}],"wp:term":[{"taxonomy":"category","embeddable":true,"href":"https:\/\/permbledhja.com\/sq\/wp-json\/wp\/v2\/categories?post=17957"},{"taxonomy":"post_tag","embeddable":true,"href":"https:\/\/permbledhja.com\/sq\/wp-json\/wp\/v2\/tags?post=17957"}],"curies":[{"name":"wp","href":"https:\/\/api.w.org\/{rel}","templated":true}]}}