{"id":17934,"date":"2023-07-06T20:40:29","date_gmt":"2023-07-06T20:40:29","guid":{"rendered":"https:\/\/permbledhja.com\/?p=17934"},"modified":"2023-07-06T20:40:29","modified_gmt":"2023-07-06T20:40:29","slug":"burri-ne-lipjan-i-hyn-dajak-gruas-me-te-cilen-bashkejeton-ajo-e-denoncon-ne-polici","status":"publish","type":"post","link":"https:\/\/permbledhja.com\/sq\/burri-ne-lipjan-i-hyn-dajak-gruas-me-te-cilen-bashkejeton-ajo-e-denoncon-ne-polici\/","title":{"rendered":"Burri n\u00eb Lipjan i hyn dajak gruas me t\u00eb cil\u00ebn bashk\u00ebjeton, ajo e denoncon n\u00eb Polici"},"content":{"rendered":"<h3>Dhuna n\u00eb familje vazhdon t\u00eb mbetet nj\u00eb nga damkat m\u00eb t\u00eb m\u00ebdha t\u00eb shoq\u00ebris\u00eb kosovare.<\/h3>\n<p>\u00c7do dit\u00eb n\u00eb Polici raportohen raste t\u00eb grave q\u00eb p\u00ebrjetojn\u00eb dhun\u00eb n\u00eb forma t\u00eb ndryshme nga personat t\u00eb cil\u00ebt i kan\u00eb zgjedhur t\u00eb ndajn\u00eb jet\u00ebn me ta, por edhe nga an\u00ebtar\u00ebt tjer\u00eb t\u00eb familjes, raporton Gazeta Sinjali.<\/p>\n<p>Ndihm\u00ebn e Policis\u00eb e ka k\u00ebrkuar gjat\u00eb dit\u00ebs s\u00eb djeshme edhe nj\u00eb grua nga fshati Magure i Lipjanit, e cila e ka raportuar burrin me t\u00eb cilin ka bashk\u00ebjetuar q\u00eb disa muaj, derisa i nj\u00ebjti filloi t\u00eb ushtroj\u00eb dhun\u00eb mbi t\u00eb.<\/p>\n<p>Burimet nga Prokuroria kan\u00eb b\u00ebr\u00eb me dije p\u00ebr Sinjalin se viktima ka deklaruar se i dyshuari e ka sulmuar fizikisht gjat\u00eb dit\u00ebs s\u00eb djeshme, pas nj\u00eb mosmarr\u00ebveshje q\u00eb kan\u00eb pasur me nj\u00ebri-tjetrin.<\/p>\n<p>P\u00ebrball\u00eb k\u00ebsaj situate, viktima e ka raportuar rastin para se t\u00eb ndodh\u00eb di\u00e7ka m\u00eb e keqe, pasi t\u00eb tilla probleme kan\u00eb q\u00eb disa vjet.<\/p>\n<p>Si rezultat i denoncimit, i dyshuari \u00ebsht\u00eb shoq\u00ebruar n\u00eb stacion policor, ku \u00ebsht\u00eb p\u00ebrballur me denoncimin kund\u00ebr tij.<\/p>\n<p>Pas p\u00ebrfundimit t\u00eb procedurave, me urdh\u00ebr t\u00eb Prokurorit t\u00eb Shtetit, kan\u00eb nisur hetimet p\u00ebr vepr\u00ebn penale \u201cDhun\u00eb n\u00eb familje\u201d.<\/p>\n","protected":false},"excerpt":{"rendered":"<p>Dhuna n\u00eb familje vazhdon t\u00eb mbetet nj\u00eb nga damkat m\u00eb t\u00eb m\u00ebdha t\u00eb shoq\u00ebris\u00eb kosovare. \u00c7do dit\u00eb n\u00eb Polici raportohen raste t\u00eb grave q\u00eb p\u00ebrjetojn\u00eb dhun\u00eb n\u00eb forma t\u00eb ndryshme nga personat t\u00eb cil\u00ebt i kan\u00eb zgjedhur t\u00eb ndajn\u00eb jet\u00ebn me ta, por edhe nga an\u00ebtar\u00ebt tjer\u00eb t\u00eb familjes, raporton Gazeta Sinjali. Ndihm\u00ebn e Policis\u00eb [&hellip;]<\/p>\n","protected":false},"author":2,"featured_media":17935,"comment_status":"closed","ping_status":"closed","sticky":false,"template":"","format":"standard","meta":{"_monsterinsights_skip_tracking":false,"_monsterinsights_sitenote_active":false,"_monsterinsights_sitenote_note":"","_monsterinsights_sitenote_category":0,"_uf_show_specific_survey":0,"_uf_disable_surveys":false,"footnotes":""},"categories":[15],"tags":[],"yoast_head":"<!-- This site is optimized with the Yoast SEO plugin v21.5 - https:\/\/yoast.com\/wordpress\/plugins\/seo\/ -->\n<title>Burri n\u00eb Lipjan i hyn dajak gruas me t\u00eb cil\u00ebn bashk\u00ebjeton, ajo e denoncon n\u00eb Polici<\/title>\n<meta name=\"robots\" content=\"index, follow, max-snippet:-1, max-image-preview:large, max-video-preview:-1\" \/>\n<link rel=\"canonical\" href=\"https:\/\/permbledhja.com\/sq\/burri-ne-lipjan-i-hyn-dajak-gruas-me-te-cilen-bashkejeton-ajo-e-denoncon-ne-polici\/\" \/>\n<meta property=\"og:locale\" content=\"sq_AL\" \/>\n<meta property=\"og:type\" content=\"article\" \/>\n<meta property=\"og:title\" content=\"Burri n\u00eb Lipjan i hyn dajak gruas me t\u00eb cil\u00ebn bashk\u00ebjeton, ajo e denoncon n\u00eb Polici\" \/>\n<meta property=\"og:description\" content=\"Dhuna n\u00eb familje vazhdon t\u00eb mbetet nj\u00eb nga damkat m\u00eb t\u00eb m\u00ebdha t\u00eb shoq\u00ebris\u00eb kosovare. \u00c7do dit\u00eb n\u00eb Polici raportohen raste t\u00eb grave q\u00eb p\u00ebrjetojn\u00eb dhun\u00eb n\u00eb forma t\u00eb ndryshme nga personat t\u00eb cil\u00ebt i kan\u00eb zgjedhur t\u00eb ndajn\u00eb jet\u00ebn me ta, por edhe nga an\u00ebtar\u00ebt tjer\u00eb t\u00eb familjes, raporton Gazeta Sinjali. Ndihm\u00ebn e Policis\u00eb [&hellip;]\" \/>\n<meta property=\"og:url\" content=\"https:\/\/permbledhja.com\/sq\/burri-ne-lipjan-i-hyn-dajak-gruas-me-te-cilen-bashkejeton-ajo-e-denoncon-ne-polici\/\" \/>\n<meta property=\"og:site_name\" content=\"Ve\u00e7 artikuj p\u00ebrmbledh\u00ebs\" \/>\n<meta property=\"article:publisher\" content=\"https:\/\/www.facebook.com\/press07\/\" \/>\n<meta property=\"article:published_time\" content=\"2023-07-06T20:40:29+00:00\" \/>\n<meta property=\"og:image\" content=\"https:\/\/permbledhja.com\/wp-content\/uploads\/2023\/07\/358521703_590262036553310_7391556007414821905_n-1.jpg\" \/>\n\t<meta property=\"og:image:width\" content=\"1125\" \/>\n\t<meta property=\"og:image:height\" content=\"622\" \/>\n\t<meta property=\"og:image:type\" content=\"image\/jpeg\" \/>\n<meta name=\"author\" content=\"M M\" \/>\n<meta name=\"twitter:card\" content=\"summary_large_image\" \/>\n<meta name=\"twitter:label1\" content=\"Written by\" \/>\n\t<meta name=\"twitter:data1\" content=\"M M\" \/>\n\t<meta name=\"twitter:label2\" content=\"Est. reading time\" \/>\n\t<meta name=\"twitter:data2\" content=\"1 minut\u00eb\" \/>\n<script type=\"application\/ld+json\" class=\"yoast-schema-graph\">{\"@context\":\"https:\/\/schema.org\",\"@graph\":[{\"@type\":\"Article\",\"@id\":\"https:\/\/permbledhja.com\/sq\/burri-ne-lipjan-i-hyn-dajak-gruas-me-te-cilen-bashkejeton-ajo-e-denoncon-ne-polici\/#article\",\"isPartOf\":{\"@id\":\"https:\/\/permbledhja.com\/sq\/burri-ne-lipjan-i-hyn-dajak-gruas-me-te-cilen-bashkejeton-ajo-e-denoncon-ne-polici\/\"},\"author\":{\"name\":\"M M\",\"@id\":\"https:\/\/permbledhja.com\/#\/schema\/person\/d23f13f59b5722643933d6780783acf3\"},\"headline\":\"Burri n\u00eb Lipjan i hyn dajak gruas me t\u00eb cil\u00ebn bashk\u00ebjeton, ajo e denoncon n\u00eb Polici\",\"datePublished\":\"2023-07-06T20:40:29+00:00\",\"dateModified\":\"2023-07-06T20:40:29+00:00\",\"mainEntityOfPage\":{\"@id\":\"https:\/\/permbledhja.com\/sq\/burri-ne-lipjan-i-hyn-dajak-gruas-me-te-cilen-bashkejeton-ajo-e-denoncon-ne-polici\/\"},\"wordCount\":231,\"publisher\":{\"@id\":\"https:\/\/permbledhja.com\/#organization\"},\"articleSection\":[\"Lajme\"],\"inLanguage\":\"sq\"},{\"@type\":\"WebPage\",\"@id\":\"https:\/\/permbledhja.com\/sq\/burri-ne-lipjan-i-hyn-dajak-gruas-me-te-cilen-bashkejeton-ajo-e-denoncon-ne-polici\/\",\"url\":\"https:\/\/permbledhja.com\/sq\/burri-ne-lipjan-i-hyn-dajak-gruas-me-te-cilen-bashkejeton-ajo-e-denoncon-ne-polici\/\",\"name\":\"Burri n\u00eb Lipjan i hyn dajak gruas me t\u00eb cil\u00ebn bashk\u00ebjeton, ajo e denoncon n\u00eb Polici\",\"isPartOf\":{\"@id\":\"https:\/\/permbledhja.com\/#website\"},\"datePublished\":\"2023-07-06T20:40:29+00:00\",\"dateModified\":\"2023-07-06T20:40:29+00:00\",\"breadcrumb\":{\"@id\":\"https:\/\/permbledhja.com\/sq\/burri-ne-lipjan-i-hyn-dajak-gruas-me-te-cilen-bashkejeton-ajo-e-denoncon-ne-polici\/#breadcrumb\"},\"inLanguage\":\"sq\",\"potentialAction\":[{\"@type\":\"ReadAction\",\"target\":[\"https:\/\/permbledhja.com\/sq\/burri-ne-lipjan-i-hyn-dajak-gruas-me-te-cilen-bashkejeton-ajo-e-denoncon-ne-polici\/\"]}]},{\"@type\":\"BreadcrumbList\",\"@id\":\"https:\/\/permbledhja.com\/sq\/burri-ne-lipjan-i-hyn-dajak-gruas-me-te-cilen-bashkejeton-ajo-e-denoncon-ne-polici\/#breadcrumb\",\"itemListElement\":[{\"@type\":\"ListItem\",\"position\":1,\"name\":\"Ballina\",\"item\":\"https:\/\/permbledhja.com\/sq\/\"},{\"@type\":\"ListItem\",\"position\":2,\"name\":\"Burri n\u00eb Lipjan i hyn dajak gruas me t\u00eb cil\u00ebn bashk\u00ebjeton, ajo e denoncon n\u00eb Polici\"}]},{\"@type\":\"WebSite\",\"@id\":\"https:\/\/permbledhja.com\/#website\",\"url\":\"https:\/\/permbledhja.com\/\",\"name\":\"Ve\u00e7 artikuj p\u00ebrmbledh\u00ebs\",\"description\":\"\",\"publisher\":{\"@id\":\"https:\/\/permbledhja.com\/#organization\"},\"potentialAction\":[{\"@type\":\"SearchAction\",\"target\":{\"@type\":\"EntryPoint\",\"urlTemplate\":\"https:\/\/permbledhja.com\/?s={search_term_string}\"},\"query-input\":\"required name=search_term_string\"}],\"inLanguage\":\"sq\"},{\"@type\":\"Organization\",\"@id\":\"https:\/\/permbledhja.com\/#organization\",\"name\":\"MK Media & Pr\",\"url\":\"https:\/\/permbledhja.com\/\",\"logo\":{\"@type\":\"ImageObject\",\"inLanguage\":\"sq\",\"@id\":\"https:\/\/permbledhja.com\/#\/schema\/logo\/image\/\",\"url\":\"https:\/\/permbledhja.com\/wp-content\/uploads\/2021\/12\/07-Press-Logo.jpg\",\"contentUrl\":\"https:\/\/permbledhja.com\/wp-content\/uploads\/2021\/12\/07-Press-Logo.jpg\",\"width\":512,\"height\":512,\"caption\":\"MK Media & Pr\"},\"image\":{\"@id\":\"https:\/\/permbledhja.com\/#\/schema\/logo\/image\/\"},\"sameAs\":[\"https:\/\/www.facebook.com\/press07\/\"]},{\"@type\":\"Person\",\"@id\":\"https:\/\/permbledhja.com\/#\/schema\/person\/d23f13f59b5722643933d6780783acf3\",\"name\":\"M M\",\"image\":{\"@type\":\"ImageObject\",\"inLanguage\":\"sq\",\"@id\":\"https:\/\/permbledhja.com\/#\/schema\/person\/image\/\",\"url\":\"https:\/\/secure.gravatar.com\/avatar\/e2835a76ca7c31a2416b2d51c4ec9a8f?s=96&d=mm&r=g\",\"contentUrl\":\"https:\/\/secure.gravatar.com\/avatar\/e2835a76ca7c31a2416b2d51c4ec9a8f?s=96&d=mm&r=g\",\"caption\":\"M M\"},\"sameAs\":[\"http:\/\/MM\"],\"url\":\"https:\/\/permbledhja.com\/sq\/author\/muhamet\/\"}]}<\/script>\n<!-- \/ Yoast SEO plugin. -->","yoast_head_json":{"title":"Burri n\u00eb Lipjan i hyn dajak gruas me t\u00eb cil\u00ebn bashk\u00ebjeton, ajo e denoncon n\u00eb Polici","robots":{"index":"index","follow":"follow","max-snippet":"max-snippet:-1","max-image-preview":"max-image-preview:large","max-video-preview":"max-video-preview:-1"},"canonical":"https:\/\/permbledhja.com\/sq\/burri-ne-lipjan-i-hyn-dajak-gruas-me-te-cilen-bashkejeton-ajo-e-denoncon-ne-polici\/","og_locale":"sq_AL","og_type":"article","og_title":"Burri n\u00eb Lipjan i hyn dajak gruas me t\u00eb cil\u00ebn bashk\u00ebjeton, ajo e denoncon n\u00eb Polici","og_description":"Dhuna n\u00eb familje vazhdon t\u00eb mbetet nj\u00eb nga damkat m\u00eb t\u00eb m\u00ebdha t\u00eb shoq\u00ebris\u00eb kosovare. \u00c7do dit\u00eb n\u00eb Polici raportohen raste t\u00eb grave q\u00eb p\u00ebrjetojn\u00eb dhun\u00eb n\u00eb forma t\u00eb ndryshme nga personat t\u00eb cil\u00ebt i kan\u00eb zgjedhur t\u00eb ndajn\u00eb jet\u00ebn me ta, por edhe nga an\u00ebtar\u00ebt tjer\u00eb t\u00eb familjes, raporton Gazeta Sinjali. Ndihm\u00ebn e Policis\u00eb [&hellip;]","og_url":"https:\/\/permbledhja.com\/sq\/burri-ne-lipjan-i-hyn-dajak-gruas-me-te-cilen-bashkejeton-ajo-e-denoncon-ne-polici\/","og_site_name":"Ve\u00e7 artikuj p\u00ebrmbledh\u00ebs","article_publisher":"https:\/\/www.facebook.com\/press07\/","article_published_time":"2023-07-06T20:40:29+00:00","og_image":[{"width":1125,"height":622,"url":"https:\/\/permbledhja.com\/wp-content\/uploads\/2023\/07\/358521703_590262036553310_7391556007414821905_n-1.jpg","type":"image\/jpeg"}],"author":"M M","twitter_card":"summary_large_image","twitter_misc":{"Written by":"M M","Est. reading time":"1 minut\u00eb"},"schema":{"@context":"https:\/\/schema.org","@graph":[{"@type":"Article","@id":"https:\/\/permbledhja.com\/sq\/burri-ne-lipjan-i-hyn-dajak-gruas-me-te-cilen-bashkejeton-ajo-e-denoncon-ne-polici\/#article","isPartOf":{"@id":"https:\/\/permbledhja.com\/sq\/burri-ne-lipjan-i-hyn-dajak-gruas-me-te-cilen-bashkejeton-ajo-e-denoncon-ne-polici\/"},"author":{"name":"M M","@id":"https:\/\/permbledhja.com\/#\/schema\/person\/d23f13f59b5722643933d6780783acf3"},"headline":"Burri n\u00eb Lipjan i hyn dajak gruas me t\u00eb cil\u00ebn bashk\u00ebjeton, ajo e denoncon n\u00eb Polici","datePublished":"2023-07-06T20:40:29+00:00","dateModified":"2023-07-06T20:40:29+00:00","mainEntityOfPage":{"@id":"https:\/\/permbledhja.com\/sq\/burri-ne-lipjan-i-hyn-dajak-gruas-me-te-cilen-bashkejeton-ajo-e-denoncon-ne-polici\/"},"wordCount":231,"publisher":{"@id":"https:\/\/permbledhja.com\/#organization"},"articleSection":["Lajme"],"inLanguage":"sq"},{"@type":"WebPage","@id":"https:\/\/permbledhja.com\/sq\/burri-ne-lipjan-i-hyn-dajak-gruas-me-te-cilen-bashkejeton-ajo-e-denoncon-ne-polici\/","url":"https:\/\/permbledhja.com\/sq\/burri-ne-lipjan-i-hyn-dajak-gruas-me-te-cilen-bashkejeton-ajo-e-denoncon-ne-polici\/","name":"Burri n\u00eb Lipjan i hyn dajak gruas me t\u00eb cil\u00ebn bashk\u00ebjeton, ajo e denoncon n\u00eb Polici","isPartOf":{"@id":"https:\/\/permbledhja.com\/#website"},"datePublished":"2023-07-06T20:40:29+00:00","dateModified":"2023-07-06T20:40:29+00:00","breadcrumb":{"@id":"https:\/\/permbledhja.com\/sq\/burri-ne-lipjan-i-hyn-dajak-gruas-me-te-cilen-bashkejeton-ajo-e-denoncon-ne-polici\/#breadcrumb"},"inLanguage":"sq","potentialAction":[{"@type":"ReadAction","target":["https:\/\/permbledhja.com\/sq\/burri-ne-lipjan-i-hyn-dajak-gruas-me-te-cilen-bashkejeton-ajo-e-denoncon-ne-polici\/"]}]},{"@type":"BreadcrumbList","@id":"https:\/\/permbledhja.com\/sq\/burri-ne-lipjan-i-hyn-dajak-gruas-me-te-cilen-bashkejeton-ajo-e-denoncon-ne-polici\/#breadcrumb","itemListElement":[{"@type":"ListItem","position":1,"name":"Ballina","item":"https:\/\/permbledhja.com\/sq\/"},{"@type":"ListItem","position":2,"name":"Burri n\u00eb Lipjan i hyn dajak gruas me t\u00eb cil\u00ebn bashk\u00ebjeton, ajo e denoncon n\u00eb Polici"}]},{"@type":"WebSite","@id":"https:\/\/permbledhja.com\/#website","url":"https:\/\/permbledhja.com\/","name":"Ve\u00e7 artikuj p\u00ebrmbledh\u00ebs","description":"","publisher":{"@id":"https:\/\/permbledhja.com\/#organization"},"potentialAction":[{"@type":"SearchAction","target":{"@type":"EntryPoint","urlTemplate":"https:\/\/permbledhja.com\/?s={search_term_string}"},"query-input":"required name=search_term_string"}],"inLanguage":"sq"},{"@type":"Organization","@id":"https:\/\/permbledhja.com\/#organization","name":"MK Media & Pr","url":"https:\/\/permbledhja.com\/","logo":{"@type":"ImageObject","inLanguage":"sq","@id":"https:\/\/permbledhja.com\/#\/schema\/logo\/image\/","url":"https:\/\/permbledhja.com\/wp-content\/uploads\/2021\/12\/07-Press-Logo.jpg","contentUrl":"https:\/\/permbledhja.com\/wp-content\/uploads\/2021\/12\/07-Press-Logo.jpg","width":512,"height":512,"caption":"MK Media & Pr"},"image":{"@id":"https:\/\/permbledhja.com\/#\/schema\/logo\/image\/"},"sameAs":["https:\/\/www.facebook.com\/press07\/"]},{"@type":"Person","@id":"https:\/\/permbledhja.com\/#\/schema\/person\/d23f13f59b5722643933d6780783acf3","name":"M M","image":{"@type":"ImageObject","inLanguage":"sq","@id":"https:\/\/permbledhja.com\/#\/schema\/person\/image\/","url":"https:\/\/secure.gravatar.com\/avatar\/e2835a76ca7c31a2416b2d51c4ec9a8f?s=96&d=mm&r=g","contentUrl":"https:\/\/secure.gravatar.com\/avatar\/e2835a76ca7c31a2416b2d51c4ec9a8f?s=96&d=mm&r=g","caption":"M M"},"sameAs":["http:\/\/MM"],"url":"https:\/\/permbledhja.com\/sq\/author\/muhamet\/"}]}},"_links":{"self":[{"href":"https:\/\/permbledhja.com\/sq\/wp-json\/wp\/v2\/posts\/17934"}],"collection":[{"href":"https:\/\/permbledhja.com\/sq\/wp-json\/wp\/v2\/posts"}],"about":[{"href":"https:\/\/permbledhja.com\/sq\/wp-json\/wp\/v2\/types\/post"}],"author":[{"embeddable":true,"href":"https:\/\/permbledhja.com\/sq\/wp-json\/wp\/v2\/users\/2"}],"replies":[{"embeddable":true,"href":"https:\/\/permbledhja.com\/sq\/wp-json\/wp\/v2\/comments?post=17934"}],"version-history":[{"count":1,"href":"https:\/\/permbledhja.com\/sq\/wp-json\/wp\/v2\/posts\/17934\/revisions"}],"predecessor-version":[{"id":17936,"href":"https:\/\/permbledhja.com\/sq\/wp-json\/wp\/v2\/posts\/17934\/revisions\/17936"}],"wp:featuredmedia":[{"embeddable":true,"href":"https:\/\/permbledhja.com\/sq\/wp-json\/wp\/v2\/media\/17935"}],"wp:attachment":[{"href":"https:\/\/permbledhja.com\/sq\/wp-json\/wp\/v2\/media?parent=17934"}],"wp:term":[{"taxonomy":"category","embeddable":true,"href":"https:\/\/permbledhja.com\/sq\/wp-json\/wp\/v2\/categories?post=17934"},{"taxonomy":"post_tag","embeddable":true,"href":"https:\/\/permbledhja.com\/sq\/wp-json\/wp\/v2\/tags?post=17934"}],"curies":[{"name":"wp","href":"https:\/\/api.w.org\/{rel}","templated":true}]}}