{"id":17888,"date":"2023-07-06T16:59:18","date_gmt":"2023-07-06T16:59:18","guid":{"rendered":"https:\/\/permbledhja.com\/?p=17888"},"modified":"2023-07-06T16:59:18","modified_gmt":"2023-07-06T16:59:18","slug":"be-shpallja-e-dy-organizatave-ne-veri-si-terroriste-hap-i-njeanshem","status":"publish","type":"post","link":"https:\/\/permbledhja.com\/sq\/be-shpallja-e-dy-organizatave-ne-veri-si-terroriste-hap-i-njeanshem\/","title":{"rendered":"BE: Shpallja e dy organizatave n\u00eb veri si terroriste, hap i nj\u00ebansh\u00ebm"},"content":{"rendered":"<h3>Z\u00ebdh\u00ebn\u00ebsi i Bashkimit Evropian, Peter Stano, tha se vendimi i Qeveris\u00eb s\u00eb Kosov\u00ebs p\u00ebr t\u00eb shpallur \u201cMbrojtjen Civile\u201d dhe \u201cBrigad\u00ebn e Veriut\u201d si organizata terroriste, \u00ebsht\u00eb \u201chap i nj\u00ebansh\u00ebm\u201d q\u00eb sipas bllokut, nuk i kontribuon uljes s\u00eb tensioneve.<\/h3>\n<p>Qeveria e Kosov\u00ebs m\u00eb 29 qershor i shpalli k\u00ebto dy organizata si terroriste. Ato besohet se veprojn\u00eb n\u00eb veriun e Kosov\u00ebs dhe num\u00ebrojn\u00eb qindra pjes\u00ebtar\u00eb nga radh\u00ebt e komunitetit serb, q\u00eb jan\u00eb shumic\u00eb n\u00eb k\u00ebt\u00eb zon\u00eb.<\/p>\n<p>\u201cKy cil\u00ebsim [shpallja si organizata terroriste] \u00ebsht\u00eb hap i nj\u00ebansh\u00ebm dhe nuk i kontribuon shtensionimit t\u00eb situat\u00ebs dhe gjetjes s\u00eb rrug\u00ebs p\u00ebr t\u00eb adresuar problemet ekzistuese n\u00eb nj\u00eb m\u00ebnyr\u00eb t\u00eb q\u00ebndrueshme\u201d, tha z\u00ebdh\u00ebn\u00ebsi i bllokut evropian, Peter Stano.<\/p>\n<p>Stano shtoi se lider\u00ebt e 27 shteteve an\u00ebtare t\u00eb BE-s\u00eb gjat\u00eb nj\u00eb takimi t\u00eb mbajtur jav\u00ebn e kaluar b\u00ebn\u00eb thirrje p\u00ebr shtensionim t\u00eb menj\u00ebhersh\u00ebm t\u00eb situat\u00ebs n\u00eb veri t\u00eb Kosov\u00ebs.<\/p>\n<p>\u201cNe p\u00ebrs\u00ebrisim thirrjen p\u00ebr t\u00eb dyja pal\u00ebt q\u00eb t\u00eb p\u00ebrmbahen nga \u00e7do veprim apo retorik\u00eb q\u00eb mund t\u00eb \u00e7oj\u00eb n\u00eb rritjen e m\u00ebtejme t\u00eb tensioneve dhe q\u00eb urgjentisht t\u00eb nd\u00ebrmarrin hapa p\u00ebr t\u00eb shtensionuar situat\u00ebn aktuale n\u00eb veri t\u00eb Kosov\u00ebs n\u00eb linj\u00eb me propozimin e b\u00ebr\u00eb nga p\u00ebrfaq\u00ebsuesi i lart\u00eb, Josep Borrell, m\u00eb 22 qershor dhe deklarat\u00ebs s\u00eb BE-s\u00eb t\u00eb 3 qershorit\u201d, tha Stano p\u00ebr REL-in.<\/p>\n<p>Edhe Departamenti amerikan i Shtetit i ka th\u00ebn\u00eb m\u00eb her\u00ebt REL-it se Kosova nuk \u00ebsht\u00eb koordinuar me ta e as me partner\u00ebt e tjer\u00eb per\u00ebndimor\u00eb lidhur me vendimin e nd\u00ebrmarr\u00eb p\u00ebr \u201cMbrojtjen Civile\u201d dhe \u201cBrigad\u00ebn e Veriut\u201d.<\/p>\n<p>Kryeministri i Kosov\u00ebs, Albin Kurti, ka argumentuar se \u201cMbrojtja Civile\u201d dhe \u201cBrigada e Veriut\u201d paraqesin \u201ck\u00ebrc\u00ebnim serioz dhe t\u00eb drejtp\u00ebrdrejt\u00eb p\u00ebr rendin kushtetues dhe sigurin\u00eb n\u00eb Kosov\u00eb\u201d.<\/p>\n<p>Sipas tij, k\u00ebto dy organizata kan\u00eb kryer veprime \u201cme elemente terroriste\u201d, si: sulme t\u00eb armatosura ndaj pjes\u00ebtar\u00ebve t\u00eb Policis\u00eb s\u00eb Kosov\u00ebs, pjes\u00ebtar\u00ebve t\u00eb Misionit t\u00eb Bashkimit Evropian p\u00ebr Sundim t\u00eb Ligjit \u2013 EULEX dhe ushtar\u00ebve t\u00eb misionit t\u00eb NATO-s n\u00eb Kosov\u00eb, KFOR.<\/p>\n<p>Autoritetet n\u00eb Kosov\u00eb kan\u00eb sqaruar se vendimi p\u00ebr shpalljen e k\u00ebtyre dy organizatave si terroriste nuk do t\u00eb prek\u00eb ask\u00ebnd q\u00eb mund t\u00eb ket\u00eb kryer vepra penale para k\u00ebtij vendimi.<\/p>\n<p>Sipas ligjit n\u00eb Kosov\u00eb, kur organizatat shpallen terroriste, aktiviteti i tyre ndalohet menj\u00ebher\u00eb. \u00c7do aktivitet i m\u00ebtejm\u00eb i tyre do t\u00eb bartte pasoja t\u00eb r\u00ebnda ligjore.<\/p>\n<p>Q\u00eb nga p\u00ebrfundimi i luft\u00ebs m\u00eb 1999, n\u00eb Kosov\u00eb operojn\u00eb struktura ilegale, t\u00eb mb\u00ebshtetura dhe financuara nga shteti i Serbis\u00eb.<\/p>\n<p>Nj\u00ebra nd\u00ebr to \u00ebsht\u00eb edhe \u201cMbrojtja Civile\u201d, e cila ka dal\u00eb publikisht m\u00eb 2011.<\/p>\n<p>\u201cMbrojtja Civile\u201d n\u00eb Serbi funksionon n\u00eb kuad\u00ebr t\u00eb Ministris\u00eb s\u00eb Pun\u00ebve t\u00eb Brendshme dhe roli i saj \u00ebsht\u00eb t\u00eb reagoj\u00eb n\u00eb situata emergjente t\u00eb rrezikut, si\u00e7 jan\u00eb p\u00ebrmbytjet, t\u00ebrmetet e t\u00eb ngjashme.<\/p>\n<p>Shuarja e saj \u00ebsht\u00eb parapar\u00eb n\u00eb marr\u00ebveshjen e arritur mes Kosov\u00ebs dhe Serbis\u00eb m\u00eb 2015, n\u00eb kuad\u00ebr t\u00eb dialogut p\u00ebr normalizimin e marr\u00ebdh\u00ebnieve.<\/p>\n<p>Nd\u00ebrkaq, n\u00eb gusht t\u00eb vitit 2022, n\u00eb pjes\u00ebn veriore t\u00eb Kosov\u00ebs u shfaq\u00ebn grafite me nj\u00eb logo dhe mbishkrimin \u201cBrigada e Veriut\u201d n\u00eb serbisht.<\/p>\n<p>P\u00ebrve\u00e7 grafiteve me logo t\u00eb saj n\u00eb disa rrug\u00eb dhe objekte t\u00eb ndryshme n\u00eb pjes\u00ebn veriore t\u00eb Kosov\u00ebs, nuk dihet se kush q\u00ebndron pas saj, n\u00ebse ka an\u00ebtar\u00eb aktiv\u00eb dhe cili \u00ebsht\u00eb roli i tyre.<\/p>\n<p>Shpallja e \u201cMbrojtjes Civile\u201d dhe \u201cBrigad\u00ebs s\u00eb Veriut\u201d si organizata terroriste vjen n\u00eb koh\u00ebn kur tensionet n\u00eb veri t\u00eb Kosov\u00ebs jan\u00eb rritur.<\/p>\n<p>Q\u00eb nga fundi i majit, serb\u00ebt n\u00eb Zve\u00e7an, Leposaviq dhe Zubin Potok po kund\u00ebrshtojn\u00eb q\u00eb kryetar\u00ebt e rinj shqiptar\u00eb t\u00eb punojn\u00eb nga nd\u00ebrtesat komunale. Ata po ashtu po k\u00ebrkojn\u00eb t\u00ebrheqjen e nj\u00ebsive speciale t\u00eb Policis\u00eb s\u00eb Kosov\u00ebs nga veriu.<\/p>\n<p>Q\u00eb nga ajo koh\u00eb, n\u00eb veri jan\u00eb sh\u00ebnuar disa incidente me shok-bomba dhe granata dore si dhe m\u00eb 29 maj n\u00eb Zve\u00e7an protestuesit serb\u00eb jan\u00eb p\u00ebrleshur me pjes\u00ebtar\u00ebt e KFOR-it. Nga k\u00ebto p\u00ebrleshje kan\u00eb mbetur t\u00eb l\u00ebnduar dhjet\u00ebra persona nga t\u00eb dyja pal\u00ebt.<\/p>\n<p>Bashk\u00ebsia nd\u00ebrkomb\u00ebtare i ka k\u00ebrkuar Kosov\u00ebs dhe Serbis\u00eb t\u00eb nd\u00ebrmarrin hapa t\u00eb menj\u00ebhersh\u00ebm q\u00eb t\u00eb ulen tensionet n\u00eb veri. Kosov\u00ebs po i k\u00ebrkohet q\u00eb t\u00eb organizoj\u00eb zgjedhje t\u00eb reja n\u00eb kat\u00ebr komunat veriore, nd\u00ebrkaq Serbis\u00eb q\u00eb t\u00eb bind\u00eb serb\u00ebt q\u00eb t\u00eb marrin pjes\u00eb n\u00eb procesin zgjedhor.<\/p>\n","protected":false},"excerpt":{"rendered":"<p>Z\u00ebdh\u00ebn\u00ebsi i Bashkimit Evropian, Peter Stano, tha se vendimi i Qeveris\u00eb s\u00eb Kosov\u00ebs p\u00ebr t\u00eb shpallur \u201cMbrojtjen Civile\u201d dhe \u201cBrigad\u00ebn e Veriut\u201d si organizata terroriste, \u00ebsht\u00eb \u201chap i nj\u00ebansh\u00ebm\u201d q\u00eb sipas bllokut, nuk i kontribuon uljes s\u00eb tensioneve. Qeveria e Kosov\u00ebs m\u00eb 29 qershor i shpalli k\u00ebto dy organizata si terroriste. Ato besohet se veprojn\u00eb [&hellip;]<\/p>\n","protected":false},"author":2,"featured_media":17889,"comment_status":"closed","ping_status":"closed","sticky":false,"template":"","format":"standard","meta":{"_monsterinsights_skip_tracking":false,"_monsterinsights_sitenote_active":false,"_monsterinsights_sitenote_note":"","_monsterinsights_sitenote_category":0,"_uf_show_specific_survey":0,"_uf_disable_surveys":false,"footnotes":""},"categories":[23,15],"tags":[487],"yoast_head":"<!-- This site is optimized with the Yoast SEO plugin v21.5 - https:\/\/yoast.com\/wordpress\/plugins\/seo\/ -->\n<title>BE: Shpallja e dy organizatave n\u00eb veri si terroriste, hap i nj\u00ebansh\u00ebm<\/title>\n<meta name=\"robots\" content=\"index, follow, max-snippet:-1, max-image-preview:large, max-video-preview:-1\" \/>\n<link rel=\"canonical\" href=\"https:\/\/permbledhja.com\/sq\/be-shpallja-e-dy-organizatave-ne-veri-si-terroriste-hap-i-njeanshem\/\" \/>\n<meta property=\"og:locale\" content=\"sq_AL\" \/>\n<meta property=\"og:type\" content=\"article\" \/>\n<meta property=\"og:title\" content=\"BE: Shpallja e dy organizatave n\u00eb veri si terroriste, hap i nj\u00ebansh\u00ebm\" \/>\n<meta property=\"og:description\" content=\"Z\u00ebdh\u00ebn\u00ebsi i Bashkimit Evropian, Peter Stano, tha se vendimi i Qeveris\u00eb s\u00eb Kosov\u00ebs p\u00ebr t\u00eb shpallur \u201cMbrojtjen Civile\u201d dhe \u201cBrigad\u00ebn e Veriut\u201d si organizata terroriste, \u00ebsht\u00eb \u201chap i nj\u00ebansh\u00ebm\u201d q\u00eb sipas bllokut, nuk i kontribuon uljes s\u00eb tensioneve. Qeveria e Kosov\u00ebs m\u00eb 29 qershor i shpalli k\u00ebto dy organizata si terroriste. Ato besohet se veprojn\u00eb [&hellip;]\" \/>\n<meta property=\"og:url\" content=\"https:\/\/permbledhja.com\/sq\/be-shpallja-e-dy-organizatave-ne-veri-si-terroriste-hap-i-njeanshem\/\" \/>\n<meta property=\"og:site_name\" content=\"Ve\u00e7 artikuj p\u00ebrmbledh\u00ebs\" \/>\n<meta property=\"article:publisher\" content=\"https:\/\/www.facebook.com\/press07\/\" \/>\n<meta property=\"article:published_time\" content=\"2023-07-06T16:59:18+00:00\" \/>\n<meta property=\"og:image\" content=\"https:\/\/permbledhja.com\/wp-content\/uploads\/2023\/07\/eeeee.jpg\" \/>\n\t<meta property=\"og:image:width\" content=\"1002\" \/>\n\t<meta property=\"og:image:height\" content=\"550\" \/>\n\t<meta property=\"og:image:type\" content=\"image\/jpeg\" \/>\n<meta name=\"author\" content=\"M M\" \/>\n<meta name=\"twitter:card\" content=\"summary_large_image\" \/>\n<meta name=\"twitter:label1\" content=\"Written by\" \/>\n\t<meta name=\"twitter:data1\" content=\"M M\" \/>\n\t<meta name=\"twitter:label2\" content=\"Est. reading time\" \/>\n\t<meta name=\"twitter:data2\" content=\"4 minuta\" \/>\n<script type=\"application\/ld+json\" class=\"yoast-schema-graph\">{\"@context\":\"https:\/\/schema.org\",\"@graph\":[{\"@type\":\"Article\",\"@id\":\"https:\/\/permbledhja.com\/be-shpallja-e-dy-organizatave-ne-veri-si-terroriste-hap-i-njeanshem\/#article\",\"isPartOf\":{\"@id\":\"https:\/\/permbledhja.com\/be-shpallja-e-dy-organizatave-ne-veri-si-terroriste-hap-i-njeanshem\/\"},\"author\":{\"name\":\"M M\",\"@id\":\"https:\/\/permbledhja.com\/#\/schema\/person\/d23f13f59b5722643933d6780783acf3\"},\"headline\":\"BE: Shpallja e dy organizatave n\u00eb veri si terroriste, hap i nj\u00ebansh\u00ebm\",\"datePublished\":\"2023-07-06T16:59:18+00:00\",\"dateModified\":\"2023-07-06T16:59:18+00:00\",\"mainEntityOfPage\":{\"@id\":\"https:\/\/permbledhja.com\/be-shpallja-e-dy-organizatave-ne-veri-si-terroriste-hap-i-njeanshem\/\"},\"wordCount\":809,\"publisher\":{\"@id\":\"https:\/\/permbledhja.com\/#organization\"},\"keywords\":[\"BE\"],\"articleSection\":[\"Komb\u00ebtare\",\"Lajme\"],\"inLanguage\":\"sq\"},{\"@type\":\"WebPage\",\"@id\":\"https:\/\/permbledhja.com\/be-shpallja-e-dy-organizatave-ne-veri-si-terroriste-hap-i-njeanshem\/\",\"url\":\"https:\/\/permbledhja.com\/be-shpallja-e-dy-organizatave-ne-veri-si-terroriste-hap-i-njeanshem\/\",\"name\":\"BE: Shpallja e dy organizatave n\u00eb veri si terroriste, hap i nj\u00ebansh\u00ebm\",\"isPartOf\":{\"@id\":\"https:\/\/permbledhja.com\/#website\"},\"datePublished\":\"2023-07-06T16:59:18+00:00\",\"dateModified\":\"2023-07-06T16:59:18+00:00\",\"breadcrumb\":{\"@id\":\"https:\/\/permbledhja.com\/be-shpallja-e-dy-organizatave-ne-veri-si-terroriste-hap-i-njeanshem\/#breadcrumb\"},\"inLanguage\":\"sq\",\"potentialAction\":[{\"@type\":\"ReadAction\",\"target\":[\"https:\/\/permbledhja.com\/be-shpallja-e-dy-organizatave-ne-veri-si-terroriste-hap-i-njeanshem\/\"]}]},{\"@type\":\"BreadcrumbList\",\"@id\":\"https:\/\/permbledhja.com\/be-shpallja-e-dy-organizatave-ne-veri-si-terroriste-hap-i-njeanshem\/#breadcrumb\",\"itemListElement\":[{\"@type\":\"ListItem\",\"position\":1,\"name\":\"Ballina\",\"item\":\"https:\/\/permbledhja.com\/sq\/\"},{\"@type\":\"ListItem\",\"position\":2,\"name\":\"BE: Shpallja e dy organizatave n\u00eb veri si terroriste, hap i nj\u00ebansh\u00ebm\"}]},{\"@type\":\"WebSite\",\"@id\":\"https:\/\/permbledhja.com\/#website\",\"url\":\"https:\/\/permbledhja.com\/\",\"name\":\"Ve\u00e7 artikuj p\u00ebrmbledh\u00ebs\",\"description\":\"\",\"publisher\":{\"@id\":\"https:\/\/permbledhja.com\/#organization\"},\"potentialAction\":[{\"@type\":\"SearchAction\",\"target\":{\"@type\":\"EntryPoint\",\"urlTemplate\":\"https:\/\/permbledhja.com\/?s={search_term_string}\"},\"query-input\":\"required name=search_term_string\"}],\"inLanguage\":\"sq\"},{\"@type\":\"Organization\",\"@id\":\"https:\/\/permbledhja.com\/#organization\",\"name\":\"MK Media & Pr\",\"url\":\"https:\/\/permbledhja.com\/\",\"logo\":{\"@type\":\"ImageObject\",\"inLanguage\":\"sq\",\"@id\":\"https:\/\/permbledhja.com\/#\/schema\/logo\/image\/\",\"url\":\"https:\/\/permbledhja.com\/wp-content\/uploads\/2021\/12\/07-Press-Logo.jpg\",\"contentUrl\":\"https:\/\/permbledhja.com\/wp-content\/uploads\/2021\/12\/07-Press-Logo.jpg\",\"width\":512,\"height\":512,\"caption\":\"MK Media & Pr\"},\"image\":{\"@id\":\"https:\/\/permbledhja.com\/#\/schema\/logo\/image\/\"},\"sameAs\":[\"https:\/\/www.facebook.com\/press07\/\"]},{\"@type\":\"Person\",\"@id\":\"https:\/\/permbledhja.com\/#\/schema\/person\/d23f13f59b5722643933d6780783acf3\",\"name\":\"M M\",\"image\":{\"@type\":\"ImageObject\",\"inLanguage\":\"sq\",\"@id\":\"https:\/\/permbledhja.com\/#\/schema\/person\/image\/\",\"url\":\"https:\/\/secure.gravatar.com\/avatar\/e2835a76ca7c31a2416b2d51c4ec9a8f?s=96&d=mm&r=g\",\"contentUrl\":\"https:\/\/secure.gravatar.com\/avatar\/e2835a76ca7c31a2416b2d51c4ec9a8f?s=96&d=mm&r=g\",\"caption\":\"M M\"},\"sameAs\":[\"http:\/\/MM\"],\"url\":\"https:\/\/permbledhja.com\/sq\/author\/muhamet\/\"}]}<\/script>\n<!-- \/ Yoast SEO plugin. -->","yoast_head_json":{"title":"BE: Shpallja e dy organizatave n\u00eb veri si terroriste, hap i nj\u00ebansh\u00ebm","robots":{"index":"index","follow":"follow","max-snippet":"max-snippet:-1","max-image-preview":"max-image-preview:large","max-video-preview":"max-video-preview:-1"},"canonical":"https:\/\/permbledhja.com\/sq\/be-shpallja-e-dy-organizatave-ne-veri-si-terroriste-hap-i-njeanshem\/","og_locale":"sq_AL","og_type":"article","og_title":"BE: Shpallja e dy organizatave n\u00eb veri si terroriste, hap i nj\u00ebansh\u00ebm","og_description":"Z\u00ebdh\u00ebn\u00ebsi i Bashkimit Evropian, Peter Stano, tha se vendimi i Qeveris\u00eb s\u00eb Kosov\u00ebs p\u00ebr t\u00eb shpallur \u201cMbrojtjen Civile\u201d dhe \u201cBrigad\u00ebn e Veriut\u201d si organizata terroriste, \u00ebsht\u00eb \u201chap i nj\u00ebansh\u00ebm\u201d q\u00eb sipas bllokut, nuk i kontribuon uljes s\u00eb tensioneve. Qeveria e Kosov\u00ebs m\u00eb 29 qershor i shpalli k\u00ebto dy organizata si terroriste. Ato besohet se veprojn\u00eb [&hellip;]","og_url":"https:\/\/permbledhja.com\/sq\/be-shpallja-e-dy-organizatave-ne-veri-si-terroriste-hap-i-njeanshem\/","og_site_name":"Ve\u00e7 artikuj p\u00ebrmbledh\u00ebs","article_publisher":"https:\/\/www.facebook.com\/press07\/","article_published_time":"2023-07-06T16:59:18+00:00","og_image":[{"width":1002,"height":550,"url":"https:\/\/permbledhja.com\/wp-content\/uploads\/2023\/07\/eeeee.jpg","type":"image\/jpeg"}],"author":"M M","twitter_card":"summary_large_image","twitter_misc":{"Written by":"M M","Est. reading time":"4 minuta"},"schema":{"@context":"https:\/\/schema.org","@graph":[{"@type":"Article","@id":"https:\/\/permbledhja.com\/be-shpallja-e-dy-organizatave-ne-veri-si-terroriste-hap-i-njeanshem\/#article","isPartOf":{"@id":"https:\/\/permbledhja.com\/be-shpallja-e-dy-organizatave-ne-veri-si-terroriste-hap-i-njeanshem\/"},"author":{"name":"M M","@id":"https:\/\/permbledhja.com\/#\/schema\/person\/d23f13f59b5722643933d6780783acf3"},"headline":"BE: Shpallja e dy organizatave n\u00eb veri si terroriste, hap i nj\u00ebansh\u00ebm","datePublished":"2023-07-06T16:59:18+00:00","dateModified":"2023-07-06T16:59:18+00:00","mainEntityOfPage":{"@id":"https:\/\/permbledhja.com\/be-shpallja-e-dy-organizatave-ne-veri-si-terroriste-hap-i-njeanshem\/"},"wordCount":809,"publisher":{"@id":"https:\/\/permbledhja.com\/#organization"},"keywords":["BE"],"articleSection":["Komb\u00ebtare","Lajme"],"inLanguage":"sq"},{"@type":"WebPage","@id":"https:\/\/permbledhja.com\/be-shpallja-e-dy-organizatave-ne-veri-si-terroriste-hap-i-njeanshem\/","url":"https:\/\/permbledhja.com\/be-shpallja-e-dy-organizatave-ne-veri-si-terroriste-hap-i-njeanshem\/","name":"BE: Shpallja e dy organizatave n\u00eb veri si terroriste, hap i nj\u00ebansh\u00ebm","isPartOf":{"@id":"https:\/\/permbledhja.com\/#website"},"datePublished":"2023-07-06T16:59:18+00:00","dateModified":"2023-07-06T16:59:18+00:00","breadcrumb":{"@id":"https:\/\/permbledhja.com\/be-shpallja-e-dy-organizatave-ne-veri-si-terroriste-hap-i-njeanshem\/#breadcrumb"},"inLanguage":"sq","potentialAction":[{"@type":"ReadAction","target":["https:\/\/permbledhja.com\/be-shpallja-e-dy-organizatave-ne-veri-si-terroriste-hap-i-njeanshem\/"]}]},{"@type":"BreadcrumbList","@id":"https:\/\/permbledhja.com\/be-shpallja-e-dy-organizatave-ne-veri-si-terroriste-hap-i-njeanshem\/#breadcrumb","itemListElement":[{"@type":"ListItem","position":1,"name":"Ballina","item":"https:\/\/permbledhja.com\/sq\/"},{"@type":"ListItem","position":2,"name":"BE: Shpallja e dy organizatave n\u00eb veri si terroriste, hap i nj\u00ebansh\u00ebm"}]},{"@type":"WebSite","@id":"https:\/\/permbledhja.com\/#website","url":"https:\/\/permbledhja.com\/","name":"Ve\u00e7 artikuj p\u00ebrmbledh\u00ebs","description":"","publisher":{"@id":"https:\/\/permbledhja.com\/#organization"},"potentialAction":[{"@type":"SearchAction","target":{"@type":"EntryPoint","urlTemplate":"https:\/\/permbledhja.com\/?s={search_term_string}"},"query-input":"required name=search_term_string"}],"inLanguage":"sq"},{"@type":"Organization","@id":"https:\/\/permbledhja.com\/#organization","name":"MK Media & Pr","url":"https:\/\/permbledhja.com\/","logo":{"@type":"ImageObject","inLanguage":"sq","@id":"https:\/\/permbledhja.com\/#\/schema\/logo\/image\/","url":"https:\/\/permbledhja.com\/wp-content\/uploads\/2021\/12\/07-Press-Logo.jpg","contentUrl":"https:\/\/permbledhja.com\/wp-content\/uploads\/2021\/12\/07-Press-Logo.jpg","width":512,"height":512,"caption":"MK Media & Pr"},"image":{"@id":"https:\/\/permbledhja.com\/#\/schema\/logo\/image\/"},"sameAs":["https:\/\/www.facebook.com\/press07\/"]},{"@type":"Person","@id":"https:\/\/permbledhja.com\/#\/schema\/person\/d23f13f59b5722643933d6780783acf3","name":"M M","image":{"@type":"ImageObject","inLanguage":"sq","@id":"https:\/\/permbledhja.com\/#\/schema\/person\/image\/","url":"https:\/\/secure.gravatar.com\/avatar\/e2835a76ca7c31a2416b2d51c4ec9a8f?s=96&d=mm&r=g","contentUrl":"https:\/\/secure.gravatar.com\/avatar\/e2835a76ca7c31a2416b2d51c4ec9a8f?s=96&d=mm&r=g","caption":"M M"},"sameAs":["http:\/\/MM"],"url":"https:\/\/permbledhja.com\/sq\/author\/muhamet\/"}]}},"_links":{"self":[{"href":"https:\/\/permbledhja.com\/sq\/wp-json\/wp\/v2\/posts\/17888"}],"collection":[{"href":"https:\/\/permbledhja.com\/sq\/wp-json\/wp\/v2\/posts"}],"about":[{"href":"https:\/\/permbledhja.com\/sq\/wp-json\/wp\/v2\/types\/post"}],"author":[{"embeddable":true,"href":"https:\/\/permbledhja.com\/sq\/wp-json\/wp\/v2\/users\/2"}],"replies":[{"embeddable":true,"href":"https:\/\/permbledhja.com\/sq\/wp-json\/wp\/v2\/comments?post=17888"}],"version-history":[{"count":1,"href":"https:\/\/permbledhja.com\/sq\/wp-json\/wp\/v2\/posts\/17888\/revisions"}],"predecessor-version":[{"id":17890,"href":"https:\/\/permbledhja.com\/sq\/wp-json\/wp\/v2\/posts\/17888\/revisions\/17890"}],"wp:featuredmedia":[{"embeddable":true,"href":"https:\/\/permbledhja.com\/sq\/wp-json\/wp\/v2\/media\/17889"}],"wp:attachment":[{"href":"https:\/\/permbledhja.com\/sq\/wp-json\/wp\/v2\/media?parent=17888"}],"wp:term":[{"taxonomy":"category","embeddable":true,"href":"https:\/\/permbledhja.com\/sq\/wp-json\/wp\/v2\/categories?post=17888"},{"taxonomy":"post_tag","embeddable":true,"href":"https:\/\/permbledhja.com\/sq\/wp-json\/wp\/v2\/tags?post=17888"}],"curies":[{"name":"wp","href":"https:\/\/api.w.org\/{rel}","templated":true}]}}