{"id":17875,"date":"2023-07-06T16:29:50","date_gmt":"2023-07-06T16:29:50","guid":{"rendered":"https:\/\/permbledhja.com\/?p=17875"},"modified":"2023-07-06T16:29:50","modified_gmt":"2023-07-06T16:29:50","slug":"perurohen-shtatoret-e-heroit-rrustem-bruqi-dhe-kolonelit-tahir-zemaj-ne-peje","status":"publish","type":"post","link":"https:\/\/permbledhja.com\/sq\/perurohen-shtatoret-e-heroit-rrustem-bruqi-dhe-kolonelit-tahir-zemaj-ne-peje\/","title":{"rendered":"P\u00ebrurohen shtatoret e heroit Rrustem Bruqi dhe kolonelit Tahir Zemaj n\u00eb Pej\u00eb"},"content":{"rendered":"<h3>Para 25 viteve, fshati Loxh\u00eb i Pej\u00ebs u p\u00ebrball me armikun, duke sh\u00ebnuar nj\u00eb kapitull t\u00eb lavdish\u00ebm t\u00eb luft\u00ebs p\u00ebr liri.<\/h3>\n<p>Pik\u00ebrisht sot, n\u00eb k\u00ebt\u00eb p\u00ebrvjetor, u nderuan heroi Rrustem Bruqi dhe koloneli Tahir Zemaj, me shtatore madh\u00ebshtore, q\u00eb u zbuluan sot n\u00eb k\u00ebt\u00eb qytet, raporton Gazeta Sinjali.<\/p>\n<p>N\u00eb k\u00ebto organizime, mor\u00ebn pjes\u00eb qytetar\u00eb t\u00eb shumt\u00eb, t\u00eb cil\u00ebt edhe publikuan pamje nga nderimi q\u00eb ua b\u00ebn\u00eb heronjve.<\/p>\n<p>N\u00eb betej\u00ebn e Loxh\u00ebs, p\u00ebrve\u00e7 Bruqit, ran\u00eb d\u00ebshmor\u00eb edhe Enver Alaj, Xhavit Qufaj, Tahir Shala dhe Lumni Surdulli.<\/p>\n<p>Loxha \u00ebsht\u00eb nj\u00ebri nga vendet q\u00eb ka paguar shtrenjt\u00eb \u00e7mimin e liris\u00eb. Sakrifica e banor\u00ebve t\u00eb saj dhe rezistenca e pathyeshme e tyre b\u00ebri q\u00eb t\u00eb fitohet rruga p\u00ebr liri.<\/p>\n<p><img loading=\"lazy\" decoding=\"async\" class=\"alignnone  wp-image-17876\" src=\"https:\/\/permbledhja.com\/wp-content\/uploads\/2023\/07\/image-60-225x300.webp\" alt=\"\" width=\"562\" height=\"749\" srcset=\"https:\/\/permbledhja.com\/wp-content\/uploads\/2023\/07\/image-60-225x300.webp 225w, https:\/\/permbledhja.com\/wp-content\/uploads\/2023\/07\/image-60-9x12.webp 9w, https:\/\/permbledhja.com\/wp-content\/uploads\/2023\/07\/image-60.webp 720w\" sizes=\"(max-width: 562px) 100vw, 562px\" \/><img loading=\"lazy\" decoding=\"async\" class=\"alignnone  wp-image-17877\" src=\"https:\/\/permbledhja.com\/wp-content\/uploads\/2023\/07\/image-59-225x300.webp\" alt=\"\" width=\"559\" height=\"746\" srcset=\"https:\/\/permbledhja.com\/wp-content\/uploads\/2023\/07\/image-59-225x300.webp 225w, https:\/\/permbledhja.com\/wp-content\/uploads\/2023\/07\/image-59-9x12.webp 9w, https:\/\/permbledhja.com\/wp-content\/uploads\/2023\/07\/image-59.webp 720w\" sizes=\"(max-width: 559px) 100vw, 559px\" \/><\/p>\n<p>&nbsp;<\/p>\n<p>&nbsp;<\/p>\n","protected":false},"excerpt":{"rendered":"<p>Para 25 viteve, fshati Loxh\u00eb i Pej\u00ebs u p\u00ebrball me armikun, duke sh\u00ebnuar nj\u00eb kapitull t\u00eb lavdish\u00ebm t\u00eb luft\u00ebs p\u00ebr liri. Pik\u00ebrisht sot, n\u00eb k\u00ebt\u00eb p\u00ebrvjetor, u nderuan heroi Rrustem Bruqi dhe koloneli Tahir Zemaj, me shtatore madh\u00ebshtore, q\u00eb u zbuluan sot n\u00eb k\u00ebt\u00eb qytet, raporton Gazeta Sinjali. N\u00eb k\u00ebto organizime, mor\u00ebn pjes\u00eb qytetar\u00eb t\u00eb [&hellip;]<\/p>\n","protected":false},"author":2,"featured_media":17878,"comment_status":"closed","ping_status":"closed","sticky":false,"template":"","format":"standard","meta":{"_monsterinsights_skip_tracking":false,"_monsterinsights_sitenote_active":false,"_monsterinsights_sitenote_note":"","_monsterinsights_sitenote_category":0,"_uf_show_specific_survey":0,"_uf_disable_surveys":false,"footnotes":""},"categories":[23,15],"tags":[],"yoast_head":"<!-- This site is optimized with the Yoast SEO plugin v21.5 - https:\/\/yoast.com\/wordpress\/plugins\/seo\/ -->\n<title>P\u00ebrurohen shtatoret e heroit Rrustem Bruqi dhe kolonelit Tahir Zemaj n\u00eb Pej\u00eb<\/title>\n<meta name=\"robots\" content=\"index, follow, max-snippet:-1, max-image-preview:large, max-video-preview:-1\" \/>\n<link rel=\"canonical\" href=\"https:\/\/permbledhja.com\/sq\/perurohen-shtatoret-e-heroit-rrustem-bruqi-dhe-kolonelit-tahir-zemaj-ne-peje\/\" \/>\n<meta property=\"og:locale\" content=\"sq_AL\" \/>\n<meta property=\"og:type\" content=\"article\" \/>\n<meta property=\"og:title\" content=\"P\u00ebrurohen shtatoret e heroit Rrustem Bruqi dhe kolonelit Tahir Zemaj n\u00eb Pej\u00eb\" \/>\n<meta property=\"og:description\" content=\"Para 25 viteve, fshati Loxh\u00eb i Pej\u00ebs u p\u00ebrball me armikun, duke sh\u00ebnuar nj\u00eb kapitull t\u00eb lavdish\u00ebm t\u00eb luft\u00ebs p\u00ebr liri. Pik\u00ebrisht sot, n\u00eb k\u00ebt\u00eb p\u00ebrvjetor, u nderuan heroi Rrustem Bruqi dhe koloneli Tahir Zemaj, me shtatore madh\u00ebshtore, q\u00eb u zbuluan sot n\u00eb k\u00ebt\u00eb qytet, raporton Gazeta Sinjali. N\u00eb k\u00ebto organizime, mor\u00ebn pjes\u00eb qytetar\u00eb t\u00eb [&hellip;]\" \/>\n<meta property=\"og:url\" content=\"https:\/\/permbledhja.com\/sq\/perurohen-shtatoret-e-heroit-rrustem-bruqi-dhe-kolonelit-tahir-zemaj-ne-peje\/\" \/>\n<meta property=\"og:site_name\" content=\"Ve\u00e7 artikuj p\u00ebrmbledh\u00ebs\" \/>\n<meta property=\"article:publisher\" content=\"https:\/\/www.facebook.com\/press07\/\" \/>\n<meta property=\"article:published_time\" content=\"2023-07-06T16:29:50+00:00\" \/>\n<meta property=\"og:image\" content=\"https:\/\/permbledhja.com\/wp-content\/uploads\/2023\/07\/ytyt.jpg\" \/>\n\t<meta property=\"og:image:width\" content=\"1185\" \/>\n\t<meta property=\"og:image:height\" content=\"681\" \/>\n\t<meta property=\"og:image:type\" content=\"image\/jpeg\" \/>\n<meta name=\"author\" content=\"M M\" \/>\n<meta name=\"twitter:card\" content=\"summary_large_image\" \/>\n<meta name=\"twitter:label1\" content=\"Written by\" \/>\n\t<meta name=\"twitter:data1\" content=\"M M\" \/>\n\t<meta name=\"twitter:label2\" content=\"Est. reading time\" \/>\n\t<meta name=\"twitter:data2\" content=\"2 minuta\" \/>\n<script type=\"application\/ld+json\" class=\"yoast-schema-graph\">{\"@context\":\"https:\/\/schema.org\",\"@graph\":[{\"@type\":\"Article\",\"@id\":\"https:\/\/permbledhja.com\/sq\/perurohen-shtatoret-e-heroit-rrustem-bruqi-dhe-kolonelit-tahir-zemaj-ne-peje\/#article\",\"isPartOf\":{\"@id\":\"https:\/\/permbledhja.com\/sq\/perurohen-shtatoret-e-heroit-rrustem-bruqi-dhe-kolonelit-tahir-zemaj-ne-peje\/\"},\"author\":{\"name\":\"M M\",\"@id\":\"https:\/\/permbledhja.com\/#\/schema\/person\/d23f13f59b5722643933d6780783acf3\"},\"headline\":\"P\u00ebrurohen shtatoret e heroit Rrustem Bruqi dhe kolonelit Tahir Zemaj n\u00eb Pej\u00eb\",\"datePublished\":\"2023-07-06T16:29:50+00:00\",\"dateModified\":\"2023-07-06T16:29:50+00:00\",\"mainEntityOfPage\":{\"@id\":\"https:\/\/permbledhja.com\/sq\/perurohen-shtatoret-e-heroit-rrustem-bruqi-dhe-kolonelit-tahir-zemaj-ne-peje\/\"},\"wordCount\":152,\"publisher\":{\"@id\":\"https:\/\/permbledhja.com\/#organization\"},\"articleSection\":[\"Komb\u00ebtare\",\"Lajme\"],\"inLanguage\":\"sq\"},{\"@type\":\"WebPage\",\"@id\":\"https:\/\/permbledhja.com\/sq\/perurohen-shtatoret-e-heroit-rrustem-bruqi-dhe-kolonelit-tahir-zemaj-ne-peje\/\",\"url\":\"https:\/\/permbledhja.com\/sq\/perurohen-shtatoret-e-heroit-rrustem-bruqi-dhe-kolonelit-tahir-zemaj-ne-peje\/\",\"name\":\"P\u00ebrurohen shtatoret e heroit Rrustem Bruqi dhe kolonelit Tahir Zemaj n\u00eb Pej\u00eb\",\"isPartOf\":{\"@id\":\"https:\/\/permbledhja.com\/#website\"},\"datePublished\":\"2023-07-06T16:29:50+00:00\",\"dateModified\":\"2023-07-06T16:29:50+00:00\",\"breadcrumb\":{\"@id\":\"https:\/\/permbledhja.com\/sq\/perurohen-shtatoret-e-heroit-rrustem-bruqi-dhe-kolonelit-tahir-zemaj-ne-peje\/#breadcrumb\"},\"inLanguage\":\"sq\",\"potentialAction\":[{\"@type\":\"ReadAction\",\"target\":[\"https:\/\/permbledhja.com\/sq\/perurohen-shtatoret-e-heroit-rrustem-bruqi-dhe-kolonelit-tahir-zemaj-ne-peje\/\"]}]},{\"@type\":\"BreadcrumbList\",\"@id\":\"https:\/\/permbledhja.com\/sq\/perurohen-shtatoret-e-heroit-rrustem-bruqi-dhe-kolonelit-tahir-zemaj-ne-peje\/#breadcrumb\",\"itemListElement\":[{\"@type\":\"ListItem\",\"position\":1,\"name\":\"Ballina\",\"item\":\"https:\/\/permbledhja.com\/sq\/\"},{\"@type\":\"ListItem\",\"position\":2,\"name\":\"P\u00ebrurohen shtatoret e heroit Rrustem Bruqi dhe kolonelit Tahir Zemaj n\u00eb Pej\u00eb\"}]},{\"@type\":\"WebSite\",\"@id\":\"https:\/\/permbledhja.com\/#website\",\"url\":\"https:\/\/permbledhja.com\/\",\"name\":\"Ve\u00e7 artikuj p\u00ebrmbledh\u00ebs\",\"description\":\"\",\"publisher\":{\"@id\":\"https:\/\/permbledhja.com\/#organization\"},\"potentialAction\":[{\"@type\":\"SearchAction\",\"target\":{\"@type\":\"EntryPoint\",\"urlTemplate\":\"https:\/\/permbledhja.com\/?s={search_term_string}\"},\"query-input\":\"required name=search_term_string\"}],\"inLanguage\":\"sq\"},{\"@type\":\"Organization\",\"@id\":\"https:\/\/permbledhja.com\/#organization\",\"name\":\"MK Media & Pr\",\"url\":\"https:\/\/permbledhja.com\/\",\"logo\":{\"@type\":\"ImageObject\",\"inLanguage\":\"sq\",\"@id\":\"https:\/\/permbledhja.com\/#\/schema\/logo\/image\/\",\"url\":\"https:\/\/permbledhja.com\/wp-content\/uploads\/2021\/12\/07-Press-Logo.jpg\",\"contentUrl\":\"https:\/\/permbledhja.com\/wp-content\/uploads\/2021\/12\/07-Press-Logo.jpg\",\"width\":512,\"height\":512,\"caption\":\"MK Media & Pr\"},\"image\":{\"@id\":\"https:\/\/permbledhja.com\/#\/schema\/logo\/image\/\"},\"sameAs\":[\"https:\/\/www.facebook.com\/press07\/\"]},{\"@type\":\"Person\",\"@id\":\"https:\/\/permbledhja.com\/#\/schema\/person\/d23f13f59b5722643933d6780783acf3\",\"name\":\"M M\",\"image\":{\"@type\":\"ImageObject\",\"inLanguage\":\"sq\",\"@id\":\"https:\/\/permbledhja.com\/#\/schema\/person\/image\/\",\"url\":\"https:\/\/secure.gravatar.com\/avatar\/e2835a76ca7c31a2416b2d51c4ec9a8f?s=96&d=mm&r=g\",\"contentUrl\":\"https:\/\/secure.gravatar.com\/avatar\/e2835a76ca7c31a2416b2d51c4ec9a8f?s=96&d=mm&r=g\",\"caption\":\"M M\"},\"sameAs\":[\"http:\/\/MM\"],\"url\":\"https:\/\/permbledhja.com\/sq\/author\/muhamet\/\"}]}<\/script>\n<!-- \/ Yoast SEO plugin. -->","yoast_head_json":{"title":"P\u00ebrurohen shtatoret e heroit Rrustem Bruqi dhe kolonelit Tahir Zemaj n\u00eb Pej\u00eb","robots":{"index":"index","follow":"follow","max-snippet":"max-snippet:-1","max-image-preview":"max-image-preview:large","max-video-preview":"max-video-preview:-1"},"canonical":"https:\/\/permbledhja.com\/sq\/perurohen-shtatoret-e-heroit-rrustem-bruqi-dhe-kolonelit-tahir-zemaj-ne-peje\/","og_locale":"sq_AL","og_type":"article","og_title":"P\u00ebrurohen shtatoret e heroit Rrustem Bruqi dhe kolonelit Tahir Zemaj n\u00eb Pej\u00eb","og_description":"Para 25 viteve, fshati Loxh\u00eb i Pej\u00ebs u p\u00ebrball me armikun, duke sh\u00ebnuar nj\u00eb kapitull t\u00eb lavdish\u00ebm t\u00eb luft\u00ebs p\u00ebr liri. Pik\u00ebrisht sot, n\u00eb k\u00ebt\u00eb p\u00ebrvjetor, u nderuan heroi Rrustem Bruqi dhe koloneli Tahir Zemaj, me shtatore madh\u00ebshtore, q\u00eb u zbuluan sot n\u00eb k\u00ebt\u00eb qytet, raporton Gazeta Sinjali. N\u00eb k\u00ebto organizime, mor\u00ebn pjes\u00eb qytetar\u00eb t\u00eb [&hellip;]","og_url":"https:\/\/permbledhja.com\/sq\/perurohen-shtatoret-e-heroit-rrustem-bruqi-dhe-kolonelit-tahir-zemaj-ne-peje\/","og_site_name":"Ve\u00e7 artikuj p\u00ebrmbledh\u00ebs","article_publisher":"https:\/\/www.facebook.com\/press07\/","article_published_time":"2023-07-06T16:29:50+00:00","og_image":[{"width":1185,"height":681,"url":"https:\/\/permbledhja.com\/wp-content\/uploads\/2023\/07\/ytyt.jpg","type":"image\/jpeg"}],"author":"M M","twitter_card":"summary_large_image","twitter_misc":{"Written by":"M M","Est. reading time":"2 minuta"},"schema":{"@context":"https:\/\/schema.org","@graph":[{"@type":"Article","@id":"https:\/\/permbledhja.com\/sq\/perurohen-shtatoret-e-heroit-rrustem-bruqi-dhe-kolonelit-tahir-zemaj-ne-peje\/#article","isPartOf":{"@id":"https:\/\/permbledhja.com\/sq\/perurohen-shtatoret-e-heroit-rrustem-bruqi-dhe-kolonelit-tahir-zemaj-ne-peje\/"},"author":{"name":"M M","@id":"https:\/\/permbledhja.com\/#\/schema\/person\/d23f13f59b5722643933d6780783acf3"},"headline":"P\u00ebrurohen shtatoret e heroit Rrustem Bruqi dhe kolonelit Tahir Zemaj n\u00eb Pej\u00eb","datePublished":"2023-07-06T16:29:50+00:00","dateModified":"2023-07-06T16:29:50+00:00","mainEntityOfPage":{"@id":"https:\/\/permbledhja.com\/sq\/perurohen-shtatoret-e-heroit-rrustem-bruqi-dhe-kolonelit-tahir-zemaj-ne-peje\/"},"wordCount":152,"publisher":{"@id":"https:\/\/permbledhja.com\/#organization"},"articleSection":["Komb\u00ebtare","Lajme"],"inLanguage":"sq"},{"@type":"WebPage","@id":"https:\/\/permbledhja.com\/sq\/perurohen-shtatoret-e-heroit-rrustem-bruqi-dhe-kolonelit-tahir-zemaj-ne-peje\/","url":"https:\/\/permbledhja.com\/sq\/perurohen-shtatoret-e-heroit-rrustem-bruqi-dhe-kolonelit-tahir-zemaj-ne-peje\/","name":"P\u00ebrurohen shtatoret e heroit Rrustem Bruqi dhe kolonelit Tahir Zemaj n\u00eb Pej\u00eb","isPartOf":{"@id":"https:\/\/permbledhja.com\/#website"},"datePublished":"2023-07-06T16:29:50+00:00","dateModified":"2023-07-06T16:29:50+00:00","breadcrumb":{"@id":"https:\/\/permbledhja.com\/sq\/perurohen-shtatoret-e-heroit-rrustem-bruqi-dhe-kolonelit-tahir-zemaj-ne-peje\/#breadcrumb"},"inLanguage":"sq","potentialAction":[{"@type":"ReadAction","target":["https:\/\/permbledhja.com\/sq\/perurohen-shtatoret-e-heroit-rrustem-bruqi-dhe-kolonelit-tahir-zemaj-ne-peje\/"]}]},{"@type":"BreadcrumbList","@id":"https:\/\/permbledhja.com\/sq\/perurohen-shtatoret-e-heroit-rrustem-bruqi-dhe-kolonelit-tahir-zemaj-ne-peje\/#breadcrumb","itemListElement":[{"@type":"ListItem","position":1,"name":"Ballina","item":"https:\/\/permbledhja.com\/sq\/"},{"@type":"ListItem","position":2,"name":"P\u00ebrurohen shtatoret e heroit Rrustem Bruqi dhe kolonelit Tahir Zemaj n\u00eb Pej\u00eb"}]},{"@type":"WebSite","@id":"https:\/\/permbledhja.com\/#website","url":"https:\/\/permbledhja.com\/","name":"Ve\u00e7 artikuj p\u00ebrmbledh\u00ebs","description":"","publisher":{"@id":"https:\/\/permbledhja.com\/#organization"},"potentialAction":[{"@type":"SearchAction","target":{"@type":"EntryPoint","urlTemplate":"https:\/\/permbledhja.com\/?s={search_term_string}"},"query-input":"required name=search_term_string"}],"inLanguage":"sq"},{"@type":"Organization","@id":"https:\/\/permbledhja.com\/#organization","name":"MK Media & Pr","url":"https:\/\/permbledhja.com\/","logo":{"@type":"ImageObject","inLanguage":"sq","@id":"https:\/\/permbledhja.com\/#\/schema\/logo\/image\/","url":"https:\/\/permbledhja.com\/wp-content\/uploads\/2021\/12\/07-Press-Logo.jpg","contentUrl":"https:\/\/permbledhja.com\/wp-content\/uploads\/2021\/12\/07-Press-Logo.jpg","width":512,"height":512,"caption":"MK Media & Pr"},"image":{"@id":"https:\/\/permbledhja.com\/#\/schema\/logo\/image\/"},"sameAs":["https:\/\/www.facebook.com\/press07\/"]},{"@type":"Person","@id":"https:\/\/permbledhja.com\/#\/schema\/person\/d23f13f59b5722643933d6780783acf3","name":"M M","image":{"@type":"ImageObject","inLanguage":"sq","@id":"https:\/\/permbledhja.com\/#\/schema\/person\/image\/","url":"https:\/\/secure.gravatar.com\/avatar\/e2835a76ca7c31a2416b2d51c4ec9a8f?s=96&d=mm&r=g","contentUrl":"https:\/\/secure.gravatar.com\/avatar\/e2835a76ca7c31a2416b2d51c4ec9a8f?s=96&d=mm&r=g","caption":"M M"},"sameAs":["http:\/\/MM"],"url":"https:\/\/permbledhja.com\/sq\/author\/muhamet\/"}]}},"_links":{"self":[{"href":"https:\/\/permbledhja.com\/sq\/wp-json\/wp\/v2\/posts\/17875"}],"collection":[{"href":"https:\/\/permbledhja.com\/sq\/wp-json\/wp\/v2\/posts"}],"about":[{"href":"https:\/\/permbledhja.com\/sq\/wp-json\/wp\/v2\/types\/post"}],"author":[{"embeddable":true,"href":"https:\/\/permbledhja.com\/sq\/wp-json\/wp\/v2\/users\/2"}],"replies":[{"embeddable":true,"href":"https:\/\/permbledhja.com\/sq\/wp-json\/wp\/v2\/comments?post=17875"}],"version-history":[{"count":1,"href":"https:\/\/permbledhja.com\/sq\/wp-json\/wp\/v2\/posts\/17875\/revisions"}],"predecessor-version":[{"id":17879,"href":"https:\/\/permbledhja.com\/sq\/wp-json\/wp\/v2\/posts\/17875\/revisions\/17879"}],"wp:featuredmedia":[{"embeddable":true,"href":"https:\/\/permbledhja.com\/sq\/wp-json\/wp\/v2\/media\/17878"}],"wp:attachment":[{"href":"https:\/\/permbledhja.com\/sq\/wp-json\/wp\/v2\/media?parent=17875"}],"wp:term":[{"taxonomy":"category","embeddable":true,"href":"https:\/\/permbledhja.com\/sq\/wp-json\/wp\/v2\/categories?post=17875"},{"taxonomy":"post_tag","embeddable":true,"href":"https:\/\/permbledhja.com\/sq\/wp-json\/wp\/v2\/tags?post=17875"}],"curies":[{"name":"wp","href":"https:\/\/api.w.org\/{rel}","templated":true}]}}