{"id":17828,"date":"2023-07-06T13:32:51","date_gmt":"2023-07-06T13:32:51","guid":{"rendered":"https:\/\/permbledhja.com\/?p=17828"},"modified":"2023-07-06T13:32:51","modified_gmt":"2023-07-06T13:32:51","slug":"ofendoi-dhe-sulmoi-nje-polic-me-celesa-arrestohet-nje-burre-ne-prizren","status":"publish","type":"post","link":"https:\/\/permbledhja.com\/sq\/ofendoi-dhe-sulmoi-nje-polic-me-celesa-arrestohet-nje-burre-ne-prizren\/","title":{"rendered":"Ofendoi dhe sulmoi nj\u00eb polic me \u00e7el\u00ebsa, arrestohet nj\u00eb burr\u00eb n\u00eb Prizren"},"content":{"rendered":"<h3>Policia e Kosov\u00ebs ka arrestuar nj\u00eb burr\u00eb n\u00eb Prizren pasi dyshohet se ka sulmuar zyrtar\u00ebt policior\u00eb.<\/h3>\n<p>Sipas njoftimit t\u00eb policis\u00eb, i dyshuari kishte sulmuar polic\u00ebt pasi ishte gjobitur nga ta p\u00ebr kund\u00ebrvajtje n\u00eb trafik.<\/p>\n<p>M\u00eb tej, thuhet se i dyshuari kishte goditur nj\u00eb polic me \u00e7el\u00ebsa.<\/p>\n<p>Raporti i plot\u00eb:<\/p>\n<p>N\u00eb Prizren arrestohet nj\u00eb i dyshuar q\u00eb sulmoi polic\u00ebt<\/p>\n<p>Prizren, 06 Korrik 2023<\/p>\n<p>Me date 06.07.2023 rreth or\u00ebs 08:30, patrullat policore t\u00eb Stacionit Policor t\u00eb Prizrenit, kan\u00eb ndaluar nj\u00eb person dhe ishte gjobitur p\u00ebr kund\u00ebrvajtjen e kryer, n\u00eb shenje pak\u00ebnaq\u00ebsie kishte ofenduar zyrtaret policore e me pas edhe i kishte sulmuar duke i gjuajtur me \u00e7el\u00ebsa te vetur\u00ebs. Ai , i dyshuari kishte goditur nj\u00ebrin nga zyrtaret policor me \u00e7el\u00ebsa.<\/p>\n<p>I dyshuari \u00ebsht\u00eb arrestuar dhe \u00ebsht\u00eb d\u00ebrguar n\u00eb Stacionin policor t\u00eb Prizrenit.<\/p>\n<p>Ne lidhje me rastin \u00ebsht\u00eb informuar nj\u00ebsiti i hetimeve t\u00eb cil\u00ebt n\u00eb konsultim me prokurorin kujdestar dhe me urdh\u00ebr t\u00eb tij iniciohet rasti \u201cSulm ndaj personit zyrtare\u201d .<\/p>\n<p>Ndaj t\u00eb dyshuarit \u00ebsht\u00eb l\u00ebshuar aktvendim p\u00ebr ndalim policor p\u00ebr 48 ore. Rasti nen hetime.<\/p>\n","protected":false},"excerpt":{"rendered":"<p>Policia e Kosov\u00ebs ka arrestuar nj\u00eb burr\u00eb n\u00eb Prizren pasi dyshohet se ka sulmuar zyrtar\u00ebt policior\u00eb. Sipas njoftimit t\u00eb policis\u00eb, i dyshuari kishte sulmuar polic\u00ebt pasi ishte gjobitur nga ta p\u00ebr kund\u00ebrvajtje n\u00eb trafik. M\u00eb tej, thuhet se i dyshuari kishte goditur nj\u00eb polic me \u00e7el\u00ebsa. Raporti i plot\u00eb: N\u00eb Prizren arrestohet nj\u00eb i dyshuar [&hellip;]<\/p>\n","protected":false},"author":1,"featured_media":1902,"comment_status":"closed","ping_status":"closed","sticky":false,"template":"","format":"standard","meta":{"_monsterinsights_skip_tracking":false,"_monsterinsights_sitenote_active":false,"_monsterinsights_sitenote_note":"","_monsterinsights_sitenote_category":0,"_uf_show_specific_survey":0,"_uf_disable_surveys":false,"footnotes":""},"categories":[1],"tags":[183],"yoast_head":"<!-- This site is optimized with the Yoast SEO plugin v21.5 - https:\/\/yoast.com\/wordpress\/plugins\/seo\/ -->\n<title>Ofendoi dhe sulmoi nj\u00eb polic me \u00e7el\u00ebsa, arrestohet nj\u00eb burr\u00eb n\u00eb Prizren<\/title>\n<meta name=\"robots\" content=\"index, follow, max-snippet:-1, max-image-preview:large, max-video-preview:-1\" \/>\n<link rel=\"canonical\" href=\"https:\/\/permbledhja.com\/sq\/ofendoi-dhe-sulmoi-nje-polic-me-celesa-arrestohet-nje-burre-ne-prizren\/\" \/>\n<meta property=\"og:locale\" content=\"sq_AL\" \/>\n<meta property=\"og:type\" content=\"article\" \/>\n<meta property=\"og:title\" content=\"Ofendoi dhe sulmoi nj\u00eb polic me \u00e7el\u00ebsa, arrestohet nj\u00eb burr\u00eb n\u00eb Prizren\" \/>\n<meta property=\"og:description\" content=\"Policia e Kosov\u00ebs ka arrestuar nj\u00eb burr\u00eb n\u00eb Prizren pasi dyshohet se ka sulmuar zyrtar\u00ebt policior\u00eb. Sipas njoftimit t\u00eb policis\u00eb, i dyshuari kishte sulmuar polic\u00ebt pasi ishte gjobitur nga ta p\u00ebr kund\u00ebrvajtje n\u00eb trafik. M\u00eb tej, thuhet se i dyshuari kishte goditur nj\u00eb polic me \u00e7el\u00ebsa. Raporti i plot\u00eb: N\u00eb Prizren arrestohet nj\u00eb i dyshuar [&hellip;]\" \/>\n<meta property=\"og:url\" content=\"https:\/\/permbledhja.com\/sq\/ofendoi-dhe-sulmoi-nje-polic-me-celesa-arrestohet-nje-burre-ne-prizren\/\" \/>\n<meta property=\"og:site_name\" content=\"Ve\u00e7 artikuj p\u00ebrmbledh\u00ebs\" \/>\n<meta property=\"article:publisher\" content=\"https:\/\/www.facebook.com\/press07\/\" \/>\n<meta property=\"article:author\" content=\"https:\/\/www.facebook.com\/kafexhiu.muharrem\/\" \/>\n<meta property=\"article:published_time\" content=\"2023-07-06T13:32:51+00:00\" \/>\n<meta property=\"og:image\" content=\"https:\/\/permbledhja.com\/wp-content\/uploads\/2022\/07\/policia-arrestim-e1459677672314_1546970705-5556959.jpg\" \/>\n\t<meta property=\"og:image:width\" content=\"633\" \/>\n\t<meta property=\"og:image:height\" content=\"347\" \/>\n\t<meta property=\"og:image:type\" content=\"image\/jpeg\" \/>\n<meta name=\"author\" content=\"P\u00ebrmbledhja\" \/>\n<meta name=\"twitter:card\" content=\"summary_large_image\" \/>\n<meta name=\"twitter:label1\" content=\"Written by\" \/>\n\t<meta name=\"twitter:data1\" content=\"P\u00ebrmbledhja\" \/>\n\t<meta name=\"twitter:label2\" content=\"Est. reading time\" \/>\n\t<meta name=\"twitter:data2\" content=\"1 minut\u00eb\" \/>\n<script type=\"application\/ld+json\" class=\"yoast-schema-graph\">{\"@context\":\"https:\/\/schema.org\",\"@graph\":[{\"@type\":\"Article\",\"@id\":\"https:\/\/permbledhja.com\/ofendoi-dhe-sulmoi-nje-polic-me-celesa-arrestohet-nje-burre-ne-prizren\/#article\",\"isPartOf\":{\"@id\":\"https:\/\/permbledhja.com\/ofendoi-dhe-sulmoi-nje-polic-me-celesa-arrestohet-nje-burre-ne-prizren\/\"},\"author\":{\"name\":\"P\u00ebrmbledhja\",\"@id\":\"https:\/\/permbledhja.com\/#\/schema\/person\/0d064377258d3221e50693947b9eb4fe\"},\"headline\":\"Ofendoi dhe sulmoi nj\u00eb polic me \u00e7el\u00ebsa, arrestohet nj\u00eb burr\u00eb n\u00eb Prizren\",\"datePublished\":\"2023-07-06T13:32:51+00:00\",\"dateModified\":\"2023-07-06T13:32:51+00:00\",\"mainEntityOfPage\":{\"@id\":\"https:\/\/permbledhja.com\/ofendoi-dhe-sulmoi-nje-polic-me-celesa-arrestohet-nje-burre-ne-prizren\/\"},\"wordCount\":203,\"publisher\":{\"@id\":\"https:\/\/permbledhja.com\/#organization\"},\"keywords\":[\"Prizren\"],\"articleSection\":[\"Breaking News\"],\"inLanguage\":\"sq\"},{\"@type\":\"WebPage\",\"@id\":\"https:\/\/permbledhja.com\/ofendoi-dhe-sulmoi-nje-polic-me-celesa-arrestohet-nje-burre-ne-prizren\/\",\"url\":\"https:\/\/permbledhja.com\/ofendoi-dhe-sulmoi-nje-polic-me-celesa-arrestohet-nje-burre-ne-prizren\/\",\"name\":\"Ofendoi dhe sulmoi nj\u00eb polic me \u00e7el\u00ebsa, arrestohet nj\u00eb burr\u00eb n\u00eb Prizren\",\"isPartOf\":{\"@id\":\"https:\/\/permbledhja.com\/#website\"},\"datePublished\":\"2023-07-06T13:32:51+00:00\",\"dateModified\":\"2023-07-06T13:32:51+00:00\",\"breadcrumb\":{\"@id\":\"https:\/\/permbledhja.com\/ofendoi-dhe-sulmoi-nje-polic-me-celesa-arrestohet-nje-burre-ne-prizren\/#breadcrumb\"},\"inLanguage\":\"sq\",\"potentialAction\":[{\"@type\":\"ReadAction\",\"target\":[\"https:\/\/permbledhja.com\/ofendoi-dhe-sulmoi-nje-polic-me-celesa-arrestohet-nje-burre-ne-prizren\/\"]}]},{\"@type\":\"BreadcrumbList\",\"@id\":\"https:\/\/permbledhja.com\/ofendoi-dhe-sulmoi-nje-polic-me-celesa-arrestohet-nje-burre-ne-prizren\/#breadcrumb\",\"itemListElement\":[{\"@type\":\"ListItem\",\"position\":1,\"name\":\"Ballina\",\"item\":\"https:\/\/permbledhja.com\/sq\/\"},{\"@type\":\"ListItem\",\"position\":2,\"name\":\"Ofendoi dhe sulmoi nj\u00eb polic me \u00e7el\u00ebsa, arrestohet nj\u00eb burr\u00eb n\u00eb Prizren\"}]},{\"@type\":\"WebSite\",\"@id\":\"https:\/\/permbledhja.com\/#website\",\"url\":\"https:\/\/permbledhja.com\/\",\"name\":\"Ve\u00e7 artikuj p\u00ebrmbledh\u00ebs\",\"description\":\"\",\"publisher\":{\"@id\":\"https:\/\/permbledhja.com\/#organization\"},\"potentialAction\":[{\"@type\":\"SearchAction\",\"target\":{\"@type\":\"EntryPoint\",\"urlTemplate\":\"https:\/\/permbledhja.com\/?s={search_term_string}\"},\"query-input\":\"required name=search_term_string\"}],\"inLanguage\":\"sq\"},{\"@type\":\"Organization\",\"@id\":\"https:\/\/permbledhja.com\/#organization\",\"name\":\"MK Media & Pr\",\"url\":\"https:\/\/permbledhja.com\/\",\"logo\":{\"@type\":\"ImageObject\",\"inLanguage\":\"sq\",\"@id\":\"https:\/\/permbledhja.com\/#\/schema\/logo\/image\/\",\"url\":\"https:\/\/permbledhja.com\/wp-content\/uploads\/2021\/12\/07-Press-Logo.jpg\",\"contentUrl\":\"https:\/\/permbledhja.com\/wp-content\/uploads\/2021\/12\/07-Press-Logo.jpg\",\"width\":512,\"height\":512,\"caption\":\"MK Media & Pr\"},\"image\":{\"@id\":\"https:\/\/permbledhja.com\/#\/schema\/logo\/image\/\"},\"sameAs\":[\"https:\/\/www.facebook.com\/press07\/\"]},{\"@type\":\"Person\",\"@id\":\"https:\/\/permbledhja.com\/#\/schema\/person\/0d064377258d3221e50693947b9eb4fe\",\"name\":\"P\u00ebrmbledhja\",\"image\":{\"@type\":\"ImageObject\",\"inLanguage\":\"sq\",\"@id\":\"https:\/\/permbledhja.com\/#\/schema\/person\/image\/\",\"url\":\"https:\/\/permbledhja.com\/wp-content\/uploads\/2026\/01\/452004717_1040944174702970_8932037511805513407_n-96x96.jpg\",\"contentUrl\":\"https:\/\/permbledhja.com\/wp-content\/uploads\/2026\/01\/452004717_1040944174702970_8932037511805513407_n-96x96.jpg\",\"caption\":\"P\u00ebrmbledhja\"},\"sameAs\":[\"https:\/\/www.facebook.com\/kafexhiu.muharrem\/\",\"https:\/\/www.instagram.com\/muharrem_kafexhiu\/\"],\"url\":\"https:\/\/permbledhja.com\/sq\/author\/admin\/\"}]}<\/script>\n<!-- \/ Yoast SEO plugin. -->","yoast_head_json":{"title":"Ofendoi dhe sulmoi nj\u00eb polic me \u00e7el\u00ebsa, arrestohet nj\u00eb burr\u00eb n\u00eb Prizren","robots":{"index":"index","follow":"follow","max-snippet":"max-snippet:-1","max-image-preview":"max-image-preview:large","max-video-preview":"max-video-preview:-1"},"canonical":"https:\/\/permbledhja.com\/sq\/ofendoi-dhe-sulmoi-nje-polic-me-celesa-arrestohet-nje-burre-ne-prizren\/","og_locale":"sq_AL","og_type":"article","og_title":"Ofendoi dhe sulmoi nj\u00eb polic me \u00e7el\u00ebsa, arrestohet nj\u00eb burr\u00eb n\u00eb Prizren","og_description":"Policia e Kosov\u00ebs ka arrestuar nj\u00eb burr\u00eb n\u00eb Prizren pasi dyshohet se ka sulmuar zyrtar\u00ebt policior\u00eb. Sipas njoftimit t\u00eb policis\u00eb, i dyshuari kishte sulmuar polic\u00ebt pasi ishte gjobitur nga ta p\u00ebr kund\u00ebrvajtje n\u00eb trafik. M\u00eb tej, thuhet se i dyshuari kishte goditur nj\u00eb polic me \u00e7el\u00ebsa. Raporti i plot\u00eb: N\u00eb Prizren arrestohet nj\u00eb i dyshuar [&hellip;]","og_url":"https:\/\/permbledhja.com\/sq\/ofendoi-dhe-sulmoi-nje-polic-me-celesa-arrestohet-nje-burre-ne-prizren\/","og_site_name":"Ve\u00e7 artikuj p\u00ebrmbledh\u00ebs","article_publisher":"https:\/\/www.facebook.com\/press07\/","article_author":"https:\/\/www.facebook.com\/kafexhiu.muharrem\/","article_published_time":"2023-07-06T13:32:51+00:00","og_image":[{"width":633,"height":347,"url":"https:\/\/permbledhja.com\/wp-content\/uploads\/2022\/07\/policia-arrestim-e1459677672314_1546970705-5556959.jpg","type":"image\/jpeg"}],"author":"P\u00ebrmbledhja","twitter_card":"summary_large_image","twitter_misc":{"Written by":"P\u00ebrmbledhja","Est. reading time":"1 minut\u00eb"},"schema":{"@context":"https:\/\/schema.org","@graph":[{"@type":"Article","@id":"https:\/\/permbledhja.com\/ofendoi-dhe-sulmoi-nje-polic-me-celesa-arrestohet-nje-burre-ne-prizren\/#article","isPartOf":{"@id":"https:\/\/permbledhja.com\/ofendoi-dhe-sulmoi-nje-polic-me-celesa-arrestohet-nje-burre-ne-prizren\/"},"author":{"name":"P\u00ebrmbledhja","@id":"https:\/\/permbledhja.com\/#\/schema\/person\/0d064377258d3221e50693947b9eb4fe"},"headline":"Ofendoi dhe sulmoi nj\u00eb polic me \u00e7el\u00ebsa, arrestohet nj\u00eb burr\u00eb n\u00eb Prizren","datePublished":"2023-07-06T13:32:51+00:00","dateModified":"2023-07-06T13:32:51+00:00","mainEntityOfPage":{"@id":"https:\/\/permbledhja.com\/ofendoi-dhe-sulmoi-nje-polic-me-celesa-arrestohet-nje-burre-ne-prizren\/"},"wordCount":203,"publisher":{"@id":"https:\/\/permbledhja.com\/#organization"},"keywords":["Prizren"],"articleSection":["Breaking News"],"inLanguage":"sq"},{"@type":"WebPage","@id":"https:\/\/permbledhja.com\/ofendoi-dhe-sulmoi-nje-polic-me-celesa-arrestohet-nje-burre-ne-prizren\/","url":"https:\/\/permbledhja.com\/ofendoi-dhe-sulmoi-nje-polic-me-celesa-arrestohet-nje-burre-ne-prizren\/","name":"Ofendoi dhe sulmoi nj\u00eb polic me \u00e7el\u00ebsa, arrestohet nj\u00eb burr\u00eb n\u00eb Prizren","isPartOf":{"@id":"https:\/\/permbledhja.com\/#website"},"datePublished":"2023-07-06T13:32:51+00:00","dateModified":"2023-07-06T13:32:51+00:00","breadcrumb":{"@id":"https:\/\/permbledhja.com\/ofendoi-dhe-sulmoi-nje-polic-me-celesa-arrestohet-nje-burre-ne-prizren\/#breadcrumb"},"inLanguage":"sq","potentialAction":[{"@type":"ReadAction","target":["https:\/\/permbledhja.com\/ofendoi-dhe-sulmoi-nje-polic-me-celesa-arrestohet-nje-burre-ne-prizren\/"]}]},{"@type":"BreadcrumbList","@id":"https:\/\/permbledhja.com\/ofendoi-dhe-sulmoi-nje-polic-me-celesa-arrestohet-nje-burre-ne-prizren\/#breadcrumb","itemListElement":[{"@type":"ListItem","position":1,"name":"Ballina","item":"https:\/\/permbledhja.com\/sq\/"},{"@type":"ListItem","position":2,"name":"Ofendoi dhe sulmoi nj\u00eb polic me \u00e7el\u00ebsa, arrestohet nj\u00eb burr\u00eb n\u00eb Prizren"}]},{"@type":"WebSite","@id":"https:\/\/permbledhja.com\/#website","url":"https:\/\/permbledhja.com\/","name":"Ve\u00e7 artikuj p\u00ebrmbledh\u00ebs","description":"","publisher":{"@id":"https:\/\/permbledhja.com\/#organization"},"potentialAction":[{"@type":"SearchAction","target":{"@type":"EntryPoint","urlTemplate":"https:\/\/permbledhja.com\/?s={search_term_string}"},"query-input":"required name=search_term_string"}],"inLanguage":"sq"},{"@type":"Organization","@id":"https:\/\/permbledhja.com\/#organization","name":"MK Media & Pr","url":"https:\/\/permbledhja.com\/","logo":{"@type":"ImageObject","inLanguage":"sq","@id":"https:\/\/permbledhja.com\/#\/schema\/logo\/image\/","url":"https:\/\/permbledhja.com\/wp-content\/uploads\/2021\/12\/07-Press-Logo.jpg","contentUrl":"https:\/\/permbledhja.com\/wp-content\/uploads\/2021\/12\/07-Press-Logo.jpg","width":512,"height":512,"caption":"MK Media & Pr"},"image":{"@id":"https:\/\/permbledhja.com\/#\/schema\/logo\/image\/"},"sameAs":["https:\/\/www.facebook.com\/press07\/"]},{"@type":"Person","@id":"https:\/\/permbledhja.com\/#\/schema\/person\/0d064377258d3221e50693947b9eb4fe","name":"P\u00ebrmbledhja","image":{"@type":"ImageObject","inLanguage":"sq","@id":"https:\/\/permbledhja.com\/#\/schema\/person\/image\/","url":"https:\/\/permbledhja.com\/wp-content\/uploads\/2026\/01\/452004717_1040944174702970_8932037511805513407_n-96x96.jpg","contentUrl":"https:\/\/permbledhja.com\/wp-content\/uploads\/2026\/01\/452004717_1040944174702970_8932037511805513407_n-96x96.jpg","caption":"P\u00ebrmbledhja"},"sameAs":["https:\/\/www.facebook.com\/kafexhiu.muharrem\/","https:\/\/www.instagram.com\/muharrem_kafexhiu\/"],"url":"https:\/\/permbledhja.com\/sq\/author\/admin\/"}]}},"_links":{"self":[{"href":"https:\/\/permbledhja.com\/sq\/wp-json\/wp\/v2\/posts\/17828"}],"collection":[{"href":"https:\/\/permbledhja.com\/sq\/wp-json\/wp\/v2\/posts"}],"about":[{"href":"https:\/\/permbledhja.com\/sq\/wp-json\/wp\/v2\/types\/post"}],"author":[{"embeddable":true,"href":"https:\/\/permbledhja.com\/sq\/wp-json\/wp\/v2\/users\/1"}],"replies":[{"embeddable":true,"href":"https:\/\/permbledhja.com\/sq\/wp-json\/wp\/v2\/comments?post=17828"}],"version-history":[{"count":1,"href":"https:\/\/permbledhja.com\/sq\/wp-json\/wp\/v2\/posts\/17828\/revisions"}],"predecessor-version":[{"id":17829,"href":"https:\/\/permbledhja.com\/sq\/wp-json\/wp\/v2\/posts\/17828\/revisions\/17829"}],"wp:featuredmedia":[{"embeddable":true,"href":"https:\/\/permbledhja.com\/sq\/wp-json\/wp\/v2\/media\/1902"}],"wp:attachment":[{"href":"https:\/\/permbledhja.com\/sq\/wp-json\/wp\/v2\/media?parent=17828"}],"wp:term":[{"taxonomy":"category","embeddable":true,"href":"https:\/\/permbledhja.com\/sq\/wp-json\/wp\/v2\/categories?post=17828"},{"taxonomy":"post_tag","embeddable":true,"href":"https:\/\/permbledhja.com\/sq\/wp-json\/wp\/v2\/tags?post=17828"}],"curies":[{"name":"wp","href":"https:\/\/api.w.org\/{rel}","templated":true}]}}