{"id":17825,"date":"2023-07-06T13:31:40","date_gmt":"2023-07-06T13:31:40","guid":{"rendered":"https:\/\/permbledhja.com\/?p=17825"},"modified":"2023-07-06T13:31:40","modified_gmt":"2023-07-06T13:31:40","slug":"rama-ballkanin-e-hapur-do-ta-le-anash-do-te-fukosohem-100-tek-procesi-i-berlinit","status":"publish","type":"post","link":"https:\/\/permbledhja.com\/sq\/rama-ballkanin-e-hapur-do-ta-le-anash-do-te-fukosohem-100-tek-procesi-i-berlinit\/","title":{"rendered":"Rama: Ballkanin e Hapur do ta l\u00eb anash, do t\u00eb fukosohem 100% tek Procesi i Berlinit"},"content":{"rendered":"<h3>Kryeministri i Shqip\u00ebris\u00eb, Edi Rama, ka folur nga Shkupi p\u00ebr nism\u00ebn Ballkani i Hapur. Rama ka th\u00ebn\u00eb se d\u00ebshiron q\u00eb nj\u00eb nism\u00eb t\u00eb till\u00eb ta l\u00eb anash dhe t\u00eb fokusohet 100 % tek Procesi i Berlinit.<\/h3>\n<p>Rama ka th\u00ebn\u00eb se edhe po t\u00eb kthehej 1 mij\u00eb her\u00eb mbrapa do ta rib\u00ebnte p\u00ebrs\u00ebri Ballkanin e Hapur dhe sipas tij jan\u00eb shifrat q\u00eb flasin p\u00ebr t\u00eb mirat q\u00eb i kan\u00eb ardhur rajonit nga nj\u00eb nism\u00eb e till\u00eb.<\/p>\n<p>\u201cPyetjen e b\u00ebr\u00eb sikur un\u00eb kam b\u00ebr\u00eb nj\u00eb faj nga i cili duhet t\u00eb nxjerri m\u00ebsim. Ballkanin e Hapur 1000 her\u00eb t\u00eb kthehesha mbrapa, 1000 her\u00eb do ta rib\u00ebja. Ballkani i Hapur nuk \u00ebsht\u00eb nism\u00eb p\u00ebrjashtuese. \u00cbsht\u00eb nj\u00eb nga 72 nismat n\u00eb rajon. Dhe \u00e7far\u00eb e keqe i ka ardhur rajonit nga Ballkani i Hapur, p\u00ebrve\u00e7 t\u00eb mirave. Merrni shikoni shifrat e tregtis\u00eb mes vendeve. \u00c7far\u00eb \u00ebsht\u00eb b\u00ebr\u00eb nuk zhb\u00ebhet. \u00c7far\u00eb \u00ebsht\u00eb b\u00ebr\u00eb ka sh\u00ebrbyer q\u00eb edhe Procesi i Berlinit q\u00eb \u00ebsht\u00eb ombrella dhe e i cili do t\u00eb fokusohem 100 %, pasi Shqip\u00ebria q\u00eb \u00ebsht\u00eb mikprit\u00ebse e Procesit t\u00eb Berlinit, ka p\u00ebrfituar nga Ballkani i Hapur\u201d, ka th\u00ebn\u00eb Rama.<\/p>\n<p>Ai ka th\u00ebn\u00eb se do ta l\u00eb anash Ballkanin e Hapur meq\u00eb s\u2019d\u00ebshiron q\u00eb askujt t\u2019i japi mund\u00ebsi t\u00eb flas\u00eb p\u00ebr konspiracione e paralelizma.<\/p>\n<p>\u201cBallkanin e Hapur do ta l\u00eb menjan\u00eb. S\u2019dua q\u00eb t\u2019i jap\u00eb askujt asnj\u00eb mund\u00ebsi q\u00eb t\u00eb flas\u00eb p\u00ebr konsipracone, alterntaiva, paralelizma. \u00cbsht\u00eb shum\u00eb e qart\u00eb kjo gj\u00eb. P\u00ebr mua Ballkani I Hapur i ka b\u00ebr\u00eb nj\u00eb sh\u00ebrbim t\u00eb madh k\u00ebtij rajoni. Kush s\u2019ka marr\u00eb pjes\u00eb n\u00eb Ballkanin e Hapur ka b\u00ebr\u00eb gabim p\u00ebr veten e vete.\u201d, ka shtuar tutje Rama.<\/p>\n<p>Mes tjerash, duke iu referuar pyetjes s\u00eb gazetarit, Rama ka deklaruar se s\u2019ka rrug\u00eb m\u00eb t\u00eb gabuar se sa t\u00eb vazhdohet q\u00ebndrimik tek e shkuara dhe tek anatemimi dhe akuzat p\u00ebr nj\u00ebri-tjetrin se kush \u00ebsht\u00eb patrioteti i v\u00ebrtet\u00eb<\/p>\n<p>\u201cNuk e kuptoj pse ka dyshime, kur faktet flasin qart\u00eb. Sa i p\u00ebrket v\u00ebllaz\u00ebris\u00eb, apo gjakderdhjes, mendoj q\u00eb \u00ebsht\u00eb rruga m\u00eb e gabuar e mendimit shqiptar sot. Nuk ka rrug\u00eb m\u00eb t\u00eb gabuar sesa t\u00eb vazhdojm\u00eb t\u00eb rrim\u00eb me t\u00eb shkuar\u00ebn dhe p\u00ebr m\u00eb tep\u00ebr t\u00eb anatemojm\u00eb nj\u00ebri-tjetrin, ta akuzojm\u00eb nj\u00ebri-tjetrin, se kush \u00ebsht\u00eb patrioti i v\u00ebrtet\u00eb\u201d, ka potencuar Edi Rama.\/Express<\/p>\n","protected":false},"excerpt":{"rendered":"<p>Kryeministri i Shqip\u00ebris\u00eb, Edi Rama, ka folur nga Shkupi p\u00ebr nism\u00ebn Ballkani i Hapur. Rama ka th\u00ebn\u00eb se d\u00ebshiron q\u00eb nj\u00eb nism\u00eb t\u00eb till\u00eb ta l\u00eb anash dhe t\u00eb fokusohet 100 % tek Procesi i Berlinit. Rama ka th\u00ebn\u00eb se edhe po t\u00eb kthehej 1 mij\u00eb her\u00eb mbrapa do ta rib\u00ebnte p\u00ebrs\u00ebri Ballkanin e Hapur [&hellip;]<\/p>\n","protected":false},"author":1,"featured_media":17826,"comment_status":"closed","ping_status":"closed","sticky":false,"template":"","format":"standard","meta":{"_monsterinsights_skip_tracking":false,"_monsterinsights_sitenote_active":false,"_monsterinsights_sitenote_note":"","_monsterinsights_sitenote_category":0,"_uf_show_specific_survey":0,"_uf_disable_surveys":false,"footnotes":""},"categories":[23,15],"tags":[483],"yoast_head":"<!-- This site is optimized with the Yoast SEO plugin v21.5 - https:\/\/yoast.com\/wordpress\/plugins\/seo\/ -->\n<title>Rama: Ballkanin e Hapur do ta l\u00eb anash, do t\u00eb fukosohem 100% tek Procesi i Berlinit<\/title>\n<meta name=\"robots\" content=\"index, follow, max-snippet:-1, max-image-preview:large, max-video-preview:-1\" \/>\n<link rel=\"canonical\" href=\"https:\/\/permbledhja.com\/sq\/rama-ballkanin-e-hapur-do-ta-le-anash-do-te-fukosohem-100-tek-procesi-i-berlinit\/\" \/>\n<meta property=\"og:locale\" content=\"sq_AL\" \/>\n<meta property=\"og:type\" content=\"article\" \/>\n<meta property=\"og:title\" content=\"Rama: Ballkanin e Hapur do ta l\u00eb anash, do t\u00eb fukosohem 100% tek Procesi i Berlinit\" \/>\n<meta property=\"og:description\" content=\"Kryeministri i Shqip\u00ebris\u00eb, Edi Rama, ka folur nga Shkupi p\u00ebr nism\u00ebn Ballkani i Hapur. Rama ka th\u00ebn\u00eb se d\u00ebshiron q\u00eb nj\u00eb nism\u00eb t\u00eb till\u00eb ta l\u00eb anash dhe t\u00eb fokusohet 100 % tek Procesi i Berlinit. Rama ka th\u00ebn\u00eb se edhe po t\u00eb kthehej 1 mij\u00eb her\u00eb mbrapa do ta rib\u00ebnte p\u00ebrs\u00ebri Ballkanin e Hapur [&hellip;]\" \/>\n<meta property=\"og:url\" content=\"https:\/\/permbledhja.com\/sq\/rama-ballkanin-e-hapur-do-ta-le-anash-do-te-fukosohem-100-tek-procesi-i-berlinit\/\" \/>\n<meta property=\"og:site_name\" content=\"Ve\u00e7 artikuj p\u00ebrmbledh\u00ebs\" \/>\n<meta property=\"article:publisher\" content=\"https:\/\/www.facebook.com\/press07\/\" \/>\n<meta property=\"article:author\" content=\"https:\/\/www.facebook.com\/kafexhiu.muharrem\/\" \/>\n<meta property=\"article:published_time\" content=\"2023-07-06T13:31:40+00:00\" \/>\n<meta property=\"og:image\" content=\"https:\/\/permbledhja.com\/wp-content\/uploads\/2023\/07\/Open_Balkan_29_07_2021-600x360-1.webp\" \/>\n\t<meta property=\"og:image:width\" content=\"600\" \/>\n\t<meta property=\"og:image:height\" content=\"360\" \/>\n\t<meta property=\"og:image:type\" content=\"image\/webp\" \/>\n<meta name=\"author\" content=\"P\u00ebrmbledhja\" \/>\n<meta name=\"twitter:card\" content=\"summary_large_image\" \/>\n<meta name=\"twitter:label1\" content=\"Written by\" \/>\n\t<meta name=\"twitter:data1\" content=\"P\u00ebrmbledhja\" \/>\n\t<meta name=\"twitter:label2\" content=\"Est. reading time\" \/>\n\t<meta name=\"twitter:data2\" content=\"2 minuta\" \/>\n<script type=\"application\/ld+json\" class=\"yoast-schema-graph\">{\"@context\":\"https:\/\/schema.org\",\"@graph\":[{\"@type\":\"Article\",\"@id\":\"https:\/\/permbledhja.com\/rama-ballkanin-e-hapur-do-ta-le-anash-do-te-fukosohem-100-tek-procesi-i-berlinit\/#article\",\"isPartOf\":{\"@id\":\"https:\/\/permbledhja.com\/rama-ballkanin-e-hapur-do-ta-le-anash-do-te-fukosohem-100-tek-procesi-i-berlinit\/\"},\"author\":{\"name\":\"P\u00ebrmbledhja\",\"@id\":\"https:\/\/permbledhja.com\/#\/schema\/person\/0d064377258d3221e50693947b9eb4fe\"},\"headline\":\"Rama: Ballkanin e Hapur do ta l\u00eb anash, do t\u00eb fukosohem 100% tek Procesi i Berlinit\",\"datePublished\":\"2023-07-06T13:31:40+00:00\",\"dateModified\":\"2023-07-06T13:31:40+00:00\",\"mainEntityOfPage\":{\"@id\":\"https:\/\/permbledhja.com\/rama-ballkanin-e-hapur-do-ta-le-anash-do-te-fukosohem-100-tek-procesi-i-berlinit\/\"},\"wordCount\":431,\"publisher\":{\"@id\":\"https:\/\/permbledhja.com\/#organization\"},\"keywords\":[\"Rama\"],\"articleSection\":[\"Komb\u00ebtare\",\"Lajme\"],\"inLanguage\":\"sq\"},{\"@type\":\"WebPage\",\"@id\":\"https:\/\/permbledhja.com\/rama-ballkanin-e-hapur-do-ta-le-anash-do-te-fukosohem-100-tek-procesi-i-berlinit\/\",\"url\":\"https:\/\/permbledhja.com\/rama-ballkanin-e-hapur-do-ta-le-anash-do-te-fukosohem-100-tek-procesi-i-berlinit\/\",\"name\":\"Rama: Ballkanin e Hapur do ta l\u00eb anash, do t\u00eb fukosohem 100% tek Procesi i Berlinit\",\"isPartOf\":{\"@id\":\"https:\/\/permbledhja.com\/#website\"},\"datePublished\":\"2023-07-06T13:31:40+00:00\",\"dateModified\":\"2023-07-06T13:31:40+00:00\",\"breadcrumb\":{\"@id\":\"https:\/\/permbledhja.com\/rama-ballkanin-e-hapur-do-ta-le-anash-do-te-fukosohem-100-tek-procesi-i-berlinit\/#breadcrumb\"},\"inLanguage\":\"sq\",\"potentialAction\":[{\"@type\":\"ReadAction\",\"target\":[\"https:\/\/permbledhja.com\/rama-ballkanin-e-hapur-do-ta-le-anash-do-te-fukosohem-100-tek-procesi-i-berlinit\/\"]}]},{\"@type\":\"BreadcrumbList\",\"@id\":\"https:\/\/permbledhja.com\/rama-ballkanin-e-hapur-do-ta-le-anash-do-te-fukosohem-100-tek-procesi-i-berlinit\/#breadcrumb\",\"itemListElement\":[{\"@type\":\"ListItem\",\"position\":1,\"name\":\"Ballina\",\"item\":\"https:\/\/permbledhja.com\/sq\/\"},{\"@type\":\"ListItem\",\"position\":2,\"name\":\"Rama: Ballkanin e Hapur do ta l\u00eb anash, do t\u00eb fukosohem 100% tek Procesi i Berlinit\"}]},{\"@type\":\"WebSite\",\"@id\":\"https:\/\/permbledhja.com\/#website\",\"url\":\"https:\/\/permbledhja.com\/\",\"name\":\"Ve\u00e7 artikuj p\u00ebrmbledh\u00ebs\",\"description\":\"\",\"publisher\":{\"@id\":\"https:\/\/permbledhja.com\/#organization\"},\"potentialAction\":[{\"@type\":\"SearchAction\",\"target\":{\"@type\":\"EntryPoint\",\"urlTemplate\":\"https:\/\/permbledhja.com\/?s={search_term_string}\"},\"query-input\":\"required name=search_term_string\"}],\"inLanguage\":\"sq\"},{\"@type\":\"Organization\",\"@id\":\"https:\/\/permbledhja.com\/#organization\",\"name\":\"MK Media & Pr\",\"url\":\"https:\/\/permbledhja.com\/\",\"logo\":{\"@type\":\"ImageObject\",\"inLanguage\":\"sq\",\"@id\":\"https:\/\/permbledhja.com\/#\/schema\/logo\/image\/\",\"url\":\"https:\/\/permbledhja.com\/wp-content\/uploads\/2021\/12\/07-Press-Logo.jpg\",\"contentUrl\":\"https:\/\/permbledhja.com\/wp-content\/uploads\/2021\/12\/07-Press-Logo.jpg\",\"width\":512,\"height\":512,\"caption\":\"MK Media & Pr\"},\"image\":{\"@id\":\"https:\/\/permbledhja.com\/#\/schema\/logo\/image\/\"},\"sameAs\":[\"https:\/\/www.facebook.com\/press07\/\"]},{\"@type\":\"Person\",\"@id\":\"https:\/\/permbledhja.com\/#\/schema\/person\/0d064377258d3221e50693947b9eb4fe\",\"name\":\"P\u00ebrmbledhja\",\"image\":{\"@type\":\"ImageObject\",\"inLanguage\":\"sq\",\"@id\":\"https:\/\/permbledhja.com\/#\/schema\/person\/image\/\",\"url\":\"https:\/\/permbledhja.com\/wp-content\/uploads\/2026\/01\/452004717_1040944174702970_8932037511805513407_n-96x96.jpg\",\"contentUrl\":\"https:\/\/permbledhja.com\/wp-content\/uploads\/2026\/01\/452004717_1040944174702970_8932037511805513407_n-96x96.jpg\",\"caption\":\"P\u00ebrmbledhja\"},\"sameAs\":[\"https:\/\/www.facebook.com\/kafexhiu.muharrem\/\",\"https:\/\/www.instagram.com\/muharrem_kafexhiu\/\"],\"url\":\"https:\/\/permbledhja.com\/sq\/author\/admin\/\"}]}<\/script>\n<!-- \/ Yoast SEO plugin. -->","yoast_head_json":{"title":"Rama: Ballkanin e Hapur do ta l\u00eb anash, do t\u00eb fukosohem 100% tek Procesi i Berlinit","robots":{"index":"index","follow":"follow","max-snippet":"max-snippet:-1","max-image-preview":"max-image-preview:large","max-video-preview":"max-video-preview:-1"},"canonical":"https:\/\/permbledhja.com\/sq\/rama-ballkanin-e-hapur-do-ta-le-anash-do-te-fukosohem-100-tek-procesi-i-berlinit\/","og_locale":"sq_AL","og_type":"article","og_title":"Rama: Ballkanin e Hapur do ta l\u00eb anash, do t\u00eb fukosohem 100% tek Procesi i Berlinit","og_description":"Kryeministri i Shqip\u00ebris\u00eb, Edi Rama, ka folur nga Shkupi p\u00ebr nism\u00ebn Ballkani i Hapur. Rama ka th\u00ebn\u00eb se d\u00ebshiron q\u00eb nj\u00eb nism\u00eb t\u00eb till\u00eb ta l\u00eb anash dhe t\u00eb fokusohet 100 % tek Procesi i Berlinit. Rama ka th\u00ebn\u00eb se edhe po t\u00eb kthehej 1 mij\u00eb her\u00eb mbrapa do ta rib\u00ebnte p\u00ebrs\u00ebri Ballkanin e Hapur [&hellip;]","og_url":"https:\/\/permbledhja.com\/sq\/rama-ballkanin-e-hapur-do-ta-le-anash-do-te-fukosohem-100-tek-procesi-i-berlinit\/","og_site_name":"Ve\u00e7 artikuj p\u00ebrmbledh\u00ebs","article_publisher":"https:\/\/www.facebook.com\/press07\/","article_author":"https:\/\/www.facebook.com\/kafexhiu.muharrem\/","article_published_time":"2023-07-06T13:31:40+00:00","og_image":[{"width":600,"height":360,"url":"https:\/\/permbledhja.com\/wp-content\/uploads\/2023\/07\/Open_Balkan_29_07_2021-600x360-1.webp","type":"image\/webp"}],"author":"P\u00ebrmbledhja","twitter_card":"summary_large_image","twitter_misc":{"Written by":"P\u00ebrmbledhja","Est. reading time":"2 minuta"},"schema":{"@context":"https:\/\/schema.org","@graph":[{"@type":"Article","@id":"https:\/\/permbledhja.com\/rama-ballkanin-e-hapur-do-ta-le-anash-do-te-fukosohem-100-tek-procesi-i-berlinit\/#article","isPartOf":{"@id":"https:\/\/permbledhja.com\/rama-ballkanin-e-hapur-do-ta-le-anash-do-te-fukosohem-100-tek-procesi-i-berlinit\/"},"author":{"name":"P\u00ebrmbledhja","@id":"https:\/\/permbledhja.com\/#\/schema\/person\/0d064377258d3221e50693947b9eb4fe"},"headline":"Rama: Ballkanin e Hapur do ta l\u00eb anash, do t\u00eb fukosohem 100% tek Procesi i Berlinit","datePublished":"2023-07-06T13:31:40+00:00","dateModified":"2023-07-06T13:31:40+00:00","mainEntityOfPage":{"@id":"https:\/\/permbledhja.com\/rama-ballkanin-e-hapur-do-ta-le-anash-do-te-fukosohem-100-tek-procesi-i-berlinit\/"},"wordCount":431,"publisher":{"@id":"https:\/\/permbledhja.com\/#organization"},"keywords":["Rama"],"articleSection":["Komb\u00ebtare","Lajme"],"inLanguage":"sq"},{"@type":"WebPage","@id":"https:\/\/permbledhja.com\/rama-ballkanin-e-hapur-do-ta-le-anash-do-te-fukosohem-100-tek-procesi-i-berlinit\/","url":"https:\/\/permbledhja.com\/rama-ballkanin-e-hapur-do-ta-le-anash-do-te-fukosohem-100-tek-procesi-i-berlinit\/","name":"Rama: Ballkanin e Hapur do ta l\u00eb anash, do t\u00eb fukosohem 100% tek Procesi i Berlinit","isPartOf":{"@id":"https:\/\/permbledhja.com\/#website"},"datePublished":"2023-07-06T13:31:40+00:00","dateModified":"2023-07-06T13:31:40+00:00","breadcrumb":{"@id":"https:\/\/permbledhja.com\/rama-ballkanin-e-hapur-do-ta-le-anash-do-te-fukosohem-100-tek-procesi-i-berlinit\/#breadcrumb"},"inLanguage":"sq","potentialAction":[{"@type":"ReadAction","target":["https:\/\/permbledhja.com\/rama-ballkanin-e-hapur-do-ta-le-anash-do-te-fukosohem-100-tek-procesi-i-berlinit\/"]}]},{"@type":"BreadcrumbList","@id":"https:\/\/permbledhja.com\/rama-ballkanin-e-hapur-do-ta-le-anash-do-te-fukosohem-100-tek-procesi-i-berlinit\/#breadcrumb","itemListElement":[{"@type":"ListItem","position":1,"name":"Ballina","item":"https:\/\/permbledhja.com\/sq\/"},{"@type":"ListItem","position":2,"name":"Rama: Ballkanin e Hapur do ta l\u00eb anash, do t\u00eb fukosohem 100% tek Procesi i Berlinit"}]},{"@type":"WebSite","@id":"https:\/\/permbledhja.com\/#website","url":"https:\/\/permbledhja.com\/","name":"Ve\u00e7 artikuj p\u00ebrmbledh\u00ebs","description":"","publisher":{"@id":"https:\/\/permbledhja.com\/#organization"},"potentialAction":[{"@type":"SearchAction","target":{"@type":"EntryPoint","urlTemplate":"https:\/\/permbledhja.com\/?s={search_term_string}"},"query-input":"required name=search_term_string"}],"inLanguage":"sq"},{"@type":"Organization","@id":"https:\/\/permbledhja.com\/#organization","name":"MK Media & Pr","url":"https:\/\/permbledhja.com\/","logo":{"@type":"ImageObject","inLanguage":"sq","@id":"https:\/\/permbledhja.com\/#\/schema\/logo\/image\/","url":"https:\/\/permbledhja.com\/wp-content\/uploads\/2021\/12\/07-Press-Logo.jpg","contentUrl":"https:\/\/permbledhja.com\/wp-content\/uploads\/2021\/12\/07-Press-Logo.jpg","width":512,"height":512,"caption":"MK Media & Pr"},"image":{"@id":"https:\/\/permbledhja.com\/#\/schema\/logo\/image\/"},"sameAs":["https:\/\/www.facebook.com\/press07\/"]},{"@type":"Person","@id":"https:\/\/permbledhja.com\/#\/schema\/person\/0d064377258d3221e50693947b9eb4fe","name":"P\u00ebrmbledhja","image":{"@type":"ImageObject","inLanguage":"sq","@id":"https:\/\/permbledhja.com\/#\/schema\/person\/image\/","url":"https:\/\/permbledhja.com\/wp-content\/uploads\/2026\/01\/452004717_1040944174702970_8932037511805513407_n-96x96.jpg","contentUrl":"https:\/\/permbledhja.com\/wp-content\/uploads\/2026\/01\/452004717_1040944174702970_8932037511805513407_n-96x96.jpg","caption":"P\u00ebrmbledhja"},"sameAs":["https:\/\/www.facebook.com\/kafexhiu.muharrem\/","https:\/\/www.instagram.com\/muharrem_kafexhiu\/"],"url":"https:\/\/permbledhja.com\/sq\/author\/admin\/"}]}},"_links":{"self":[{"href":"https:\/\/permbledhja.com\/sq\/wp-json\/wp\/v2\/posts\/17825"}],"collection":[{"href":"https:\/\/permbledhja.com\/sq\/wp-json\/wp\/v2\/posts"}],"about":[{"href":"https:\/\/permbledhja.com\/sq\/wp-json\/wp\/v2\/types\/post"}],"author":[{"embeddable":true,"href":"https:\/\/permbledhja.com\/sq\/wp-json\/wp\/v2\/users\/1"}],"replies":[{"embeddable":true,"href":"https:\/\/permbledhja.com\/sq\/wp-json\/wp\/v2\/comments?post=17825"}],"version-history":[{"count":1,"href":"https:\/\/permbledhja.com\/sq\/wp-json\/wp\/v2\/posts\/17825\/revisions"}],"predecessor-version":[{"id":17827,"href":"https:\/\/permbledhja.com\/sq\/wp-json\/wp\/v2\/posts\/17825\/revisions\/17827"}],"wp:featuredmedia":[{"embeddable":true,"href":"https:\/\/permbledhja.com\/sq\/wp-json\/wp\/v2\/media\/17826"}],"wp:attachment":[{"href":"https:\/\/permbledhja.com\/sq\/wp-json\/wp\/v2\/media?parent=17825"}],"wp:term":[{"taxonomy":"category","embeddable":true,"href":"https:\/\/permbledhja.com\/sq\/wp-json\/wp\/v2\/categories?post=17825"},{"taxonomy":"post_tag","embeddable":true,"href":"https:\/\/permbledhja.com\/sq\/wp-json\/wp\/v2\/tags?post=17825"}],"curies":[{"name":"wp","href":"https:\/\/api.w.org\/{rel}","templated":true}]}}