{"id":17792,"date":"2023-07-06T10:01:03","date_gmt":"2023-07-06T10:01:03","guid":{"rendered":"https:\/\/permbledhja.com\/?p=17792"},"modified":"2023-07-06T10:01:03","modified_gmt":"2023-07-06T10:01:03","slug":"partite-politike-bashkojne-forcat-te-gatshme-per-rrezimin-e-qeverise-kurti","status":"publish","type":"post","link":"https:\/\/permbledhja.com\/sq\/partite-politike-bashkojne-forcat-te-gatshme-per-rrezimin-e-qeverise-kurti\/","title":{"rendered":"Partit\u00eb politike bashkojn\u00eb \u2018forcat\u2019 t\u00eb gatshme p\u00ebr rr\u00ebzimin e qeveris\u00eb Kurti"},"content":{"rendered":"<h3>Shefi i Grupit Parlamentar i AAK-s\u00eb, Besnik Tahiri, ka deklaruar t\u00eb enjten se ka pasur disa biseda me shefat e Grupeve Parlamentare t\u00eb PDK-s\u00eb dhe LDK-s\u00eb, p\u00ebr ta rr\u00ebzuar kryeministrin e Kosov\u00ebs, Albin Kurti.<\/h3>\n<p>AAK-ja ka iniciuar nj\u00eb mocion vot\u00ebbesimi ndaj Qeveris\u00eb Kurti dhe p\u00ebr k\u00ebt\u00eb, Tahiri shprehet se deputet\u00ebt opozitar\u00eb kan\u00eb shprehur gatishm\u00ebrin\u00eb e tyre q\u00eb t\u2019i v\u00ebn\u00eb n\u00ebnshkrimet dhe ta sjellin nj\u00eb vendim n\u00eb Kuvendin e Kosov\u00ebs.<\/p>\n<p><em>\u201cAAK-ja ka pasur pozicione shum\u00eb t\u00eb qarta n\u00eb Kuvend, gjate k\u00ebtyre dy viteve. Iu kemi th\u00ebn\u00eb \u2018jo\u2019 ligjeve dhe \u2018po\u2019 ligjeve, marr\u00ebveshjeve nd\u00ebrkomb\u00ebtare, n\u00eb fakt marr\u00ebveshjes me Serbin\u00eb, planit franko-gjerman\u201d, tha ai para gazetar\u00ebve.\u201cNe kemi ngritur nj\u00eb mocion se mendojm\u00eb q\u00eb m\u00ebnyra e vetme demokratike \u00ebsht\u00eb kjo. Ne kemi qen\u00eb shum\u00eb t\u00eb qart\u00eb q\u00eb nga fillimi. Sa i p\u00ebrket masave t\u00eb Qeveris\u00eb, ne masat i b\u00ebjm\u00eb n\u00eb Kuvend. Platform\u00ebn e debatimit publik, adresimit t\u00eb temave, ne e shohim k\u00ebtu ku e kemi mandatin. P\u00ebrderisa, n\u00eb aspektin e bojkotimit, ne kemi marr\u00eb nj\u00eb vendim, vendim i cili do t\u00eb reflektoj\u00eb n\u00eb komisione, kryesi e seanc\u00eb\u201d<\/em>, shtoi ai.<\/p>\n<p>Tahiri u shpreh i bindur se nj\u00eb shumic\u00eb shqiptare dhe e pakicave n\u00eb Kuvendin e Kosov\u00ebs, pa List\u00ebn Serbe, \u00ebsht\u00eb e gatshme ta rr\u00ebzoj\u00eb Qeverin\u00eb Kurti nga pushteti.<\/p>\n<p><em>\u201cRruga \u00ebsht\u00eb q\u00eb partit\u00eb opozitare, kam biseduar me shefat e grupeve, kan\u00eb shprehur gatishm\u00ebrin\u00eb t\u2019i vendosin n\u00ebnshkrimet dhe ta sjellim nj\u00eb vendim n\u00eb Kuvend. Un\u00eb jam i bindur se nj\u00eb shumic\u00eb shqiptare dhe e pakicave, pa List\u00ebn Serpska, \u00ebsht\u00eb e gatshme q\u00eb t\u2019ia jap\u00eb verdiktin e merituar k\u00ebsaj qeverie, q\u00eb e dob\u00ebsoj\u00eb Kosov\u00ebn n\u00eb rrafshin nd\u00ebrkomb\u00ebtar dhe e varf\u00ebroj\u00eb skajshm\u00ebrish Kosov\u00ebn n\u00eb rrafshin e brendsh\u00ebm\u201d<\/em>, p\u00ebrfundoi Tahiri.<\/p>\n","protected":false},"excerpt":{"rendered":"<p>Shefi i Grupit Parlamentar i AAK-s\u00eb, Besnik Tahiri, ka deklaruar t\u00eb enjten se ka pasur disa biseda me shefat e Grupeve Parlamentare t\u00eb PDK-s\u00eb dhe LDK-s\u00eb, p\u00ebr ta rr\u00ebzuar kryeministrin e Kosov\u00ebs, Albin Kurti. AAK-ja ka iniciuar nj\u00eb mocion vot\u00ebbesimi ndaj Qeveris\u00eb Kurti dhe p\u00ebr k\u00ebt\u00eb, Tahiri shprehet se deputet\u00ebt opozitar\u00eb kan\u00eb shprehur gatishm\u00ebrin\u00eb e [&hellip;]<\/p>\n","protected":false},"author":1,"featured_media":17793,"comment_status":"closed","ping_status":"closed","sticky":false,"template":"","format":"standard","meta":{"_monsterinsights_skip_tracking":false,"_monsterinsights_sitenote_active":false,"_monsterinsights_sitenote_note":"","_monsterinsights_sitenote_category":0,"_uf_show_specific_survey":0,"_uf_disable_surveys":false,"footnotes":""},"categories":[1146],"tags":[86],"yoast_head":"<!-- This site is optimized with the Yoast SEO plugin v21.5 - https:\/\/yoast.com\/wordpress\/plugins\/seo\/ -->\n<title>Partit\u00eb politike bashkojn\u00eb \u2018forcat\u2019 t\u00eb gatshme p\u00ebr rr\u00ebzimin e qeveris\u00eb Kurti<\/title>\n<meta name=\"robots\" content=\"index, follow, max-snippet:-1, max-image-preview:large, max-video-preview:-1\" \/>\n<link rel=\"canonical\" href=\"https:\/\/permbledhja.com\/sq\/partite-politike-bashkojne-forcat-te-gatshme-per-rrezimin-e-qeverise-kurti\/\" \/>\n<meta property=\"og:locale\" content=\"sq_AL\" \/>\n<meta property=\"og:type\" content=\"article\" \/>\n<meta property=\"og:title\" content=\"Partit\u00eb politike bashkojn\u00eb \u2018forcat\u2019 t\u00eb gatshme p\u00ebr rr\u00ebzimin e qeveris\u00eb Kurti\" \/>\n<meta property=\"og:description\" content=\"Shefi i Grupit Parlamentar i AAK-s\u00eb, Besnik Tahiri, ka deklaruar t\u00eb enjten se ka pasur disa biseda me shefat e Grupeve Parlamentare t\u00eb PDK-s\u00eb dhe LDK-s\u00eb, p\u00ebr ta rr\u00ebzuar kryeministrin e Kosov\u00ebs, Albin Kurti. AAK-ja ka iniciuar nj\u00eb mocion vot\u00ebbesimi ndaj Qeveris\u00eb Kurti dhe p\u00ebr k\u00ebt\u00eb, Tahiri shprehet se deputet\u00ebt opozitar\u00eb kan\u00eb shprehur gatishm\u00ebrin\u00eb e [&hellip;]\" \/>\n<meta property=\"og:url\" content=\"https:\/\/permbledhja.com\/sq\/partite-politike-bashkojne-forcat-te-gatshme-per-rrezimin-e-qeverise-kurti\/\" \/>\n<meta property=\"og:site_name\" content=\"Ve\u00e7 artikuj p\u00ebrmbledh\u00ebs\" \/>\n<meta property=\"article:publisher\" content=\"https:\/\/www.facebook.com\/press07\/\" \/>\n<meta property=\"article:author\" content=\"https:\/\/www.facebook.com\/kafexhiu.muharrem\/\" \/>\n<meta property=\"article:published_time\" content=\"2023-07-06T10:01:03+00:00\" \/>\n<meta property=\"og:image\" content=\"https:\/\/permbledhja.com\/wp-content\/uploads\/2023\/07\/qeveria.jpg\" \/>\n\t<meta property=\"og:image:width\" content=\"850\" \/>\n\t<meta property=\"og:image:height\" content=\"515\" \/>\n\t<meta property=\"og:image:type\" content=\"image\/jpeg\" \/>\n<meta name=\"author\" content=\"P\u00ebrmbledhja\" \/>\n<meta name=\"twitter:card\" content=\"summary_large_image\" \/>\n<meta name=\"twitter:label1\" content=\"Written by\" \/>\n\t<meta name=\"twitter:data1\" content=\"P\u00ebrmbledhja\" \/>\n\t<meta name=\"twitter:label2\" content=\"Est. reading time\" \/>\n\t<meta name=\"twitter:data2\" content=\"2 minuta\" \/>\n<script type=\"application\/ld+json\" class=\"yoast-schema-graph\">{\"@context\":\"https:\/\/schema.org\",\"@graph\":[{\"@type\":\"Article\",\"@id\":\"https:\/\/permbledhja.com\/partite-politike-bashkojne-forcat-te-gatshme-per-rrezimin-e-qeverise-kurti\/#article\",\"isPartOf\":{\"@id\":\"https:\/\/permbledhja.com\/partite-politike-bashkojne-forcat-te-gatshme-per-rrezimin-e-qeverise-kurti\/\"},\"author\":{\"name\":\"P\u00ebrmbledhja\",\"@id\":\"https:\/\/permbledhja.com\/#\/schema\/person\/0d064377258d3221e50693947b9eb4fe\"},\"headline\":\"Partit\u00eb politike bashkojn\u00eb \u2018forcat\u2019 t\u00eb gatshme p\u00ebr rr\u00ebzimin e qeveris\u00eb Kurti\",\"datePublished\":\"2023-07-06T10:01:03+00:00\",\"dateModified\":\"2023-07-06T10:01:03+00:00\",\"mainEntityOfPage\":{\"@id\":\"https:\/\/permbledhja.com\/partite-politike-bashkojne-forcat-te-gatshme-per-rrezimin-e-qeverise-kurti\/\"},\"wordCount\":327,\"publisher\":{\"@id\":\"https:\/\/permbledhja.com\/#organization\"},\"keywords\":[\"Albin Kurti\"],\"articleSection\":[\"Kryesoret\"],\"inLanguage\":\"sq\"},{\"@type\":\"WebPage\",\"@id\":\"https:\/\/permbledhja.com\/partite-politike-bashkojne-forcat-te-gatshme-per-rrezimin-e-qeverise-kurti\/\",\"url\":\"https:\/\/permbledhja.com\/partite-politike-bashkojne-forcat-te-gatshme-per-rrezimin-e-qeverise-kurti\/\",\"name\":\"Partit\u00eb politike bashkojn\u00eb \u2018forcat\u2019 t\u00eb gatshme p\u00ebr rr\u00ebzimin e qeveris\u00eb Kurti\",\"isPartOf\":{\"@id\":\"https:\/\/permbledhja.com\/#website\"},\"datePublished\":\"2023-07-06T10:01:03+00:00\",\"dateModified\":\"2023-07-06T10:01:03+00:00\",\"breadcrumb\":{\"@id\":\"https:\/\/permbledhja.com\/partite-politike-bashkojne-forcat-te-gatshme-per-rrezimin-e-qeverise-kurti\/#breadcrumb\"},\"inLanguage\":\"sq\",\"potentialAction\":[{\"@type\":\"ReadAction\",\"target\":[\"https:\/\/permbledhja.com\/partite-politike-bashkojne-forcat-te-gatshme-per-rrezimin-e-qeverise-kurti\/\"]}]},{\"@type\":\"BreadcrumbList\",\"@id\":\"https:\/\/permbledhja.com\/partite-politike-bashkojne-forcat-te-gatshme-per-rrezimin-e-qeverise-kurti\/#breadcrumb\",\"itemListElement\":[{\"@type\":\"ListItem\",\"position\":1,\"name\":\"Ballina\",\"item\":\"https:\/\/permbledhja.com\/sq\/\"},{\"@type\":\"ListItem\",\"position\":2,\"name\":\"Partit\u00eb politike bashkojn\u00eb \u2018forcat\u2019 t\u00eb gatshme p\u00ebr rr\u00ebzimin e qeveris\u00eb Kurti\"}]},{\"@type\":\"WebSite\",\"@id\":\"https:\/\/permbledhja.com\/#website\",\"url\":\"https:\/\/permbledhja.com\/\",\"name\":\"Ve\u00e7 artikuj p\u00ebrmbledh\u00ebs\",\"description\":\"\",\"publisher\":{\"@id\":\"https:\/\/permbledhja.com\/#organization\"},\"potentialAction\":[{\"@type\":\"SearchAction\",\"target\":{\"@type\":\"EntryPoint\",\"urlTemplate\":\"https:\/\/permbledhja.com\/?s={search_term_string}\"},\"query-input\":\"required name=search_term_string\"}],\"inLanguage\":\"sq\"},{\"@type\":\"Organization\",\"@id\":\"https:\/\/permbledhja.com\/#organization\",\"name\":\"MK Media & Pr\",\"url\":\"https:\/\/permbledhja.com\/\",\"logo\":{\"@type\":\"ImageObject\",\"inLanguage\":\"sq\",\"@id\":\"https:\/\/permbledhja.com\/#\/schema\/logo\/image\/\",\"url\":\"https:\/\/permbledhja.com\/wp-content\/uploads\/2021\/12\/07-Press-Logo.jpg\",\"contentUrl\":\"https:\/\/permbledhja.com\/wp-content\/uploads\/2021\/12\/07-Press-Logo.jpg\",\"width\":512,\"height\":512,\"caption\":\"MK Media & Pr\"},\"image\":{\"@id\":\"https:\/\/permbledhja.com\/#\/schema\/logo\/image\/\"},\"sameAs\":[\"https:\/\/www.facebook.com\/press07\/\"]},{\"@type\":\"Person\",\"@id\":\"https:\/\/permbledhja.com\/#\/schema\/person\/0d064377258d3221e50693947b9eb4fe\",\"name\":\"P\u00ebrmbledhja\",\"image\":{\"@type\":\"ImageObject\",\"inLanguage\":\"sq\",\"@id\":\"https:\/\/permbledhja.com\/#\/schema\/person\/image\/\",\"url\":\"https:\/\/permbledhja.com\/wp-content\/uploads\/2026\/01\/452004717_1040944174702970_8932037511805513407_n-96x96.jpg\",\"contentUrl\":\"https:\/\/permbledhja.com\/wp-content\/uploads\/2026\/01\/452004717_1040944174702970_8932037511805513407_n-96x96.jpg\",\"caption\":\"P\u00ebrmbledhja\"},\"sameAs\":[\"https:\/\/www.facebook.com\/kafexhiu.muharrem\/\",\"https:\/\/www.instagram.com\/muharrem_kafexhiu\/\"],\"url\":\"https:\/\/permbledhja.com\/sq\/author\/admin\/\"}]}<\/script>\n<!-- \/ Yoast SEO plugin. -->","yoast_head_json":{"title":"Partit\u00eb politike bashkojn\u00eb \u2018forcat\u2019 t\u00eb gatshme p\u00ebr rr\u00ebzimin e qeveris\u00eb Kurti","robots":{"index":"index","follow":"follow","max-snippet":"max-snippet:-1","max-image-preview":"max-image-preview:large","max-video-preview":"max-video-preview:-1"},"canonical":"https:\/\/permbledhja.com\/sq\/partite-politike-bashkojne-forcat-te-gatshme-per-rrezimin-e-qeverise-kurti\/","og_locale":"sq_AL","og_type":"article","og_title":"Partit\u00eb politike bashkojn\u00eb \u2018forcat\u2019 t\u00eb gatshme p\u00ebr rr\u00ebzimin e qeveris\u00eb Kurti","og_description":"Shefi i Grupit Parlamentar i AAK-s\u00eb, Besnik Tahiri, ka deklaruar t\u00eb enjten se ka pasur disa biseda me shefat e Grupeve Parlamentare t\u00eb PDK-s\u00eb dhe LDK-s\u00eb, p\u00ebr ta rr\u00ebzuar kryeministrin e Kosov\u00ebs, Albin Kurti. AAK-ja ka iniciuar nj\u00eb mocion vot\u00ebbesimi ndaj Qeveris\u00eb Kurti dhe p\u00ebr k\u00ebt\u00eb, Tahiri shprehet se deputet\u00ebt opozitar\u00eb kan\u00eb shprehur gatishm\u00ebrin\u00eb e [&hellip;]","og_url":"https:\/\/permbledhja.com\/sq\/partite-politike-bashkojne-forcat-te-gatshme-per-rrezimin-e-qeverise-kurti\/","og_site_name":"Ve\u00e7 artikuj p\u00ebrmbledh\u00ebs","article_publisher":"https:\/\/www.facebook.com\/press07\/","article_author":"https:\/\/www.facebook.com\/kafexhiu.muharrem\/","article_published_time":"2023-07-06T10:01:03+00:00","og_image":[{"width":850,"height":515,"url":"https:\/\/permbledhja.com\/wp-content\/uploads\/2023\/07\/qeveria.jpg","type":"image\/jpeg"}],"author":"P\u00ebrmbledhja","twitter_card":"summary_large_image","twitter_misc":{"Written by":"P\u00ebrmbledhja","Est. reading time":"2 minuta"},"schema":{"@context":"https:\/\/schema.org","@graph":[{"@type":"Article","@id":"https:\/\/permbledhja.com\/partite-politike-bashkojne-forcat-te-gatshme-per-rrezimin-e-qeverise-kurti\/#article","isPartOf":{"@id":"https:\/\/permbledhja.com\/partite-politike-bashkojne-forcat-te-gatshme-per-rrezimin-e-qeverise-kurti\/"},"author":{"name":"P\u00ebrmbledhja","@id":"https:\/\/permbledhja.com\/#\/schema\/person\/0d064377258d3221e50693947b9eb4fe"},"headline":"Partit\u00eb politike bashkojn\u00eb \u2018forcat\u2019 t\u00eb gatshme p\u00ebr rr\u00ebzimin e qeveris\u00eb Kurti","datePublished":"2023-07-06T10:01:03+00:00","dateModified":"2023-07-06T10:01:03+00:00","mainEntityOfPage":{"@id":"https:\/\/permbledhja.com\/partite-politike-bashkojne-forcat-te-gatshme-per-rrezimin-e-qeverise-kurti\/"},"wordCount":327,"publisher":{"@id":"https:\/\/permbledhja.com\/#organization"},"keywords":["Albin Kurti"],"articleSection":["Kryesoret"],"inLanguage":"sq"},{"@type":"WebPage","@id":"https:\/\/permbledhja.com\/partite-politike-bashkojne-forcat-te-gatshme-per-rrezimin-e-qeverise-kurti\/","url":"https:\/\/permbledhja.com\/partite-politike-bashkojne-forcat-te-gatshme-per-rrezimin-e-qeverise-kurti\/","name":"Partit\u00eb politike bashkojn\u00eb \u2018forcat\u2019 t\u00eb gatshme p\u00ebr rr\u00ebzimin e qeveris\u00eb Kurti","isPartOf":{"@id":"https:\/\/permbledhja.com\/#website"},"datePublished":"2023-07-06T10:01:03+00:00","dateModified":"2023-07-06T10:01:03+00:00","breadcrumb":{"@id":"https:\/\/permbledhja.com\/partite-politike-bashkojne-forcat-te-gatshme-per-rrezimin-e-qeverise-kurti\/#breadcrumb"},"inLanguage":"sq","potentialAction":[{"@type":"ReadAction","target":["https:\/\/permbledhja.com\/partite-politike-bashkojne-forcat-te-gatshme-per-rrezimin-e-qeverise-kurti\/"]}]},{"@type":"BreadcrumbList","@id":"https:\/\/permbledhja.com\/partite-politike-bashkojne-forcat-te-gatshme-per-rrezimin-e-qeverise-kurti\/#breadcrumb","itemListElement":[{"@type":"ListItem","position":1,"name":"Ballina","item":"https:\/\/permbledhja.com\/sq\/"},{"@type":"ListItem","position":2,"name":"Partit\u00eb politike bashkojn\u00eb \u2018forcat\u2019 t\u00eb gatshme p\u00ebr rr\u00ebzimin e qeveris\u00eb Kurti"}]},{"@type":"WebSite","@id":"https:\/\/permbledhja.com\/#website","url":"https:\/\/permbledhja.com\/","name":"Ve\u00e7 artikuj p\u00ebrmbledh\u00ebs","description":"","publisher":{"@id":"https:\/\/permbledhja.com\/#organization"},"potentialAction":[{"@type":"SearchAction","target":{"@type":"EntryPoint","urlTemplate":"https:\/\/permbledhja.com\/?s={search_term_string}"},"query-input":"required name=search_term_string"}],"inLanguage":"sq"},{"@type":"Organization","@id":"https:\/\/permbledhja.com\/#organization","name":"MK Media & Pr","url":"https:\/\/permbledhja.com\/","logo":{"@type":"ImageObject","inLanguage":"sq","@id":"https:\/\/permbledhja.com\/#\/schema\/logo\/image\/","url":"https:\/\/permbledhja.com\/wp-content\/uploads\/2021\/12\/07-Press-Logo.jpg","contentUrl":"https:\/\/permbledhja.com\/wp-content\/uploads\/2021\/12\/07-Press-Logo.jpg","width":512,"height":512,"caption":"MK Media & Pr"},"image":{"@id":"https:\/\/permbledhja.com\/#\/schema\/logo\/image\/"},"sameAs":["https:\/\/www.facebook.com\/press07\/"]},{"@type":"Person","@id":"https:\/\/permbledhja.com\/#\/schema\/person\/0d064377258d3221e50693947b9eb4fe","name":"P\u00ebrmbledhja","image":{"@type":"ImageObject","inLanguage":"sq","@id":"https:\/\/permbledhja.com\/#\/schema\/person\/image\/","url":"https:\/\/permbledhja.com\/wp-content\/uploads\/2026\/01\/452004717_1040944174702970_8932037511805513407_n-96x96.jpg","contentUrl":"https:\/\/permbledhja.com\/wp-content\/uploads\/2026\/01\/452004717_1040944174702970_8932037511805513407_n-96x96.jpg","caption":"P\u00ebrmbledhja"},"sameAs":["https:\/\/www.facebook.com\/kafexhiu.muharrem\/","https:\/\/www.instagram.com\/muharrem_kafexhiu\/"],"url":"https:\/\/permbledhja.com\/sq\/author\/admin\/"}]}},"_links":{"self":[{"href":"https:\/\/permbledhja.com\/sq\/wp-json\/wp\/v2\/posts\/17792"}],"collection":[{"href":"https:\/\/permbledhja.com\/sq\/wp-json\/wp\/v2\/posts"}],"about":[{"href":"https:\/\/permbledhja.com\/sq\/wp-json\/wp\/v2\/types\/post"}],"author":[{"embeddable":true,"href":"https:\/\/permbledhja.com\/sq\/wp-json\/wp\/v2\/users\/1"}],"replies":[{"embeddable":true,"href":"https:\/\/permbledhja.com\/sq\/wp-json\/wp\/v2\/comments?post=17792"}],"version-history":[{"count":1,"href":"https:\/\/permbledhja.com\/sq\/wp-json\/wp\/v2\/posts\/17792\/revisions"}],"predecessor-version":[{"id":17794,"href":"https:\/\/permbledhja.com\/sq\/wp-json\/wp\/v2\/posts\/17792\/revisions\/17794"}],"wp:featuredmedia":[{"embeddable":true,"href":"https:\/\/permbledhja.com\/sq\/wp-json\/wp\/v2\/media\/17793"}],"wp:attachment":[{"href":"https:\/\/permbledhja.com\/sq\/wp-json\/wp\/v2\/media?parent=17792"}],"wp:term":[{"taxonomy":"category","embeddable":true,"href":"https:\/\/permbledhja.com\/sq\/wp-json\/wp\/v2\/categories?post=17792"},{"taxonomy":"post_tag","embeddable":true,"href":"https:\/\/permbledhja.com\/sq\/wp-json\/wp\/v2\/tags?post=17792"}],"curies":[{"name":"wp","href":"https:\/\/api.w.org\/{rel}","templated":true}]}}