{"id":17790,"date":"2023-07-06T09:16:13","date_gmt":"2023-07-06T09:16:13","guid":{"rendered":"https:\/\/permbledhja.com\/?p=17790"},"modified":"2023-07-06T09:16:46","modified_gmt":"2023-07-06T09:16:46","slug":"dimal-basha-rames-po-e-luani-nderkombetarin-neutral","status":"publish","type":"post","link":"https:\/\/permbledhja.com\/sq\/dimal-basha-rames-po-e-luani-nderkombetarin-neutral\/","title":{"rendered":"Dimal Basha-Ram\u00ebs: Po e luani nd\u00ebrkomb\u00ebtarin neutral"},"content":{"rendered":"<h3>Kryeministri shqiptar Edi Rama sot do t\u00eb vizitoj\u00eb Kosov\u00ebn. Ai do t\u00eb pritet n\u00eb takim nga presidentja Vjosa Osmani, por \u00ebsht\u00eb n\u00eb pritje t\u00eb konfirmimit t\u00eb takimit nga kryeministri Albin Kurti.<\/h3>\n<p>Ky i fundit, i ka v\u00ebn\u00eb nj\u00eb kusht Ram\u00ebs, q\u00eb duhet t\u00eb mbahet mbledhja e p\u00ebrbashk\u00ebt dhe n\u00ebnshkruhen ato marr\u00ebveshje t\u00eb cilat kan\u00eb qen\u00eb n\u00eb plan.<\/p>\n<p>Deputeti i LVV-s\u00eb, Dimal Basha, ka th\u00ebn\u00eb se se sjellja e Ram\u00ebs karshi Kosov\u00ebs, \u00ebsht\u00eb si t\u00eb ishte sjellje e si me qen\u00eb kryeminist\u00ebr i Sllovakis\u00eb e jo Shqip\u00ebris\u00eb.<\/p>\n<p>Nd\u00ebr t\u00eb tjera ai i b\u00ebn thirrje Ram\u00ebs t\u00eb vij\u00eb dhe ti n\u00ebnshkruaj\u00eb marr\u00ebveshjet.<\/p>\n<p>Por, Rama para pak minutash ka b\u00ebr\u00eb t\u00eb ditur se ka dor\u00ebzuar n\u00eb Ministrin\u00eb e Jashtme t\u00eb Kosov\u00ebs, t\u00eb 13 marr\u00ebveshjet e firmosura nga ana e Shqip\u00ebris\u00eb.<\/p>\n<p>Ai shpreson q\u00eb pas k\u00ebtij akti, kryeministri Kurti t\u00eb pranoj\u00eb takimin me t\u00eb.<\/p>\n<p><strong>Postimi i plot\u00eb n\u00eb Facebook i Dimal Bash\u00ebs:<\/strong><\/p>\n<p><em>\ud835\udc0c\ud835\udc22\ud835\udc2b\u00eb\ud835\udc26\u00eb\ud835\udc27\ud835\udc20\ud835\udc23\ud835\udc1e\ud835\udc2c \ud835\udc0a\ud835\udc2b\ud835\udc32\ud835\udc1e\ud835\udc26\ud835\udc22\ud835\udc27\ud835\udc22\ud835\udc2c\ud835\udc2d\u00eb\ud835\udc2b \ud835\udc11\ud835\udc1a\ud835\udc26\ud835\udc1a,<\/em><br \/>\n<em>Mir\u00ebsevjen n\u00eb Kosov\u00eb. Fillimisht m\u00eb lejo t\u00eb p\u00ebrg\u00ebzoj q\u00eb p\u00ebrfundimisht u ktheve n\u00eb rrug\u00ebn e duhur t\u00eb Berlinit, dhe nj\u00ebkoh\u00ebsisht ngush\u00ebllime p\u00ebr d\u00ebshtimin e asaj t\u00eb Novi Sadit!<\/em><\/p>\n<p><em>Kurse sa i p\u00ebrket sjelljes tuaj nd\u00ebrkomb\u00ebtare n\u00eb raport me Kosov\u00ebn, gjendja \u00ebsht\u00eb kjo<\/em><\/p>\n<p><em>Ju keni k\u00ebrkuar mir\u00ebkuptim tek krer\u00ebt e BE-s\u00eb q\u00eb ta mir\u00ebkuptojn\u00eb Vu\u00e7iqin p\u00ebr mos v\u00ebnien e sanksioneve ndaj Rusis\u00eb!<\/em><\/p>\n<p><em>Totalisht absurde; megjithat\u00eb, a i keni k\u00ebrkuar dikujt n\u00eb BE q\u00eb t\u00eb mos sanksionohet Kosova dhe t\u00eb mir\u00ebkuptohet Kurti?!<\/em><\/p>\n<p><em>P\u00ebr m\u00eb tep\u00ebr, ishit i pari n\u00eb sanksionimin e Kosov\u00ebs, duke anuluar takimin mes dy qeverive dhe duke d\u00ebshtuar k\u00ebshtu n\u00ebnshkrimin e 13 marr\u00ebveshjeve!<\/em><\/p>\n<p><em>Pastaj kuptuam q\u00eb anulimi erdhi si pasoj\u00eb e zem\u00ebrimit tuaj q\u00eb Albini nuk po e implementon Asociacionin Vu\u00e7iqit!<\/em><\/p>\n<p><em>Mir\u00ebpo z. Rama, meq\u00eb po e luani nd\u00ebrkomb\u00ebtarin neutral, a na tregoni sa her\u00eb keni anuluar ndonj\u00eb takim me Vu\u00e7iqin kur ai haptas \ud835\udc11\ud835\udc04\ud835\udc05\ud835\udc14\ud835\udc19\ud835\udc0e\ud835\udc0d t\u00eb pranoj ekzistenc\u00ebn e \u00e7fardo marr\u00ebveshje? Dhe z. Rama, kur e pyesin mikun tuaj Vu\u00e7iq pse nuk e n\u00ebnshkruat marr\u00ebveshjen n\u00eb Oh\u00ebr, ai tallet me juve dhe BE-n\u00eb duke th\u00ean\u00eb se \u201cka dhimbje t\u00eb pap\u00ebrballueshme n\u00eb dor\u00ebn e djatht\u00eb me t\u00eb cil\u00ebn n\u00ebnshkruan, dhe kjo dhimbje do ta p\u00ebrcjell p\u00ebr 4 vitet e radh\u00ebs!\u201d<\/em><\/p>\n<p><em>\ud835\udc08 \ud835\udc1d\ud835\udc1a\ud835\udc2c\ud835\udc21\ud835\udc2e\ud835\udc2b \ud835\udc33. \ud835\udc11\ud835\udc1a\ud835\udc26\ud835\udc1a, \u00e7\ud835\udc1f\ud835\udc1a\ud835\udc2b\u00eb \ud835\udc2c\u2019\ud835\udc24\ud835\udc2e\ud835\udc29\ud835\udc2d\ud835\udc28\ud835\udc27\ud835\udc22 \ud835\udc27\u00eb \ud835\udc24\u00eb\ud835\udc2d\u00eb \ud835\udc26\ud835\udc1e\ud835\udc2c, \ud835\udc29\u00eb\ud835\udc2b\ud835\udc27\ud835\udc1d\ud835\udc2b\ud835\udc32\ud835\udc2c\ud835\udc21\ud835\udc1e \ud835\udc27\ud835\udc2e\ud835\udc24 \ud835\udc26\ud835\udc2e\ud835\udc27\ud835\udc1d \ud835\udc2d\u2019\ud835\uddf6 \ud835\uddf8\ud835\ude02\ud835\uddfd\ud835\ude01\ud835\uddfc\ud835\uddf7\ud835\uddfa\u00eb \ud835\ude00\ud835\uddf7\ud835\uddf2\ud835\uddf9\ud835\uddf9\ud835\uddf7\ud835\uddf2\ud835\ude01 \ud835\ude01\ud835\ude02\ud835\uddee \ud835\ude00\ud835\uddf6 \ud835\udc26\ud835\udc1e \ud835\udc2a\ud835\udc1e\ud835\udc27\u00eb \ud835\udc24\ud835\udc2b\ud835\udc32\ud835\udc1e\ud835\udc26\ud835\udc22\ud835\udc27\ud835\udc22\ud835\udc2c\ud835\udc2d\u00eb\ud835\udc2b \ud835\udc22 \ud835\udc12\ud835\udc25\ud835\udc25\ud835\udc28\ud835\udc2f\ud835\udc1a\ud835\udc24\ud835\udc22\ud835\udc2c\u00eb, \ud835\udc1e \ud835\udc23\ud835\udc28 \ud835\udc22 \ud835\udc12\ud835\udc21\ud835\udc2a\ud835\udc22\ud835\udc29\u00eb\ud835\udc2b\ud835\udc22\ud835\udc2c\ud835\udc1e! \ud835\udc04\ud835\udc23\ud835\udc1a \ud835\udc27\u00eb\ud835\udc27\ud835\udc2c\ud835\udc21\ud835\udc24\ud835\udc2b\ud835\udc2e\ud835\udc1a\ud835\udc23 \ud835\udc26\ud835\udc1a\ud835\udc2b\ud835\udc2b\u00eb\ud835\udc2f\ud835\udc1e\ud835\udc2c\ud835\udc21\ud835\udc23\ud835\udc1e\ud835\udc2d \ud835\udc24\ud835\udc2e \ud835\udc29\u00eb\ud835\udc2b\ud835\udc1f\ud835\udc22\ud835\udc2d\ud835\udc28\ud835\udc27 \ud835\udc0a\ud835\udc28\ud835\udc2c\ud835\udc28\ud835\udc2f\ud835\udc1a \ud835\udc1d\ud835\udc21\ud835\udc1e \ud835\udc12\ud835\udc21\ud835\udc2a\ud835\udc22\ud835\udc29\u00eb\ud835\udc2b\ud835\udc22\ud835\udc1a, \ud835\udc2c\ud835\udc1e\ud835\udc29\ud835\udc2c\ud835\udc1e \u00e7\ud835\udc1f\ud835\udc1a\ud835\udc2b\ud835\udc1d\ud835\udc28 \ud835\udc2c\ud835\udc23\ud835\udc1e\ud835\udc25\ud835\udc25\ud835\udc23\ud835\udc1e \ud835\udc2d\ud835\udc23\ud835\udc1e\ud835\udc2d\u00eb\ud835\udc2b \ud835\udc22 \ud835\udc20\u00eb\ud835\udc33\ud835\udc28\ud835\udc21\ud835\udc1e\ud835\udc2d \ud835\udc2f\ud835\udc1e\ud835\udc2d\u00eb\ud835\udc26 \ud835\udc12\ud835\udc1e\ud835\udc2b\ud835\udc1b\ud835\udc22\ud835\udc1a!<\/em><\/p>\n","protected":false},"excerpt":{"rendered":"<p>Kryeministri shqiptar Edi Rama sot do t\u00eb vizitoj\u00eb Kosov\u00ebn. Ai do t\u00eb pritet n\u00eb takim nga presidentja Vjosa Osmani, por \u00ebsht\u00eb n\u00eb pritje t\u00eb konfirmimit t\u00eb takimit nga kryeministri Albin Kurti. Ky i fundit, i ka v\u00ebn\u00eb nj\u00eb kusht Ram\u00ebs, q\u00eb duhet t\u00eb mbahet mbledhja e p\u00ebrbashk\u00ebt dhe n\u00ebnshkruhen ato marr\u00ebveshje t\u00eb cilat kan\u00eb qen\u00eb [&hellip;]<\/p>\n","protected":false},"author":1,"featured_media":1632,"comment_status":"closed","ping_status":"closed","sticky":false,"template":"","format":"standard","meta":{"_monsterinsights_skip_tracking":false,"_monsterinsights_sitenote_active":false,"_monsterinsights_sitenote_note":"","_monsterinsights_sitenote_category":0,"_uf_show_specific_survey":0,"_uf_disable_surveys":false,"footnotes":""},"categories":[1],"tags":[267],"yoast_head":"<!-- This site is optimized with the Yoast SEO plugin v21.5 - https:\/\/yoast.com\/wordpress\/plugins\/seo\/ -->\n<title>Dimal Basha-Ram\u00ebs: Po e luani nd\u00ebrkomb\u00ebtarin neutral<\/title>\n<meta name=\"robots\" content=\"index, follow, max-snippet:-1, max-image-preview:large, max-video-preview:-1\" \/>\n<link rel=\"canonical\" href=\"https:\/\/permbledhja.com\/sq\/dimal-basha-rames-po-e-luani-nderkombetarin-neutral\/\" \/>\n<meta property=\"og:locale\" content=\"sq_AL\" \/>\n<meta property=\"og:type\" content=\"article\" \/>\n<meta property=\"og:title\" content=\"Dimal Basha-Ram\u00ebs: Po e luani nd\u00ebrkomb\u00ebtarin neutral\" \/>\n<meta property=\"og:description\" content=\"Kryeministri shqiptar Edi Rama sot do t\u00eb vizitoj\u00eb Kosov\u00ebn. Ai do t\u00eb pritet n\u00eb takim nga presidentja Vjosa Osmani, por \u00ebsht\u00eb n\u00eb pritje t\u00eb konfirmimit t\u00eb takimit nga kryeministri Albin Kurti. Ky i fundit, i ka v\u00ebn\u00eb nj\u00eb kusht Ram\u00ebs, q\u00eb duhet t\u00eb mbahet mbledhja e p\u00ebrbashk\u00ebt dhe n\u00ebnshkruhen ato marr\u00ebveshje t\u00eb cilat kan\u00eb qen\u00eb [&hellip;]\" \/>\n<meta property=\"og:url\" content=\"https:\/\/permbledhja.com\/sq\/dimal-basha-rames-po-e-luani-nderkombetarin-neutral\/\" \/>\n<meta property=\"og:site_name\" content=\"Ve\u00e7 artikuj p\u00ebrmbledh\u00ebs\" \/>\n<meta property=\"article:publisher\" content=\"https:\/\/www.facebook.com\/press07\/\" \/>\n<meta property=\"article:author\" content=\"https:\/\/www.facebook.com\/kafexhiu.muharrem\/\" \/>\n<meta property=\"article:published_time\" content=\"2023-07-06T09:16:13+00:00\" \/>\n<meta property=\"article:modified_time\" content=\"2023-07-06T09:16:46+00:00\" \/>\n<meta property=\"og:image\" content=\"https:\/\/permbledhja.com\/wp-content\/uploads\/2022\/07\/dimal-basha.png\" \/>\n\t<meta property=\"og:image:width\" content=\"666\" \/>\n\t<meta property=\"og:image:height\" content=\"433\" \/>\n\t<meta property=\"og:image:type\" content=\"image\/png\" \/>\n<meta name=\"author\" content=\"P\u00ebrmbledhja\" \/>\n<meta name=\"twitter:card\" content=\"summary_large_image\" \/>\n<meta name=\"twitter:label1\" content=\"Written by\" \/>\n\t<meta name=\"twitter:data1\" content=\"P\u00ebrmbledhja\" \/>\n\t<meta name=\"twitter:label2\" content=\"Est. reading time\" \/>\n\t<meta name=\"twitter:data2\" content=\"2 minuta\" \/>\n<script type=\"application\/ld+json\" class=\"yoast-schema-graph\">{\"@context\":\"https:\/\/schema.org\",\"@graph\":[{\"@type\":\"Article\",\"@id\":\"https:\/\/permbledhja.com\/dimal-basha-rames-po-e-luani-nderkombetarin-neutral\/#article\",\"isPartOf\":{\"@id\":\"https:\/\/permbledhja.com\/dimal-basha-rames-po-e-luani-nderkombetarin-neutral\/\"},\"author\":{\"name\":\"P\u00ebrmbledhja\",\"@id\":\"https:\/\/permbledhja.com\/#\/schema\/person\/0d064377258d3221e50693947b9eb4fe\"},\"headline\":\"Dimal Basha-Ram\u00ebs: Po e luani nd\u00ebrkomb\u00ebtarin neutral\",\"datePublished\":\"2023-07-06T09:16:13+00:00\",\"dateModified\":\"2023-07-06T09:16:46+00:00\",\"mainEntityOfPage\":{\"@id\":\"https:\/\/permbledhja.com\/dimal-basha-rames-po-e-luani-nderkombetarin-neutral\/\"},\"wordCount\":428,\"publisher\":{\"@id\":\"https:\/\/permbledhja.com\/#organization\"},\"keywords\":[\"Dimal Basha\"],\"articleSection\":[\"Breaking News\"],\"inLanguage\":\"sq\"},{\"@type\":\"WebPage\",\"@id\":\"https:\/\/permbledhja.com\/dimal-basha-rames-po-e-luani-nderkombetarin-neutral\/\",\"url\":\"https:\/\/permbledhja.com\/dimal-basha-rames-po-e-luani-nderkombetarin-neutral\/\",\"name\":\"Dimal Basha-Ram\u00ebs: Po e luani nd\u00ebrkomb\u00ebtarin neutral\",\"isPartOf\":{\"@id\":\"https:\/\/permbledhja.com\/#website\"},\"datePublished\":\"2023-07-06T09:16:13+00:00\",\"dateModified\":\"2023-07-06T09:16:46+00:00\",\"breadcrumb\":{\"@id\":\"https:\/\/permbledhja.com\/dimal-basha-rames-po-e-luani-nderkombetarin-neutral\/#breadcrumb\"},\"inLanguage\":\"sq\",\"potentialAction\":[{\"@type\":\"ReadAction\",\"target\":[\"https:\/\/permbledhja.com\/dimal-basha-rames-po-e-luani-nderkombetarin-neutral\/\"]}]},{\"@type\":\"BreadcrumbList\",\"@id\":\"https:\/\/permbledhja.com\/dimal-basha-rames-po-e-luani-nderkombetarin-neutral\/#breadcrumb\",\"itemListElement\":[{\"@type\":\"ListItem\",\"position\":1,\"name\":\"Ballina\",\"item\":\"https:\/\/permbledhja.com\/sq\/\"},{\"@type\":\"ListItem\",\"position\":2,\"name\":\"Dimal Basha-Ram\u00ebs: Po e luani nd\u00ebrkomb\u00ebtarin neutral\"}]},{\"@type\":\"WebSite\",\"@id\":\"https:\/\/permbledhja.com\/#website\",\"url\":\"https:\/\/permbledhja.com\/\",\"name\":\"Ve\u00e7 artikuj p\u00ebrmbledh\u00ebs\",\"description\":\"\",\"publisher\":{\"@id\":\"https:\/\/permbledhja.com\/#organization\"},\"potentialAction\":[{\"@type\":\"SearchAction\",\"target\":{\"@type\":\"EntryPoint\",\"urlTemplate\":\"https:\/\/permbledhja.com\/?s={search_term_string}\"},\"query-input\":\"required name=search_term_string\"}],\"inLanguage\":\"sq\"},{\"@type\":\"Organization\",\"@id\":\"https:\/\/permbledhja.com\/#organization\",\"name\":\"MK Media & Pr\",\"url\":\"https:\/\/permbledhja.com\/\",\"logo\":{\"@type\":\"ImageObject\",\"inLanguage\":\"sq\",\"@id\":\"https:\/\/permbledhja.com\/#\/schema\/logo\/image\/\",\"url\":\"https:\/\/permbledhja.com\/wp-content\/uploads\/2021\/12\/07-Press-Logo.jpg\",\"contentUrl\":\"https:\/\/permbledhja.com\/wp-content\/uploads\/2021\/12\/07-Press-Logo.jpg\",\"width\":512,\"height\":512,\"caption\":\"MK Media & Pr\"},\"image\":{\"@id\":\"https:\/\/permbledhja.com\/#\/schema\/logo\/image\/\"},\"sameAs\":[\"https:\/\/www.facebook.com\/press07\/\"]},{\"@type\":\"Person\",\"@id\":\"https:\/\/permbledhja.com\/#\/schema\/person\/0d064377258d3221e50693947b9eb4fe\",\"name\":\"P\u00ebrmbledhja\",\"image\":{\"@type\":\"ImageObject\",\"inLanguage\":\"sq\",\"@id\":\"https:\/\/permbledhja.com\/#\/schema\/person\/image\/\",\"url\":\"https:\/\/permbledhja.com\/wp-content\/uploads\/2026\/01\/452004717_1040944174702970_8932037511805513407_n-96x96.jpg\",\"contentUrl\":\"https:\/\/permbledhja.com\/wp-content\/uploads\/2026\/01\/452004717_1040944174702970_8932037511805513407_n-96x96.jpg\",\"caption\":\"P\u00ebrmbledhja\"},\"sameAs\":[\"https:\/\/www.facebook.com\/kafexhiu.muharrem\/\",\"https:\/\/www.instagram.com\/muharrem_kafexhiu\/\"],\"url\":\"https:\/\/permbledhja.com\/sq\/author\/admin\/\"}]}<\/script>\n<!-- \/ Yoast SEO plugin. -->","yoast_head_json":{"title":"Dimal Basha-Ram\u00ebs: Po e luani nd\u00ebrkomb\u00ebtarin neutral","robots":{"index":"index","follow":"follow","max-snippet":"max-snippet:-1","max-image-preview":"max-image-preview:large","max-video-preview":"max-video-preview:-1"},"canonical":"https:\/\/permbledhja.com\/sq\/dimal-basha-rames-po-e-luani-nderkombetarin-neutral\/","og_locale":"sq_AL","og_type":"article","og_title":"Dimal Basha-Ram\u00ebs: Po e luani nd\u00ebrkomb\u00ebtarin neutral","og_description":"Kryeministri shqiptar Edi Rama sot do t\u00eb vizitoj\u00eb Kosov\u00ebn. Ai do t\u00eb pritet n\u00eb takim nga presidentja Vjosa Osmani, por \u00ebsht\u00eb n\u00eb pritje t\u00eb konfirmimit t\u00eb takimit nga kryeministri Albin Kurti. Ky i fundit, i ka v\u00ebn\u00eb nj\u00eb kusht Ram\u00ebs, q\u00eb duhet t\u00eb mbahet mbledhja e p\u00ebrbashk\u00ebt dhe n\u00ebnshkruhen ato marr\u00ebveshje t\u00eb cilat kan\u00eb qen\u00eb [&hellip;]","og_url":"https:\/\/permbledhja.com\/sq\/dimal-basha-rames-po-e-luani-nderkombetarin-neutral\/","og_site_name":"Ve\u00e7 artikuj p\u00ebrmbledh\u00ebs","article_publisher":"https:\/\/www.facebook.com\/press07\/","article_author":"https:\/\/www.facebook.com\/kafexhiu.muharrem\/","article_published_time":"2023-07-06T09:16:13+00:00","article_modified_time":"2023-07-06T09:16:46+00:00","og_image":[{"width":666,"height":433,"url":"https:\/\/permbledhja.com\/wp-content\/uploads\/2022\/07\/dimal-basha.png","type":"image\/png"}],"author":"P\u00ebrmbledhja","twitter_card":"summary_large_image","twitter_misc":{"Written by":"P\u00ebrmbledhja","Est. reading time":"2 minuta"},"schema":{"@context":"https:\/\/schema.org","@graph":[{"@type":"Article","@id":"https:\/\/permbledhja.com\/dimal-basha-rames-po-e-luani-nderkombetarin-neutral\/#article","isPartOf":{"@id":"https:\/\/permbledhja.com\/dimal-basha-rames-po-e-luani-nderkombetarin-neutral\/"},"author":{"name":"P\u00ebrmbledhja","@id":"https:\/\/permbledhja.com\/#\/schema\/person\/0d064377258d3221e50693947b9eb4fe"},"headline":"Dimal Basha-Ram\u00ebs: Po e luani nd\u00ebrkomb\u00ebtarin neutral","datePublished":"2023-07-06T09:16:13+00:00","dateModified":"2023-07-06T09:16:46+00:00","mainEntityOfPage":{"@id":"https:\/\/permbledhja.com\/dimal-basha-rames-po-e-luani-nderkombetarin-neutral\/"},"wordCount":428,"publisher":{"@id":"https:\/\/permbledhja.com\/#organization"},"keywords":["Dimal Basha"],"articleSection":["Breaking News"],"inLanguage":"sq"},{"@type":"WebPage","@id":"https:\/\/permbledhja.com\/dimal-basha-rames-po-e-luani-nderkombetarin-neutral\/","url":"https:\/\/permbledhja.com\/dimal-basha-rames-po-e-luani-nderkombetarin-neutral\/","name":"Dimal Basha-Ram\u00ebs: Po e luani nd\u00ebrkomb\u00ebtarin neutral","isPartOf":{"@id":"https:\/\/permbledhja.com\/#website"},"datePublished":"2023-07-06T09:16:13+00:00","dateModified":"2023-07-06T09:16:46+00:00","breadcrumb":{"@id":"https:\/\/permbledhja.com\/dimal-basha-rames-po-e-luani-nderkombetarin-neutral\/#breadcrumb"},"inLanguage":"sq","potentialAction":[{"@type":"ReadAction","target":["https:\/\/permbledhja.com\/dimal-basha-rames-po-e-luani-nderkombetarin-neutral\/"]}]},{"@type":"BreadcrumbList","@id":"https:\/\/permbledhja.com\/dimal-basha-rames-po-e-luani-nderkombetarin-neutral\/#breadcrumb","itemListElement":[{"@type":"ListItem","position":1,"name":"Ballina","item":"https:\/\/permbledhja.com\/sq\/"},{"@type":"ListItem","position":2,"name":"Dimal Basha-Ram\u00ebs: Po e luani nd\u00ebrkomb\u00ebtarin neutral"}]},{"@type":"WebSite","@id":"https:\/\/permbledhja.com\/#website","url":"https:\/\/permbledhja.com\/","name":"Ve\u00e7 artikuj p\u00ebrmbledh\u00ebs","description":"","publisher":{"@id":"https:\/\/permbledhja.com\/#organization"},"potentialAction":[{"@type":"SearchAction","target":{"@type":"EntryPoint","urlTemplate":"https:\/\/permbledhja.com\/?s={search_term_string}"},"query-input":"required name=search_term_string"}],"inLanguage":"sq"},{"@type":"Organization","@id":"https:\/\/permbledhja.com\/#organization","name":"MK Media & Pr","url":"https:\/\/permbledhja.com\/","logo":{"@type":"ImageObject","inLanguage":"sq","@id":"https:\/\/permbledhja.com\/#\/schema\/logo\/image\/","url":"https:\/\/permbledhja.com\/wp-content\/uploads\/2021\/12\/07-Press-Logo.jpg","contentUrl":"https:\/\/permbledhja.com\/wp-content\/uploads\/2021\/12\/07-Press-Logo.jpg","width":512,"height":512,"caption":"MK Media & Pr"},"image":{"@id":"https:\/\/permbledhja.com\/#\/schema\/logo\/image\/"},"sameAs":["https:\/\/www.facebook.com\/press07\/"]},{"@type":"Person","@id":"https:\/\/permbledhja.com\/#\/schema\/person\/0d064377258d3221e50693947b9eb4fe","name":"P\u00ebrmbledhja","image":{"@type":"ImageObject","inLanguage":"sq","@id":"https:\/\/permbledhja.com\/#\/schema\/person\/image\/","url":"https:\/\/permbledhja.com\/wp-content\/uploads\/2026\/01\/452004717_1040944174702970_8932037511805513407_n-96x96.jpg","contentUrl":"https:\/\/permbledhja.com\/wp-content\/uploads\/2026\/01\/452004717_1040944174702970_8932037511805513407_n-96x96.jpg","caption":"P\u00ebrmbledhja"},"sameAs":["https:\/\/www.facebook.com\/kafexhiu.muharrem\/","https:\/\/www.instagram.com\/muharrem_kafexhiu\/"],"url":"https:\/\/permbledhja.com\/sq\/author\/admin\/"}]}},"_links":{"self":[{"href":"https:\/\/permbledhja.com\/sq\/wp-json\/wp\/v2\/posts\/17790"}],"collection":[{"href":"https:\/\/permbledhja.com\/sq\/wp-json\/wp\/v2\/posts"}],"about":[{"href":"https:\/\/permbledhja.com\/sq\/wp-json\/wp\/v2\/types\/post"}],"author":[{"embeddable":true,"href":"https:\/\/permbledhja.com\/sq\/wp-json\/wp\/v2\/users\/1"}],"replies":[{"embeddable":true,"href":"https:\/\/permbledhja.com\/sq\/wp-json\/wp\/v2\/comments?post=17790"}],"version-history":[{"count":1,"href":"https:\/\/permbledhja.com\/sq\/wp-json\/wp\/v2\/posts\/17790\/revisions"}],"predecessor-version":[{"id":17791,"href":"https:\/\/permbledhja.com\/sq\/wp-json\/wp\/v2\/posts\/17790\/revisions\/17791"}],"wp:featuredmedia":[{"embeddable":true,"href":"https:\/\/permbledhja.com\/sq\/wp-json\/wp\/v2\/media\/1632"}],"wp:attachment":[{"href":"https:\/\/permbledhja.com\/sq\/wp-json\/wp\/v2\/media?parent=17790"}],"wp:term":[{"taxonomy":"category","embeddable":true,"href":"https:\/\/permbledhja.com\/sq\/wp-json\/wp\/v2\/categories?post=17790"},{"taxonomy":"post_tag","embeddable":true,"href":"https:\/\/permbledhja.com\/sq\/wp-json\/wp\/v2\/tags?post=17790"}],"curies":[{"name":"wp","href":"https:\/\/api.w.org\/{rel}","templated":true}]}}