{"id":17749,"date":"2023-07-05T21:51:18","date_gmt":"2023-07-05T21:51:18","guid":{"rendered":"https:\/\/permbledhja.com\/?p=17749"},"modified":"2023-07-05T21:51:18","modified_gmt":"2023-07-05T21:51:18","slug":"zv-kryetarja-e-zvecanit-pantoviq-takon-kurtin-flasin-per-projekte-e-investime-ne-kete-komune","status":"publish","type":"post","link":"https:\/\/permbledhja.com\/sq\/zv-kryetarja-e-zvecanit-pantoviq-takon-kurtin-flasin-per-projekte-e-investime-ne-kete-komune\/","title":{"rendered":"Zv\/kryetarja e Zve\u00e7anit Pantoviq takon Kurtin, flasin p\u00ebr projekte e investime n\u00eb k\u00ebt\u00eb komun\u00eb"},"content":{"rendered":"<p>Z\u00ebvend\u00ebskryetarja e Komun\u00ebs s\u00eb Zve\u00e7anit, Slagjana Pantoviq, \u00ebsht\u00eb pritur n\u00eb nj\u00eb takim nga kryeministri Albin Kurti.<\/p>\n<p>N\u00eb nj\u00eb postim n\u00eb Facebook, Pantoviq thot\u00eb se n\u00eb k\u00ebt\u00eb takim \u00ebsht\u00eb diskutuar p\u00ebr projektet dhe investimet e ardhshme n\u00eb komun\u00ebn e Zve\u00e7anit, \u201ct\u00eb cilat jan\u00eb jasht\u00ebzakonisht t\u00eb r\u00ebnd\u00ebsishme p\u00ebr komun\u00ebn dhe qytetar\u00ebt tan\u00eb n\u00eb k\u00ebt\u00eb koh\u00eb, si dhe p\u00ebr thellimin e bashk\u00ebpunimit nd\u00ebrmjet komun\u00ebs dhe autoriteteve qendrore n\u00eb Prishtin\u00eb\u201d, raporton Klankosova.tv.<\/p>\n<p>Nj\u00eb nga temat kryesore t\u00eb bised\u00ebs, tha ajo, ishte \u201cp\u00ebr problemet e p\u00ebrditshme me t\u00eb cilat ballafaqohen qytetar\u00ebt e komun\u00ebs son\u00eb, si papun\u00ebsia, rastet sociale, ndihma p\u00ebr fermer\u00ebt e shum\u00eb t\u00eb tjera\u201d.<\/p>\n<p>Tutje, ajo fal\u00ebnderoi kryeministrin Kurti i cili, sipas saj, \u201cshprehu gatishm\u00ebrin\u00eb dhe d\u00ebshir\u00ebn e tij t\u00eb plot\u00eb p\u00ebr t\u00eb ndihmuar zhvillimin e m\u00ebtutjesh\u00ebm t\u00eb komun\u00ebs s\u00eb Zve\u00e7anit dhe p\u00ebr t\u00eb takuar dhe ndihmuar qytetar\u00ebt n\u00eb \u00e7do m\u00ebnyr\u00eb, sepse p\u00ebr t\u00eb qet\u00ebsuar zjarrin dhe trazirat duhet t\u00eb ket\u00eb bashk\u00ebpunim, besim dhe ndihm\u00eb t\u00eb nd\u00ebrsjell\u00eb, sepse pa besim dhe bashk\u00ebpunim nuk mund t\u00eb zgjidhet asgj\u00eb, sepse me inate po e d\u00ebmtojm\u00eb veten dhe kjo nuk \u00ebsht\u00eb n\u00eb interesin ton\u00eb\u201d.<\/p>\n<p>Sllagjana Pantoviq \u00ebsht\u00eb em\u00ebruar n\u00ebnkryetare e Komun\u00ebs s\u00eb Zve\u00e7anit rreth nj\u00eb jav\u00eb m\u00eb par\u00eb.<\/p>\n<p>Vendimi \u00ebsht\u00eb n\u00ebnshkruar nga kryetari i k\u00ebsaj komune, Ilir Peci.<\/p>\n<p>Pantoviq, sipas vendimit, funksionin do ta kryej\u00eb deri n\u00eb p\u00ebrfundim t\u00eb mandatit t\u00eb kryetarit t\u00eb komun\u00ebs.<\/p>\n<p>Ishte e vetmja kandidate nga komuniteti serb, e cila ka marr\u00eb pjes\u00eb n\u00eb zgjedhjet e jasht\u00ebzakonshme lokale n\u00eb kat\u00ebr komuna t\u00eb veriut, m\u00eb 23 prill.<\/p>\n<p>Ajo kandidoi p\u00ebr kryetare t\u00eb Zve\u00e7anit.<\/p>\n<p>Sllagjana Pantoviqit m\u00eb pas iu ofrua mbrojtje policore p\u00ebr shkak t\u00eb k\u00ebrc\u00ebnimeve q\u00eb mori.<\/p>\n","protected":false},"excerpt":{"rendered":"<p>Z\u00ebvend\u00ebskryetarja e Komun\u00ebs s\u00eb Zve\u00e7anit, Slagjana Pantoviq, \u00ebsht\u00eb pritur n\u00eb nj\u00eb takim nga kryeministri Albin Kurti. N\u00eb nj\u00eb postim n\u00eb Facebook, Pantoviq thot\u00eb se n\u00eb k\u00ebt\u00eb takim \u00ebsht\u00eb diskutuar p\u00ebr projektet dhe investimet e ardhshme n\u00eb komun\u00ebn e Zve\u00e7anit, \u201ct\u00eb cilat jan\u00eb jasht\u00ebzakonisht t\u00eb r\u00ebnd\u00ebsishme p\u00ebr komun\u00ebn dhe qytetar\u00ebt tan\u00eb n\u00eb k\u00ebt\u00eb koh\u00eb, si dhe [&hellip;]<\/p>\n","protected":false},"author":2,"featured_media":17750,"comment_status":"closed","ping_status":"closed","sticky":false,"template":"","format":"standard","meta":{"_monsterinsights_skip_tracking":false,"_monsterinsights_sitenote_active":false,"_monsterinsights_sitenote_note":"","_monsterinsights_sitenote_category":0,"_uf_show_specific_survey":0,"_uf_disable_surveys":false,"footnotes":""},"categories":[23,15],"tags":[],"yoast_head":"<!-- This site is optimized with the Yoast SEO plugin v21.5 - https:\/\/yoast.com\/wordpress\/plugins\/seo\/ -->\n<title>Zv\/kryetarja e Zve\u00e7anit Pantoviq takon Kurtin, flasin p\u00ebr projekte e investime n\u00eb k\u00ebt\u00eb komun\u00eb<\/title>\n<meta name=\"robots\" content=\"index, follow, max-snippet:-1, max-image-preview:large, max-video-preview:-1\" \/>\n<link rel=\"canonical\" href=\"https:\/\/permbledhja.com\/sq\/zv-kryetarja-e-zvecanit-pantoviq-takon-kurtin-flasin-per-projekte-e-investime-ne-kete-komune\/\" \/>\n<meta property=\"og:locale\" content=\"sq_AL\" \/>\n<meta property=\"og:type\" content=\"article\" \/>\n<meta property=\"og:title\" content=\"Zv\/kryetarja e Zve\u00e7anit Pantoviq takon Kurtin, flasin p\u00ebr projekte e investime n\u00eb k\u00ebt\u00eb komun\u00eb\" \/>\n<meta property=\"og:description\" content=\"Z\u00ebvend\u00ebskryetarja e Komun\u00ebs s\u00eb Zve\u00e7anit, Slagjana Pantoviq, \u00ebsht\u00eb pritur n\u00eb nj\u00eb takim nga kryeministri Albin Kurti. N\u00eb nj\u00eb postim n\u00eb Facebook, Pantoviq thot\u00eb se n\u00eb k\u00ebt\u00eb takim \u00ebsht\u00eb diskutuar p\u00ebr projektet dhe investimet e ardhshme n\u00eb komun\u00ebn e Zve\u00e7anit, \u201ct\u00eb cilat jan\u00eb jasht\u00ebzakonisht t\u00eb r\u00ebnd\u00ebsishme p\u00ebr komun\u00ebn dhe qytetar\u00ebt tan\u00eb n\u00eb k\u00ebt\u00eb koh\u00eb, si dhe [&hellip;]\" \/>\n<meta property=\"og:url\" content=\"https:\/\/permbledhja.com\/sq\/zv-kryetarja-e-zvecanit-pantoviq-takon-kurtin-flasin-per-projekte-e-investime-ne-kete-komune\/\" \/>\n<meta property=\"og:site_name\" content=\"Ve\u00e7 artikuj p\u00ebrmbledh\u00ebs\" \/>\n<meta property=\"article:publisher\" content=\"https:\/\/www.facebook.com\/press07\/\" \/>\n<meta property=\"article:published_time\" content=\"2023-07-05T21:51:18+00:00\" \/>\n<meta property=\"og:image\" content=\"https:\/\/permbledhja.com\/wp-content\/uploads\/2023\/07\/yyyyu.jpg\" \/>\n\t<meta property=\"og:image:width\" content=\"886\" \/>\n\t<meta property=\"og:image:height\" content=\"476\" \/>\n\t<meta property=\"og:image:type\" content=\"image\/jpeg\" \/>\n<meta name=\"author\" content=\"M M\" \/>\n<meta name=\"twitter:card\" content=\"summary_large_image\" \/>\n<meta name=\"twitter:label1\" content=\"Written by\" \/>\n\t<meta name=\"twitter:data1\" content=\"M M\" \/>\n\t<meta name=\"twitter:label2\" content=\"Est. reading time\" \/>\n\t<meta name=\"twitter:data2\" content=\"2 minuta\" \/>\n<script type=\"application\/ld+json\" class=\"yoast-schema-graph\">{\"@context\":\"https:\/\/schema.org\",\"@graph\":[{\"@type\":\"Article\",\"@id\":\"https:\/\/permbledhja.com\/zv-kryetarja-e-zvecanit-pantoviq-takon-kurtin-flasin-per-projekte-e-investime-ne-kete-komune\/#article\",\"isPartOf\":{\"@id\":\"https:\/\/permbledhja.com\/zv-kryetarja-e-zvecanit-pantoviq-takon-kurtin-flasin-per-projekte-e-investime-ne-kete-komune\/\"},\"author\":{\"name\":\"M M\",\"@id\":\"https:\/\/permbledhja.com\/#\/schema\/person\/d23f13f59b5722643933d6780783acf3\"},\"headline\":\"Zv\/kryetarja e Zve\u00e7anit Pantoviq takon Kurtin, flasin p\u00ebr projekte e investime n\u00eb k\u00ebt\u00eb komun\u00eb\",\"datePublished\":\"2023-07-05T21:51:18+00:00\",\"dateModified\":\"2023-07-05T21:51:18+00:00\",\"mainEntityOfPage\":{\"@id\":\"https:\/\/permbledhja.com\/zv-kryetarja-e-zvecanit-pantoviq-takon-kurtin-flasin-per-projekte-e-investime-ne-kete-komune\/\"},\"wordCount\":340,\"publisher\":{\"@id\":\"https:\/\/permbledhja.com\/#organization\"},\"articleSection\":[\"Komb\u00ebtare\",\"Lajme\"],\"inLanguage\":\"sq\"},{\"@type\":\"WebPage\",\"@id\":\"https:\/\/permbledhja.com\/zv-kryetarja-e-zvecanit-pantoviq-takon-kurtin-flasin-per-projekte-e-investime-ne-kete-komune\/\",\"url\":\"https:\/\/permbledhja.com\/zv-kryetarja-e-zvecanit-pantoviq-takon-kurtin-flasin-per-projekte-e-investime-ne-kete-komune\/\",\"name\":\"Zv\/kryetarja e Zve\u00e7anit Pantoviq takon Kurtin, flasin p\u00ebr projekte e investime n\u00eb k\u00ebt\u00eb komun\u00eb\",\"isPartOf\":{\"@id\":\"https:\/\/permbledhja.com\/#website\"},\"datePublished\":\"2023-07-05T21:51:18+00:00\",\"dateModified\":\"2023-07-05T21:51:18+00:00\",\"breadcrumb\":{\"@id\":\"https:\/\/permbledhja.com\/zv-kryetarja-e-zvecanit-pantoviq-takon-kurtin-flasin-per-projekte-e-investime-ne-kete-komune\/#breadcrumb\"},\"inLanguage\":\"sq\",\"potentialAction\":[{\"@type\":\"ReadAction\",\"target\":[\"https:\/\/permbledhja.com\/zv-kryetarja-e-zvecanit-pantoviq-takon-kurtin-flasin-per-projekte-e-investime-ne-kete-komune\/\"]}]},{\"@type\":\"BreadcrumbList\",\"@id\":\"https:\/\/permbledhja.com\/zv-kryetarja-e-zvecanit-pantoviq-takon-kurtin-flasin-per-projekte-e-investime-ne-kete-komune\/#breadcrumb\",\"itemListElement\":[{\"@type\":\"ListItem\",\"position\":1,\"name\":\"Ballina\",\"item\":\"https:\/\/permbledhja.com\/sq\/\"},{\"@type\":\"ListItem\",\"position\":2,\"name\":\"Zv\/kryetarja e Zve\u00e7anit Pantoviq takon Kurtin, flasin p\u00ebr projekte e investime n\u00eb k\u00ebt\u00eb komun\u00eb\"}]},{\"@type\":\"WebSite\",\"@id\":\"https:\/\/permbledhja.com\/#website\",\"url\":\"https:\/\/permbledhja.com\/\",\"name\":\"Ve\u00e7 artikuj p\u00ebrmbledh\u00ebs\",\"description\":\"\",\"publisher\":{\"@id\":\"https:\/\/permbledhja.com\/#organization\"},\"potentialAction\":[{\"@type\":\"SearchAction\",\"target\":{\"@type\":\"EntryPoint\",\"urlTemplate\":\"https:\/\/permbledhja.com\/?s={search_term_string}\"},\"query-input\":\"required name=search_term_string\"}],\"inLanguage\":\"sq\"},{\"@type\":\"Organization\",\"@id\":\"https:\/\/permbledhja.com\/#organization\",\"name\":\"MK Media & Pr\",\"url\":\"https:\/\/permbledhja.com\/\",\"logo\":{\"@type\":\"ImageObject\",\"inLanguage\":\"sq\",\"@id\":\"https:\/\/permbledhja.com\/#\/schema\/logo\/image\/\",\"url\":\"https:\/\/permbledhja.com\/wp-content\/uploads\/2021\/12\/07-Press-Logo.jpg\",\"contentUrl\":\"https:\/\/permbledhja.com\/wp-content\/uploads\/2021\/12\/07-Press-Logo.jpg\",\"width\":512,\"height\":512,\"caption\":\"MK Media & Pr\"},\"image\":{\"@id\":\"https:\/\/permbledhja.com\/#\/schema\/logo\/image\/\"},\"sameAs\":[\"https:\/\/www.facebook.com\/press07\/\"]},{\"@type\":\"Person\",\"@id\":\"https:\/\/permbledhja.com\/#\/schema\/person\/d23f13f59b5722643933d6780783acf3\",\"name\":\"M M\",\"image\":{\"@type\":\"ImageObject\",\"inLanguage\":\"sq\",\"@id\":\"https:\/\/permbledhja.com\/#\/schema\/person\/image\/\",\"url\":\"https:\/\/secure.gravatar.com\/avatar\/e2835a76ca7c31a2416b2d51c4ec9a8f?s=96&d=mm&r=g\",\"contentUrl\":\"https:\/\/secure.gravatar.com\/avatar\/e2835a76ca7c31a2416b2d51c4ec9a8f?s=96&d=mm&r=g\",\"caption\":\"M M\"},\"sameAs\":[\"http:\/\/MM\"],\"url\":\"https:\/\/permbledhja.com\/sq\/author\/muhamet\/\"}]}<\/script>\n<!-- \/ Yoast SEO plugin. -->","yoast_head_json":{"title":"Zv\/kryetarja e Zve\u00e7anit Pantoviq takon Kurtin, flasin p\u00ebr projekte e investime n\u00eb k\u00ebt\u00eb komun\u00eb","robots":{"index":"index","follow":"follow","max-snippet":"max-snippet:-1","max-image-preview":"max-image-preview:large","max-video-preview":"max-video-preview:-1"},"canonical":"https:\/\/permbledhja.com\/sq\/zv-kryetarja-e-zvecanit-pantoviq-takon-kurtin-flasin-per-projekte-e-investime-ne-kete-komune\/","og_locale":"sq_AL","og_type":"article","og_title":"Zv\/kryetarja e Zve\u00e7anit Pantoviq takon Kurtin, flasin p\u00ebr projekte e investime n\u00eb k\u00ebt\u00eb komun\u00eb","og_description":"Z\u00ebvend\u00ebskryetarja e Komun\u00ebs s\u00eb Zve\u00e7anit, Slagjana Pantoviq, \u00ebsht\u00eb pritur n\u00eb nj\u00eb takim nga kryeministri Albin Kurti. N\u00eb nj\u00eb postim n\u00eb Facebook, Pantoviq thot\u00eb se n\u00eb k\u00ebt\u00eb takim \u00ebsht\u00eb diskutuar p\u00ebr projektet dhe investimet e ardhshme n\u00eb komun\u00ebn e Zve\u00e7anit, \u201ct\u00eb cilat jan\u00eb jasht\u00ebzakonisht t\u00eb r\u00ebnd\u00ebsishme p\u00ebr komun\u00ebn dhe qytetar\u00ebt tan\u00eb n\u00eb k\u00ebt\u00eb koh\u00eb, si dhe [&hellip;]","og_url":"https:\/\/permbledhja.com\/sq\/zv-kryetarja-e-zvecanit-pantoviq-takon-kurtin-flasin-per-projekte-e-investime-ne-kete-komune\/","og_site_name":"Ve\u00e7 artikuj p\u00ebrmbledh\u00ebs","article_publisher":"https:\/\/www.facebook.com\/press07\/","article_published_time":"2023-07-05T21:51:18+00:00","og_image":[{"width":886,"height":476,"url":"https:\/\/permbledhja.com\/wp-content\/uploads\/2023\/07\/yyyyu.jpg","type":"image\/jpeg"}],"author":"M M","twitter_card":"summary_large_image","twitter_misc":{"Written by":"M M","Est. reading time":"2 minuta"},"schema":{"@context":"https:\/\/schema.org","@graph":[{"@type":"Article","@id":"https:\/\/permbledhja.com\/zv-kryetarja-e-zvecanit-pantoviq-takon-kurtin-flasin-per-projekte-e-investime-ne-kete-komune\/#article","isPartOf":{"@id":"https:\/\/permbledhja.com\/zv-kryetarja-e-zvecanit-pantoviq-takon-kurtin-flasin-per-projekte-e-investime-ne-kete-komune\/"},"author":{"name":"M M","@id":"https:\/\/permbledhja.com\/#\/schema\/person\/d23f13f59b5722643933d6780783acf3"},"headline":"Zv\/kryetarja e Zve\u00e7anit Pantoviq takon Kurtin, flasin p\u00ebr projekte e investime n\u00eb k\u00ebt\u00eb komun\u00eb","datePublished":"2023-07-05T21:51:18+00:00","dateModified":"2023-07-05T21:51:18+00:00","mainEntityOfPage":{"@id":"https:\/\/permbledhja.com\/zv-kryetarja-e-zvecanit-pantoviq-takon-kurtin-flasin-per-projekte-e-investime-ne-kete-komune\/"},"wordCount":340,"publisher":{"@id":"https:\/\/permbledhja.com\/#organization"},"articleSection":["Komb\u00ebtare","Lajme"],"inLanguage":"sq"},{"@type":"WebPage","@id":"https:\/\/permbledhja.com\/zv-kryetarja-e-zvecanit-pantoviq-takon-kurtin-flasin-per-projekte-e-investime-ne-kete-komune\/","url":"https:\/\/permbledhja.com\/zv-kryetarja-e-zvecanit-pantoviq-takon-kurtin-flasin-per-projekte-e-investime-ne-kete-komune\/","name":"Zv\/kryetarja e Zve\u00e7anit Pantoviq takon Kurtin, flasin p\u00ebr projekte e investime n\u00eb k\u00ebt\u00eb komun\u00eb","isPartOf":{"@id":"https:\/\/permbledhja.com\/#website"},"datePublished":"2023-07-05T21:51:18+00:00","dateModified":"2023-07-05T21:51:18+00:00","breadcrumb":{"@id":"https:\/\/permbledhja.com\/zv-kryetarja-e-zvecanit-pantoviq-takon-kurtin-flasin-per-projekte-e-investime-ne-kete-komune\/#breadcrumb"},"inLanguage":"sq","potentialAction":[{"@type":"ReadAction","target":["https:\/\/permbledhja.com\/zv-kryetarja-e-zvecanit-pantoviq-takon-kurtin-flasin-per-projekte-e-investime-ne-kete-komune\/"]}]},{"@type":"BreadcrumbList","@id":"https:\/\/permbledhja.com\/zv-kryetarja-e-zvecanit-pantoviq-takon-kurtin-flasin-per-projekte-e-investime-ne-kete-komune\/#breadcrumb","itemListElement":[{"@type":"ListItem","position":1,"name":"Ballina","item":"https:\/\/permbledhja.com\/sq\/"},{"@type":"ListItem","position":2,"name":"Zv\/kryetarja e Zve\u00e7anit Pantoviq takon Kurtin, flasin p\u00ebr projekte e investime n\u00eb k\u00ebt\u00eb komun\u00eb"}]},{"@type":"WebSite","@id":"https:\/\/permbledhja.com\/#website","url":"https:\/\/permbledhja.com\/","name":"Ve\u00e7 artikuj p\u00ebrmbledh\u00ebs","description":"","publisher":{"@id":"https:\/\/permbledhja.com\/#organization"},"potentialAction":[{"@type":"SearchAction","target":{"@type":"EntryPoint","urlTemplate":"https:\/\/permbledhja.com\/?s={search_term_string}"},"query-input":"required name=search_term_string"}],"inLanguage":"sq"},{"@type":"Organization","@id":"https:\/\/permbledhja.com\/#organization","name":"MK Media & Pr","url":"https:\/\/permbledhja.com\/","logo":{"@type":"ImageObject","inLanguage":"sq","@id":"https:\/\/permbledhja.com\/#\/schema\/logo\/image\/","url":"https:\/\/permbledhja.com\/wp-content\/uploads\/2021\/12\/07-Press-Logo.jpg","contentUrl":"https:\/\/permbledhja.com\/wp-content\/uploads\/2021\/12\/07-Press-Logo.jpg","width":512,"height":512,"caption":"MK Media & Pr"},"image":{"@id":"https:\/\/permbledhja.com\/#\/schema\/logo\/image\/"},"sameAs":["https:\/\/www.facebook.com\/press07\/"]},{"@type":"Person","@id":"https:\/\/permbledhja.com\/#\/schema\/person\/d23f13f59b5722643933d6780783acf3","name":"M M","image":{"@type":"ImageObject","inLanguage":"sq","@id":"https:\/\/permbledhja.com\/#\/schema\/person\/image\/","url":"https:\/\/secure.gravatar.com\/avatar\/e2835a76ca7c31a2416b2d51c4ec9a8f?s=96&d=mm&r=g","contentUrl":"https:\/\/secure.gravatar.com\/avatar\/e2835a76ca7c31a2416b2d51c4ec9a8f?s=96&d=mm&r=g","caption":"M M"},"sameAs":["http:\/\/MM"],"url":"https:\/\/permbledhja.com\/sq\/author\/muhamet\/"}]}},"_links":{"self":[{"href":"https:\/\/permbledhja.com\/sq\/wp-json\/wp\/v2\/posts\/17749"}],"collection":[{"href":"https:\/\/permbledhja.com\/sq\/wp-json\/wp\/v2\/posts"}],"about":[{"href":"https:\/\/permbledhja.com\/sq\/wp-json\/wp\/v2\/types\/post"}],"author":[{"embeddable":true,"href":"https:\/\/permbledhja.com\/sq\/wp-json\/wp\/v2\/users\/2"}],"replies":[{"embeddable":true,"href":"https:\/\/permbledhja.com\/sq\/wp-json\/wp\/v2\/comments?post=17749"}],"version-history":[{"count":1,"href":"https:\/\/permbledhja.com\/sq\/wp-json\/wp\/v2\/posts\/17749\/revisions"}],"predecessor-version":[{"id":17751,"href":"https:\/\/permbledhja.com\/sq\/wp-json\/wp\/v2\/posts\/17749\/revisions\/17751"}],"wp:featuredmedia":[{"embeddable":true,"href":"https:\/\/permbledhja.com\/sq\/wp-json\/wp\/v2\/media\/17750"}],"wp:attachment":[{"href":"https:\/\/permbledhja.com\/sq\/wp-json\/wp\/v2\/media?parent=17749"}],"wp:term":[{"taxonomy":"category","embeddable":true,"href":"https:\/\/permbledhja.com\/sq\/wp-json\/wp\/v2\/categories?post=17749"},{"taxonomy":"post_tag","embeddable":true,"href":"https:\/\/permbledhja.com\/sq\/wp-json\/wp\/v2\/tags?post=17749"}],"curies":[{"name":"wp","href":"https:\/\/api.w.org\/{rel}","templated":true}]}}