{"id":1768,"date":"2022-07-07T20:50:38","date_gmt":"2022-07-07T20:50:38","guid":{"rendered":"https:\/\/permbledhja.com\/?p=1768"},"modified":"2022-07-07T20:50:38","modified_gmt":"2022-07-07T20:50:38","slug":"te-premten-shtrengata-te-ashpra-lokale-priten-edhe-tornado-ujore-ne-shqiperi","status":"publish","type":"post","link":"https:\/\/permbledhja.com\/sq\/te-premten-shtrengata-te-ashpra-lokale-priten-edhe-tornado-ujore-ne-shqiperi\/","title":{"rendered":"T\u00eb premten shtr\u00ebngata t\u00eb ashpra lokale, priten edhe tornado ujore n\u00eb Shqip\u00ebri"},"content":{"rendered":"<p><strong>Moti kryesisht me diell dhe shum\u00eb i nxeht\u00eb ka vazhduar n\u00eb pjes\u00ebn m\u00eb t\u00eb madhe t\u00eb vendit dhe rajonit, p\u00ebrderisa t\u00eb Premten merr kthes\u00ebn drastike.<\/strong><\/p>\n<p>Nj\u00eb ciklon i cili gjendet mbi Itali, t\u00eb nes\u00ebrmen do t\u00eb l\u00ebviz\u00eb drejt Shqip\u00ebris\u00eb, Maqedonis\u00eb s\u00eb Veriut dhe Greqis\u00eb.<\/p>\n<p>Ky ciklon n\u00eb kombinim me frontin e ftoht\u00eb q\u00eb do t\u00eb dep\u00ebrtoj\u00eb, do t\u00eb krijoj nj\u00eb shp\u00ebrthim t\u00eb jasht\u00ebzakonsh\u00ebm t\u00eb shtr\u00ebngatave t\u00eb ashp\u00ebrta n\u00eb Shqip\u00ebri, Mal t\u00eb Zi, Kosov\u00eb, Maqedoni t\u00eb Veriut, Serbi, Greqi dhe Bullgari.<\/p>\n<p>Nga ky sistem, pritet t\u00eb gjeneroj bresh\u00ebr t\u00eb madh dhe shum\u00eb t\u00eb madh, shi rr\u00ebke, er\u00ebra t\u00eb fuqishme, shkarkesa t\u00eb ashp\u00ebrta elektrike, v\u00ebrshime t\u00eb shpejta si dhe tornado, ky i fundit mbulon ve\u00e7an\u00ebrisht detin Jon dhe bregdetin per\u00ebndimor grek, n\u00eb nj\u00eb shkall\u00eb m\u00eb t\u00eb vog\u00ebl edhe detin Tirren, Sicilin\u00eb, Jugun e Detit Adriatik dhe bregdetin shqiptar.<\/p>\n<p>Konveksioni pritet i shp\u00ebrndar\u00eb e deri t\u00eb p\u00ebrhapura, por do t\u00eb ket\u00eb edhe prej atyre t\u00eb paorganizuara, pra, do t\u00eb jen\u00eb edhe t\u00eb karakterit lokal.<\/p>\n<p>Konvekcioni ka t\u00eb ngjar\u00eb t\u00eb ndodh\u00eb gjat\u00eb gjith\u00eb periudh\u00ebs s\u00eb dit\u00ebs s\u00eb Premte n\u00eb zonat detare dhe bregdetare, nd\u00ebrsa i n\u00ebnshtrohet nj\u00eb cikli t\u00eb fort\u00eb ditor m\u00eb tej n\u00eb brend\u00ebsi t\u00eb tok\u00ebs.<\/p>\n<p>Po ashtu, pritet ulje e temperaturave n\u00eb t\u00eb gjith\u00eb vendin, e cila m\u00eb e ndjeshme pritet t\u00eb jet\u00eb t\u00eb Shtun\u00ebn n\u00eb Kosov\u00eb (duke zbritur n\u00ebn 20\u00b0C), nd\u00ebrsa n\u00eb Shqip\u00ebri e kund\u00ebrta, e po ashtu reshjet do t\u00eb mbesin me karakter lokal t\u00eb p\u00ebrq\u00ebndruara n\u00eb zonat e ul\u00ebta dhe ato malore. E nj\u00ebja gj\u00eb vlen\u00eb edhe p\u00ebr Malin e Zi, nd\u00ebrsa reshje m\u00eb shum\u00eb parashihen n\u00eb Maqedoni t\u00eb Veriut dhe Greqi.<\/p>\n<p>T\u00eb Diel\u00ebn priten vran\u00ebsira t\u00eb shpeshta n\u00eb Kosov\u00eb, ku ka mund\u00ebsi p\u00ebr ndonj\u00eb reshje t\u00eb izoluar, nd\u00ebrsa n\u00eb Shqip\u00ebri kryesisht me diell. Temperaturat sh\u00ebnojn\u00eb ngritje, m\u00eb e ndjeshme n\u00eb Shqip\u00ebri, por nuk do t\u00eb jet\u00eb edhe aq shum\u00eb nxeht\u00eb. \/MeteoKosova\/<\/p>\n","protected":false},"excerpt":{"rendered":"<p>Moti kryesisht me diell dhe shum\u00eb i nxeht\u00eb ka vazhduar n\u00eb pjes\u00ebn m\u00eb t\u00eb madhe t\u00eb vendit dhe rajonit, p\u00ebrderisa t\u00eb Premten merr kthes\u00ebn drastike. Nj\u00eb ciklon i cili gjendet mbi Itali, t\u00eb nes\u00ebrmen do t\u00eb l\u00ebviz\u00eb drejt Shqip\u00ebris\u00eb, Maqedonis\u00eb s\u00eb Veriut dhe Greqis\u00eb. Ky ciklon n\u00eb kombinim me frontin e ftoht\u00eb q\u00eb do t\u00eb [&hellip;]<\/p>\n","protected":false},"author":1,"featured_media":1769,"comment_status":"closed","ping_status":"closed","sticky":false,"template":"","format":"standard","meta":{"_monsterinsights_skip_tracking":false,"_monsterinsights_sitenote_active":false,"_monsterinsights_sitenote_note":"","_monsterinsights_sitenote_category":0,"_uf_show_specific_survey":0,"_uf_disable_surveys":false,"footnotes":""},"categories":[23,15],"tags":[302],"yoast_head":"<!-- This site is optimized with the Yoast SEO plugin v21.5 - https:\/\/yoast.com\/wordpress\/plugins\/seo\/ -->\n<title>T\u00eb premten shtr\u00ebngata t\u00eb ashpra lokale, priten edhe tornado ujore n\u00eb Shqip\u00ebri<\/title>\n<meta name=\"robots\" content=\"index, follow, max-snippet:-1, max-image-preview:large, max-video-preview:-1\" \/>\n<link rel=\"canonical\" href=\"https:\/\/permbledhja.com\/sq\/te-premten-shtrengata-te-ashpra-lokale-priten-edhe-tornado-ujore-ne-shqiperi\/\" \/>\n<meta property=\"og:locale\" content=\"sq_AL\" \/>\n<meta property=\"og:type\" content=\"article\" \/>\n<meta property=\"og:title\" content=\"T\u00eb premten shtr\u00ebngata t\u00eb ashpra lokale, priten edhe tornado ujore n\u00eb Shqip\u00ebri\" \/>\n<meta property=\"og:description\" content=\"Moti kryesisht me diell dhe shum\u00eb i nxeht\u00eb ka vazhduar n\u00eb pjes\u00ebn m\u00eb t\u00eb madhe t\u00eb vendit dhe rajonit, p\u00ebrderisa t\u00eb Premten merr kthes\u00ebn drastike. Nj\u00eb ciklon i cili gjendet mbi Itali, t\u00eb nes\u00ebrmen do t\u00eb l\u00ebviz\u00eb drejt Shqip\u00ebris\u00eb, Maqedonis\u00eb s\u00eb Veriut dhe Greqis\u00eb. Ky ciklon n\u00eb kombinim me frontin e ftoht\u00eb q\u00eb do t\u00eb [&hellip;]\" \/>\n<meta property=\"og:url\" content=\"https:\/\/permbledhja.com\/sq\/te-premten-shtrengata-te-ashpra-lokale-priten-edhe-tornado-ujore-ne-shqiperi\/\" \/>\n<meta property=\"og:site_name\" content=\"Ve\u00e7 artikuj p\u00ebrmbledh\u00ebs\" \/>\n<meta property=\"article:publisher\" content=\"https:\/\/www.facebook.com\/press07\/\" \/>\n<meta property=\"article:author\" content=\"https:\/\/www.facebook.com\/kafexhiu.muharrem\/\" \/>\n<meta property=\"article:published_time\" content=\"2022-07-07T20:50:38+00:00\" \/>\n<meta property=\"og:image\" content=\"https:\/\/permbledhja.com\/wp-content\/uploads\/2022\/07\/tornado.png\" \/>\n\t<meta property=\"og:image:width\" content=\"751\" \/>\n\t<meta property=\"og:image:height\" content=\"463\" \/>\n\t<meta property=\"og:image:type\" content=\"image\/png\" \/>\n<meta name=\"author\" content=\"P\u00ebrmbledhja\" \/>\n<meta name=\"twitter:card\" content=\"summary_large_image\" \/>\n<meta name=\"twitter:label1\" content=\"Written by\" \/>\n\t<meta name=\"twitter:data1\" content=\"P\u00ebrmbledhja\" \/>\n\t<meta name=\"twitter:label2\" content=\"Est. reading time\" \/>\n\t<meta name=\"twitter:data2\" content=\"2 minuta\" \/>\n<script type=\"application\/ld+json\" class=\"yoast-schema-graph\">{\"@context\":\"https:\/\/schema.org\",\"@graph\":[{\"@type\":\"Article\",\"@id\":\"https:\/\/permbledhja.com\/te-premten-shtrengata-te-ashpra-lokale-priten-edhe-tornado-ujore-ne-shqiperi\/#article\",\"isPartOf\":{\"@id\":\"https:\/\/permbledhja.com\/te-premten-shtrengata-te-ashpra-lokale-priten-edhe-tornado-ujore-ne-shqiperi\/\"},\"author\":{\"name\":\"P\u00ebrmbledhja\",\"@id\":\"https:\/\/permbledhja.com\/#\/schema\/person\/0d064377258d3221e50693947b9eb4fe\"},\"headline\":\"T\u00eb premten shtr\u00ebngata t\u00eb ashpra lokale, priten edhe tornado ujore n\u00eb Shqip\u00ebri\",\"datePublished\":\"2022-07-07T20:50:38+00:00\",\"dateModified\":\"2022-07-07T20:50:38+00:00\",\"mainEntityOfPage\":{\"@id\":\"https:\/\/permbledhja.com\/te-premten-shtrengata-te-ashpra-lokale-priten-edhe-tornado-ujore-ne-shqiperi\/\"},\"wordCount\":366,\"publisher\":{\"@id\":\"https:\/\/permbledhja.com\/#organization\"},\"keywords\":[\"Mot\"],\"articleSection\":[\"Komb\u00ebtare\",\"Lajme\"],\"inLanguage\":\"sq\"},{\"@type\":\"WebPage\",\"@id\":\"https:\/\/permbledhja.com\/te-premten-shtrengata-te-ashpra-lokale-priten-edhe-tornado-ujore-ne-shqiperi\/\",\"url\":\"https:\/\/permbledhja.com\/te-premten-shtrengata-te-ashpra-lokale-priten-edhe-tornado-ujore-ne-shqiperi\/\",\"name\":\"T\u00eb premten shtr\u00ebngata t\u00eb ashpra lokale, priten edhe tornado ujore n\u00eb Shqip\u00ebri\",\"isPartOf\":{\"@id\":\"https:\/\/permbledhja.com\/#website\"},\"datePublished\":\"2022-07-07T20:50:38+00:00\",\"dateModified\":\"2022-07-07T20:50:38+00:00\",\"breadcrumb\":{\"@id\":\"https:\/\/permbledhja.com\/te-premten-shtrengata-te-ashpra-lokale-priten-edhe-tornado-ujore-ne-shqiperi\/#breadcrumb\"},\"inLanguage\":\"sq\",\"potentialAction\":[{\"@type\":\"ReadAction\",\"target\":[\"https:\/\/permbledhja.com\/te-premten-shtrengata-te-ashpra-lokale-priten-edhe-tornado-ujore-ne-shqiperi\/\"]}]},{\"@type\":\"BreadcrumbList\",\"@id\":\"https:\/\/permbledhja.com\/te-premten-shtrengata-te-ashpra-lokale-priten-edhe-tornado-ujore-ne-shqiperi\/#breadcrumb\",\"itemListElement\":[{\"@type\":\"ListItem\",\"position\":1,\"name\":\"Ballina\",\"item\":\"https:\/\/permbledhja.com\/sq\/\"},{\"@type\":\"ListItem\",\"position\":2,\"name\":\"T\u00eb premten shtr\u00ebngata t\u00eb ashpra lokale, priten edhe tornado ujore n\u00eb Shqip\u00ebri\"}]},{\"@type\":\"WebSite\",\"@id\":\"https:\/\/permbledhja.com\/#website\",\"url\":\"https:\/\/permbledhja.com\/\",\"name\":\"Ve\u00e7 artikuj p\u00ebrmbledh\u00ebs\",\"description\":\"\",\"publisher\":{\"@id\":\"https:\/\/permbledhja.com\/#organization\"},\"potentialAction\":[{\"@type\":\"SearchAction\",\"target\":{\"@type\":\"EntryPoint\",\"urlTemplate\":\"https:\/\/permbledhja.com\/?s={search_term_string}\"},\"query-input\":\"required name=search_term_string\"}],\"inLanguage\":\"sq\"},{\"@type\":\"Organization\",\"@id\":\"https:\/\/permbledhja.com\/#organization\",\"name\":\"MK Media & Pr\",\"url\":\"https:\/\/permbledhja.com\/\",\"logo\":{\"@type\":\"ImageObject\",\"inLanguage\":\"sq\",\"@id\":\"https:\/\/permbledhja.com\/#\/schema\/logo\/image\/\",\"url\":\"https:\/\/permbledhja.com\/wp-content\/uploads\/2021\/12\/07-Press-Logo.jpg\",\"contentUrl\":\"https:\/\/permbledhja.com\/wp-content\/uploads\/2021\/12\/07-Press-Logo.jpg\",\"width\":512,\"height\":512,\"caption\":\"MK Media & Pr\"},\"image\":{\"@id\":\"https:\/\/permbledhja.com\/#\/schema\/logo\/image\/\"},\"sameAs\":[\"https:\/\/www.facebook.com\/press07\/\"]},{\"@type\":\"Person\",\"@id\":\"https:\/\/permbledhja.com\/#\/schema\/person\/0d064377258d3221e50693947b9eb4fe\",\"name\":\"P\u00ebrmbledhja\",\"image\":{\"@type\":\"ImageObject\",\"inLanguage\":\"sq\",\"@id\":\"https:\/\/permbledhja.com\/#\/schema\/person\/image\/\",\"url\":\"https:\/\/permbledhja.com\/wp-content\/uploads\/2026\/01\/452004717_1040944174702970_8932037511805513407_n-96x96.jpg\",\"contentUrl\":\"https:\/\/permbledhja.com\/wp-content\/uploads\/2026\/01\/452004717_1040944174702970_8932037511805513407_n-96x96.jpg\",\"caption\":\"P\u00ebrmbledhja\"},\"sameAs\":[\"https:\/\/www.facebook.com\/kafexhiu.muharrem\/\",\"https:\/\/www.instagram.com\/muharrem_kafexhiu\/\"],\"url\":\"https:\/\/permbledhja.com\/sq\/author\/admin\/\"}]}<\/script>\n<!-- \/ Yoast SEO plugin. -->","yoast_head_json":{"title":"T\u00eb premten shtr\u00ebngata t\u00eb ashpra lokale, priten edhe tornado ujore n\u00eb Shqip\u00ebri","robots":{"index":"index","follow":"follow","max-snippet":"max-snippet:-1","max-image-preview":"max-image-preview:large","max-video-preview":"max-video-preview:-1"},"canonical":"https:\/\/permbledhja.com\/sq\/te-premten-shtrengata-te-ashpra-lokale-priten-edhe-tornado-ujore-ne-shqiperi\/","og_locale":"sq_AL","og_type":"article","og_title":"T\u00eb premten shtr\u00ebngata t\u00eb ashpra lokale, priten edhe tornado ujore n\u00eb Shqip\u00ebri","og_description":"Moti kryesisht me diell dhe shum\u00eb i nxeht\u00eb ka vazhduar n\u00eb pjes\u00ebn m\u00eb t\u00eb madhe t\u00eb vendit dhe rajonit, p\u00ebrderisa t\u00eb Premten merr kthes\u00ebn drastike. Nj\u00eb ciklon i cili gjendet mbi Itali, t\u00eb nes\u00ebrmen do t\u00eb l\u00ebviz\u00eb drejt Shqip\u00ebris\u00eb, Maqedonis\u00eb s\u00eb Veriut dhe Greqis\u00eb. Ky ciklon n\u00eb kombinim me frontin e ftoht\u00eb q\u00eb do t\u00eb [&hellip;]","og_url":"https:\/\/permbledhja.com\/sq\/te-premten-shtrengata-te-ashpra-lokale-priten-edhe-tornado-ujore-ne-shqiperi\/","og_site_name":"Ve\u00e7 artikuj p\u00ebrmbledh\u00ebs","article_publisher":"https:\/\/www.facebook.com\/press07\/","article_author":"https:\/\/www.facebook.com\/kafexhiu.muharrem\/","article_published_time":"2022-07-07T20:50:38+00:00","og_image":[{"width":751,"height":463,"url":"https:\/\/permbledhja.com\/wp-content\/uploads\/2022\/07\/tornado.png","type":"image\/png"}],"author":"P\u00ebrmbledhja","twitter_card":"summary_large_image","twitter_misc":{"Written by":"P\u00ebrmbledhja","Est. reading time":"2 minuta"},"schema":{"@context":"https:\/\/schema.org","@graph":[{"@type":"Article","@id":"https:\/\/permbledhja.com\/te-premten-shtrengata-te-ashpra-lokale-priten-edhe-tornado-ujore-ne-shqiperi\/#article","isPartOf":{"@id":"https:\/\/permbledhja.com\/te-premten-shtrengata-te-ashpra-lokale-priten-edhe-tornado-ujore-ne-shqiperi\/"},"author":{"name":"P\u00ebrmbledhja","@id":"https:\/\/permbledhja.com\/#\/schema\/person\/0d064377258d3221e50693947b9eb4fe"},"headline":"T\u00eb premten shtr\u00ebngata t\u00eb ashpra lokale, priten edhe tornado ujore n\u00eb Shqip\u00ebri","datePublished":"2022-07-07T20:50:38+00:00","dateModified":"2022-07-07T20:50:38+00:00","mainEntityOfPage":{"@id":"https:\/\/permbledhja.com\/te-premten-shtrengata-te-ashpra-lokale-priten-edhe-tornado-ujore-ne-shqiperi\/"},"wordCount":366,"publisher":{"@id":"https:\/\/permbledhja.com\/#organization"},"keywords":["Mot"],"articleSection":["Komb\u00ebtare","Lajme"],"inLanguage":"sq"},{"@type":"WebPage","@id":"https:\/\/permbledhja.com\/te-premten-shtrengata-te-ashpra-lokale-priten-edhe-tornado-ujore-ne-shqiperi\/","url":"https:\/\/permbledhja.com\/te-premten-shtrengata-te-ashpra-lokale-priten-edhe-tornado-ujore-ne-shqiperi\/","name":"T\u00eb premten shtr\u00ebngata t\u00eb ashpra lokale, priten edhe tornado ujore n\u00eb Shqip\u00ebri","isPartOf":{"@id":"https:\/\/permbledhja.com\/#website"},"datePublished":"2022-07-07T20:50:38+00:00","dateModified":"2022-07-07T20:50:38+00:00","breadcrumb":{"@id":"https:\/\/permbledhja.com\/te-premten-shtrengata-te-ashpra-lokale-priten-edhe-tornado-ujore-ne-shqiperi\/#breadcrumb"},"inLanguage":"sq","potentialAction":[{"@type":"ReadAction","target":["https:\/\/permbledhja.com\/te-premten-shtrengata-te-ashpra-lokale-priten-edhe-tornado-ujore-ne-shqiperi\/"]}]},{"@type":"BreadcrumbList","@id":"https:\/\/permbledhja.com\/te-premten-shtrengata-te-ashpra-lokale-priten-edhe-tornado-ujore-ne-shqiperi\/#breadcrumb","itemListElement":[{"@type":"ListItem","position":1,"name":"Ballina","item":"https:\/\/permbledhja.com\/sq\/"},{"@type":"ListItem","position":2,"name":"T\u00eb premten shtr\u00ebngata t\u00eb ashpra lokale, priten edhe tornado ujore n\u00eb Shqip\u00ebri"}]},{"@type":"WebSite","@id":"https:\/\/permbledhja.com\/#website","url":"https:\/\/permbledhja.com\/","name":"Ve\u00e7 artikuj p\u00ebrmbledh\u00ebs","description":"","publisher":{"@id":"https:\/\/permbledhja.com\/#organization"},"potentialAction":[{"@type":"SearchAction","target":{"@type":"EntryPoint","urlTemplate":"https:\/\/permbledhja.com\/?s={search_term_string}"},"query-input":"required name=search_term_string"}],"inLanguage":"sq"},{"@type":"Organization","@id":"https:\/\/permbledhja.com\/#organization","name":"MK Media & Pr","url":"https:\/\/permbledhja.com\/","logo":{"@type":"ImageObject","inLanguage":"sq","@id":"https:\/\/permbledhja.com\/#\/schema\/logo\/image\/","url":"https:\/\/permbledhja.com\/wp-content\/uploads\/2021\/12\/07-Press-Logo.jpg","contentUrl":"https:\/\/permbledhja.com\/wp-content\/uploads\/2021\/12\/07-Press-Logo.jpg","width":512,"height":512,"caption":"MK Media & Pr"},"image":{"@id":"https:\/\/permbledhja.com\/#\/schema\/logo\/image\/"},"sameAs":["https:\/\/www.facebook.com\/press07\/"]},{"@type":"Person","@id":"https:\/\/permbledhja.com\/#\/schema\/person\/0d064377258d3221e50693947b9eb4fe","name":"P\u00ebrmbledhja","image":{"@type":"ImageObject","inLanguage":"sq","@id":"https:\/\/permbledhja.com\/#\/schema\/person\/image\/","url":"https:\/\/permbledhja.com\/wp-content\/uploads\/2026\/01\/452004717_1040944174702970_8932037511805513407_n-96x96.jpg","contentUrl":"https:\/\/permbledhja.com\/wp-content\/uploads\/2026\/01\/452004717_1040944174702970_8932037511805513407_n-96x96.jpg","caption":"P\u00ebrmbledhja"},"sameAs":["https:\/\/www.facebook.com\/kafexhiu.muharrem\/","https:\/\/www.instagram.com\/muharrem_kafexhiu\/"],"url":"https:\/\/permbledhja.com\/sq\/author\/admin\/"}]}},"_links":{"self":[{"href":"https:\/\/permbledhja.com\/sq\/wp-json\/wp\/v2\/posts\/1768"}],"collection":[{"href":"https:\/\/permbledhja.com\/sq\/wp-json\/wp\/v2\/posts"}],"about":[{"href":"https:\/\/permbledhja.com\/sq\/wp-json\/wp\/v2\/types\/post"}],"author":[{"embeddable":true,"href":"https:\/\/permbledhja.com\/sq\/wp-json\/wp\/v2\/users\/1"}],"replies":[{"embeddable":true,"href":"https:\/\/permbledhja.com\/sq\/wp-json\/wp\/v2\/comments?post=1768"}],"version-history":[{"count":1,"href":"https:\/\/permbledhja.com\/sq\/wp-json\/wp\/v2\/posts\/1768\/revisions"}],"predecessor-version":[{"id":1770,"href":"https:\/\/permbledhja.com\/sq\/wp-json\/wp\/v2\/posts\/1768\/revisions\/1770"}],"wp:featuredmedia":[{"embeddable":true,"href":"https:\/\/permbledhja.com\/sq\/wp-json\/wp\/v2\/media\/1769"}],"wp:attachment":[{"href":"https:\/\/permbledhja.com\/sq\/wp-json\/wp\/v2\/media?parent=1768"}],"wp:term":[{"taxonomy":"category","embeddable":true,"href":"https:\/\/permbledhja.com\/sq\/wp-json\/wp\/v2\/categories?post=1768"},{"taxonomy":"post_tag","embeddable":true,"href":"https:\/\/permbledhja.com\/sq\/wp-json\/wp\/v2\/tags?post=1768"}],"curies":[{"name":"wp","href":"https:\/\/api.w.org\/{rel}","templated":true}]}}