{"id":17629,"date":"2023-07-05T12:23:56","date_gmt":"2023-07-05T12:23:56","guid":{"rendered":"https:\/\/permbledhja.com\/?p=17629"},"modified":"2023-07-05T12:23:56","modified_gmt":"2023-07-05T12:23:56","slug":"jablanoviq-i-pergjigjet-kurtit-per-zgjedhjet-ne-veri-ploteso-keto-kushte-pastaj-flasim","status":"publish","type":"post","link":"https:\/\/permbledhja.com\/sq\/jablanoviq-i-pergjigjet-kurtit-per-zgjedhjet-ne-veri-ploteso-keto-kushte-pastaj-flasim\/","title":{"rendered":"Jablanoviq i p\u00ebrgjigjet Kurtit p\u00ebr zgjedhjet n\u00eb veri: Plot\u00ebso k\u00ebto kushte, pastaj flasim"},"content":{"rendered":"<h3>Ish-ministri Aleksandar Jablanoviq thot\u00eb se nuk \u00ebsht\u00eb m\u00ebnyra e duhur q\u00eb t\u00eb mbahen zgjedhjet ashtu si\u00e7 po k\u00ebrkon kryeministri i Kosov\u00ebs, Albin Kurti.<\/h3>\n<p>Jablanoviq theksoi se n\u00ebse nj\u00eb vendim i till\u00eb realizohet do t\u00eb ket\u00eb pasoja t\u00eb m\u00ebdha p\u00ebr t\u00eb gjith\u00eb qytetar\u00ebt, ku sipas tij, p\u00ebrgjegj\u00ebsia shkon tek Lista Serbe dhe Qeveria e Kosov\u00ebs.<\/p>\n<p>\u201cMendoj se nuk \u00ebsht\u00eb realiste t\u00eb pritet q\u00eb zgjedhjet t\u00eb shpallen n\u00eb nj\u00eb m\u00ebnyr\u00eb t\u00eb till\u00eb me nj\u00eb peticion prej 20% t\u00eb votuesve. P\u00ebr k\u00ebt\u00eb situat\u00eb p\u00ebrgjegj\u00ebsin\u00eb kryesore e ka Qeveria e Kosov\u00ebs dhe Lista Serbe, por pasojat i vuajn\u00eb t\u00eb gjith\u00eb qytetar\u00ebt\u201d, tha ai.<\/p>\n<p>Krahas k\u00ebsaj, Jablanoviq shton se kryetar\u00ebt e komunave veriore duhet t\u00eb japin dor\u00ebheqje n\u00eb m\u00ebnyr\u00eb q\u00eb kjo situat\u00eb t\u00eb qet\u00ebsohet sa m\u00eb shpejt.<\/p>\n<p>Sipas Jablanovi\u00e7it, q\u00eb nj\u00eb gj\u00eb e till\u00eb t\u00eb ndodh\u00eb \u00ebsht\u00eb i nevojsh\u00ebm dialogu mes aktor\u00ebve politik\u00eb t\u00eb serb\u00ebve t\u00eb veriut dhe Qeveris\u00eb s\u00eb Kosov\u00ebs.<\/p>\n<p>\u201cMendoj se kryetar\u00ebt e komunave duhet t\u00eb japin dor\u00ebheqjen dhe k\u00ebshtu t\u00eb mbeten t\u00eb regjistruar si njer\u00ebz pragmatik\u00eb dhe t\u00eb guximsh\u00ebm q\u00eb kujdesen p\u00ebr interesat e shumic\u00ebs s\u00eb qytetar\u00ebve dhe jo p\u00ebr interesat e tyre personale politike. Q\u00eb kjo t\u00eb ndodh\u00eb, \u00ebsht\u00eb i nevojsh\u00ebm nj\u00eb dialog i drejtp\u00ebrdrejt\u00eb nd\u00ebrmjet aktor\u00ebve politik\u00eb t\u00eb serb\u00ebve t\u00eb veriut dhe Qeveris\u00eb s\u00eb Kosov\u00ebs, i cili aktualisht nuk ekziston\u201d, tha Jablanoviq., raporton gazetablic.<\/p>\n<p>Jablanoviq nuk e p\u00ebrjashton faktin q\u00eb edhe partia q\u00eb ai drejton t\u00eb marr\u00eb pjes\u00eb n\u00eb zgjedhjet, kurdo q\u00eb mbahen ato, por duhet plot\u00ebsuar disa kushte fillestare.<\/p>\n<p>\u201cMendoj se vet\u00ebm n\u00eb nj\u00eb dialog t\u00eb till\u00eb mund t\u00eb p\u00ebrcaktohen disa parakushte thelb\u00ebsore p\u00ebr zgjedhje normale. N\u00ebse Qeveria fillon nj\u00eb dialog dhe proces t\u00eb till\u00eb, partia q\u00eb un\u00eb drejtoj sigurisht q\u00eb do t\u00eb merrte pjes\u00eb n\u00eb at\u00eb dialog, pavar\u00ebsisht nga dallimet tona t\u00eb m\u00ebdha fillestare. Zgjedhjet jan\u00eb q\u00ebllimi yn\u00eb dhe fitorja e zgjedhjeve \u00ebsht\u00eb arsyeja pse ne merremi me politik\u00eb, por p\u00ebr k\u00ebt\u00eb duhen plot\u00ebsuar disa parakushte\u201d, tha Jabllanoviq p\u00ebr GazetaBlic.<\/p>\n<p>Kosova \u00ebsht\u00eb e gatshme p\u00ebr mbajtjen e zgjedhjeve n\u00eb veriun e vendit, por duhen p\u00ebrgatitjet e nevojshme q\u00eb t\u00eb mos ket\u00eb m\u00eb bojkot. K\u00ebshtu u shpreh kryeministri Albin Kurti, nj\u00eb dit\u00eb pas takimit me t\u00eb d\u00ebrguarin e posa\u00e7\u00ebm t\u00eb BE, Mirslav Lajcak, i cili sinjalizoi se lideri kosovar ishte pajtuar mbi nevoj\u00ebn e zbutjes s\u00eb tensioneve n\u00eb veri.<\/p>\n<p>Duke ju referuar k\u00ebrkesave t\u00eb BE p\u00ebr shtensionim, Kurti tha mbajtja e zgjedhje \u00ebsht\u00eb m\u00ebnyra e vetme p\u00ebr nd\u00ebrrimin e pushtetit n\u00eb veri, por fushata duhet t\u00eb jet\u00eb e drejt\u00eb dhe pa k\u00ebrc\u00ebnime. Sipas tij nuk ka garanci p\u00ebr pjes\u00ebmarrjen e serb\u00ebve.<\/p>\n<p>Sa i p\u00ebrket pik\u00ebs s\u00eb tret\u00eb, largimit t\u00eb policis\u00eb s\u00eb Kosov\u00ebs nga objektet e komunave veriore, Kurti tha se di\u00e7ka e till\u00eb nuk mund t\u00eb ndodh\u00eb p\u00ebr sa koh\u00eb q\u00eb \u00be e ekstremist\u00ebve t\u00eb dhunsh\u00ebm n\u00eb veri jan\u00eb n\u00eb liri. Ai ju referua informacioneve se Serbia po kontrabandon arm\u00eb me autoambulanca n\u00eb veriun e Kosov\u00ebs.<\/p>\n<p>\u201cP\u00ebr zgjedhjet e parakohshme ne jemi dakord. Me zgjedhje ka ardhur, me zgjedhje largohet. Nuk mendoj se duhet t\u00eb ket\u00eb m\u00ebnyra t\u00eb tjera, t\u00eb drejta, ligjore p\u00ebr t\u00eb larguar kryetar\u00ebt. Nuk shp\u00ebrblehet bullizmi me dor\u00ebheqje. \u00cbsht\u00eb akt moral. Un\u00eb jam dakord q\u00eb kur t\u00eb zgjidhet nj\u00eb kryetar i ri n\u00eb Leposaviq t\u00eb ket\u00eb pranim dhe dor\u00ebzim t\u00eb detyr\u00ebs.<\/p>\n<p>SHBA-s\u00eb i jam lutur q\u00eb t\u00eb mos shkojm\u00eb nga nj\u00eb d\u00ebshtim n\u00eb tjet\u00ebr, p\u00ebr sa i p\u00ebrket pjes\u00ebmarrjes s\u00eb qytetar\u00ebve. Nuk ka garanci q\u00eb do t\u00eb ket\u00eb pjes\u00ebmarrje. Nuk do t\u00eb jen\u00eb p\u00ebrs\u00ebritje t\u00eb 23 prillit. Ekstremist\u00ebt e dhunsh\u00ebm ose t\u00eb p\u00ebrballen me drejt\u00ebsin\u00eb, ose t\u00eb shkojn\u00eb n\u00eb Serbi.<\/p>\n<p>Autoambulancat jan\u00eb p\u00ebrdorur p\u00ebr t\u00eb transportuar armatim. Komandatin e KFORIT do ta takoj. Po grumbullojm\u00eb t\u00eb dh\u00ebna. Kemi treguar angazhimin tone maksimal p\u00ebr deeskalim. Policia \u00ebsht\u00eb n\u00eb nd\u00ebrtesa komunale, p\u00ebr shkak t\u00eb dhun\u00ebs, ekstremist\u00ebt e identifikuar jan\u00eb n\u00eb liri.<\/p>\n<p>Do duhet t\u00eb p\u00ebrgatiten. I kam lutur nd\u00ebrkomb\u00ebtar\u00ebt, llogarisni q\u00eb 23 prilli t\u00eb mos na p\u00ebrs\u00ebritet n\u00eb vjesht\u00eb ose n\u00eb dim\u00ebr. N\u00ebse nuk ke asnj\u00eb gram garanci, duhet t\u00eb rimendojm\u00eb e t\u00eb p\u00ebrgatitemi m\u00eb shum\u00eb\u201d, tha ai.<\/p>\n","protected":false},"excerpt":{"rendered":"<p>Ish-ministri Aleksandar Jablanoviq thot\u00eb se nuk \u00ebsht\u00eb m\u00ebnyra e duhur q\u00eb t\u00eb mbahen zgjedhjet ashtu si\u00e7 po k\u00ebrkon kryeministri i Kosov\u00ebs, Albin Kurti. Jablanoviq theksoi se n\u00ebse nj\u00eb vendim i till\u00eb realizohet do t\u00eb ket\u00eb pasoja t\u00eb m\u00ebdha p\u00ebr t\u00eb gjith\u00eb qytetar\u00ebt, ku sipas tij, p\u00ebrgjegj\u00ebsia shkon tek Lista Serbe dhe Qeveria e Kosov\u00ebs. \u201cMendoj [&hellip;]<\/p>\n","protected":false},"author":1,"featured_media":17632,"comment_status":"closed","ping_status":"closed","sticky":false,"template":"","format":"standard","meta":{"_monsterinsights_skip_tracking":false,"_monsterinsights_sitenote_active":false,"_monsterinsights_sitenote_note":"","_monsterinsights_sitenote_category":0,"_uf_show_specific_survey":0,"_uf_disable_surveys":false,"footnotes":""},"categories":[1146],"tags":[2039,45],"yoast_head":"<!-- This site is optimized with the Yoast SEO plugin v21.5 - https:\/\/yoast.com\/wordpress\/plugins\/seo\/ -->\n<title>Jablanoviq i p\u00ebrgjigjet Kurtit p\u00ebr zgjedhjet n\u00eb veri: Plot\u00ebso k\u00ebto kushte, pastaj flasim<\/title>\n<meta name=\"robots\" content=\"index, follow, max-snippet:-1, max-image-preview:large, max-video-preview:-1\" \/>\n<link rel=\"canonical\" href=\"https:\/\/permbledhja.com\/sq\/jablanoviq-i-pergjigjet-kurtit-per-zgjedhjet-ne-veri-ploteso-keto-kushte-pastaj-flasim\/\" \/>\n<meta property=\"og:locale\" content=\"sq_AL\" \/>\n<meta property=\"og:type\" content=\"article\" \/>\n<meta property=\"og:title\" content=\"Jablanoviq i p\u00ebrgjigjet Kurtit p\u00ebr zgjedhjet n\u00eb veri: Plot\u00ebso k\u00ebto kushte, pastaj flasim\" \/>\n<meta property=\"og:description\" content=\"Ish-ministri Aleksandar Jablanoviq thot\u00eb se nuk \u00ebsht\u00eb m\u00ebnyra e duhur q\u00eb t\u00eb mbahen zgjedhjet ashtu si\u00e7 po k\u00ebrkon kryeministri i Kosov\u00ebs, Albin Kurti. Jablanoviq theksoi se n\u00ebse nj\u00eb vendim i till\u00eb realizohet do t\u00eb ket\u00eb pasoja t\u00eb m\u00ebdha p\u00ebr t\u00eb gjith\u00eb qytetar\u00ebt, ku sipas tij, p\u00ebrgjegj\u00ebsia shkon tek Lista Serbe dhe Qeveria e Kosov\u00ebs. \u201cMendoj [&hellip;]\" \/>\n<meta property=\"og:url\" content=\"https:\/\/permbledhja.com\/sq\/jablanoviq-i-pergjigjet-kurtit-per-zgjedhjet-ne-veri-ploteso-keto-kushte-pastaj-flasim\/\" \/>\n<meta property=\"og:site_name\" content=\"Ve\u00e7 artikuj p\u00ebrmbledh\u00ebs\" \/>\n<meta property=\"article:publisher\" content=\"https:\/\/www.facebook.com\/press07\/\" \/>\n<meta property=\"article:author\" content=\"https:\/\/www.facebook.com\/kafexhiu.muharrem\/\" \/>\n<meta property=\"article:published_time\" content=\"2023-07-05T12:23:56+00:00\" \/>\n<meta property=\"og:image\" content=\"https:\/\/permbledhja.com\/wp-content\/uploads\/2023\/07\/zgjedhjet-ne-veri-600x360-1.webp\" \/>\n\t<meta property=\"og:image:width\" content=\"600\" \/>\n\t<meta property=\"og:image:height\" content=\"360\" \/>\n\t<meta property=\"og:image:type\" content=\"image\/webp\" \/>\n<meta name=\"author\" content=\"P\u00ebrmbledhja\" \/>\n<meta name=\"twitter:card\" content=\"summary_large_image\" \/>\n<meta name=\"twitter:label1\" content=\"Written by\" \/>\n\t<meta name=\"twitter:data1\" content=\"P\u00ebrmbledhja\" \/>\n\t<meta name=\"twitter:label2\" content=\"Est. reading time\" \/>\n\t<meta name=\"twitter:data2\" content=\"4 minuta\" \/>\n<script type=\"application\/ld+json\" class=\"yoast-schema-graph\">{\"@context\":\"https:\/\/schema.org\",\"@graph\":[{\"@type\":\"Article\",\"@id\":\"https:\/\/permbledhja.com\/jablanoviq-i-pergjigjet-kurtit-per-zgjedhjet-ne-veri-ploteso-keto-kushte-pastaj-flasim\/#article\",\"isPartOf\":{\"@id\":\"https:\/\/permbledhja.com\/jablanoviq-i-pergjigjet-kurtit-per-zgjedhjet-ne-veri-ploteso-keto-kushte-pastaj-flasim\/\"},\"author\":{\"name\":\"P\u00ebrmbledhja\",\"@id\":\"https:\/\/permbledhja.com\/#\/schema\/person\/0d064377258d3221e50693947b9eb4fe\"},\"headline\":\"Jablanoviq i p\u00ebrgjigjet Kurtit p\u00ebr zgjedhjet n\u00eb veri: Plot\u00ebso k\u00ebto kushte, pastaj flasim\",\"datePublished\":\"2023-07-05T12:23:56+00:00\",\"dateModified\":\"2023-07-05T12:23:56+00:00\",\"mainEntityOfPage\":{\"@id\":\"https:\/\/permbledhja.com\/jablanoviq-i-pergjigjet-kurtit-per-zgjedhjet-ne-veri-ploteso-keto-kushte-pastaj-flasim\/\"},\"wordCount\":781,\"publisher\":{\"@id\":\"https:\/\/permbledhja.com\/#organization\"},\"keywords\":[\"Jabllanoviq\",\"Kurti\"],\"articleSection\":[\"Kryesoret\"],\"inLanguage\":\"sq\"},{\"@type\":\"WebPage\",\"@id\":\"https:\/\/permbledhja.com\/jablanoviq-i-pergjigjet-kurtit-per-zgjedhjet-ne-veri-ploteso-keto-kushte-pastaj-flasim\/\",\"url\":\"https:\/\/permbledhja.com\/jablanoviq-i-pergjigjet-kurtit-per-zgjedhjet-ne-veri-ploteso-keto-kushte-pastaj-flasim\/\",\"name\":\"Jablanoviq i p\u00ebrgjigjet Kurtit p\u00ebr zgjedhjet n\u00eb veri: Plot\u00ebso k\u00ebto kushte, pastaj flasim\",\"isPartOf\":{\"@id\":\"https:\/\/permbledhja.com\/#website\"},\"datePublished\":\"2023-07-05T12:23:56+00:00\",\"dateModified\":\"2023-07-05T12:23:56+00:00\",\"breadcrumb\":{\"@id\":\"https:\/\/permbledhja.com\/jablanoviq-i-pergjigjet-kurtit-per-zgjedhjet-ne-veri-ploteso-keto-kushte-pastaj-flasim\/#breadcrumb\"},\"inLanguage\":\"sq\",\"potentialAction\":[{\"@type\":\"ReadAction\",\"target\":[\"https:\/\/permbledhja.com\/jablanoviq-i-pergjigjet-kurtit-per-zgjedhjet-ne-veri-ploteso-keto-kushte-pastaj-flasim\/\"]}]},{\"@type\":\"BreadcrumbList\",\"@id\":\"https:\/\/permbledhja.com\/jablanoviq-i-pergjigjet-kurtit-per-zgjedhjet-ne-veri-ploteso-keto-kushte-pastaj-flasim\/#breadcrumb\",\"itemListElement\":[{\"@type\":\"ListItem\",\"position\":1,\"name\":\"Ballina\",\"item\":\"https:\/\/permbledhja.com\/sq\/\"},{\"@type\":\"ListItem\",\"position\":2,\"name\":\"Jablanoviq i p\u00ebrgjigjet Kurtit p\u00ebr zgjedhjet n\u00eb veri: Plot\u00ebso k\u00ebto kushte, pastaj flasim\"}]},{\"@type\":\"WebSite\",\"@id\":\"https:\/\/permbledhja.com\/#website\",\"url\":\"https:\/\/permbledhja.com\/\",\"name\":\"Ve\u00e7 artikuj p\u00ebrmbledh\u00ebs\",\"description\":\"\",\"publisher\":{\"@id\":\"https:\/\/permbledhja.com\/#organization\"},\"potentialAction\":[{\"@type\":\"SearchAction\",\"target\":{\"@type\":\"EntryPoint\",\"urlTemplate\":\"https:\/\/permbledhja.com\/?s={search_term_string}\"},\"query-input\":\"required name=search_term_string\"}],\"inLanguage\":\"sq\"},{\"@type\":\"Organization\",\"@id\":\"https:\/\/permbledhja.com\/#organization\",\"name\":\"MK Media & Pr\",\"url\":\"https:\/\/permbledhja.com\/\",\"logo\":{\"@type\":\"ImageObject\",\"inLanguage\":\"sq\",\"@id\":\"https:\/\/permbledhja.com\/#\/schema\/logo\/image\/\",\"url\":\"https:\/\/permbledhja.com\/wp-content\/uploads\/2021\/12\/07-Press-Logo.jpg\",\"contentUrl\":\"https:\/\/permbledhja.com\/wp-content\/uploads\/2021\/12\/07-Press-Logo.jpg\",\"width\":512,\"height\":512,\"caption\":\"MK Media & Pr\"},\"image\":{\"@id\":\"https:\/\/permbledhja.com\/#\/schema\/logo\/image\/\"},\"sameAs\":[\"https:\/\/www.facebook.com\/press07\/\"]},{\"@type\":\"Person\",\"@id\":\"https:\/\/permbledhja.com\/#\/schema\/person\/0d064377258d3221e50693947b9eb4fe\",\"name\":\"P\u00ebrmbledhja\",\"image\":{\"@type\":\"ImageObject\",\"inLanguage\":\"sq\",\"@id\":\"https:\/\/permbledhja.com\/#\/schema\/person\/image\/\",\"url\":\"https:\/\/permbledhja.com\/wp-content\/uploads\/2026\/01\/452004717_1040944174702970_8932037511805513407_n-96x96.jpg\",\"contentUrl\":\"https:\/\/permbledhja.com\/wp-content\/uploads\/2026\/01\/452004717_1040944174702970_8932037511805513407_n-96x96.jpg\",\"caption\":\"P\u00ebrmbledhja\"},\"sameAs\":[\"https:\/\/www.facebook.com\/kafexhiu.muharrem\/\",\"https:\/\/www.instagram.com\/muharrem_kafexhiu\/\"],\"url\":\"https:\/\/permbledhja.com\/sq\/author\/admin\/\"}]}<\/script>\n<!-- \/ Yoast SEO plugin. -->","yoast_head_json":{"title":"Jablanoviq i p\u00ebrgjigjet Kurtit p\u00ebr zgjedhjet n\u00eb veri: Plot\u00ebso k\u00ebto kushte, pastaj flasim","robots":{"index":"index","follow":"follow","max-snippet":"max-snippet:-1","max-image-preview":"max-image-preview:large","max-video-preview":"max-video-preview:-1"},"canonical":"https:\/\/permbledhja.com\/sq\/jablanoviq-i-pergjigjet-kurtit-per-zgjedhjet-ne-veri-ploteso-keto-kushte-pastaj-flasim\/","og_locale":"sq_AL","og_type":"article","og_title":"Jablanoviq i p\u00ebrgjigjet Kurtit p\u00ebr zgjedhjet n\u00eb veri: Plot\u00ebso k\u00ebto kushte, pastaj flasim","og_description":"Ish-ministri Aleksandar Jablanoviq thot\u00eb se nuk \u00ebsht\u00eb m\u00ebnyra e duhur q\u00eb t\u00eb mbahen zgjedhjet ashtu si\u00e7 po k\u00ebrkon kryeministri i Kosov\u00ebs, Albin Kurti. Jablanoviq theksoi se n\u00ebse nj\u00eb vendim i till\u00eb realizohet do t\u00eb ket\u00eb pasoja t\u00eb m\u00ebdha p\u00ebr t\u00eb gjith\u00eb qytetar\u00ebt, ku sipas tij, p\u00ebrgjegj\u00ebsia shkon tek Lista Serbe dhe Qeveria e Kosov\u00ebs. \u201cMendoj [&hellip;]","og_url":"https:\/\/permbledhja.com\/sq\/jablanoviq-i-pergjigjet-kurtit-per-zgjedhjet-ne-veri-ploteso-keto-kushte-pastaj-flasim\/","og_site_name":"Ve\u00e7 artikuj p\u00ebrmbledh\u00ebs","article_publisher":"https:\/\/www.facebook.com\/press07\/","article_author":"https:\/\/www.facebook.com\/kafexhiu.muharrem\/","article_published_time":"2023-07-05T12:23:56+00:00","og_image":[{"width":600,"height":360,"url":"https:\/\/permbledhja.com\/wp-content\/uploads\/2023\/07\/zgjedhjet-ne-veri-600x360-1.webp","type":"image\/webp"}],"author":"P\u00ebrmbledhja","twitter_card":"summary_large_image","twitter_misc":{"Written by":"P\u00ebrmbledhja","Est. reading time":"4 minuta"},"schema":{"@context":"https:\/\/schema.org","@graph":[{"@type":"Article","@id":"https:\/\/permbledhja.com\/jablanoviq-i-pergjigjet-kurtit-per-zgjedhjet-ne-veri-ploteso-keto-kushte-pastaj-flasim\/#article","isPartOf":{"@id":"https:\/\/permbledhja.com\/jablanoviq-i-pergjigjet-kurtit-per-zgjedhjet-ne-veri-ploteso-keto-kushte-pastaj-flasim\/"},"author":{"name":"P\u00ebrmbledhja","@id":"https:\/\/permbledhja.com\/#\/schema\/person\/0d064377258d3221e50693947b9eb4fe"},"headline":"Jablanoviq i p\u00ebrgjigjet Kurtit p\u00ebr zgjedhjet n\u00eb veri: Plot\u00ebso k\u00ebto kushte, pastaj flasim","datePublished":"2023-07-05T12:23:56+00:00","dateModified":"2023-07-05T12:23:56+00:00","mainEntityOfPage":{"@id":"https:\/\/permbledhja.com\/jablanoviq-i-pergjigjet-kurtit-per-zgjedhjet-ne-veri-ploteso-keto-kushte-pastaj-flasim\/"},"wordCount":781,"publisher":{"@id":"https:\/\/permbledhja.com\/#organization"},"keywords":["Jabllanoviq","Kurti"],"articleSection":["Kryesoret"],"inLanguage":"sq"},{"@type":"WebPage","@id":"https:\/\/permbledhja.com\/jablanoviq-i-pergjigjet-kurtit-per-zgjedhjet-ne-veri-ploteso-keto-kushte-pastaj-flasim\/","url":"https:\/\/permbledhja.com\/jablanoviq-i-pergjigjet-kurtit-per-zgjedhjet-ne-veri-ploteso-keto-kushte-pastaj-flasim\/","name":"Jablanoviq i p\u00ebrgjigjet Kurtit p\u00ebr zgjedhjet n\u00eb veri: Plot\u00ebso k\u00ebto kushte, pastaj flasim","isPartOf":{"@id":"https:\/\/permbledhja.com\/#website"},"datePublished":"2023-07-05T12:23:56+00:00","dateModified":"2023-07-05T12:23:56+00:00","breadcrumb":{"@id":"https:\/\/permbledhja.com\/jablanoviq-i-pergjigjet-kurtit-per-zgjedhjet-ne-veri-ploteso-keto-kushte-pastaj-flasim\/#breadcrumb"},"inLanguage":"sq","potentialAction":[{"@type":"ReadAction","target":["https:\/\/permbledhja.com\/jablanoviq-i-pergjigjet-kurtit-per-zgjedhjet-ne-veri-ploteso-keto-kushte-pastaj-flasim\/"]}]},{"@type":"BreadcrumbList","@id":"https:\/\/permbledhja.com\/jablanoviq-i-pergjigjet-kurtit-per-zgjedhjet-ne-veri-ploteso-keto-kushte-pastaj-flasim\/#breadcrumb","itemListElement":[{"@type":"ListItem","position":1,"name":"Ballina","item":"https:\/\/permbledhja.com\/sq\/"},{"@type":"ListItem","position":2,"name":"Jablanoviq i p\u00ebrgjigjet Kurtit p\u00ebr zgjedhjet n\u00eb veri: Plot\u00ebso k\u00ebto kushte, pastaj flasim"}]},{"@type":"WebSite","@id":"https:\/\/permbledhja.com\/#website","url":"https:\/\/permbledhja.com\/","name":"Ve\u00e7 artikuj p\u00ebrmbledh\u00ebs","description":"","publisher":{"@id":"https:\/\/permbledhja.com\/#organization"},"potentialAction":[{"@type":"SearchAction","target":{"@type":"EntryPoint","urlTemplate":"https:\/\/permbledhja.com\/?s={search_term_string}"},"query-input":"required name=search_term_string"}],"inLanguage":"sq"},{"@type":"Organization","@id":"https:\/\/permbledhja.com\/#organization","name":"MK Media & Pr","url":"https:\/\/permbledhja.com\/","logo":{"@type":"ImageObject","inLanguage":"sq","@id":"https:\/\/permbledhja.com\/#\/schema\/logo\/image\/","url":"https:\/\/permbledhja.com\/wp-content\/uploads\/2021\/12\/07-Press-Logo.jpg","contentUrl":"https:\/\/permbledhja.com\/wp-content\/uploads\/2021\/12\/07-Press-Logo.jpg","width":512,"height":512,"caption":"MK Media & Pr"},"image":{"@id":"https:\/\/permbledhja.com\/#\/schema\/logo\/image\/"},"sameAs":["https:\/\/www.facebook.com\/press07\/"]},{"@type":"Person","@id":"https:\/\/permbledhja.com\/#\/schema\/person\/0d064377258d3221e50693947b9eb4fe","name":"P\u00ebrmbledhja","image":{"@type":"ImageObject","inLanguage":"sq","@id":"https:\/\/permbledhja.com\/#\/schema\/person\/image\/","url":"https:\/\/permbledhja.com\/wp-content\/uploads\/2026\/01\/452004717_1040944174702970_8932037511805513407_n-96x96.jpg","contentUrl":"https:\/\/permbledhja.com\/wp-content\/uploads\/2026\/01\/452004717_1040944174702970_8932037511805513407_n-96x96.jpg","caption":"P\u00ebrmbledhja"},"sameAs":["https:\/\/www.facebook.com\/kafexhiu.muharrem\/","https:\/\/www.instagram.com\/muharrem_kafexhiu\/"],"url":"https:\/\/permbledhja.com\/sq\/author\/admin\/"}]}},"_links":{"self":[{"href":"https:\/\/permbledhja.com\/sq\/wp-json\/wp\/v2\/posts\/17629"}],"collection":[{"href":"https:\/\/permbledhja.com\/sq\/wp-json\/wp\/v2\/posts"}],"about":[{"href":"https:\/\/permbledhja.com\/sq\/wp-json\/wp\/v2\/types\/post"}],"author":[{"embeddable":true,"href":"https:\/\/permbledhja.com\/sq\/wp-json\/wp\/v2\/users\/1"}],"replies":[{"embeddable":true,"href":"https:\/\/permbledhja.com\/sq\/wp-json\/wp\/v2\/comments?post=17629"}],"version-history":[{"count":1,"href":"https:\/\/permbledhja.com\/sq\/wp-json\/wp\/v2\/posts\/17629\/revisions"}],"predecessor-version":[{"id":17633,"href":"https:\/\/permbledhja.com\/sq\/wp-json\/wp\/v2\/posts\/17629\/revisions\/17633"}],"wp:featuredmedia":[{"embeddable":true,"href":"https:\/\/permbledhja.com\/sq\/wp-json\/wp\/v2\/media\/17632"}],"wp:attachment":[{"href":"https:\/\/permbledhja.com\/sq\/wp-json\/wp\/v2\/media?parent=17629"}],"wp:term":[{"taxonomy":"category","embeddable":true,"href":"https:\/\/permbledhja.com\/sq\/wp-json\/wp\/v2\/categories?post=17629"},{"taxonomy":"post_tag","embeddable":true,"href":"https:\/\/permbledhja.com\/sq\/wp-json\/wp\/v2\/tags?post=17629"}],"curies":[{"name":"wp","href":"https:\/\/api.w.org\/{rel}","templated":true}]}}