{"id":17626,"date":"2023-07-05T12:06:48","date_gmt":"2023-07-05T12:06:48","guid":{"rendered":"https:\/\/permbledhja.com\/?p=17626"},"modified":"2023-07-05T12:06:48","modified_gmt":"2023-07-05T12:06:48","slug":"mergimtari-kosovar-krejt-kosoven-e-kisha-pru-jashte-le-te-shohin-qysh-eshte","status":"publish","type":"post","link":"https:\/\/permbledhja.com\/sq\/mergimtari-kosovar-krejt-kosoven-e-kisha-pru-jashte-le-te-shohin-qysh-eshte\/","title":{"rendered":"M\u00ebrgimtari kosovar: Krejt Kosov\u00ebn e kisha pru jasht\u00eb, le t\u00eb shohin qysh \u00ebsht\u00eb"},"content":{"rendered":"<h3>Nj\u00eb m\u00ebrgimtar nga Podujeva, i cili jeton n\u00eb Belgjik\u00eb, ka treguar p\u00ebr Insajderin se si ka kaluar udh\u00ebtimi i tij p\u00ebr Serbi, p\u00ebr t\u00eb arritur n\u00eb Kosov\u00eb.<\/h3>\n<p>Ai thot\u00eb se \u201cnuk ka pasur telashe\u201d.<\/p>\n<p><em>\u201cMir\u00eb kemi kaluar. Nuk pati telashe as kolona. Shum\u00eb qet. P\u00ebr Merdar vijm\u00eb gjith\u00eb. N\u00eb Belgjik\u00eb kemi shkuar q\u00eb 31 vjet. Merremi me transport, renovime t\u00eb sht\u00ebpive. Tash jemi b\u00eb shum\u00eb shqiptar\u00eb atje\u201d<\/em>, thot\u00eb ai.<\/p>\n<p>M\u00eb tej, ai ka shtuar se sa her\u00eb t\u00eb mbahen zgjedhjet, si\u00e7 ka th\u00ebn\u00eb ai, do ta votoj\u00eb Albin Kurtin.<\/p>\n<p><em>\u201cKrejt i kisha pru niher atje. Le te shohin se si \u00ebsht\u00eb. Vot\u00ebn do t\u2019ia dh\u00ebm\u00eb gjith\u00eb kryeministrit Kurti\u201d<\/em>, thot\u00eb ai.<\/p>\n<p><iframe loading=\"lazy\" style=\"border: none; overflow: hidden;\" src=\"https:\/\/www.facebook.com\/plugins\/video.php?href=https%3A%2F%2Fwww.facebook.com%2FInsajderiVideos%2Fvideos%2F603457338595730%2F%3Fref%3Dembed_video&amp;show_text=0&amp;width=476\" width=\"476\" height=\"476\" frameborder=\"0\" scrolling=\"no\" allowfullscreen=\"allowfullscreen\"><\/iframe><\/p>\n","protected":false},"excerpt":{"rendered":"<p>Nj\u00eb m\u00ebrgimtar nga Podujeva, i cili jeton n\u00eb Belgjik\u00eb, ka treguar p\u00ebr Insajderin se si ka kaluar udh\u00ebtimi i tij p\u00ebr Serbi, p\u00ebr t\u00eb arritur n\u00eb Kosov\u00eb. Ai thot\u00eb se \u201cnuk ka pasur telashe\u201d. \u201cMir\u00eb kemi kaluar. Nuk pati telashe as kolona. Shum\u00eb qet. P\u00ebr Merdar vijm\u00eb gjith\u00eb. N\u00eb Belgjik\u00eb kemi shkuar q\u00eb 31 vjet. [&hellip;]<\/p>\n","protected":false},"author":1,"featured_media":17627,"comment_status":"closed","ping_status":"closed","sticky":false,"template":"","format":"standard","meta":{"_monsterinsights_skip_tracking":false,"_monsterinsights_sitenote_active":false,"_monsterinsights_sitenote_note":"","_monsterinsights_sitenote_category":0,"_uf_show_specific_survey":0,"_uf_disable_surveys":false,"footnotes":""},"categories":[23,15],"tags":[2038],"yoast_head":"<!-- This site is optimized with the Yoast SEO plugin v21.5 - https:\/\/yoast.com\/wordpress\/plugins\/seo\/ -->\n<title>M\u00ebrgimtari kosovar: Krejt Kosov\u00ebn e kisha pru jasht\u00eb, le t\u00eb shohin qysh \u00ebsht\u00eb<\/title>\n<meta name=\"robots\" content=\"index, follow, max-snippet:-1, max-image-preview:large, max-video-preview:-1\" \/>\n<link rel=\"canonical\" href=\"https:\/\/permbledhja.com\/sq\/mergimtari-kosovar-krejt-kosoven-e-kisha-pru-jashte-le-te-shohin-qysh-eshte\/\" \/>\n<meta property=\"og:locale\" content=\"sq_AL\" \/>\n<meta property=\"og:type\" content=\"article\" \/>\n<meta property=\"og:title\" content=\"M\u00ebrgimtari kosovar: Krejt Kosov\u00ebn e kisha pru jasht\u00eb, le t\u00eb shohin qysh \u00ebsht\u00eb\" \/>\n<meta property=\"og:description\" content=\"Nj\u00eb m\u00ebrgimtar nga Podujeva, i cili jeton n\u00eb Belgjik\u00eb, ka treguar p\u00ebr Insajderin se si ka kaluar udh\u00ebtimi i tij p\u00ebr Serbi, p\u00ebr t\u00eb arritur n\u00eb Kosov\u00eb. Ai thot\u00eb se \u201cnuk ka pasur telashe\u201d. \u201cMir\u00eb kemi kaluar. Nuk pati telashe as kolona. Shum\u00eb qet. P\u00ebr Merdar vijm\u00eb gjith\u00eb. N\u00eb Belgjik\u00eb kemi shkuar q\u00eb 31 vjet. [&hellip;]\" \/>\n<meta property=\"og:url\" content=\"https:\/\/permbledhja.com\/sq\/mergimtari-kosovar-krejt-kosoven-e-kisha-pru-jashte-le-te-shohin-qysh-eshte\/\" \/>\n<meta property=\"og:site_name\" content=\"Ve\u00e7 artikuj p\u00ebrmbledh\u00ebs\" \/>\n<meta property=\"article:publisher\" content=\"https:\/\/www.facebook.com\/press07\/\" \/>\n<meta property=\"article:author\" content=\"https:\/\/www.facebook.com\/kafexhiu.muharrem\/\" \/>\n<meta property=\"article:published_time\" content=\"2023-07-05T12:06:48+00:00\" \/>\n<meta property=\"og:image\" content=\"https:\/\/permbledhja.com\/wp-content\/uploads\/2023\/07\/wd-696x452-1.png\" \/>\n\t<meta property=\"og:image:width\" content=\"696\" \/>\n\t<meta property=\"og:image:height\" content=\"452\" \/>\n\t<meta property=\"og:image:type\" content=\"image\/png\" \/>\n<meta name=\"author\" content=\"P\u00ebrmbledhja\" \/>\n<meta name=\"twitter:card\" content=\"summary_large_image\" \/>\n<meta name=\"twitter:label1\" content=\"Written by\" \/>\n\t<meta name=\"twitter:data1\" content=\"P\u00ebrmbledhja\" \/>\n\t<meta name=\"twitter:label2\" content=\"Est. reading time\" \/>\n\t<meta name=\"twitter:data2\" content=\"1 minut\u00eb\" \/>\n<script type=\"application\/ld+json\" class=\"yoast-schema-graph\">{\"@context\":\"https:\/\/schema.org\",\"@graph\":[{\"@type\":\"Article\",\"@id\":\"https:\/\/permbledhja.com\/mergimtari-kosovar-krejt-kosoven-e-kisha-pru-jashte-le-te-shohin-qysh-eshte\/#article\",\"isPartOf\":{\"@id\":\"https:\/\/permbledhja.com\/mergimtari-kosovar-krejt-kosoven-e-kisha-pru-jashte-le-te-shohin-qysh-eshte\/\"},\"author\":{\"name\":\"P\u00ebrmbledhja\",\"@id\":\"https:\/\/permbledhja.com\/#\/schema\/person\/0d064377258d3221e50693947b9eb4fe\"},\"headline\":\"M\u00ebrgimtari kosovar: Krejt Kosov\u00ebn e kisha pru jasht\u00eb, le t\u00eb shohin qysh \u00ebsht\u00eb\",\"datePublished\":\"2023-07-05T12:06:48+00:00\",\"dateModified\":\"2023-07-05T12:06:48+00:00\",\"mainEntityOfPage\":{\"@id\":\"https:\/\/permbledhja.com\/mergimtari-kosovar-krejt-kosoven-e-kisha-pru-jashte-le-te-shohin-qysh-eshte\/\"},\"wordCount\":135,\"publisher\":{\"@id\":\"https:\/\/permbledhja.com\/#organization\"},\"keywords\":[\"Podujeva\"],\"articleSection\":[\"Komb\u00ebtare\",\"Lajme\"],\"inLanguage\":\"sq\"},{\"@type\":\"WebPage\",\"@id\":\"https:\/\/permbledhja.com\/mergimtari-kosovar-krejt-kosoven-e-kisha-pru-jashte-le-te-shohin-qysh-eshte\/\",\"url\":\"https:\/\/permbledhja.com\/mergimtari-kosovar-krejt-kosoven-e-kisha-pru-jashte-le-te-shohin-qysh-eshte\/\",\"name\":\"M\u00ebrgimtari kosovar: Krejt Kosov\u00ebn e kisha pru jasht\u00eb, le t\u00eb shohin qysh \u00ebsht\u00eb\",\"isPartOf\":{\"@id\":\"https:\/\/permbledhja.com\/#website\"},\"datePublished\":\"2023-07-05T12:06:48+00:00\",\"dateModified\":\"2023-07-05T12:06:48+00:00\",\"breadcrumb\":{\"@id\":\"https:\/\/permbledhja.com\/mergimtari-kosovar-krejt-kosoven-e-kisha-pru-jashte-le-te-shohin-qysh-eshte\/#breadcrumb\"},\"inLanguage\":\"sq\",\"potentialAction\":[{\"@type\":\"ReadAction\",\"target\":[\"https:\/\/permbledhja.com\/mergimtari-kosovar-krejt-kosoven-e-kisha-pru-jashte-le-te-shohin-qysh-eshte\/\"]}]},{\"@type\":\"BreadcrumbList\",\"@id\":\"https:\/\/permbledhja.com\/mergimtari-kosovar-krejt-kosoven-e-kisha-pru-jashte-le-te-shohin-qysh-eshte\/#breadcrumb\",\"itemListElement\":[{\"@type\":\"ListItem\",\"position\":1,\"name\":\"Ballina\",\"item\":\"https:\/\/permbledhja.com\/sq\/\"},{\"@type\":\"ListItem\",\"position\":2,\"name\":\"M\u00ebrgimtari kosovar: Krejt Kosov\u00ebn e kisha pru jasht\u00eb, le t\u00eb shohin qysh \u00ebsht\u00eb\"}]},{\"@type\":\"WebSite\",\"@id\":\"https:\/\/permbledhja.com\/#website\",\"url\":\"https:\/\/permbledhja.com\/\",\"name\":\"Ve\u00e7 artikuj p\u00ebrmbledh\u00ebs\",\"description\":\"\",\"publisher\":{\"@id\":\"https:\/\/permbledhja.com\/#organization\"},\"potentialAction\":[{\"@type\":\"SearchAction\",\"target\":{\"@type\":\"EntryPoint\",\"urlTemplate\":\"https:\/\/permbledhja.com\/?s={search_term_string}\"},\"query-input\":\"required name=search_term_string\"}],\"inLanguage\":\"sq\"},{\"@type\":\"Organization\",\"@id\":\"https:\/\/permbledhja.com\/#organization\",\"name\":\"MK Media & Pr\",\"url\":\"https:\/\/permbledhja.com\/\",\"logo\":{\"@type\":\"ImageObject\",\"inLanguage\":\"sq\",\"@id\":\"https:\/\/permbledhja.com\/#\/schema\/logo\/image\/\",\"url\":\"https:\/\/permbledhja.com\/wp-content\/uploads\/2021\/12\/07-Press-Logo.jpg\",\"contentUrl\":\"https:\/\/permbledhja.com\/wp-content\/uploads\/2021\/12\/07-Press-Logo.jpg\",\"width\":512,\"height\":512,\"caption\":\"MK Media & Pr\"},\"image\":{\"@id\":\"https:\/\/permbledhja.com\/#\/schema\/logo\/image\/\"},\"sameAs\":[\"https:\/\/www.facebook.com\/press07\/\"]},{\"@type\":\"Person\",\"@id\":\"https:\/\/permbledhja.com\/#\/schema\/person\/0d064377258d3221e50693947b9eb4fe\",\"name\":\"P\u00ebrmbledhja\",\"image\":{\"@type\":\"ImageObject\",\"inLanguage\":\"sq\",\"@id\":\"https:\/\/permbledhja.com\/#\/schema\/person\/image\/\",\"url\":\"https:\/\/permbledhja.com\/wp-content\/uploads\/2026\/01\/452004717_1040944174702970_8932037511805513407_n-96x96.jpg\",\"contentUrl\":\"https:\/\/permbledhja.com\/wp-content\/uploads\/2026\/01\/452004717_1040944174702970_8932037511805513407_n-96x96.jpg\",\"caption\":\"P\u00ebrmbledhja\"},\"sameAs\":[\"https:\/\/www.facebook.com\/kafexhiu.muharrem\/\",\"https:\/\/www.instagram.com\/muharrem_kafexhiu\/\"],\"url\":\"https:\/\/permbledhja.com\/sq\/author\/admin\/\"}]}<\/script>\n<!-- \/ Yoast SEO plugin. -->","yoast_head_json":{"title":"M\u00ebrgimtari kosovar: Krejt Kosov\u00ebn e kisha pru jasht\u00eb, le t\u00eb shohin qysh \u00ebsht\u00eb","robots":{"index":"index","follow":"follow","max-snippet":"max-snippet:-1","max-image-preview":"max-image-preview:large","max-video-preview":"max-video-preview:-1"},"canonical":"https:\/\/permbledhja.com\/sq\/mergimtari-kosovar-krejt-kosoven-e-kisha-pru-jashte-le-te-shohin-qysh-eshte\/","og_locale":"sq_AL","og_type":"article","og_title":"M\u00ebrgimtari kosovar: Krejt Kosov\u00ebn e kisha pru jasht\u00eb, le t\u00eb shohin qysh \u00ebsht\u00eb","og_description":"Nj\u00eb m\u00ebrgimtar nga Podujeva, i cili jeton n\u00eb Belgjik\u00eb, ka treguar p\u00ebr Insajderin se si ka kaluar udh\u00ebtimi i tij p\u00ebr Serbi, p\u00ebr t\u00eb arritur n\u00eb Kosov\u00eb. Ai thot\u00eb se \u201cnuk ka pasur telashe\u201d. \u201cMir\u00eb kemi kaluar. Nuk pati telashe as kolona. Shum\u00eb qet. P\u00ebr Merdar vijm\u00eb gjith\u00eb. N\u00eb Belgjik\u00eb kemi shkuar q\u00eb 31 vjet. [&hellip;]","og_url":"https:\/\/permbledhja.com\/sq\/mergimtari-kosovar-krejt-kosoven-e-kisha-pru-jashte-le-te-shohin-qysh-eshte\/","og_site_name":"Ve\u00e7 artikuj p\u00ebrmbledh\u00ebs","article_publisher":"https:\/\/www.facebook.com\/press07\/","article_author":"https:\/\/www.facebook.com\/kafexhiu.muharrem\/","article_published_time":"2023-07-05T12:06:48+00:00","og_image":[{"width":696,"height":452,"url":"https:\/\/permbledhja.com\/wp-content\/uploads\/2023\/07\/wd-696x452-1.png","type":"image\/png"}],"author":"P\u00ebrmbledhja","twitter_card":"summary_large_image","twitter_misc":{"Written by":"P\u00ebrmbledhja","Est. reading time":"1 minut\u00eb"},"schema":{"@context":"https:\/\/schema.org","@graph":[{"@type":"Article","@id":"https:\/\/permbledhja.com\/mergimtari-kosovar-krejt-kosoven-e-kisha-pru-jashte-le-te-shohin-qysh-eshte\/#article","isPartOf":{"@id":"https:\/\/permbledhja.com\/mergimtari-kosovar-krejt-kosoven-e-kisha-pru-jashte-le-te-shohin-qysh-eshte\/"},"author":{"name":"P\u00ebrmbledhja","@id":"https:\/\/permbledhja.com\/#\/schema\/person\/0d064377258d3221e50693947b9eb4fe"},"headline":"M\u00ebrgimtari kosovar: Krejt Kosov\u00ebn e kisha pru jasht\u00eb, le t\u00eb shohin qysh \u00ebsht\u00eb","datePublished":"2023-07-05T12:06:48+00:00","dateModified":"2023-07-05T12:06:48+00:00","mainEntityOfPage":{"@id":"https:\/\/permbledhja.com\/mergimtari-kosovar-krejt-kosoven-e-kisha-pru-jashte-le-te-shohin-qysh-eshte\/"},"wordCount":135,"publisher":{"@id":"https:\/\/permbledhja.com\/#organization"},"keywords":["Podujeva"],"articleSection":["Komb\u00ebtare","Lajme"],"inLanguage":"sq"},{"@type":"WebPage","@id":"https:\/\/permbledhja.com\/mergimtari-kosovar-krejt-kosoven-e-kisha-pru-jashte-le-te-shohin-qysh-eshte\/","url":"https:\/\/permbledhja.com\/mergimtari-kosovar-krejt-kosoven-e-kisha-pru-jashte-le-te-shohin-qysh-eshte\/","name":"M\u00ebrgimtari kosovar: Krejt Kosov\u00ebn e kisha pru jasht\u00eb, le t\u00eb shohin qysh \u00ebsht\u00eb","isPartOf":{"@id":"https:\/\/permbledhja.com\/#website"},"datePublished":"2023-07-05T12:06:48+00:00","dateModified":"2023-07-05T12:06:48+00:00","breadcrumb":{"@id":"https:\/\/permbledhja.com\/mergimtari-kosovar-krejt-kosoven-e-kisha-pru-jashte-le-te-shohin-qysh-eshte\/#breadcrumb"},"inLanguage":"sq","potentialAction":[{"@type":"ReadAction","target":["https:\/\/permbledhja.com\/mergimtari-kosovar-krejt-kosoven-e-kisha-pru-jashte-le-te-shohin-qysh-eshte\/"]}]},{"@type":"BreadcrumbList","@id":"https:\/\/permbledhja.com\/mergimtari-kosovar-krejt-kosoven-e-kisha-pru-jashte-le-te-shohin-qysh-eshte\/#breadcrumb","itemListElement":[{"@type":"ListItem","position":1,"name":"Ballina","item":"https:\/\/permbledhja.com\/sq\/"},{"@type":"ListItem","position":2,"name":"M\u00ebrgimtari kosovar: Krejt Kosov\u00ebn e kisha pru jasht\u00eb, le t\u00eb shohin qysh \u00ebsht\u00eb"}]},{"@type":"WebSite","@id":"https:\/\/permbledhja.com\/#website","url":"https:\/\/permbledhja.com\/","name":"Ve\u00e7 artikuj p\u00ebrmbledh\u00ebs","description":"","publisher":{"@id":"https:\/\/permbledhja.com\/#organization"},"potentialAction":[{"@type":"SearchAction","target":{"@type":"EntryPoint","urlTemplate":"https:\/\/permbledhja.com\/?s={search_term_string}"},"query-input":"required name=search_term_string"}],"inLanguage":"sq"},{"@type":"Organization","@id":"https:\/\/permbledhja.com\/#organization","name":"MK Media & Pr","url":"https:\/\/permbledhja.com\/","logo":{"@type":"ImageObject","inLanguage":"sq","@id":"https:\/\/permbledhja.com\/#\/schema\/logo\/image\/","url":"https:\/\/permbledhja.com\/wp-content\/uploads\/2021\/12\/07-Press-Logo.jpg","contentUrl":"https:\/\/permbledhja.com\/wp-content\/uploads\/2021\/12\/07-Press-Logo.jpg","width":512,"height":512,"caption":"MK Media & Pr"},"image":{"@id":"https:\/\/permbledhja.com\/#\/schema\/logo\/image\/"},"sameAs":["https:\/\/www.facebook.com\/press07\/"]},{"@type":"Person","@id":"https:\/\/permbledhja.com\/#\/schema\/person\/0d064377258d3221e50693947b9eb4fe","name":"P\u00ebrmbledhja","image":{"@type":"ImageObject","inLanguage":"sq","@id":"https:\/\/permbledhja.com\/#\/schema\/person\/image\/","url":"https:\/\/permbledhja.com\/wp-content\/uploads\/2026\/01\/452004717_1040944174702970_8932037511805513407_n-96x96.jpg","contentUrl":"https:\/\/permbledhja.com\/wp-content\/uploads\/2026\/01\/452004717_1040944174702970_8932037511805513407_n-96x96.jpg","caption":"P\u00ebrmbledhja"},"sameAs":["https:\/\/www.facebook.com\/kafexhiu.muharrem\/","https:\/\/www.instagram.com\/muharrem_kafexhiu\/"],"url":"https:\/\/permbledhja.com\/sq\/author\/admin\/"}]}},"_links":{"self":[{"href":"https:\/\/permbledhja.com\/sq\/wp-json\/wp\/v2\/posts\/17626"}],"collection":[{"href":"https:\/\/permbledhja.com\/sq\/wp-json\/wp\/v2\/posts"}],"about":[{"href":"https:\/\/permbledhja.com\/sq\/wp-json\/wp\/v2\/types\/post"}],"author":[{"embeddable":true,"href":"https:\/\/permbledhja.com\/sq\/wp-json\/wp\/v2\/users\/1"}],"replies":[{"embeddable":true,"href":"https:\/\/permbledhja.com\/sq\/wp-json\/wp\/v2\/comments?post=17626"}],"version-history":[{"count":1,"href":"https:\/\/permbledhja.com\/sq\/wp-json\/wp\/v2\/posts\/17626\/revisions"}],"predecessor-version":[{"id":17628,"href":"https:\/\/permbledhja.com\/sq\/wp-json\/wp\/v2\/posts\/17626\/revisions\/17628"}],"wp:featuredmedia":[{"embeddable":true,"href":"https:\/\/permbledhja.com\/sq\/wp-json\/wp\/v2\/media\/17627"}],"wp:attachment":[{"href":"https:\/\/permbledhja.com\/sq\/wp-json\/wp\/v2\/media?parent=17626"}],"wp:term":[{"taxonomy":"category","embeddable":true,"href":"https:\/\/permbledhja.com\/sq\/wp-json\/wp\/v2\/categories?post=17626"},{"taxonomy":"post_tag","embeddable":true,"href":"https:\/\/permbledhja.com\/sq\/wp-json\/wp\/v2\/tags?post=17626"}],"curies":[{"name":"wp","href":"https:\/\/api.w.org\/{rel}","templated":true}]}}