{"id":17568,"date":"2023-07-04T17:49:19","date_gmt":"2023-07-04T17:49:19","guid":{"rendered":"https:\/\/permbledhja.com\/?p=17568"},"modified":"2023-07-04T17:49:19","modified_gmt":"2023-07-04T17:49:19","slug":"n1-perendimi-e-ka-humbur-durimin-ka-mobilizim-per-ta-rrezuar-dodikun","status":"publish","type":"post","link":"https:\/\/permbledhja.com\/sq\/n1-perendimi-e-ka-humbur-durimin-ka-mobilizim-per-ta-rrezuar-dodikun\/","title":{"rendered":"N1: Per\u00ebndimi e ka humbur durimin, ka mobilizim p\u00ebr ta rr\u00ebzuar Dodikun"},"content":{"rendered":"<h3>P\u00ebr her\u00eb t\u00eb par\u00eb, vendet udh\u00ebheq\u00ebse t\u00eb Per\u00ebndimit kan\u00eb filluar t\u00eb zhvillojn\u00eb seriozisht skenar\u00eb se si mund t\u00eb dukej Republika Srpska pa Milorad Dodikun, q\u00eb \u00ebsht\u00eb nj\u00eb shenj\u00eb e qart\u00eb e mb\u00ebshtetjes p\u00ebr P\u00ebrfaq\u00ebsuesin e Lart\u00eb Christian Schmidt p\u00ebr ta hequr p\u00ebrfaq\u00ebsuesin e serb\u00ebve nga posti i kreut t\u00eb Republika Srpskas dhe p\u00ebr ta ndaluar at\u00eb nga veprimtaria politike, m\u00ebson N1 nga burime t\u00eb mir\u00ebinformuara n\u00eb qarqet nd\u00ebrkomb\u00ebtare.<\/h3>\n<p>Si\u00e7 shkruan mediumi q\u00eb sh\u00ebrben si filial i CNN-it n\u00eb Beograd, Schmidt ka mb\u00ebshtetjen e plot\u00eb t\u00eb Per\u00ebndimit p\u00ebr ta rritur presionin ndaj Dodikut n\u00eb m\u00ebnyr\u00eb q\u00eb t\u00eb jet\u00eb e qart\u00eb se ai do t\u00eb largohet nga jeta politike dhe e vetmja m\u00ebnyr\u00eb p\u00ebr t\u00eb parandaluar q\u00eb kjo t\u00eb ndodh\u00eb \u00ebsht\u00eb q\u00eb ai t\u2019i ndaloj\u00eb urgjentisht aktivitetet antishtet\u00ebrore.<\/p>\n<p>Pas vitesh q\u00eb i dhan\u00eb atij hap\u00ebsir\u00eb \u200b\u200bdhe koh\u00eb p\u00ebr t\u2019i ndaluar aktet secesioniste dhe minimin e rendit kushtetues dhe ligjor t\u00eb Bosnj\u00eb e Hercegovin\u00eb. Shtetet e Bashkuara, Britania e Madhe, Gjermania, Franca dhe Italia po e humbasin durimin. Tani, p\u00ebr her\u00eb t\u00eb par\u00eb, ato jan\u00eb t\u00eb bashkuara n\u00eb mendimin se Dodik ka kaluar vij\u00ebn e kuqe dhe se veprimet e tij antikushtetuese nuk mund t\u00eb mbeten pa u nd\u00ebshkuar, sepse me veprimet e tij t\u00eb paarsyeshme dhe t\u00eb rrezikshme k\u00ebrc\u00ebnon paqen dhe struktur\u00ebn e Dejtonit.<\/p>\n<p>Nd\u00ebrsa Washingtoni, Londra, Berlini, Parisi dhe Roma zyrtare, p\u00ebrfaq\u00ebsuesit e t\u00eb cil\u00ebve punojn\u00eb s\u00eb bashku brenda Quintit, jan\u00eb pjekur n\u00eb besimin se sanksionet amerikane dhe britanike t\u00eb miratuara m\u00eb par\u00eb kund\u00ebr Dodikut nuk i ndaluan p\u00ebrpjekjet e tij p\u00ebr ta p\u00ebrmbysur shtetin dhe se \u00ebsht\u00eb nj\u00eb faz\u00eb e re p\u00ebr veprime m\u00eb t\u00eb drejtp\u00ebrdrejta me q\u00ebllim t\u00eb ruajtjes s\u00eb integritetit territorial dhe Kushtetut\u00ebs s\u00eb BeH, Brukseli zyrtar \u00ebsht\u00eb ende n\u00eb m\u00ebdyshje dhe nuk ka nj\u00eb q\u00ebndrim t\u00eb qart\u00eb.<\/p>\n<p>Megjith\u00ebse Turqia mb\u00ebshtet vendimet e fundit t\u00eb p\u00ebrfaq\u00ebsuesit t\u00eb lart\u00eb t\u00eb bashk\u00ebsis\u00eb nd\u00ebrkomb\u00ebtare, nuk \u00ebsht\u00eb e qart\u00eb se cili \u00ebsht\u00eb q\u00ebndrimi i Turqis\u00eb ndaj rr\u00ebzimit t\u00eb Dodikut.<\/p>\n<p>Dy dit\u00eb m\u00eb par\u00eb, Christian Schmidt anuloi Ligjin p\u00ebr moszbatimin e vendimeve t\u00eb Gjykat\u00ebs Kushtetuese t\u00eb BeH n\u00eb RS, i cili u miratua s\u00eb fundmi.<\/p>\n<p>Schmidt njoftoi gjithashtu ndryshime n\u00eb Kodin Penal t\u00eb Bosnj\u00eb-Hercegovin\u00ebs n\u00eb at\u00eb m\u00ebnyr\u00eb q\u00eb veprimet q\u00eb cenojn\u00eb rendin kushtetues t\u00eb Bosnj\u00eb-Hercegovin\u00ebs do t\u00eb trajtohen si vep\u00ebr penale.<\/p>\n","protected":false},"excerpt":{"rendered":"<p>P\u00ebr her\u00eb t\u00eb par\u00eb, vendet udh\u00ebheq\u00ebse t\u00eb Per\u00ebndimit kan\u00eb filluar t\u00eb zhvillojn\u00eb seriozisht skenar\u00eb se si mund t\u00eb dukej Republika Srpska pa Milorad Dodikun, q\u00eb \u00ebsht\u00eb nj\u00eb shenj\u00eb e qart\u00eb e mb\u00ebshtetjes p\u00ebr P\u00ebrfaq\u00ebsuesin e Lart\u00eb Christian Schmidt p\u00ebr ta hequr p\u00ebrfaq\u00ebsuesin e serb\u00ebve nga posti i kreut t\u00eb Republika Srpskas dhe p\u00ebr ta ndaluar [&hellip;]<\/p>\n","protected":false},"author":1,"featured_media":17569,"comment_status":"closed","ping_status":"closed","sticky":false,"template":"","format":"standard","meta":{"_monsterinsights_skip_tracking":false,"_monsterinsights_sitenote_active":false,"_monsterinsights_sitenote_note":"","_monsterinsights_sitenote_category":0,"_uf_show_specific_survey":0,"_uf_disable_surveys":false,"footnotes":""},"categories":[23,15],"tags":[2030],"yoast_head":"<!-- This site is optimized with the Yoast SEO plugin v21.5 - https:\/\/yoast.com\/wordpress\/plugins\/seo\/ -->\n<title>N1: Per\u00ebndimi e ka humbur durimin, ka mobilizim p\u00ebr ta rr\u00ebzuar Dodikun<\/title>\n<meta name=\"robots\" content=\"index, follow, max-snippet:-1, max-image-preview:large, max-video-preview:-1\" \/>\n<link rel=\"canonical\" href=\"https:\/\/permbledhja.com\/sq\/n1-perendimi-e-ka-humbur-durimin-ka-mobilizim-per-ta-rrezuar-dodikun\/\" \/>\n<meta property=\"og:locale\" content=\"sq_AL\" \/>\n<meta property=\"og:type\" content=\"article\" \/>\n<meta property=\"og:title\" content=\"N1: Per\u00ebndimi e ka humbur durimin, ka mobilizim p\u00ebr ta rr\u00ebzuar Dodikun\" \/>\n<meta property=\"og:description\" content=\"P\u00ebr her\u00eb t\u00eb par\u00eb, vendet udh\u00ebheq\u00ebse t\u00eb Per\u00ebndimit kan\u00eb filluar t\u00eb zhvillojn\u00eb seriozisht skenar\u00eb se si mund t\u00eb dukej Republika Srpska pa Milorad Dodikun, q\u00eb \u00ebsht\u00eb nj\u00eb shenj\u00eb e qart\u00eb e mb\u00ebshtetjes p\u00ebr P\u00ebrfaq\u00ebsuesin e Lart\u00eb Christian Schmidt p\u00ebr ta hequr p\u00ebrfaq\u00ebsuesin e serb\u00ebve nga posti i kreut t\u00eb Republika Srpskas dhe p\u00ebr ta ndaluar [&hellip;]\" \/>\n<meta property=\"og:url\" content=\"https:\/\/permbledhja.com\/sq\/n1-perendimi-e-ka-humbur-durimin-ka-mobilizim-per-ta-rrezuar-dodikun\/\" \/>\n<meta property=\"og:site_name\" content=\"Ve\u00e7 artikuj p\u00ebrmbledh\u00ebs\" \/>\n<meta property=\"article:publisher\" content=\"https:\/\/www.facebook.com\/press07\/\" \/>\n<meta property=\"article:author\" content=\"https:\/\/www.facebook.com\/kafexhiu.muharrem\/\" \/>\n<meta property=\"article:published_time\" content=\"2023-07-04T17:49:19+00:00\" \/>\n<meta property=\"og:image\" content=\"https:\/\/permbledhja.com\/wp-content\/uploads\/2023\/07\/dodik.jpg\" \/>\n\t<meta property=\"og:image:width\" content=\"811\" \/>\n\t<meta property=\"og:image:height\" content=\"492\" \/>\n\t<meta property=\"og:image:type\" content=\"image\/jpeg\" \/>\n<meta name=\"author\" content=\"P\u00ebrmbledhja\" \/>\n<meta name=\"twitter:card\" content=\"summary_large_image\" \/>\n<meta name=\"twitter:label1\" content=\"Written by\" \/>\n\t<meta name=\"twitter:data1\" content=\"P\u00ebrmbledhja\" \/>\n\t<meta name=\"twitter:label2\" content=\"Est. reading time\" \/>\n\t<meta name=\"twitter:data2\" content=\"2 minuta\" \/>\n<script type=\"application\/ld+json\" class=\"yoast-schema-graph\">{\"@context\":\"https:\/\/schema.org\",\"@graph\":[{\"@type\":\"Article\",\"@id\":\"https:\/\/permbledhja.com\/n1-perendimi-e-ka-humbur-durimin-ka-mobilizim-per-ta-rrezuar-dodikun\/#article\",\"isPartOf\":{\"@id\":\"https:\/\/permbledhja.com\/n1-perendimi-e-ka-humbur-durimin-ka-mobilizim-per-ta-rrezuar-dodikun\/\"},\"author\":{\"name\":\"P\u00ebrmbledhja\",\"@id\":\"https:\/\/permbledhja.com\/#\/schema\/person\/0d064377258d3221e50693947b9eb4fe\"},\"headline\":\"N1: Per\u00ebndimi e ka humbur durimin, ka mobilizim p\u00ebr ta rr\u00ebzuar Dodikun\",\"datePublished\":\"2023-07-04T17:49:19+00:00\",\"dateModified\":\"2023-07-04T17:49:19+00:00\",\"mainEntityOfPage\":{\"@id\":\"https:\/\/permbledhja.com\/n1-perendimi-e-ka-humbur-durimin-ka-mobilizim-per-ta-rrezuar-dodikun\/\"},\"wordCount\":449,\"publisher\":{\"@id\":\"https:\/\/permbledhja.com\/#organization\"},\"keywords\":[\"Dodik\"],\"articleSection\":[\"Komb\u00ebtare\",\"Lajme\"],\"inLanguage\":\"sq\"},{\"@type\":\"WebPage\",\"@id\":\"https:\/\/permbledhja.com\/n1-perendimi-e-ka-humbur-durimin-ka-mobilizim-per-ta-rrezuar-dodikun\/\",\"url\":\"https:\/\/permbledhja.com\/n1-perendimi-e-ka-humbur-durimin-ka-mobilizim-per-ta-rrezuar-dodikun\/\",\"name\":\"N1: Per\u00ebndimi e ka humbur durimin, ka mobilizim p\u00ebr ta rr\u00ebzuar Dodikun\",\"isPartOf\":{\"@id\":\"https:\/\/permbledhja.com\/#website\"},\"datePublished\":\"2023-07-04T17:49:19+00:00\",\"dateModified\":\"2023-07-04T17:49:19+00:00\",\"breadcrumb\":{\"@id\":\"https:\/\/permbledhja.com\/n1-perendimi-e-ka-humbur-durimin-ka-mobilizim-per-ta-rrezuar-dodikun\/#breadcrumb\"},\"inLanguage\":\"sq\",\"potentialAction\":[{\"@type\":\"ReadAction\",\"target\":[\"https:\/\/permbledhja.com\/n1-perendimi-e-ka-humbur-durimin-ka-mobilizim-per-ta-rrezuar-dodikun\/\"]}]},{\"@type\":\"BreadcrumbList\",\"@id\":\"https:\/\/permbledhja.com\/n1-perendimi-e-ka-humbur-durimin-ka-mobilizim-per-ta-rrezuar-dodikun\/#breadcrumb\",\"itemListElement\":[{\"@type\":\"ListItem\",\"position\":1,\"name\":\"Ballina\",\"item\":\"https:\/\/permbledhja.com\/sq\/\"},{\"@type\":\"ListItem\",\"position\":2,\"name\":\"N1: Per\u00ebndimi e ka humbur durimin, ka mobilizim p\u00ebr ta rr\u00ebzuar Dodikun\"}]},{\"@type\":\"WebSite\",\"@id\":\"https:\/\/permbledhja.com\/#website\",\"url\":\"https:\/\/permbledhja.com\/\",\"name\":\"Ve\u00e7 artikuj p\u00ebrmbledh\u00ebs\",\"description\":\"\",\"publisher\":{\"@id\":\"https:\/\/permbledhja.com\/#organization\"},\"potentialAction\":[{\"@type\":\"SearchAction\",\"target\":{\"@type\":\"EntryPoint\",\"urlTemplate\":\"https:\/\/permbledhja.com\/?s={search_term_string}\"},\"query-input\":\"required name=search_term_string\"}],\"inLanguage\":\"sq\"},{\"@type\":\"Organization\",\"@id\":\"https:\/\/permbledhja.com\/#organization\",\"name\":\"MK Media & Pr\",\"url\":\"https:\/\/permbledhja.com\/\",\"logo\":{\"@type\":\"ImageObject\",\"inLanguage\":\"sq\",\"@id\":\"https:\/\/permbledhja.com\/#\/schema\/logo\/image\/\",\"url\":\"https:\/\/permbledhja.com\/wp-content\/uploads\/2021\/12\/07-Press-Logo.jpg\",\"contentUrl\":\"https:\/\/permbledhja.com\/wp-content\/uploads\/2021\/12\/07-Press-Logo.jpg\",\"width\":512,\"height\":512,\"caption\":\"MK Media & Pr\"},\"image\":{\"@id\":\"https:\/\/permbledhja.com\/#\/schema\/logo\/image\/\"},\"sameAs\":[\"https:\/\/www.facebook.com\/press07\/\"]},{\"@type\":\"Person\",\"@id\":\"https:\/\/permbledhja.com\/#\/schema\/person\/0d064377258d3221e50693947b9eb4fe\",\"name\":\"P\u00ebrmbledhja\",\"image\":{\"@type\":\"ImageObject\",\"inLanguage\":\"sq\",\"@id\":\"https:\/\/permbledhja.com\/#\/schema\/person\/image\/\",\"url\":\"https:\/\/permbledhja.com\/wp-content\/uploads\/2026\/01\/452004717_1040944174702970_8932037511805513407_n-96x96.jpg\",\"contentUrl\":\"https:\/\/permbledhja.com\/wp-content\/uploads\/2026\/01\/452004717_1040944174702970_8932037511805513407_n-96x96.jpg\",\"caption\":\"P\u00ebrmbledhja\"},\"sameAs\":[\"https:\/\/www.facebook.com\/kafexhiu.muharrem\/\",\"https:\/\/www.instagram.com\/muharrem_kafexhiu\/\"],\"url\":\"https:\/\/permbledhja.com\/sq\/author\/admin\/\"}]}<\/script>\n<!-- \/ Yoast SEO plugin. -->","yoast_head_json":{"title":"N1: Per\u00ebndimi e ka humbur durimin, ka mobilizim p\u00ebr ta rr\u00ebzuar Dodikun","robots":{"index":"index","follow":"follow","max-snippet":"max-snippet:-1","max-image-preview":"max-image-preview:large","max-video-preview":"max-video-preview:-1"},"canonical":"https:\/\/permbledhja.com\/sq\/n1-perendimi-e-ka-humbur-durimin-ka-mobilizim-per-ta-rrezuar-dodikun\/","og_locale":"sq_AL","og_type":"article","og_title":"N1: Per\u00ebndimi e ka humbur durimin, ka mobilizim p\u00ebr ta rr\u00ebzuar Dodikun","og_description":"P\u00ebr her\u00eb t\u00eb par\u00eb, vendet udh\u00ebheq\u00ebse t\u00eb Per\u00ebndimit kan\u00eb filluar t\u00eb zhvillojn\u00eb seriozisht skenar\u00eb se si mund t\u00eb dukej Republika Srpska pa Milorad Dodikun, q\u00eb \u00ebsht\u00eb nj\u00eb shenj\u00eb e qart\u00eb e mb\u00ebshtetjes p\u00ebr P\u00ebrfaq\u00ebsuesin e Lart\u00eb Christian Schmidt p\u00ebr ta hequr p\u00ebrfaq\u00ebsuesin e serb\u00ebve nga posti i kreut t\u00eb Republika Srpskas dhe p\u00ebr ta ndaluar [&hellip;]","og_url":"https:\/\/permbledhja.com\/sq\/n1-perendimi-e-ka-humbur-durimin-ka-mobilizim-per-ta-rrezuar-dodikun\/","og_site_name":"Ve\u00e7 artikuj p\u00ebrmbledh\u00ebs","article_publisher":"https:\/\/www.facebook.com\/press07\/","article_author":"https:\/\/www.facebook.com\/kafexhiu.muharrem\/","article_published_time":"2023-07-04T17:49:19+00:00","og_image":[{"width":811,"height":492,"url":"https:\/\/permbledhja.com\/wp-content\/uploads\/2023\/07\/dodik.jpg","type":"image\/jpeg"}],"author":"P\u00ebrmbledhja","twitter_card":"summary_large_image","twitter_misc":{"Written by":"P\u00ebrmbledhja","Est. reading time":"2 minuta"},"schema":{"@context":"https:\/\/schema.org","@graph":[{"@type":"Article","@id":"https:\/\/permbledhja.com\/n1-perendimi-e-ka-humbur-durimin-ka-mobilizim-per-ta-rrezuar-dodikun\/#article","isPartOf":{"@id":"https:\/\/permbledhja.com\/n1-perendimi-e-ka-humbur-durimin-ka-mobilizim-per-ta-rrezuar-dodikun\/"},"author":{"name":"P\u00ebrmbledhja","@id":"https:\/\/permbledhja.com\/#\/schema\/person\/0d064377258d3221e50693947b9eb4fe"},"headline":"N1: Per\u00ebndimi e ka humbur durimin, ka mobilizim p\u00ebr ta rr\u00ebzuar Dodikun","datePublished":"2023-07-04T17:49:19+00:00","dateModified":"2023-07-04T17:49:19+00:00","mainEntityOfPage":{"@id":"https:\/\/permbledhja.com\/n1-perendimi-e-ka-humbur-durimin-ka-mobilizim-per-ta-rrezuar-dodikun\/"},"wordCount":449,"publisher":{"@id":"https:\/\/permbledhja.com\/#organization"},"keywords":["Dodik"],"articleSection":["Komb\u00ebtare","Lajme"],"inLanguage":"sq"},{"@type":"WebPage","@id":"https:\/\/permbledhja.com\/n1-perendimi-e-ka-humbur-durimin-ka-mobilizim-per-ta-rrezuar-dodikun\/","url":"https:\/\/permbledhja.com\/n1-perendimi-e-ka-humbur-durimin-ka-mobilizim-per-ta-rrezuar-dodikun\/","name":"N1: Per\u00ebndimi e ka humbur durimin, ka mobilizim p\u00ebr ta rr\u00ebzuar Dodikun","isPartOf":{"@id":"https:\/\/permbledhja.com\/#website"},"datePublished":"2023-07-04T17:49:19+00:00","dateModified":"2023-07-04T17:49:19+00:00","breadcrumb":{"@id":"https:\/\/permbledhja.com\/n1-perendimi-e-ka-humbur-durimin-ka-mobilizim-per-ta-rrezuar-dodikun\/#breadcrumb"},"inLanguage":"sq","potentialAction":[{"@type":"ReadAction","target":["https:\/\/permbledhja.com\/n1-perendimi-e-ka-humbur-durimin-ka-mobilizim-per-ta-rrezuar-dodikun\/"]}]},{"@type":"BreadcrumbList","@id":"https:\/\/permbledhja.com\/n1-perendimi-e-ka-humbur-durimin-ka-mobilizim-per-ta-rrezuar-dodikun\/#breadcrumb","itemListElement":[{"@type":"ListItem","position":1,"name":"Ballina","item":"https:\/\/permbledhja.com\/sq\/"},{"@type":"ListItem","position":2,"name":"N1: Per\u00ebndimi e ka humbur durimin, ka mobilizim p\u00ebr ta rr\u00ebzuar Dodikun"}]},{"@type":"WebSite","@id":"https:\/\/permbledhja.com\/#website","url":"https:\/\/permbledhja.com\/","name":"Ve\u00e7 artikuj p\u00ebrmbledh\u00ebs","description":"","publisher":{"@id":"https:\/\/permbledhja.com\/#organization"},"potentialAction":[{"@type":"SearchAction","target":{"@type":"EntryPoint","urlTemplate":"https:\/\/permbledhja.com\/?s={search_term_string}"},"query-input":"required name=search_term_string"}],"inLanguage":"sq"},{"@type":"Organization","@id":"https:\/\/permbledhja.com\/#organization","name":"MK Media & Pr","url":"https:\/\/permbledhja.com\/","logo":{"@type":"ImageObject","inLanguage":"sq","@id":"https:\/\/permbledhja.com\/#\/schema\/logo\/image\/","url":"https:\/\/permbledhja.com\/wp-content\/uploads\/2021\/12\/07-Press-Logo.jpg","contentUrl":"https:\/\/permbledhja.com\/wp-content\/uploads\/2021\/12\/07-Press-Logo.jpg","width":512,"height":512,"caption":"MK Media & Pr"},"image":{"@id":"https:\/\/permbledhja.com\/#\/schema\/logo\/image\/"},"sameAs":["https:\/\/www.facebook.com\/press07\/"]},{"@type":"Person","@id":"https:\/\/permbledhja.com\/#\/schema\/person\/0d064377258d3221e50693947b9eb4fe","name":"P\u00ebrmbledhja","image":{"@type":"ImageObject","inLanguage":"sq","@id":"https:\/\/permbledhja.com\/#\/schema\/person\/image\/","url":"https:\/\/permbledhja.com\/wp-content\/uploads\/2026\/01\/452004717_1040944174702970_8932037511805513407_n-96x96.jpg","contentUrl":"https:\/\/permbledhja.com\/wp-content\/uploads\/2026\/01\/452004717_1040944174702970_8932037511805513407_n-96x96.jpg","caption":"P\u00ebrmbledhja"},"sameAs":["https:\/\/www.facebook.com\/kafexhiu.muharrem\/","https:\/\/www.instagram.com\/muharrem_kafexhiu\/"],"url":"https:\/\/permbledhja.com\/sq\/author\/admin\/"}]}},"_links":{"self":[{"href":"https:\/\/permbledhja.com\/sq\/wp-json\/wp\/v2\/posts\/17568"}],"collection":[{"href":"https:\/\/permbledhja.com\/sq\/wp-json\/wp\/v2\/posts"}],"about":[{"href":"https:\/\/permbledhja.com\/sq\/wp-json\/wp\/v2\/types\/post"}],"author":[{"embeddable":true,"href":"https:\/\/permbledhja.com\/sq\/wp-json\/wp\/v2\/users\/1"}],"replies":[{"embeddable":true,"href":"https:\/\/permbledhja.com\/sq\/wp-json\/wp\/v2\/comments?post=17568"}],"version-history":[{"count":1,"href":"https:\/\/permbledhja.com\/sq\/wp-json\/wp\/v2\/posts\/17568\/revisions"}],"predecessor-version":[{"id":17570,"href":"https:\/\/permbledhja.com\/sq\/wp-json\/wp\/v2\/posts\/17568\/revisions\/17570"}],"wp:featuredmedia":[{"embeddable":true,"href":"https:\/\/permbledhja.com\/sq\/wp-json\/wp\/v2\/media\/17569"}],"wp:attachment":[{"href":"https:\/\/permbledhja.com\/sq\/wp-json\/wp\/v2\/media?parent=17568"}],"wp:term":[{"taxonomy":"category","embeddable":true,"href":"https:\/\/permbledhja.com\/sq\/wp-json\/wp\/v2\/categories?post=17568"},{"taxonomy":"post_tag","embeddable":true,"href":"https:\/\/permbledhja.com\/sq\/wp-json\/wp\/v2\/tags?post=17568"}],"curies":[{"name":"wp","href":"https:\/\/api.w.org\/{rel}","templated":true}]}}