{"id":17565,"date":"2023-07-04T16:34:55","date_gmt":"2023-07-04T16:34:55","guid":{"rendered":"https:\/\/permbledhja.com\/?p=17565"},"modified":"2023-07-04T16:34:55","modified_gmt":"2023-07-04T16:34:55","slug":"konjufca-masat-e-bese-te-padrejta-thuajse-serbia-ska-kurrfare-pergjegjesie","status":"publish","type":"post","link":"https:\/\/permbledhja.com\/sq\/konjufca-masat-e-bese-te-padrejta-thuajse-serbia-ska-kurrfare-pergjegjesie\/","title":{"rendered":"Konjufca: Masat e BE\u2019s\u00eb t\u00eb padrejta, thuajse Serbia s\u2019ka kurrfar\u00eb p\u00ebrgjegj\u00ebsie"},"content":{"rendered":"<p><strong>Kryetari i Kuvendit, Glauk Konjufca, i ka cil\u00ebsuar si t\u00eb padrejta masat e Bashkimit Europian ndaj Kosov\u00ebs.<\/strong><\/p>\n<p>Ai tha se ato u aplikuan vet\u00ebm ndaj Kosov\u00ebs sikurse Serbia nuk ka asnj\u00eb p\u00ebrgjegj\u00ebsi p\u00ebr situat\u00ebn, derisa tha se \u00ebsht\u00eb pik\u00ebrisht presidenti serb Vu\u00e7iq q\u00eb e nisi gjith\u00eb k\u00ebt\u00eb.<\/p>\n<p>\u201cNga ky aspekt m\u00eb duken si t\u00eb padrejta, thuajse se Serbia ska kurrfar\u00eb p\u00ebrgjegj\u00ebsie p\u00ebr ato q\u00eb po ndodhin n\u00eb veri. P\u00ebrgjegj\u00ebsia e Vu\u00e7iqit \u00ebsht\u00eb e drejtp\u00ebrdrejt\u00eb. ka dal\u00eb publikisht dhe i ka k\u00ebrkuar serb\u00ebve t\u00eb japin dor\u00ebheqje, ai e filloi. Institucionet mbeten vakante. Tash ishin dy opsione ose t\u00eb triumfonte ai Vu\u00e7iqit ose ai i Kosov\u00ebs. Dy her\u00eb e kemi shtyr\u00eb afatin p\u00ebr zgjedhjet\u201d, tha Konjufca n\u00eb nj\u00eb intervist\u00eb p\u00ebr T7.<\/p>\n<p>Konjufca tha se n\u00eb Veri u pa nga kush u shkaktua dhuna, prandaj tha se e pik\u00ebllon q\u00eb masat nga BE u mor\u00ebn vet\u00ebm ndaj Kosov\u00ebs.<\/p>\n<p>\u201cDeputeti i Bundestagut e publikoi videon e atij q\u00eb ushtronte dhun\u00eb ndaj KFOR-it. Ai ishte polic i Serbis\u00eb dhe pasdite kishte ardhur k\u00ebtu p\u00ebr dhun\u00eb. Kur i sheh t\u00eb gjitha k\u00ebto dhe me marr\u00eb masa ndaj Kosov\u00ebs, kjo po m\u00eb pik\u00ebllon\u201d.<\/p>\n<p>P\u00ebr zgjedhjet n\u00eb Veri, Konjufca tha se e kan\u00eb koh\u00ebn e tyre edhe n\u00eb aspektin q\u00eb duhet t\u00eb ket\u00eb nj\u00eb rrug\u00eb ligjore si t\u00eb shkohet atje.<\/p>\n<p>\u201cDo t\u00eb ishte jodemoratike t\u00eb k\u00ebrkohet dor\u00ebheqje e kryetar\u00ebve. Ata s\u2019kan\u00eb vullnet p\u00ebr t\u00eb dh\u00ebn\u00eb dor\u00ebheqje. N\u00ebnshkrimet duhet t\u00eb grumbullohen nga qytetar\u00ebt. P\u00ebr k\u00ebt\u00eb \u00ebsht\u00eb pajtuar kryeministri, BE, por edhe Serbia \u00ebsht\u00eb pajtuar me k\u00ebt\u00eb\u201d.<\/p>\n","protected":false},"excerpt":{"rendered":"<p>Kryetari i Kuvendit, Glauk Konjufca, i ka cil\u00ebsuar si t\u00eb padrejta masat e Bashkimit Europian ndaj Kosov\u00ebs. Ai tha se ato u aplikuan vet\u00ebm ndaj Kosov\u00ebs sikurse Serbia nuk ka asnj\u00eb p\u00ebrgjegj\u00ebsi p\u00ebr situat\u00ebn, derisa tha se \u00ebsht\u00eb pik\u00ebrisht presidenti serb Vu\u00e7iq q\u00eb e nisi gjith\u00eb k\u00ebt\u00eb. \u201cNga ky aspekt m\u00eb duken si t\u00eb padrejta, [&hellip;]<\/p>\n","protected":false},"author":1,"featured_media":17566,"comment_status":"closed","ping_status":"closed","sticky":false,"template":"","format":"standard","meta":{"_monsterinsights_skip_tracking":false,"_monsterinsights_sitenote_active":false,"_monsterinsights_sitenote_note":"","_monsterinsights_sitenote_category":0,"_uf_show_specific_survey":0,"_uf_disable_surveys":false,"footnotes":""},"categories":[23,15],"tags":[24],"yoast_head":"<!-- This site is optimized with the Yoast SEO plugin v21.5 - https:\/\/yoast.com\/wordpress\/plugins\/seo\/ -->\n<title>Konjufca: Masat e BE\u2019s\u00eb t\u00eb padrejta, thuajse Serbia s\u2019ka kurrfar\u00eb p\u00ebrgjegj\u00ebsie<\/title>\n<meta name=\"robots\" content=\"index, follow, max-snippet:-1, max-image-preview:large, max-video-preview:-1\" \/>\n<link rel=\"canonical\" href=\"https:\/\/permbledhja.com\/sq\/konjufca-masat-e-bese-te-padrejta-thuajse-serbia-ska-kurrfare-pergjegjesie\/\" \/>\n<meta property=\"og:locale\" content=\"sq_AL\" \/>\n<meta property=\"og:type\" content=\"article\" \/>\n<meta property=\"og:title\" content=\"Konjufca: Masat e BE\u2019s\u00eb t\u00eb padrejta, thuajse Serbia s\u2019ka kurrfar\u00eb p\u00ebrgjegj\u00ebsie\" \/>\n<meta property=\"og:description\" content=\"Kryetari i Kuvendit, Glauk Konjufca, i ka cil\u00ebsuar si t\u00eb padrejta masat e Bashkimit Europian ndaj Kosov\u00ebs. Ai tha se ato u aplikuan vet\u00ebm ndaj Kosov\u00ebs sikurse Serbia nuk ka asnj\u00eb p\u00ebrgjegj\u00ebsi p\u00ebr situat\u00ebn, derisa tha se \u00ebsht\u00eb pik\u00ebrisht presidenti serb Vu\u00e7iq q\u00eb e nisi gjith\u00eb k\u00ebt\u00eb. \u201cNga ky aspekt m\u00eb duken si t\u00eb padrejta, [&hellip;]\" \/>\n<meta property=\"og:url\" content=\"https:\/\/permbledhja.com\/sq\/konjufca-masat-e-bese-te-padrejta-thuajse-serbia-ska-kurrfare-pergjegjesie\/\" \/>\n<meta property=\"og:site_name\" content=\"Ve\u00e7 artikuj p\u00ebrmbledh\u00ebs\" \/>\n<meta property=\"article:publisher\" content=\"https:\/\/www.facebook.com\/press07\/\" \/>\n<meta property=\"article:author\" content=\"https:\/\/www.facebook.com\/kafexhiu.muharrem\/\" \/>\n<meta property=\"article:published_time\" content=\"2023-07-04T16:34:55+00:00\" \/>\n<meta property=\"og:image\" content=\"https:\/\/permbledhja.com\/wp-content\/uploads\/2023\/07\/7D486CEA-01C4-442E-8DB0-08D986D2F3F2.jpeg\" \/>\n\t<meta property=\"og:image:width\" content=\"750\" \/>\n\t<meta property=\"og:image:height\" content=\"375\" \/>\n\t<meta property=\"og:image:type\" content=\"image\/jpeg\" \/>\n<meta name=\"author\" content=\"P\u00ebrmbledhja\" \/>\n<meta name=\"twitter:card\" content=\"summary_large_image\" \/>\n<meta name=\"twitter:label1\" content=\"Written by\" \/>\n\t<meta name=\"twitter:data1\" content=\"P\u00ebrmbledhja\" \/>\n\t<meta name=\"twitter:label2\" content=\"Est. reading time\" \/>\n\t<meta name=\"twitter:data2\" content=\"1 minut\u00eb\" \/>\n<script type=\"application\/ld+json\" class=\"yoast-schema-graph\">{\"@context\":\"https:\/\/schema.org\",\"@graph\":[{\"@type\":\"Article\",\"@id\":\"https:\/\/permbledhja.com\/konjufca-masat-e-bese-te-padrejta-thuajse-serbia-ska-kurrfare-pergjegjesie\/#article\",\"isPartOf\":{\"@id\":\"https:\/\/permbledhja.com\/konjufca-masat-e-bese-te-padrejta-thuajse-serbia-ska-kurrfare-pergjegjesie\/\"},\"author\":{\"name\":\"P\u00ebrmbledhja\",\"@id\":\"https:\/\/permbledhja.com\/#\/schema\/person\/0d064377258d3221e50693947b9eb4fe\"},\"headline\":\"Konjufca: Masat e BE\u2019s\u00eb t\u00eb padrejta, thuajse Serbia s\u2019ka kurrfar\u00eb p\u00ebrgjegj\u00ebsie\",\"datePublished\":\"2023-07-04T16:34:55+00:00\",\"dateModified\":\"2023-07-04T16:34:55+00:00\",\"mainEntityOfPage\":{\"@id\":\"https:\/\/permbledhja.com\/konjufca-masat-e-bese-te-padrejta-thuajse-serbia-ska-kurrfare-pergjegjesie\/\"},\"wordCount\":310,\"publisher\":{\"@id\":\"https:\/\/permbledhja.com\/#organization\"},\"keywords\":[\"Glauk Konjufca\"],\"articleSection\":[\"Komb\u00ebtare\",\"Lajme\"],\"inLanguage\":\"sq\"},{\"@type\":\"WebPage\",\"@id\":\"https:\/\/permbledhja.com\/konjufca-masat-e-bese-te-padrejta-thuajse-serbia-ska-kurrfare-pergjegjesie\/\",\"url\":\"https:\/\/permbledhja.com\/konjufca-masat-e-bese-te-padrejta-thuajse-serbia-ska-kurrfare-pergjegjesie\/\",\"name\":\"Konjufca: Masat e BE\u2019s\u00eb t\u00eb padrejta, thuajse Serbia s\u2019ka kurrfar\u00eb p\u00ebrgjegj\u00ebsie\",\"isPartOf\":{\"@id\":\"https:\/\/permbledhja.com\/#website\"},\"datePublished\":\"2023-07-04T16:34:55+00:00\",\"dateModified\":\"2023-07-04T16:34:55+00:00\",\"breadcrumb\":{\"@id\":\"https:\/\/permbledhja.com\/konjufca-masat-e-bese-te-padrejta-thuajse-serbia-ska-kurrfare-pergjegjesie\/#breadcrumb\"},\"inLanguage\":\"sq\",\"potentialAction\":[{\"@type\":\"ReadAction\",\"target\":[\"https:\/\/permbledhja.com\/konjufca-masat-e-bese-te-padrejta-thuajse-serbia-ska-kurrfare-pergjegjesie\/\"]}]},{\"@type\":\"BreadcrumbList\",\"@id\":\"https:\/\/permbledhja.com\/konjufca-masat-e-bese-te-padrejta-thuajse-serbia-ska-kurrfare-pergjegjesie\/#breadcrumb\",\"itemListElement\":[{\"@type\":\"ListItem\",\"position\":1,\"name\":\"Ballina\",\"item\":\"https:\/\/permbledhja.com\/sq\/\"},{\"@type\":\"ListItem\",\"position\":2,\"name\":\"Konjufca: Masat e BE\u2019s\u00eb t\u00eb padrejta, thuajse Serbia s\u2019ka kurrfar\u00eb p\u00ebrgjegj\u00ebsie\"}]},{\"@type\":\"WebSite\",\"@id\":\"https:\/\/permbledhja.com\/#website\",\"url\":\"https:\/\/permbledhja.com\/\",\"name\":\"Ve\u00e7 artikuj p\u00ebrmbledh\u00ebs\",\"description\":\"\",\"publisher\":{\"@id\":\"https:\/\/permbledhja.com\/#organization\"},\"potentialAction\":[{\"@type\":\"SearchAction\",\"target\":{\"@type\":\"EntryPoint\",\"urlTemplate\":\"https:\/\/permbledhja.com\/?s={search_term_string}\"},\"query-input\":\"required name=search_term_string\"}],\"inLanguage\":\"sq\"},{\"@type\":\"Organization\",\"@id\":\"https:\/\/permbledhja.com\/#organization\",\"name\":\"MK Media & Pr\",\"url\":\"https:\/\/permbledhja.com\/\",\"logo\":{\"@type\":\"ImageObject\",\"inLanguage\":\"sq\",\"@id\":\"https:\/\/permbledhja.com\/#\/schema\/logo\/image\/\",\"url\":\"https:\/\/permbledhja.com\/wp-content\/uploads\/2021\/12\/07-Press-Logo.jpg\",\"contentUrl\":\"https:\/\/permbledhja.com\/wp-content\/uploads\/2021\/12\/07-Press-Logo.jpg\",\"width\":512,\"height\":512,\"caption\":\"MK Media & Pr\"},\"image\":{\"@id\":\"https:\/\/permbledhja.com\/#\/schema\/logo\/image\/\"},\"sameAs\":[\"https:\/\/www.facebook.com\/press07\/\"]},{\"@type\":\"Person\",\"@id\":\"https:\/\/permbledhja.com\/#\/schema\/person\/0d064377258d3221e50693947b9eb4fe\",\"name\":\"P\u00ebrmbledhja\",\"image\":{\"@type\":\"ImageObject\",\"inLanguage\":\"sq\",\"@id\":\"https:\/\/permbledhja.com\/#\/schema\/person\/image\/\",\"url\":\"https:\/\/permbledhja.com\/wp-content\/uploads\/2026\/01\/452004717_1040944174702970_8932037511805513407_n-96x96.jpg\",\"contentUrl\":\"https:\/\/permbledhja.com\/wp-content\/uploads\/2026\/01\/452004717_1040944174702970_8932037511805513407_n-96x96.jpg\",\"caption\":\"P\u00ebrmbledhja\"},\"sameAs\":[\"https:\/\/www.facebook.com\/kafexhiu.muharrem\/\",\"https:\/\/www.instagram.com\/muharrem_kafexhiu\/\"],\"url\":\"https:\/\/permbledhja.com\/sq\/author\/admin\/\"}]}<\/script>\n<!-- \/ Yoast SEO plugin. -->","yoast_head_json":{"title":"Konjufca: Masat e BE\u2019s\u00eb t\u00eb padrejta, thuajse Serbia s\u2019ka kurrfar\u00eb p\u00ebrgjegj\u00ebsie","robots":{"index":"index","follow":"follow","max-snippet":"max-snippet:-1","max-image-preview":"max-image-preview:large","max-video-preview":"max-video-preview:-1"},"canonical":"https:\/\/permbledhja.com\/sq\/konjufca-masat-e-bese-te-padrejta-thuajse-serbia-ska-kurrfare-pergjegjesie\/","og_locale":"sq_AL","og_type":"article","og_title":"Konjufca: Masat e BE\u2019s\u00eb t\u00eb padrejta, thuajse Serbia s\u2019ka kurrfar\u00eb p\u00ebrgjegj\u00ebsie","og_description":"Kryetari i Kuvendit, Glauk Konjufca, i ka cil\u00ebsuar si t\u00eb padrejta masat e Bashkimit Europian ndaj Kosov\u00ebs. Ai tha se ato u aplikuan vet\u00ebm ndaj Kosov\u00ebs sikurse Serbia nuk ka asnj\u00eb p\u00ebrgjegj\u00ebsi p\u00ebr situat\u00ebn, derisa tha se \u00ebsht\u00eb pik\u00ebrisht presidenti serb Vu\u00e7iq q\u00eb e nisi gjith\u00eb k\u00ebt\u00eb. \u201cNga ky aspekt m\u00eb duken si t\u00eb padrejta, [&hellip;]","og_url":"https:\/\/permbledhja.com\/sq\/konjufca-masat-e-bese-te-padrejta-thuajse-serbia-ska-kurrfare-pergjegjesie\/","og_site_name":"Ve\u00e7 artikuj p\u00ebrmbledh\u00ebs","article_publisher":"https:\/\/www.facebook.com\/press07\/","article_author":"https:\/\/www.facebook.com\/kafexhiu.muharrem\/","article_published_time":"2023-07-04T16:34:55+00:00","og_image":[{"width":750,"height":375,"url":"https:\/\/permbledhja.com\/wp-content\/uploads\/2023\/07\/7D486CEA-01C4-442E-8DB0-08D986D2F3F2.jpeg","type":"image\/jpeg"}],"author":"P\u00ebrmbledhja","twitter_card":"summary_large_image","twitter_misc":{"Written by":"P\u00ebrmbledhja","Est. reading time":"1 minut\u00eb"},"schema":{"@context":"https:\/\/schema.org","@graph":[{"@type":"Article","@id":"https:\/\/permbledhja.com\/konjufca-masat-e-bese-te-padrejta-thuajse-serbia-ska-kurrfare-pergjegjesie\/#article","isPartOf":{"@id":"https:\/\/permbledhja.com\/konjufca-masat-e-bese-te-padrejta-thuajse-serbia-ska-kurrfare-pergjegjesie\/"},"author":{"name":"P\u00ebrmbledhja","@id":"https:\/\/permbledhja.com\/#\/schema\/person\/0d064377258d3221e50693947b9eb4fe"},"headline":"Konjufca: Masat e BE\u2019s\u00eb t\u00eb padrejta, thuajse Serbia s\u2019ka kurrfar\u00eb p\u00ebrgjegj\u00ebsie","datePublished":"2023-07-04T16:34:55+00:00","dateModified":"2023-07-04T16:34:55+00:00","mainEntityOfPage":{"@id":"https:\/\/permbledhja.com\/konjufca-masat-e-bese-te-padrejta-thuajse-serbia-ska-kurrfare-pergjegjesie\/"},"wordCount":310,"publisher":{"@id":"https:\/\/permbledhja.com\/#organization"},"keywords":["Glauk Konjufca"],"articleSection":["Komb\u00ebtare","Lajme"],"inLanguage":"sq"},{"@type":"WebPage","@id":"https:\/\/permbledhja.com\/konjufca-masat-e-bese-te-padrejta-thuajse-serbia-ska-kurrfare-pergjegjesie\/","url":"https:\/\/permbledhja.com\/konjufca-masat-e-bese-te-padrejta-thuajse-serbia-ska-kurrfare-pergjegjesie\/","name":"Konjufca: Masat e BE\u2019s\u00eb t\u00eb padrejta, thuajse Serbia s\u2019ka kurrfar\u00eb p\u00ebrgjegj\u00ebsie","isPartOf":{"@id":"https:\/\/permbledhja.com\/#website"},"datePublished":"2023-07-04T16:34:55+00:00","dateModified":"2023-07-04T16:34:55+00:00","breadcrumb":{"@id":"https:\/\/permbledhja.com\/konjufca-masat-e-bese-te-padrejta-thuajse-serbia-ska-kurrfare-pergjegjesie\/#breadcrumb"},"inLanguage":"sq","potentialAction":[{"@type":"ReadAction","target":["https:\/\/permbledhja.com\/konjufca-masat-e-bese-te-padrejta-thuajse-serbia-ska-kurrfare-pergjegjesie\/"]}]},{"@type":"BreadcrumbList","@id":"https:\/\/permbledhja.com\/konjufca-masat-e-bese-te-padrejta-thuajse-serbia-ska-kurrfare-pergjegjesie\/#breadcrumb","itemListElement":[{"@type":"ListItem","position":1,"name":"Ballina","item":"https:\/\/permbledhja.com\/sq\/"},{"@type":"ListItem","position":2,"name":"Konjufca: Masat e BE\u2019s\u00eb t\u00eb padrejta, thuajse Serbia s\u2019ka kurrfar\u00eb p\u00ebrgjegj\u00ebsie"}]},{"@type":"WebSite","@id":"https:\/\/permbledhja.com\/#website","url":"https:\/\/permbledhja.com\/","name":"Ve\u00e7 artikuj p\u00ebrmbledh\u00ebs","description":"","publisher":{"@id":"https:\/\/permbledhja.com\/#organization"},"potentialAction":[{"@type":"SearchAction","target":{"@type":"EntryPoint","urlTemplate":"https:\/\/permbledhja.com\/?s={search_term_string}"},"query-input":"required name=search_term_string"}],"inLanguage":"sq"},{"@type":"Organization","@id":"https:\/\/permbledhja.com\/#organization","name":"MK Media & Pr","url":"https:\/\/permbledhja.com\/","logo":{"@type":"ImageObject","inLanguage":"sq","@id":"https:\/\/permbledhja.com\/#\/schema\/logo\/image\/","url":"https:\/\/permbledhja.com\/wp-content\/uploads\/2021\/12\/07-Press-Logo.jpg","contentUrl":"https:\/\/permbledhja.com\/wp-content\/uploads\/2021\/12\/07-Press-Logo.jpg","width":512,"height":512,"caption":"MK Media & Pr"},"image":{"@id":"https:\/\/permbledhja.com\/#\/schema\/logo\/image\/"},"sameAs":["https:\/\/www.facebook.com\/press07\/"]},{"@type":"Person","@id":"https:\/\/permbledhja.com\/#\/schema\/person\/0d064377258d3221e50693947b9eb4fe","name":"P\u00ebrmbledhja","image":{"@type":"ImageObject","inLanguage":"sq","@id":"https:\/\/permbledhja.com\/#\/schema\/person\/image\/","url":"https:\/\/permbledhja.com\/wp-content\/uploads\/2026\/01\/452004717_1040944174702970_8932037511805513407_n-96x96.jpg","contentUrl":"https:\/\/permbledhja.com\/wp-content\/uploads\/2026\/01\/452004717_1040944174702970_8932037511805513407_n-96x96.jpg","caption":"P\u00ebrmbledhja"},"sameAs":["https:\/\/www.facebook.com\/kafexhiu.muharrem\/","https:\/\/www.instagram.com\/muharrem_kafexhiu\/"],"url":"https:\/\/permbledhja.com\/sq\/author\/admin\/"}]}},"_links":{"self":[{"href":"https:\/\/permbledhja.com\/sq\/wp-json\/wp\/v2\/posts\/17565"}],"collection":[{"href":"https:\/\/permbledhja.com\/sq\/wp-json\/wp\/v2\/posts"}],"about":[{"href":"https:\/\/permbledhja.com\/sq\/wp-json\/wp\/v2\/types\/post"}],"author":[{"embeddable":true,"href":"https:\/\/permbledhja.com\/sq\/wp-json\/wp\/v2\/users\/1"}],"replies":[{"embeddable":true,"href":"https:\/\/permbledhja.com\/sq\/wp-json\/wp\/v2\/comments?post=17565"}],"version-history":[{"count":1,"href":"https:\/\/permbledhja.com\/sq\/wp-json\/wp\/v2\/posts\/17565\/revisions"}],"predecessor-version":[{"id":17567,"href":"https:\/\/permbledhja.com\/sq\/wp-json\/wp\/v2\/posts\/17565\/revisions\/17567"}],"wp:featuredmedia":[{"embeddable":true,"href":"https:\/\/permbledhja.com\/sq\/wp-json\/wp\/v2\/media\/17566"}],"wp:attachment":[{"href":"https:\/\/permbledhja.com\/sq\/wp-json\/wp\/v2\/media?parent=17565"}],"wp:term":[{"taxonomy":"category","embeddable":true,"href":"https:\/\/permbledhja.com\/sq\/wp-json\/wp\/v2\/categories?post=17565"},{"taxonomy":"post_tag","embeddable":true,"href":"https:\/\/permbledhja.com\/sq\/wp-json\/wp\/v2\/tags?post=17565"}],"curies":[{"name":"wp","href":"https:\/\/api.w.org\/{rel}","templated":true}]}}