{"id":17550,"date":"2023-07-04T12:54:22","date_gmt":"2023-07-04T12:54:22","guid":{"rendered":"https:\/\/permbledhja.com\/?p=17550"},"modified":"2023-07-04T12:54:22","modified_gmt":"2023-07-04T12:54:22","slug":"fillojne-masat-e-be-se-kosova-mali-i-zi-e-republika-serbe-e-bosnjes-nuk-perfitojne-nga-grantet-e-kornizes-per-investime-ne-bp","status":"publish","type":"post","link":"https:\/\/permbledhja.com\/sq\/fillojne-masat-e-be-se-kosova-mali-i-zi-e-republika-serbe-e-bosnjes-nuk-perfitojne-nga-grantet-e-kornizes-per-investime-ne-bp\/","title":{"rendered":"Fillojn\u00eb masat e BE-s\u00eb, Kosova, Mali i Zi e Republika Serbe e Bosnj\u00ebs nuk p\u00ebrfitojn\u00eb nga grantet e Korniz\u00ebs p\u00ebr Investime n\u00eb BP"},"content":{"rendered":"<p>Kosova, Mali i Zi dhe entiteti i Republik\u00ebs S\u00ebrpska n\u00eb Bosnje e Hercegovin\u00eb kan\u00eb mbetur jasht\u00eb granteve q\u00eb Bashkimi Evropian ka miratuar p\u00ebr projektet n\u00eb kuad\u00ebr t\u00eb Korniz\u00ebs p\u00ebr Investime n\u00eb Ballkanin Per\u00ebndimor.<\/p>\n<p>Korniza Investuese e Ballkanit Per\u00ebndimor \u00ebsht\u00eb nj\u00eb iniciativ\u00eb e p\u00ebrbashk\u00ebt e BE-s\u00eb, institucioneve financiare dhe donator\u00ebve, q\u00eb synon zhvillimin socio-ekonomik dhe t\u00eb perspektiv\u00ebs evropiane t\u00eb vendeve t\u00eb Ballkanit Per\u00ebndimor.<\/p>\n<p>Vlera e p\u00ebrgjithshme e korniz\u00ebs \u00ebsht\u00eb 2.1 miliard\u00eb euro.<\/p>\n<p>Nga k\u00ebto investime p\u00ebrfituan Serbia, Shqip\u00ebria, Maqedonia e Veriut dhe Bosnja e Hercegovina, p\u00ebrkat\u00ebsisht Federata boshnjako-kroate.<\/p>\n<p>Kosova nuk ka p\u00ebrfituar nga grantet e bllokut evropian, pasi BE-ja n\u00eb fund t\u00eb qershorit vendosi masa nd\u00ebshkuese ndaj Prishtin\u00ebs, p\u00ebr shkak t\u00eb mosp\u00ebrmbushjes s\u00eb k\u00ebrkesave t\u00eb Brukselit p\u00ebr shtensionimin e situat\u00ebs n\u00eb veri t\u00eb Kosov\u00ebs. N\u00eb mesin e masave nd\u00ebshkuese \u00ebsht\u00eb edhe pezullimi i t\u00eb gjitha programeve financiare t\u00eb BE-s\u00eb.<\/p>\n<p>Kosova ka p\u00ebrfituar nga ky mekaniz\u00ebm q\u00eb nga viti 2009. Deri m\u00eb 2021, kjo korniz\u00eb ka mb\u00ebshtetur 30 projekte n\u00eb Kosov\u00eb n\u00eb vler\u00eb prej 1.8 miliard eurosh.<\/p>\n<p>Projektet p\u00ebrfshijn\u00eb nd\u00ebrtimin e rrug\u00ebve, rehabilitimin e hekurudhave, sistemet e ngrohjes qendrore dhe p\u00ebrmir\u00ebsimin e sistemit t\u00eb uj\u00ebrave t\u00eb zeza.<\/p>\n<p>P\u00ebr vitet 2023-2030, n\u00eb kuad\u00ebr t\u00eb k\u00ebtij mekanizimi, n\u00eb Kosov\u00eb jan\u00eb parapar\u00eb edhe projekte t\u00eb tjera, si: Autostrada e Paqes Prishtin\u00eb \u2013 Nish, rruga hekurudhore Beograd \u2013 Prishtin\u00eb, ngrohja diellore p\u00ebr Prishtin\u00ebn, impianti p\u00ebr trajtimin e uj\u00ebrave t\u00eb zeza p\u00ebr Prishtin\u00ebn e t\u00eb tjera.<\/p>\n<p>N\u00eb shkurt t\u00eb k\u00ebtij viti, Qeveria e Kosov\u00ebs kishte th\u00ebn\u00eb se kishte aplikuar edhe p\u00ebr dy grante investuese dhe kat\u00ebr grante t\u00eb asistenc\u00ebs teknike n\u00eb Korniz\u00ebn Investuese, por nuk kishte specifikuar m\u00eb shum\u00eb n\u00eb lidhje me to.<\/p>\n<p>As Mali i Zi nuk i ka p\u00ebrfituar grantet e bllokut, pasi projektet e paraqitura nga Podgorica, nga Komisioni Evropian jan\u00eb par\u00eb si \u201cparakohshme dhe t\u00eb pap\u00ebrshtatshme\u201d.<\/p>\n<p>\u201cMali i Zi ka paraqitur projekte investimi n\u00eb fush\u00ebn e energjis\u00eb, mjedisit dhe transportit q\u00eb jan\u00eb vler\u00ebsuar nga Korniza p\u00ebr Investime n\u00eb Ballkanin Per\u00ebndimor si t\u00eb parakohshme p\u00ebr financim ose t\u00eb pap\u00ebrshtatshme p\u00ebr financim\u201d, konfirmoi z\u00ebdh\u00ebn\u00ebsja e KE-s\u00eb, Ana Pisonero, p\u00ebrmes nj\u00eb p\u00ebrgjigjeje me shkrim p\u00ebr mediat.<\/p>\n<p>Ajo shtoi se shpreson q\u00eb Podgorica t\u00eb vazhdoj\u00eb me p\u00ebrgatitjen dhe maturimin e k\u00ebtyre propozimeve p\u00ebr investime p\u00ebr paraqitjen e serishme t\u00eb tyre n\u00eb thirrjet e reja n\u00eb kuad\u00ebr t\u00eb Korniz\u00ebs p\u00ebr Investime n\u00eb Ballkanin Per\u00ebndimor.<\/p>\n<p>Pisonero konfirmoi gjithashtu se Mali i Zi p\u00ebrfiton nga tri projekte t\u00eb asistenc\u00ebs teknike, n\u00eb vler\u00eb prej 3.5 milion\u00eb euro, n\u00eb kuad\u00ebr t\u00eb k\u00ebsaj thirrjeje p\u00ebr p\u00ebrgatitjen e investimeve n\u00eb sektor\u00ebt e transportit dhe energjis\u00eb.<\/p>\n<p>M\u00eb 30 qershor, KE-ja kishte njoftuar p\u00ebr miratimin e 14 projekteve kryesore investuese n\u00eb fush\u00ebn e transportit, energjis\u00eb, mjedisit, kapitalit njer\u00ebzor dhe mb\u00ebshtetjes p\u00ebr sektorin privat n\u00eb Ballkanin Per\u00ebndimor.<\/p>\n<p>Grante n\u00eb vler\u00eb prej 303 milion\u00eb eurosh jan\u00eb miratuar edhe p\u00ebr projektet infrastrukturore n\u00eb Bosnje e Hercegovin\u00eb. Por, t\u00eb gjitha grantet do t\u00eb p\u00ebrqendrohen n\u00eb Federat\u00ebn boshnjake-kroate dhe jo n\u00eb entitetin e Republik\u00ebs S\u00ebrpska.<\/p>\n<p>Grantet, pjes\u00eb e paket\u00ebs s\u00eb investimeve prej 2.1 miliard\u00eb dollar\u00ebsh t\u00eb BE-s\u00eb p\u00ebr Ballkanin Per\u00ebndimor, do t\u00eb ndihmojn\u00eb disa projekte, p\u00ebrfshir\u00eb nd\u00ebrtimin e dy seksioneve t\u00eb autostrad\u00ebs panevropiane q\u00eb lidh Budapestin me portin kroat t\u00eb Pllo\u00e7es.<\/p>\n<p>Projektet e tjera n\u00eb Bosnje, q\u00eb do t\u00eb mb\u00ebshteten nga k\u00ebto grante, kan\u00eb t\u00eb b\u00ebjn\u00eb me p\u00ebrmir\u00ebsimin e furnizimit me uj\u00eb n\u00eb Sarajev\u00eb dhe rehabilitimin e pompe depozituese n\u00eb nj\u00eb hidrocentral n\u00eb jug t\u00eb shtetit.<\/p>\n<p>Bashkimi Evropian ka paralajm\u00ebruar presidentin e Republik\u00ebs S\u00ebrpska, Millorad Dodik, q\u00eb t\u00eb ndal\u00eb retorik\u00ebn secensioniste dhe l\u00ebvizjet q\u00eb minojn\u00eb shtetin e Bosnj\u00ebs.<\/p>\n<p>Delegacioni i BE-s\u00eb n\u00eb Bosnje dhe Hercegovin\u00eb nuk i \u00ebsht\u00eb p\u00ebrgjigjur pyetjeve t\u00eb Radios Evropa e Lir\u00eb se pse nuk jan\u00eb mb\u00ebshtetur projektet n\u00eb Republik\u00ebn S\u00ebrpska.<\/p>\n<p>Fondet e miratuara jan\u00eb mbi gjysma e 528 milion\u00eb eurove q\u00eb jan\u00eb miratuar p\u00ebr rajonin n\u00eb form\u00eb t\u00eb granteve nga Instrumentet e Para-An\u00ebtar\u00ebsimit (IPA), s\u00eb bashku me disa kontribute t\u00eb shteteve t\u00eb bllokut dhe Norvegjis\u00eb, por edhe kredit\u00eb nga institucionet nd\u00ebrkomb\u00ebtare financiare.\/REL<\/p>\n","protected":false},"excerpt":{"rendered":"<p>Kosova, Mali i Zi dhe entiteti i Republik\u00ebs S\u00ebrpska n\u00eb Bosnje e Hercegovin\u00eb kan\u00eb mbetur jasht\u00eb granteve q\u00eb Bashkimi Evropian ka miratuar p\u00ebr projektet n\u00eb kuad\u00ebr t\u00eb Korniz\u00ebs p\u00ebr Investime n\u00eb Ballkanin Per\u00ebndimor. Korniza Investuese e Ballkanit Per\u00ebndimor \u00ebsht\u00eb nj\u00eb iniciativ\u00eb e p\u00ebrbashk\u00ebt e BE-s\u00eb, institucioneve financiare dhe donator\u00ebve, q\u00eb synon zhvillimin socio-ekonomik dhe t\u00eb [&hellip;]<\/p>\n","protected":false},"author":1,"featured_media":17551,"comment_status":"closed","ping_status":"closed","sticky":false,"template":"","format":"standard","meta":{"_monsterinsights_skip_tracking":false,"_monsterinsights_sitenote_active":false,"_monsterinsights_sitenote_note":"","_monsterinsights_sitenote_category":0,"_uf_show_specific_survey":0,"_uf_disable_surveys":false,"footnotes":""},"categories":[1146],"tags":[487,2028],"yoast_head":"<!-- This site is optimized with the Yoast SEO plugin v21.5 - https:\/\/yoast.com\/wordpress\/plugins\/seo\/ -->\n<title>Fillojn\u00eb masat e BE-s\u00eb, Kosova, Mali i Zi e Republika Serbe e Bosnj\u00ebs nuk p\u00ebrfitojn\u00eb nga grantet e Korniz\u00ebs p\u00ebr Investime n\u00eb BP<\/title>\n<meta name=\"robots\" content=\"index, follow, max-snippet:-1, max-image-preview:large, max-video-preview:-1\" \/>\n<link rel=\"canonical\" href=\"https:\/\/permbledhja.com\/sq\/fillojne-masat-e-be-se-kosova-mali-i-zi-e-republika-serbe-e-bosnjes-nuk-perfitojne-nga-grantet-e-kornizes-per-investime-ne-bp\/\" \/>\n<meta property=\"og:locale\" content=\"sq_AL\" \/>\n<meta property=\"og:type\" content=\"article\" \/>\n<meta property=\"og:title\" content=\"Fillojn\u00eb masat e BE-s\u00eb, Kosova, Mali i Zi e Republika Serbe e Bosnj\u00ebs nuk p\u00ebrfitojn\u00eb nga grantet e Korniz\u00ebs p\u00ebr Investime n\u00eb BP\" \/>\n<meta property=\"og:description\" content=\"Kosova, Mali i Zi dhe entiteti i Republik\u00ebs S\u00ebrpska n\u00eb Bosnje e Hercegovin\u00eb kan\u00eb mbetur jasht\u00eb granteve q\u00eb Bashkimi Evropian ka miratuar p\u00ebr projektet n\u00eb kuad\u00ebr t\u00eb Korniz\u00ebs p\u00ebr Investime n\u00eb Ballkanin Per\u00ebndimor. Korniza Investuese e Ballkanit Per\u00ebndimor \u00ebsht\u00eb nj\u00eb iniciativ\u00eb e p\u00ebrbashk\u00ebt e BE-s\u00eb, institucioneve financiare dhe donator\u00ebve, q\u00eb synon zhvillimin socio-ekonomik dhe t\u00eb [&hellip;]\" \/>\n<meta property=\"og:url\" content=\"https:\/\/permbledhja.com\/sq\/fillojne-masat-e-be-se-kosova-mali-i-zi-e-republika-serbe-e-bosnjes-nuk-perfitojne-nga-grantet-e-kornizes-per-investime-ne-bp\/\" \/>\n<meta property=\"og:site_name\" content=\"Ve\u00e7 artikuj p\u00ebrmbledh\u00ebs\" \/>\n<meta property=\"article:publisher\" content=\"https:\/\/www.facebook.com\/press07\/\" \/>\n<meta property=\"article:author\" content=\"https:\/\/www.facebook.com\/kafexhiu.muharrem\/\" \/>\n<meta property=\"article:published_time\" content=\"2023-07-04T12:54:22+00:00\" \/>\n<meta property=\"og:image\" content=\"https:\/\/permbledhja.com\/wp-content\/uploads\/2023\/07\/cccc.png\" \/>\n\t<meta property=\"og:image:width\" content=\"712\" \/>\n\t<meta property=\"og:image:height\" content=\"464\" \/>\n\t<meta property=\"og:image:type\" content=\"image\/png\" \/>\n<meta name=\"author\" content=\"P\u00ebrmbledhja\" \/>\n<meta name=\"twitter:card\" content=\"summary_large_image\" \/>\n<meta name=\"twitter:label1\" content=\"Written by\" \/>\n\t<meta name=\"twitter:data1\" content=\"P\u00ebrmbledhja\" \/>\n\t<meta name=\"twitter:label2\" content=\"Est. reading time\" \/>\n\t<meta name=\"twitter:data2\" content=\"4 minuta\" \/>\n<script type=\"application\/ld+json\" class=\"yoast-schema-graph\">{\"@context\":\"https:\/\/schema.org\",\"@graph\":[{\"@type\":\"Article\",\"@id\":\"https:\/\/permbledhja.com\/fillojne-masat-e-be-se-kosova-mali-i-zi-e-republika-serbe-e-bosnjes-nuk-perfitojne-nga-grantet-e-kornizes-per-investime-ne-bp\/#article\",\"isPartOf\":{\"@id\":\"https:\/\/permbledhja.com\/fillojne-masat-e-be-se-kosova-mali-i-zi-e-republika-serbe-e-bosnjes-nuk-perfitojne-nga-grantet-e-kornizes-per-investime-ne-bp\/\"},\"author\":{\"name\":\"P\u00ebrmbledhja\",\"@id\":\"https:\/\/permbledhja.com\/#\/schema\/person\/0d064377258d3221e50693947b9eb4fe\"},\"headline\":\"Fillojn\u00eb masat e BE-s\u00eb, Kosova, Mali i Zi e Republika Serbe e Bosnj\u00ebs nuk p\u00ebrfitojn\u00eb nga grantet e Korniz\u00ebs p\u00ebr Investime n\u00eb BP\",\"datePublished\":\"2023-07-04T12:54:22+00:00\",\"dateModified\":\"2023-07-04T12:54:22+00:00\",\"mainEntityOfPage\":{\"@id\":\"https:\/\/permbledhja.com\/fillojne-masat-e-be-se-kosova-mali-i-zi-e-republika-serbe-e-bosnjes-nuk-perfitojne-nga-grantet-e-kornizes-per-investime-ne-bp\/\"},\"wordCount\":774,\"publisher\":{\"@id\":\"https:\/\/permbledhja.com\/#organization\"},\"keywords\":[\"BE\",\"Grantet\"],\"articleSection\":[\"Kryesoret\"],\"inLanguage\":\"sq\"},{\"@type\":\"WebPage\",\"@id\":\"https:\/\/permbledhja.com\/fillojne-masat-e-be-se-kosova-mali-i-zi-e-republika-serbe-e-bosnjes-nuk-perfitojne-nga-grantet-e-kornizes-per-investime-ne-bp\/\",\"url\":\"https:\/\/permbledhja.com\/fillojne-masat-e-be-se-kosova-mali-i-zi-e-republika-serbe-e-bosnjes-nuk-perfitojne-nga-grantet-e-kornizes-per-investime-ne-bp\/\",\"name\":\"Fillojn\u00eb masat e BE-s\u00eb, Kosova, Mali i Zi e Republika Serbe e Bosnj\u00ebs nuk p\u00ebrfitojn\u00eb nga grantet e Korniz\u00ebs p\u00ebr Investime n\u00eb BP\",\"isPartOf\":{\"@id\":\"https:\/\/permbledhja.com\/#website\"},\"datePublished\":\"2023-07-04T12:54:22+00:00\",\"dateModified\":\"2023-07-04T12:54:22+00:00\",\"breadcrumb\":{\"@id\":\"https:\/\/permbledhja.com\/fillojne-masat-e-be-se-kosova-mali-i-zi-e-republika-serbe-e-bosnjes-nuk-perfitojne-nga-grantet-e-kornizes-per-investime-ne-bp\/#breadcrumb\"},\"inLanguage\":\"sq\",\"potentialAction\":[{\"@type\":\"ReadAction\",\"target\":[\"https:\/\/permbledhja.com\/fillojne-masat-e-be-se-kosova-mali-i-zi-e-republika-serbe-e-bosnjes-nuk-perfitojne-nga-grantet-e-kornizes-per-investime-ne-bp\/\"]}]},{\"@type\":\"BreadcrumbList\",\"@id\":\"https:\/\/permbledhja.com\/fillojne-masat-e-be-se-kosova-mali-i-zi-e-republika-serbe-e-bosnjes-nuk-perfitojne-nga-grantet-e-kornizes-per-investime-ne-bp\/#breadcrumb\",\"itemListElement\":[{\"@type\":\"ListItem\",\"position\":1,\"name\":\"Ballina\",\"item\":\"https:\/\/permbledhja.com\/sq\/\"},{\"@type\":\"ListItem\",\"position\":2,\"name\":\"Fillojn\u00eb masat e BE-s\u00eb, Kosova, Mali i Zi e Republika Serbe e Bosnj\u00ebs nuk p\u00ebrfitojn\u00eb nga grantet e Korniz\u00ebs p\u00ebr Investime n\u00eb BP\"}]},{\"@type\":\"WebSite\",\"@id\":\"https:\/\/permbledhja.com\/#website\",\"url\":\"https:\/\/permbledhja.com\/\",\"name\":\"Ve\u00e7 artikuj p\u00ebrmbledh\u00ebs\",\"description\":\"\",\"publisher\":{\"@id\":\"https:\/\/permbledhja.com\/#organization\"},\"potentialAction\":[{\"@type\":\"SearchAction\",\"target\":{\"@type\":\"EntryPoint\",\"urlTemplate\":\"https:\/\/permbledhja.com\/?s={search_term_string}\"},\"query-input\":\"required name=search_term_string\"}],\"inLanguage\":\"sq\"},{\"@type\":\"Organization\",\"@id\":\"https:\/\/permbledhja.com\/#organization\",\"name\":\"MK Media & Pr\",\"url\":\"https:\/\/permbledhja.com\/\",\"logo\":{\"@type\":\"ImageObject\",\"inLanguage\":\"sq\",\"@id\":\"https:\/\/permbledhja.com\/#\/schema\/logo\/image\/\",\"url\":\"https:\/\/permbledhja.com\/wp-content\/uploads\/2021\/12\/07-Press-Logo.jpg\",\"contentUrl\":\"https:\/\/permbledhja.com\/wp-content\/uploads\/2021\/12\/07-Press-Logo.jpg\",\"width\":512,\"height\":512,\"caption\":\"MK Media & Pr\"},\"image\":{\"@id\":\"https:\/\/permbledhja.com\/#\/schema\/logo\/image\/\"},\"sameAs\":[\"https:\/\/www.facebook.com\/press07\/\"]},{\"@type\":\"Person\",\"@id\":\"https:\/\/permbledhja.com\/#\/schema\/person\/0d064377258d3221e50693947b9eb4fe\",\"name\":\"P\u00ebrmbledhja\",\"image\":{\"@type\":\"ImageObject\",\"inLanguage\":\"sq\",\"@id\":\"https:\/\/permbledhja.com\/#\/schema\/person\/image\/\",\"url\":\"https:\/\/permbledhja.com\/wp-content\/uploads\/2026\/01\/452004717_1040944174702970_8932037511805513407_n-96x96.jpg\",\"contentUrl\":\"https:\/\/permbledhja.com\/wp-content\/uploads\/2026\/01\/452004717_1040944174702970_8932037511805513407_n-96x96.jpg\",\"caption\":\"P\u00ebrmbledhja\"},\"sameAs\":[\"https:\/\/www.facebook.com\/kafexhiu.muharrem\/\",\"https:\/\/www.instagram.com\/muharrem_kafexhiu\/\"],\"url\":\"https:\/\/permbledhja.com\/sq\/author\/admin\/\"}]}<\/script>\n<!-- \/ Yoast SEO plugin. -->","yoast_head_json":{"title":"Fillojn\u00eb masat e BE-s\u00eb, Kosova, Mali i Zi e Republika Serbe e Bosnj\u00ebs nuk p\u00ebrfitojn\u00eb nga grantet e Korniz\u00ebs p\u00ebr Investime n\u00eb BP","robots":{"index":"index","follow":"follow","max-snippet":"max-snippet:-1","max-image-preview":"max-image-preview:large","max-video-preview":"max-video-preview:-1"},"canonical":"https:\/\/permbledhja.com\/sq\/fillojne-masat-e-be-se-kosova-mali-i-zi-e-republika-serbe-e-bosnjes-nuk-perfitojne-nga-grantet-e-kornizes-per-investime-ne-bp\/","og_locale":"sq_AL","og_type":"article","og_title":"Fillojn\u00eb masat e BE-s\u00eb, Kosova, Mali i Zi e Republika Serbe e Bosnj\u00ebs nuk p\u00ebrfitojn\u00eb nga grantet e Korniz\u00ebs p\u00ebr Investime n\u00eb BP","og_description":"Kosova, Mali i Zi dhe entiteti i Republik\u00ebs S\u00ebrpska n\u00eb Bosnje e Hercegovin\u00eb kan\u00eb mbetur jasht\u00eb granteve q\u00eb Bashkimi Evropian ka miratuar p\u00ebr projektet n\u00eb kuad\u00ebr t\u00eb Korniz\u00ebs p\u00ebr Investime n\u00eb Ballkanin Per\u00ebndimor. Korniza Investuese e Ballkanit Per\u00ebndimor \u00ebsht\u00eb nj\u00eb iniciativ\u00eb e p\u00ebrbashk\u00ebt e BE-s\u00eb, institucioneve financiare dhe donator\u00ebve, q\u00eb synon zhvillimin socio-ekonomik dhe t\u00eb [&hellip;]","og_url":"https:\/\/permbledhja.com\/sq\/fillojne-masat-e-be-se-kosova-mali-i-zi-e-republika-serbe-e-bosnjes-nuk-perfitojne-nga-grantet-e-kornizes-per-investime-ne-bp\/","og_site_name":"Ve\u00e7 artikuj p\u00ebrmbledh\u00ebs","article_publisher":"https:\/\/www.facebook.com\/press07\/","article_author":"https:\/\/www.facebook.com\/kafexhiu.muharrem\/","article_published_time":"2023-07-04T12:54:22+00:00","og_image":[{"width":712,"height":464,"url":"https:\/\/permbledhja.com\/wp-content\/uploads\/2023\/07\/cccc.png","type":"image\/png"}],"author":"P\u00ebrmbledhja","twitter_card":"summary_large_image","twitter_misc":{"Written by":"P\u00ebrmbledhja","Est. reading time":"4 minuta"},"schema":{"@context":"https:\/\/schema.org","@graph":[{"@type":"Article","@id":"https:\/\/permbledhja.com\/fillojne-masat-e-be-se-kosova-mali-i-zi-e-republika-serbe-e-bosnjes-nuk-perfitojne-nga-grantet-e-kornizes-per-investime-ne-bp\/#article","isPartOf":{"@id":"https:\/\/permbledhja.com\/fillojne-masat-e-be-se-kosova-mali-i-zi-e-republika-serbe-e-bosnjes-nuk-perfitojne-nga-grantet-e-kornizes-per-investime-ne-bp\/"},"author":{"name":"P\u00ebrmbledhja","@id":"https:\/\/permbledhja.com\/#\/schema\/person\/0d064377258d3221e50693947b9eb4fe"},"headline":"Fillojn\u00eb masat e BE-s\u00eb, Kosova, Mali i Zi e Republika Serbe e Bosnj\u00ebs nuk p\u00ebrfitojn\u00eb nga grantet e Korniz\u00ebs p\u00ebr Investime n\u00eb BP","datePublished":"2023-07-04T12:54:22+00:00","dateModified":"2023-07-04T12:54:22+00:00","mainEntityOfPage":{"@id":"https:\/\/permbledhja.com\/fillojne-masat-e-be-se-kosova-mali-i-zi-e-republika-serbe-e-bosnjes-nuk-perfitojne-nga-grantet-e-kornizes-per-investime-ne-bp\/"},"wordCount":774,"publisher":{"@id":"https:\/\/permbledhja.com\/#organization"},"keywords":["BE","Grantet"],"articleSection":["Kryesoret"],"inLanguage":"sq"},{"@type":"WebPage","@id":"https:\/\/permbledhja.com\/fillojne-masat-e-be-se-kosova-mali-i-zi-e-republika-serbe-e-bosnjes-nuk-perfitojne-nga-grantet-e-kornizes-per-investime-ne-bp\/","url":"https:\/\/permbledhja.com\/fillojne-masat-e-be-se-kosova-mali-i-zi-e-republika-serbe-e-bosnjes-nuk-perfitojne-nga-grantet-e-kornizes-per-investime-ne-bp\/","name":"Fillojn\u00eb masat e BE-s\u00eb, Kosova, Mali i Zi e Republika Serbe e Bosnj\u00ebs nuk p\u00ebrfitojn\u00eb nga grantet e Korniz\u00ebs p\u00ebr Investime n\u00eb BP","isPartOf":{"@id":"https:\/\/permbledhja.com\/#website"},"datePublished":"2023-07-04T12:54:22+00:00","dateModified":"2023-07-04T12:54:22+00:00","breadcrumb":{"@id":"https:\/\/permbledhja.com\/fillojne-masat-e-be-se-kosova-mali-i-zi-e-republika-serbe-e-bosnjes-nuk-perfitojne-nga-grantet-e-kornizes-per-investime-ne-bp\/#breadcrumb"},"inLanguage":"sq","potentialAction":[{"@type":"ReadAction","target":["https:\/\/permbledhja.com\/fillojne-masat-e-be-se-kosova-mali-i-zi-e-republika-serbe-e-bosnjes-nuk-perfitojne-nga-grantet-e-kornizes-per-investime-ne-bp\/"]}]},{"@type":"BreadcrumbList","@id":"https:\/\/permbledhja.com\/fillojne-masat-e-be-se-kosova-mali-i-zi-e-republika-serbe-e-bosnjes-nuk-perfitojne-nga-grantet-e-kornizes-per-investime-ne-bp\/#breadcrumb","itemListElement":[{"@type":"ListItem","position":1,"name":"Ballina","item":"https:\/\/permbledhja.com\/sq\/"},{"@type":"ListItem","position":2,"name":"Fillojn\u00eb masat e BE-s\u00eb, Kosova, Mali i Zi e Republika Serbe e Bosnj\u00ebs nuk p\u00ebrfitojn\u00eb nga grantet e Korniz\u00ebs p\u00ebr Investime n\u00eb BP"}]},{"@type":"WebSite","@id":"https:\/\/permbledhja.com\/#website","url":"https:\/\/permbledhja.com\/","name":"Ve\u00e7 artikuj p\u00ebrmbledh\u00ebs","description":"","publisher":{"@id":"https:\/\/permbledhja.com\/#organization"},"potentialAction":[{"@type":"SearchAction","target":{"@type":"EntryPoint","urlTemplate":"https:\/\/permbledhja.com\/?s={search_term_string}"},"query-input":"required name=search_term_string"}],"inLanguage":"sq"},{"@type":"Organization","@id":"https:\/\/permbledhja.com\/#organization","name":"MK Media & Pr","url":"https:\/\/permbledhja.com\/","logo":{"@type":"ImageObject","inLanguage":"sq","@id":"https:\/\/permbledhja.com\/#\/schema\/logo\/image\/","url":"https:\/\/permbledhja.com\/wp-content\/uploads\/2021\/12\/07-Press-Logo.jpg","contentUrl":"https:\/\/permbledhja.com\/wp-content\/uploads\/2021\/12\/07-Press-Logo.jpg","width":512,"height":512,"caption":"MK Media & Pr"},"image":{"@id":"https:\/\/permbledhja.com\/#\/schema\/logo\/image\/"},"sameAs":["https:\/\/www.facebook.com\/press07\/"]},{"@type":"Person","@id":"https:\/\/permbledhja.com\/#\/schema\/person\/0d064377258d3221e50693947b9eb4fe","name":"P\u00ebrmbledhja","image":{"@type":"ImageObject","inLanguage":"sq","@id":"https:\/\/permbledhja.com\/#\/schema\/person\/image\/","url":"https:\/\/permbledhja.com\/wp-content\/uploads\/2026\/01\/452004717_1040944174702970_8932037511805513407_n-96x96.jpg","contentUrl":"https:\/\/permbledhja.com\/wp-content\/uploads\/2026\/01\/452004717_1040944174702970_8932037511805513407_n-96x96.jpg","caption":"P\u00ebrmbledhja"},"sameAs":["https:\/\/www.facebook.com\/kafexhiu.muharrem\/","https:\/\/www.instagram.com\/muharrem_kafexhiu\/"],"url":"https:\/\/permbledhja.com\/sq\/author\/admin\/"}]}},"_links":{"self":[{"href":"https:\/\/permbledhja.com\/sq\/wp-json\/wp\/v2\/posts\/17550"}],"collection":[{"href":"https:\/\/permbledhja.com\/sq\/wp-json\/wp\/v2\/posts"}],"about":[{"href":"https:\/\/permbledhja.com\/sq\/wp-json\/wp\/v2\/types\/post"}],"author":[{"embeddable":true,"href":"https:\/\/permbledhja.com\/sq\/wp-json\/wp\/v2\/users\/1"}],"replies":[{"embeddable":true,"href":"https:\/\/permbledhja.com\/sq\/wp-json\/wp\/v2\/comments?post=17550"}],"version-history":[{"count":1,"href":"https:\/\/permbledhja.com\/sq\/wp-json\/wp\/v2\/posts\/17550\/revisions"}],"predecessor-version":[{"id":17552,"href":"https:\/\/permbledhja.com\/sq\/wp-json\/wp\/v2\/posts\/17550\/revisions\/17552"}],"wp:featuredmedia":[{"embeddable":true,"href":"https:\/\/permbledhja.com\/sq\/wp-json\/wp\/v2\/media\/17551"}],"wp:attachment":[{"href":"https:\/\/permbledhja.com\/sq\/wp-json\/wp\/v2\/media?parent=17550"}],"wp:term":[{"taxonomy":"category","embeddable":true,"href":"https:\/\/permbledhja.com\/sq\/wp-json\/wp\/v2\/categories?post=17550"},{"taxonomy":"post_tag","embeddable":true,"href":"https:\/\/permbledhja.com\/sq\/wp-json\/wp\/v2\/tags?post=17550"}],"curies":[{"name":"wp","href":"https:\/\/api.w.org\/{rel}","templated":true}]}}