{"id":17429,"date":"2023-07-02T07:46:15","date_gmt":"2023-07-02T07:46:15","guid":{"rendered":"https:\/\/permbledhja.com\/?p=17429"},"modified":"2023-07-02T07:46:15","modified_gmt":"2023-07-02T07:46:15","slug":"lulzim-hetemi-nje-muaj-i-mbyllur-ne-leposaviq","status":"publish","type":"post","link":"https:\/\/permbledhja.com\/sq\/lulzim-hetemi-nje-muaj-i-mbyllur-ne-leposaviq\/","title":{"rendered":"Lulzim Hetemi, nj\u00eb muaj i mbyllur n\u00eb Leposaviq"},"content":{"rendered":"<h3>Qe nj\u00eb muaj, Lulzim Hetemi nuk ka dal\u00eb nga objekti i komun\u00ebs s\u00eb Leposaviqit. Hyrja e tij n\u00eb k\u00ebt\u00eb nd\u00ebrtes\u00eb ka shkaktuar protesta t\u00eb dhunshme nga qytetar\u00ebt serb\u00eb atje.<\/h3>\n<p>Mir\u00ebpo, largimin e tij nga zyra, jo rrall\u00eb her\u00eb e kan\u00eb k\u00ebrkuar bashk\u00ebsia nd\u00ebrkomb\u00ebtare. Nd\u00ebrsa, n\u00eb an\u00ebn tjet\u00ebr, kryeministri Kurti e ka fal\u00ebnderuar Hetemin p\u00ebr \u201cq\u00ebndres\u00ebn e tij shembullore p\u00ebr Republik\u00ebn e Kosov\u00ebs dhe rend e ligj\u201d.<\/p>\n<p>Pasi kreu procedur\u00ebn e betimit, kryetari i ri i Leposaviqit, Lulzim Hetemi, n\u00ebn p\u00ebrcjelljen e Policis\u00eb ka hyr\u00eb n\u00eb objektin e komun\u00ebs m\u00eb 29 maj dhe prej asaj dite nuk ka dal\u00eb m\u00eb. Hyrja e tij dhe e kryetar\u00ebve tjer\u00eb n\u00eb objekte komunale ka shkaktuar protesta t\u00eb dhunshme.<\/p>\n<p>Pas tensioneve t\u00eb krijuara n\u00eb Veri t\u00eb vendit, bashk\u00ebsia nd\u00ebrkomb\u00ebtare k\u00ebrkoi nga kryetar\u00ebt e Leposaviqit, Zubin Potokut dhe Zve\u00e7anit, q\u00eb detyr\u00ebn e tyre ta ushtrojn\u00eb nga zyre alternative.<\/p>\n<p>Ilir Peci i Zve\u00e7anit dhe Izmir Zeqiri i Zubin Potokut, q\u00eb ishin kandidat\u00eb nga PDK, ia p\u00ebrgjigj\u00ebn k\u00ebrkesave t\u00eb tyre, mir\u00ebpo nj\u00ebjt\u00eb nuk veproi kandidati i Vet\u00ebvendosjes q\u00eb doli fitues n\u00eb Leposaviq. Hetemi prej 29 majit \u00ebsht\u00eb mbylluar n\u00eb zyr\u00ebn e tij n\u00eb objektin e komun\u00ebs.<\/p>\n<p>Largimi i Hetemit nga komuna \u00ebsht\u00eb k\u00ebrkuar disa her\u00eb. Dje emisari i BE-s\u00eb p\u00ebr dialogun Kosov\u00eb-Serbi, Miroslav Laj\u00e7ak, n\u00eb nj\u00eb intervist\u00eb p\u00ebr Eurone\u00ebs ka th\u00ebn\u00eb se kreu i Komun\u00ebs s\u00eb Leposaviqit, Lulzim Hetemi duhet t\u00eb ndjek shembullin e kryetar\u00ebve t\u00eb tjer\u00eb dhe t\u00eb punoj\u00eb nga objekte alternative.<\/p>\n<p>Laj\u00e7ak ka th\u00ebn\u00eb se kryetar\u00ebt merren vet\u00ebm me disa \u00e7\u00ebshtje administrative por jo edhe politike, meq\u00eb sipas tij s\u2019kan\u00eb marr\u00eb mandat nga serb\u00ebt p\u00ebr nj\u00eb gj\u00eb t\u00eb till\u00eb.<\/p>\n<p>\u201cDe-p\u00ebrshkall\u00ebzimi do t\u00eb thot\u00eb q\u00eb kryetar\u00ebt e komunave t\u00eb t\u00ebrhiqen nga nd\u00ebrtesat ku ndodhen aktualisht, para s\u00eb gjithash n\u00eb Leposaviq. Dhe t\u00eb punojn\u00eb nga disa ambiente t\u00eb tjera, si\u00e7 b\u00ebjn\u00eb tashm\u00eb dy kryetar\u00ebt tjer\u00eb. Do t\u00eb thot\u00eb se merren me disa \u00e7\u00ebshtje administrative, por jo politike. P\u00ebr k\u00ebt\u00eb ata nuk kan\u00eb marr\u00eb mandat nga votuesit e komunitetit serb\u201d, ka th\u00ebn\u00eb Laj\u00e7ak.<\/p>\n<p>Mir\u00ebpo, n\u00eb an\u00ebn tjet\u00ebr, Kurti dy her\u00eb ka njoftuar se ka zhvilluar nj\u00eb bised\u00eb telefonike me kryetarin Hetemi. Her\u00ebn e par\u00eb ai e ka fal\u00ebnderuar at\u00eb p\u00ebr \u201cq\u00ebndres\u00ebn e tij shembullore p\u00ebr Republik\u00ebn e Kosov\u00ebs dhe rend e ligj\u201d.<\/p>\n<p>\u201cLulzim Hetemi \u00ebsht\u00eb v\u00ebllau i d\u00ebshmores Fatime Hetemi (q\u00eb ra heroikisht si ushtare e U\u00c7K-s\u00eb bashk\u00eb me Fehmi e Xhev\u00eb Lladrovcin m\u00eb 22 shtator 1998).E fal\u00ebnderoj Kryetarin Lulzim nga zemra p\u00ebr q\u00ebndres\u00ebn e tij shembullore p\u00ebr Republik\u00ebn e Kosov\u00ebs dhe rend e ligj\u201d, kishte th\u00ebn\u00eb ai.<\/p>\n<p>Nd\u00ebrkaq, her\u00ebn e dyt\u00eb, sipas Kurtit, ai dhe Hetemi ndanin t\u00eb nj\u00ebjtin shqet\u00ebsim, se mos nj\u00ebri prej tyre po l\u00ebshonte pe.<\/p>\n<p>\u201cE thirra n\u00eb telefon dhe bisedova me kryetarin e komun\u00ebs s\u00eb Leposaviqit, Lulzim Hetemi. T\u00eb them t\u00eb drejt\u00ebn kur e thirra kisha nj\u00eb breng\u00eb se mos \u00ebsht\u00eb m\u00ebrzitur aty n\u00eb zyr\u00eb se u b\u00ebn\u00eb shum\u00eb jav\u00eb. Un\u00eb teksa isha i brengosur se mos \u00ebsht\u00eb m\u00ebrzitur ai, ai ishte i brengosur mos jam m\u00ebrzitur un\u00eb. K\u00ebshtu q\u00eb un\u00eb i shqet\u00ebsuar se mos po l\u00ebshon pe ai, e ai i shqet\u00ebsuar se mos po l\u00ebshoj pe un\u00eb , prandaj biseda n\u00eb vazhdim ishte shum\u00eb e k\u00ebndshme\u201d, deklaroi Kurti.<\/p>\n<p>Zgjedhje me \u201cpeticion\u201d apo \u201cvet\u00ebt\u00ebrheqje\u201d<\/p>\n<p>N\u00eb p\u00ebrgjigjen q\u00eb Borrell ia ktheu Kurtit thuhej se m\u00ebnyra m\u00eb e shpejt\u00eb dhe m\u00eb e leht\u00eb \u00ebsht\u00eb n\u00eb kompetenc\u00ebn e kryetar\u00ebve. Borell p\u00ebrdori nj\u00eb fjal\u00eb m\u00eb t\u00eb but\u00eb se dor\u00ebheqja q\u00eb n\u00eb shqip mund t\u00eb p\u00ebrkthehet si vet\u00ebt\u00ebrheqje nga detyra.<\/p>\n<p>\u201cNe gjithashtu kemi k\u00ebrkuar q\u00eb zgjedhjet e parakohshme n\u00eb kat\u00ebr komunat t\u00eb mbahen sa m\u00eb shpejt\u00eb q\u00eb t\u00eb jet\u00eb e mundur dhe t\u00eb organizohen n\u00eb m\u00ebnyr\u00eb gjith\u00ebp\u00ebrfshir\u00ebse. Ne presim nga serb\u00ebt e Kosov\u00ebs q\u00eb t\u00eb marrin pjes\u00eb n\u00eb k\u00ebto zgjedhje dhe presidentit Vu\u00e7iq ia kemi b\u00ebr\u00eb k\u00ebt\u00eb t\u00eb qart\u00eb k\u00ebt\u00eb k\u00ebrkes\u00eb. Sipas legjislacionit t\u00eb Kosov\u00ebs, jan\u00eb disa m\u00ebnyra p\u00ebr mbajtjen e zgjedhjeve t\u00eb reja, ku m\u00ebnyra m\u00eb e leht\u00eb dhe m\u00eb e shpejt\u00eb q\u00eb \u00ebsht\u00eb vet\u00ebt\u00ebrheqja e kryetar\u00ebve\u201d, thuhet n\u00eb p\u00ebrgjigjen e Borrellit.<\/p>\n<p>Nd\u00ebrkaq, Kurti dhe Osmani jan\u00eb deklaruar pro zgjedhjeve t\u00eb reja p\u00ebrmes peticionit.<\/p>\n<p>Kurti n\u00eb nj\u00eb konferenc\u00eb p\u00ebr media ka th\u00ebn\u00eb se kryetar\u00ebt n\u00eb Veri nuk jan\u00eb zgjedhur p\u00ebr t\u2019u dor\u00ebhequr, derisa ka shtuar se askush nuk ka \u201ct\u00eb drejt\u00eb\u201d ta k\u00ebrkoj\u00eb dor\u00ebheqjen e tyre.<\/p>\n<p>Ai tha se peticioni \u00ebsht\u00eb mund\u00ebsi \u201cm\u00eb e drejt\u00eb, m\u00eb e arsyeshme dhe m\u00eb e dobishme\u201d.<\/p>\n<p>Nd\u00ebrsa, presidentja Osmani n\u00eb nj\u00eb intervist\u00eb p\u00ebr Reuters, ka th\u00ebn\u00eb se zgjedhjet e reja mund t\u00eb shpallen n\u00ebse 20 p\u00ebr qind e votuesve n\u00ebnshkruajn\u00eb nj\u00eb peticion me k\u00ebt\u00eb k\u00ebrkes\u00eb.<\/p>\n<p>Sipas Osmanit, peticioni \u00ebsht\u00eb \u201cm\u00ebnyra m\u00eb demokratike\u201d p\u00ebr shpallje t\u00eb zgjedhjeve.<\/p>\n<p>\u201cN\u00eb k\u00ebt\u00eb m\u00ebnyr\u00eb, mendoj q\u00eb garantojm\u00eb pjes\u00ebmarrjen e serb\u00ebve, sepse k\u00ebrkesa do t\u00eb duhej t\u00eb vinte prej tyre, prej qytetar\u00ebve\u201d, ka th\u00ebn\u00eb ajo p\u00ebr Reuters m\u00eb 7 qershor.<\/p>\n<p>Rastin e Hetemit e ka komentuar dje edhe Kryeministri i Shqip\u00ebris\u00eb Edi Rama. N\u00eb nj\u00eb intervist\u00eb p\u00ebr \u201cEuronews Albania\u201d, ka th\u00ebn\u00eb se k\u00ebta kryetar\u00eb po rrin\u00eb n\u00eb komun\u00eb si Oso Kuka, teksa tha se kan\u00eb ardhur n\u00eb pushtet me vet\u00ebm 1% t\u00eb votave.<\/p>\n<p>\u201c\u00c7do t\u00eb thot\u00eb kjo q\u00eb t\u00eb mbajm\u00eb akoma disa kryetar\u00eb komunash t\u00eb cil\u00ebt jan\u00eb zgjedhur me 1% t\u00eb votave, q\u00eb rrin\u00eb t\u00eb mbyllur si Oso Kuka. Nj\u00ebri rri atje me polic\u00eb dhe \u00ebsht\u00eb i burgosur faktikisht, sepse s del dot as t\u00eb marr aj\u00ebr. E t\u00eb tjer\u00ebt rrin\u00eb diku ku s\u2019dihet ku jan\u00eb dhe n\u00eb nd\u00ebrkoh\u00eb q\u00eb n\u00eb tavolin\u00eb \u00ebsht\u00eb plani franko-gjerman\u201d, tha Rama.<\/p>\n","protected":false},"excerpt":{"rendered":"<p>Qe nj\u00eb muaj, Lulzim Hetemi nuk ka dal\u00eb nga objekti i komun\u00ebs s\u00eb Leposaviqit. Hyrja e tij n\u00eb k\u00ebt\u00eb nd\u00ebrtes\u00eb ka shkaktuar protesta t\u00eb dhunshme nga qytetar\u00ebt serb\u00eb atje. Mir\u00ebpo, largimin e tij nga zyra, jo rrall\u00eb her\u00eb e kan\u00eb k\u00ebrkuar bashk\u00ebsia nd\u00ebrkomb\u00ebtare. Nd\u00ebrsa, n\u00eb an\u00ebn tjet\u00ebr, kryeministri Kurti e ka fal\u00ebnderuar Hetemin p\u00ebr \u201cq\u00ebndres\u00ebn [&hellip;]<\/p>\n","protected":false},"author":1,"featured_media":17430,"comment_status":"closed","ping_status":"closed","sticky":false,"template":"","format":"standard","meta":{"_monsterinsights_skip_tracking":false,"_monsterinsights_sitenote_active":false,"_monsterinsights_sitenote_note":"","_monsterinsights_sitenote_category":0,"_uf_show_specific_survey":0,"_uf_disable_surveys":false,"footnotes":""},"categories":[23,15],"tags":[1846],"yoast_head":"<!-- This site is optimized with the Yoast SEO plugin v21.5 - https:\/\/yoast.com\/wordpress\/plugins\/seo\/ -->\n<title>Lulzim Hetemi, nj\u00eb muaj i mbyllur n\u00eb Leposaviq<\/title>\n<meta name=\"robots\" content=\"index, follow, max-snippet:-1, max-image-preview:large, max-video-preview:-1\" \/>\n<link rel=\"canonical\" href=\"https:\/\/permbledhja.com\/sq\/lulzim-hetemi-nje-muaj-i-mbyllur-ne-leposaviq\/\" \/>\n<meta property=\"og:locale\" content=\"sq_AL\" \/>\n<meta property=\"og:type\" content=\"article\" \/>\n<meta property=\"og:title\" content=\"Lulzim Hetemi, nj\u00eb muaj i mbyllur n\u00eb Leposaviq\" \/>\n<meta property=\"og:description\" content=\"Qe nj\u00eb muaj, Lulzim Hetemi nuk ka dal\u00eb nga objekti i komun\u00ebs s\u00eb Leposaviqit. Hyrja e tij n\u00eb k\u00ebt\u00eb nd\u00ebrtes\u00eb ka shkaktuar protesta t\u00eb dhunshme nga qytetar\u00ebt serb\u00eb atje. Mir\u00ebpo, largimin e tij nga zyra, jo rrall\u00eb her\u00eb e kan\u00eb k\u00ebrkuar bashk\u00ebsia nd\u00ebrkomb\u00ebtare. Nd\u00ebrsa, n\u00eb an\u00ebn tjet\u00ebr, kryeministri Kurti e ka fal\u00ebnderuar Hetemin p\u00ebr \u201cq\u00ebndres\u00ebn [&hellip;]\" \/>\n<meta property=\"og:url\" content=\"https:\/\/permbledhja.com\/sq\/lulzim-hetemi-nje-muaj-i-mbyllur-ne-leposaviq\/\" \/>\n<meta property=\"og:site_name\" content=\"Ve\u00e7 artikuj p\u00ebrmbledh\u00ebs\" \/>\n<meta property=\"article:publisher\" content=\"https:\/\/www.facebook.com\/press07\/\" \/>\n<meta property=\"article:author\" content=\"https:\/\/www.facebook.com\/kafexhiu.muharrem\/\" \/>\n<meta property=\"article:published_time\" content=\"2023-07-02T07:46:15+00:00\" \/>\n<meta property=\"og:image\" content=\"https:\/\/permbledhja.com\/wp-content\/uploads\/2023\/07\/lulzim-hetemi.jpg\" \/>\n\t<meta property=\"og:image:width\" content=\"900\" \/>\n\t<meta property=\"og:image:height\" content=\"619\" \/>\n\t<meta property=\"og:image:type\" content=\"image\/jpeg\" \/>\n<meta name=\"author\" content=\"P\u00ebrmbledhja\" \/>\n<meta name=\"twitter:card\" content=\"summary_large_image\" \/>\n<meta name=\"twitter:label1\" content=\"Written by\" \/>\n\t<meta name=\"twitter:data1\" content=\"P\u00ebrmbledhja\" \/>\n\t<meta name=\"twitter:label2\" content=\"Est. reading time\" \/>\n\t<meta name=\"twitter:data2\" content=\"5 minuta\" \/>\n<script type=\"application\/ld+json\" class=\"yoast-schema-graph\">{\"@context\":\"https:\/\/schema.org\",\"@graph\":[{\"@type\":\"Article\",\"@id\":\"https:\/\/permbledhja.com\/lulzim-hetemi-nje-muaj-i-mbyllur-ne-leposaviq\/#article\",\"isPartOf\":{\"@id\":\"https:\/\/permbledhja.com\/lulzim-hetemi-nje-muaj-i-mbyllur-ne-leposaviq\/\"},\"author\":{\"name\":\"P\u00ebrmbledhja\",\"@id\":\"https:\/\/permbledhja.com\/#\/schema\/person\/0d064377258d3221e50693947b9eb4fe\"},\"headline\":\"Lulzim Hetemi, nj\u00eb muaj i mbyllur n\u00eb Leposaviq\",\"datePublished\":\"2023-07-02T07:46:15+00:00\",\"dateModified\":\"2023-07-02T07:46:15+00:00\",\"mainEntityOfPage\":{\"@id\":\"https:\/\/permbledhja.com\/lulzim-hetemi-nje-muaj-i-mbyllur-ne-leposaviq\/\"},\"wordCount\":1060,\"publisher\":{\"@id\":\"https:\/\/permbledhja.com\/#organization\"},\"keywords\":[\"Lulzim Hetemi\"],\"articleSection\":[\"Komb\u00ebtare\",\"Lajme\"],\"inLanguage\":\"sq\"},{\"@type\":\"WebPage\",\"@id\":\"https:\/\/permbledhja.com\/lulzim-hetemi-nje-muaj-i-mbyllur-ne-leposaviq\/\",\"url\":\"https:\/\/permbledhja.com\/lulzim-hetemi-nje-muaj-i-mbyllur-ne-leposaviq\/\",\"name\":\"Lulzim Hetemi, nj\u00eb muaj i mbyllur n\u00eb Leposaviq\",\"isPartOf\":{\"@id\":\"https:\/\/permbledhja.com\/#website\"},\"datePublished\":\"2023-07-02T07:46:15+00:00\",\"dateModified\":\"2023-07-02T07:46:15+00:00\",\"breadcrumb\":{\"@id\":\"https:\/\/permbledhja.com\/lulzim-hetemi-nje-muaj-i-mbyllur-ne-leposaviq\/#breadcrumb\"},\"inLanguage\":\"sq\",\"potentialAction\":[{\"@type\":\"ReadAction\",\"target\":[\"https:\/\/permbledhja.com\/lulzim-hetemi-nje-muaj-i-mbyllur-ne-leposaviq\/\"]}]},{\"@type\":\"BreadcrumbList\",\"@id\":\"https:\/\/permbledhja.com\/lulzim-hetemi-nje-muaj-i-mbyllur-ne-leposaviq\/#breadcrumb\",\"itemListElement\":[{\"@type\":\"ListItem\",\"position\":1,\"name\":\"Ballina\",\"item\":\"https:\/\/permbledhja.com\/sq\/\"},{\"@type\":\"ListItem\",\"position\":2,\"name\":\"Lulzim Hetemi, nj\u00eb muaj i mbyllur n\u00eb Leposaviq\"}]},{\"@type\":\"WebSite\",\"@id\":\"https:\/\/permbledhja.com\/#website\",\"url\":\"https:\/\/permbledhja.com\/\",\"name\":\"Ve\u00e7 artikuj p\u00ebrmbledh\u00ebs\",\"description\":\"\",\"publisher\":{\"@id\":\"https:\/\/permbledhja.com\/#organization\"},\"potentialAction\":[{\"@type\":\"SearchAction\",\"target\":{\"@type\":\"EntryPoint\",\"urlTemplate\":\"https:\/\/permbledhja.com\/?s={search_term_string}\"},\"query-input\":\"required name=search_term_string\"}],\"inLanguage\":\"sq\"},{\"@type\":\"Organization\",\"@id\":\"https:\/\/permbledhja.com\/#organization\",\"name\":\"MK Media & Pr\",\"url\":\"https:\/\/permbledhja.com\/\",\"logo\":{\"@type\":\"ImageObject\",\"inLanguage\":\"sq\",\"@id\":\"https:\/\/permbledhja.com\/#\/schema\/logo\/image\/\",\"url\":\"https:\/\/permbledhja.com\/wp-content\/uploads\/2021\/12\/07-Press-Logo.jpg\",\"contentUrl\":\"https:\/\/permbledhja.com\/wp-content\/uploads\/2021\/12\/07-Press-Logo.jpg\",\"width\":512,\"height\":512,\"caption\":\"MK Media & Pr\"},\"image\":{\"@id\":\"https:\/\/permbledhja.com\/#\/schema\/logo\/image\/\"},\"sameAs\":[\"https:\/\/www.facebook.com\/press07\/\"]},{\"@type\":\"Person\",\"@id\":\"https:\/\/permbledhja.com\/#\/schema\/person\/0d064377258d3221e50693947b9eb4fe\",\"name\":\"P\u00ebrmbledhja\",\"image\":{\"@type\":\"ImageObject\",\"inLanguage\":\"sq\",\"@id\":\"https:\/\/permbledhja.com\/#\/schema\/person\/image\/\",\"url\":\"https:\/\/permbledhja.com\/wp-content\/uploads\/2026\/01\/452004717_1040944174702970_8932037511805513407_n-96x96.jpg\",\"contentUrl\":\"https:\/\/permbledhja.com\/wp-content\/uploads\/2026\/01\/452004717_1040944174702970_8932037511805513407_n-96x96.jpg\",\"caption\":\"P\u00ebrmbledhja\"},\"sameAs\":[\"https:\/\/www.facebook.com\/kafexhiu.muharrem\/\",\"https:\/\/www.instagram.com\/muharrem_kafexhiu\/\"],\"url\":\"https:\/\/permbledhja.com\/sq\/author\/admin\/\"}]}<\/script>\n<!-- \/ Yoast SEO plugin. -->","yoast_head_json":{"title":"Lulzim Hetemi, nj\u00eb muaj i mbyllur n\u00eb Leposaviq","robots":{"index":"index","follow":"follow","max-snippet":"max-snippet:-1","max-image-preview":"max-image-preview:large","max-video-preview":"max-video-preview:-1"},"canonical":"https:\/\/permbledhja.com\/sq\/lulzim-hetemi-nje-muaj-i-mbyllur-ne-leposaviq\/","og_locale":"sq_AL","og_type":"article","og_title":"Lulzim Hetemi, nj\u00eb muaj i mbyllur n\u00eb Leposaviq","og_description":"Qe nj\u00eb muaj, Lulzim Hetemi nuk ka dal\u00eb nga objekti i komun\u00ebs s\u00eb Leposaviqit. Hyrja e tij n\u00eb k\u00ebt\u00eb nd\u00ebrtes\u00eb ka shkaktuar protesta t\u00eb dhunshme nga qytetar\u00ebt serb\u00eb atje. Mir\u00ebpo, largimin e tij nga zyra, jo rrall\u00eb her\u00eb e kan\u00eb k\u00ebrkuar bashk\u00ebsia nd\u00ebrkomb\u00ebtare. Nd\u00ebrsa, n\u00eb an\u00ebn tjet\u00ebr, kryeministri Kurti e ka fal\u00ebnderuar Hetemin p\u00ebr \u201cq\u00ebndres\u00ebn [&hellip;]","og_url":"https:\/\/permbledhja.com\/sq\/lulzim-hetemi-nje-muaj-i-mbyllur-ne-leposaviq\/","og_site_name":"Ve\u00e7 artikuj p\u00ebrmbledh\u00ebs","article_publisher":"https:\/\/www.facebook.com\/press07\/","article_author":"https:\/\/www.facebook.com\/kafexhiu.muharrem\/","article_published_time":"2023-07-02T07:46:15+00:00","og_image":[{"width":900,"height":619,"url":"https:\/\/permbledhja.com\/wp-content\/uploads\/2023\/07\/lulzim-hetemi.jpg","type":"image\/jpeg"}],"author":"P\u00ebrmbledhja","twitter_card":"summary_large_image","twitter_misc":{"Written by":"P\u00ebrmbledhja","Est. reading time":"5 minuta"},"schema":{"@context":"https:\/\/schema.org","@graph":[{"@type":"Article","@id":"https:\/\/permbledhja.com\/lulzim-hetemi-nje-muaj-i-mbyllur-ne-leposaviq\/#article","isPartOf":{"@id":"https:\/\/permbledhja.com\/lulzim-hetemi-nje-muaj-i-mbyllur-ne-leposaviq\/"},"author":{"name":"P\u00ebrmbledhja","@id":"https:\/\/permbledhja.com\/#\/schema\/person\/0d064377258d3221e50693947b9eb4fe"},"headline":"Lulzim Hetemi, nj\u00eb muaj i mbyllur n\u00eb Leposaviq","datePublished":"2023-07-02T07:46:15+00:00","dateModified":"2023-07-02T07:46:15+00:00","mainEntityOfPage":{"@id":"https:\/\/permbledhja.com\/lulzim-hetemi-nje-muaj-i-mbyllur-ne-leposaviq\/"},"wordCount":1060,"publisher":{"@id":"https:\/\/permbledhja.com\/#organization"},"keywords":["Lulzim Hetemi"],"articleSection":["Komb\u00ebtare","Lajme"],"inLanguage":"sq"},{"@type":"WebPage","@id":"https:\/\/permbledhja.com\/lulzim-hetemi-nje-muaj-i-mbyllur-ne-leposaviq\/","url":"https:\/\/permbledhja.com\/lulzim-hetemi-nje-muaj-i-mbyllur-ne-leposaviq\/","name":"Lulzim Hetemi, nj\u00eb muaj i mbyllur n\u00eb Leposaviq","isPartOf":{"@id":"https:\/\/permbledhja.com\/#website"},"datePublished":"2023-07-02T07:46:15+00:00","dateModified":"2023-07-02T07:46:15+00:00","breadcrumb":{"@id":"https:\/\/permbledhja.com\/lulzim-hetemi-nje-muaj-i-mbyllur-ne-leposaviq\/#breadcrumb"},"inLanguage":"sq","potentialAction":[{"@type":"ReadAction","target":["https:\/\/permbledhja.com\/lulzim-hetemi-nje-muaj-i-mbyllur-ne-leposaviq\/"]}]},{"@type":"BreadcrumbList","@id":"https:\/\/permbledhja.com\/lulzim-hetemi-nje-muaj-i-mbyllur-ne-leposaviq\/#breadcrumb","itemListElement":[{"@type":"ListItem","position":1,"name":"Ballina","item":"https:\/\/permbledhja.com\/sq\/"},{"@type":"ListItem","position":2,"name":"Lulzim Hetemi, nj\u00eb muaj i mbyllur n\u00eb Leposaviq"}]},{"@type":"WebSite","@id":"https:\/\/permbledhja.com\/#website","url":"https:\/\/permbledhja.com\/","name":"Ve\u00e7 artikuj p\u00ebrmbledh\u00ebs","description":"","publisher":{"@id":"https:\/\/permbledhja.com\/#organization"},"potentialAction":[{"@type":"SearchAction","target":{"@type":"EntryPoint","urlTemplate":"https:\/\/permbledhja.com\/?s={search_term_string}"},"query-input":"required name=search_term_string"}],"inLanguage":"sq"},{"@type":"Organization","@id":"https:\/\/permbledhja.com\/#organization","name":"MK Media & Pr","url":"https:\/\/permbledhja.com\/","logo":{"@type":"ImageObject","inLanguage":"sq","@id":"https:\/\/permbledhja.com\/#\/schema\/logo\/image\/","url":"https:\/\/permbledhja.com\/wp-content\/uploads\/2021\/12\/07-Press-Logo.jpg","contentUrl":"https:\/\/permbledhja.com\/wp-content\/uploads\/2021\/12\/07-Press-Logo.jpg","width":512,"height":512,"caption":"MK Media & Pr"},"image":{"@id":"https:\/\/permbledhja.com\/#\/schema\/logo\/image\/"},"sameAs":["https:\/\/www.facebook.com\/press07\/"]},{"@type":"Person","@id":"https:\/\/permbledhja.com\/#\/schema\/person\/0d064377258d3221e50693947b9eb4fe","name":"P\u00ebrmbledhja","image":{"@type":"ImageObject","inLanguage":"sq","@id":"https:\/\/permbledhja.com\/#\/schema\/person\/image\/","url":"https:\/\/permbledhja.com\/wp-content\/uploads\/2026\/01\/452004717_1040944174702970_8932037511805513407_n-96x96.jpg","contentUrl":"https:\/\/permbledhja.com\/wp-content\/uploads\/2026\/01\/452004717_1040944174702970_8932037511805513407_n-96x96.jpg","caption":"P\u00ebrmbledhja"},"sameAs":["https:\/\/www.facebook.com\/kafexhiu.muharrem\/","https:\/\/www.instagram.com\/muharrem_kafexhiu\/"],"url":"https:\/\/permbledhja.com\/sq\/author\/admin\/"}]}},"_links":{"self":[{"href":"https:\/\/permbledhja.com\/sq\/wp-json\/wp\/v2\/posts\/17429"}],"collection":[{"href":"https:\/\/permbledhja.com\/sq\/wp-json\/wp\/v2\/posts"}],"about":[{"href":"https:\/\/permbledhja.com\/sq\/wp-json\/wp\/v2\/types\/post"}],"author":[{"embeddable":true,"href":"https:\/\/permbledhja.com\/sq\/wp-json\/wp\/v2\/users\/1"}],"replies":[{"embeddable":true,"href":"https:\/\/permbledhja.com\/sq\/wp-json\/wp\/v2\/comments?post=17429"}],"version-history":[{"count":1,"href":"https:\/\/permbledhja.com\/sq\/wp-json\/wp\/v2\/posts\/17429\/revisions"}],"predecessor-version":[{"id":17431,"href":"https:\/\/permbledhja.com\/sq\/wp-json\/wp\/v2\/posts\/17429\/revisions\/17431"}],"wp:featuredmedia":[{"embeddable":true,"href":"https:\/\/permbledhja.com\/sq\/wp-json\/wp\/v2\/media\/17430"}],"wp:attachment":[{"href":"https:\/\/permbledhja.com\/sq\/wp-json\/wp\/v2\/media?parent=17429"}],"wp:term":[{"taxonomy":"category","embeddable":true,"href":"https:\/\/permbledhja.com\/sq\/wp-json\/wp\/v2\/categories?post=17429"},{"taxonomy":"post_tag","embeddable":true,"href":"https:\/\/permbledhja.com\/sq\/wp-json\/wp\/v2\/tags?post=17429"}],"curies":[{"name":"wp","href":"https:\/\/api.w.org\/{rel}","templated":true}]}}