{"id":17102,"date":"2023-06-25T19:24:30","date_gmt":"2023-06-25T19:24:30","guid":{"rendered":"https:\/\/permbledhja.com\/?p=17102"},"modified":"2023-06-25T22:14:30","modified_gmt":"2023-06-25T22:14:30","slug":"mesohet-edhe-emri-i-te-dyshuarit-qe-vrau-dy-vellezerit-ne-gjakove","status":"publish","type":"post","link":"https:\/\/permbledhja.com\/sq\/mesohet-edhe-emri-i-te-dyshuarit-qe-vrau-dy-vellezerit-ne-gjakove\/","title":{"rendered":"M\u00ebsohet edhe emri i t\u00eb dyshuarit q\u00eb vrau dy v\u00ebllez\u00ebrit n\u00eb Gjakov\u00eb"},"content":{"rendered":"<h3>Gjakova u trondit sonte nga nj\u00eb vrasje e dyfisht\u00eb. Dy persona dyshohet se mbet\u00ebn t\u00eb vdekur, n\u00eb rrethana akoma t\u00eb dyshimta dhe p\u00ebr motive ende t\u00eb panjohura.<\/h3>\n<p>Sinjalizues t\u00eb gazet\u00ebs kan\u00eb b\u00ebr\u00eb me dije se rasti tragjik ka ndodhur n\u00eb fshatin Madanaj t\u00eb Gjakov\u00ebs.<\/p>\n<p>Burimet e Sinjalit b\u00ebjn\u00eb t\u00eb ditur se personi i dyshuar p\u00ebr vrasjen e dy v\u00ebllez\u00ebrve \u00ebsht\u00eb Gj.Gjokaj<\/p>\n<p>Sipas informacioneve t\u00eb para b\u00ebhet fjal\u00eb p\u00ebr vrasjen e dy v\u00ebllez\u00ebrve, Haxhi dhe Blerim Islamaj.<\/p>\n<p>Policia tashm\u00eb ka arritur n\u00eb vendin e ngjarjes dhe po b\u00ebhen ekzaminimet e vendit t\u00eb ngjarjes.<\/p>\n<p>Gazeta do t\u00eb iu mbaj\u00eb t\u00eb informuar p\u00ebr detajet e reja.<\/p>\n<p><strong>Sh\u00ebnim: Personi i apostrofuar n\u00eb k\u00ebt\u00eb artikull prezumohet i pafajsh\u00ebm derisa faj\u00ebsia e tij t\u00eb mos provohet me vendim t\u00eb form\u00ebs s\u00eb prer\u00eb nga gjykata.<\/strong><\/p>\n","protected":false},"excerpt":{"rendered":"<p>Gjakova u trondit sonte nga nj\u00eb vrasje e dyfisht\u00eb. Dy persona dyshohet se mbet\u00ebn t\u00eb vdekur, n\u00eb rrethana akoma t\u00eb dyshimta dhe p\u00ebr motive ende t\u00eb panjohura. Sinjalizues t\u00eb gazet\u00ebs kan\u00eb b\u00ebr\u00eb me dije se rasti tragjik ka ndodhur n\u00eb fshatin Madanaj t\u00eb Gjakov\u00ebs. Burimet e Sinjalit b\u00ebjn\u00eb t\u00eb ditur se personi i dyshuar p\u00ebr [&hellip;]<\/p>\n","protected":false},"author":1,"featured_media":16212,"comment_status":"closed","ping_status":"closed","sticky":false,"template":"","format":"standard","meta":{"_monsterinsights_skip_tracking":false,"_monsterinsights_sitenote_active":false,"_monsterinsights_sitenote_note":"","_monsterinsights_sitenote_category":0,"_uf_show_specific_survey":0,"_uf_disable_surveys":false,"footnotes":""},"categories":[16,1146],"tags":[1994],"yoast_head":"<!-- This site is optimized with the Yoast SEO plugin v21.5 - https:\/\/yoast.com\/wordpress\/plugins\/seo\/ -->\n<title>M\u00ebsohet edhe emri i t\u00eb dyshuarit q\u00eb vrau dy v\u00ebllez\u00ebrit n\u00eb Gjakov\u00eb<\/title>\n<meta name=\"robots\" content=\"index, follow, max-snippet:-1, max-image-preview:large, max-video-preview:-1\" \/>\n<link rel=\"canonical\" href=\"https:\/\/permbledhja.com\/sq\/mesohet-edhe-emri-i-te-dyshuarit-qe-vrau-dy-vellezerit-ne-gjakove\/\" \/>\n<meta property=\"og:locale\" content=\"sq_AL\" \/>\n<meta property=\"og:type\" content=\"article\" \/>\n<meta property=\"og:title\" content=\"M\u00ebsohet edhe emri i t\u00eb dyshuarit q\u00eb vrau dy v\u00ebllez\u00ebrit n\u00eb Gjakov\u00eb\" \/>\n<meta property=\"og:description\" content=\"Gjakova u trondit sonte nga nj\u00eb vrasje e dyfisht\u00eb. Dy persona dyshohet se mbet\u00ebn t\u00eb vdekur, n\u00eb rrethana akoma t\u00eb dyshimta dhe p\u00ebr motive ende t\u00eb panjohura. Sinjalizues t\u00eb gazet\u00ebs kan\u00eb b\u00ebr\u00eb me dije se rasti tragjik ka ndodhur n\u00eb fshatin Madanaj t\u00eb Gjakov\u00ebs. Burimet e Sinjalit b\u00ebjn\u00eb t\u00eb ditur se personi i dyshuar p\u00ebr [&hellip;]\" \/>\n<meta property=\"og:url\" content=\"https:\/\/permbledhja.com\/sq\/mesohet-edhe-emri-i-te-dyshuarit-qe-vrau-dy-vellezerit-ne-gjakove\/\" \/>\n<meta property=\"og:site_name\" content=\"Ve\u00e7 artikuj p\u00ebrmbledh\u00ebs\" \/>\n<meta property=\"article:publisher\" content=\"https:\/\/www.facebook.com\/press07\/\" \/>\n<meta property=\"article:author\" content=\"https:\/\/www.facebook.com\/kafexhiu.muharrem\/\" \/>\n<meta property=\"article:published_time\" content=\"2023-06-25T19:24:30+00:00\" \/>\n<meta property=\"article:modified_time\" content=\"2023-06-25T22:14:30+00:00\" \/>\n<meta property=\"og:image\" content=\"https:\/\/permbledhja.com\/wp-content\/uploads\/2023\/06\/Blue-Breaking-News-YouTube-Channel-Art-1024x576-1-768x432-2.jpg\" \/>\n\t<meta property=\"og:image:width\" content=\"768\" \/>\n\t<meta property=\"og:image:height\" content=\"432\" \/>\n\t<meta property=\"og:image:type\" content=\"image\/jpeg\" \/>\n<meta name=\"author\" content=\"P\u00ebrmbledhja\" \/>\n<meta name=\"twitter:card\" content=\"summary_large_image\" \/>\n<meta name=\"twitter:label1\" content=\"Written by\" \/>\n\t<meta name=\"twitter:data1\" content=\"P\u00ebrmbledhja\" \/>\n\t<meta name=\"twitter:label2\" content=\"Est. reading time\" \/>\n\t<meta name=\"twitter:data2\" content=\"1 minut\u00eb\" \/>\n<script type=\"application\/ld+json\" class=\"yoast-schema-graph\">{\"@context\":\"https:\/\/schema.org\",\"@graph\":[{\"@type\":\"Article\",\"@id\":\"https:\/\/permbledhja.com\/mesohet-edhe-emri-i-te-dyshuarit-qe-vrau-dy-vellezerit-ne-gjakove\/#article\",\"isPartOf\":{\"@id\":\"https:\/\/permbledhja.com\/mesohet-edhe-emri-i-te-dyshuarit-qe-vrau-dy-vellezerit-ne-gjakove\/\"},\"author\":{\"name\":\"P\u00ebrmbledhja\",\"@id\":\"https:\/\/permbledhja.com\/#\/schema\/person\/0d064377258d3221e50693947b9eb4fe\"},\"headline\":\"M\u00ebsohet edhe emri i t\u00eb dyshuarit q\u00eb vrau dy v\u00ebllez\u00ebrit n\u00eb Gjakov\u00eb\",\"datePublished\":\"2023-06-25T19:24:30+00:00\",\"dateModified\":\"2023-06-25T22:14:30+00:00\",\"mainEntityOfPage\":{\"@id\":\"https:\/\/permbledhja.com\/mesohet-edhe-emri-i-te-dyshuarit-qe-vrau-dy-vellezerit-ne-gjakove\/\"},\"wordCount\":164,\"publisher\":{\"@id\":\"https:\/\/permbledhja.com\/#organization\"},\"keywords\":[\"Madanaj\"],\"articleSection\":[\"Gjakov\u00eb\",\"Kryesoret\"],\"inLanguage\":\"sq\"},{\"@type\":\"WebPage\",\"@id\":\"https:\/\/permbledhja.com\/mesohet-edhe-emri-i-te-dyshuarit-qe-vrau-dy-vellezerit-ne-gjakove\/\",\"url\":\"https:\/\/permbledhja.com\/mesohet-edhe-emri-i-te-dyshuarit-qe-vrau-dy-vellezerit-ne-gjakove\/\",\"name\":\"M\u00ebsohet edhe emri i t\u00eb dyshuarit q\u00eb vrau dy v\u00ebllez\u00ebrit n\u00eb Gjakov\u00eb\",\"isPartOf\":{\"@id\":\"https:\/\/permbledhja.com\/#website\"},\"datePublished\":\"2023-06-25T19:24:30+00:00\",\"dateModified\":\"2023-06-25T22:14:30+00:00\",\"breadcrumb\":{\"@id\":\"https:\/\/permbledhja.com\/mesohet-edhe-emri-i-te-dyshuarit-qe-vrau-dy-vellezerit-ne-gjakove\/#breadcrumb\"},\"inLanguage\":\"sq\",\"potentialAction\":[{\"@type\":\"ReadAction\",\"target\":[\"https:\/\/permbledhja.com\/mesohet-edhe-emri-i-te-dyshuarit-qe-vrau-dy-vellezerit-ne-gjakove\/\"]}]},{\"@type\":\"BreadcrumbList\",\"@id\":\"https:\/\/permbledhja.com\/mesohet-edhe-emri-i-te-dyshuarit-qe-vrau-dy-vellezerit-ne-gjakove\/#breadcrumb\",\"itemListElement\":[{\"@type\":\"ListItem\",\"position\":1,\"name\":\"Ballina\",\"item\":\"https:\/\/permbledhja.com\/sq\/\"},{\"@type\":\"ListItem\",\"position\":2,\"name\":\"M\u00ebsohet edhe emri i t\u00eb dyshuarit q\u00eb vrau dy v\u00ebllez\u00ebrit n\u00eb Gjakov\u00eb\"}]},{\"@type\":\"WebSite\",\"@id\":\"https:\/\/permbledhja.com\/#website\",\"url\":\"https:\/\/permbledhja.com\/\",\"name\":\"Ve\u00e7 artikuj p\u00ebrmbledh\u00ebs\",\"description\":\"\",\"publisher\":{\"@id\":\"https:\/\/permbledhja.com\/#organization\"},\"potentialAction\":[{\"@type\":\"SearchAction\",\"target\":{\"@type\":\"EntryPoint\",\"urlTemplate\":\"https:\/\/permbledhja.com\/?s={search_term_string}\"},\"query-input\":\"required name=search_term_string\"}],\"inLanguage\":\"sq\"},{\"@type\":\"Organization\",\"@id\":\"https:\/\/permbledhja.com\/#organization\",\"name\":\"MK Media & Pr\",\"url\":\"https:\/\/permbledhja.com\/\",\"logo\":{\"@type\":\"ImageObject\",\"inLanguage\":\"sq\",\"@id\":\"https:\/\/permbledhja.com\/#\/schema\/logo\/image\/\",\"url\":\"https:\/\/permbledhja.com\/wp-content\/uploads\/2021\/12\/07-Press-Logo.jpg\",\"contentUrl\":\"https:\/\/permbledhja.com\/wp-content\/uploads\/2021\/12\/07-Press-Logo.jpg\",\"width\":512,\"height\":512,\"caption\":\"MK Media & Pr\"},\"image\":{\"@id\":\"https:\/\/permbledhja.com\/#\/schema\/logo\/image\/\"},\"sameAs\":[\"https:\/\/www.facebook.com\/press07\/\"]},{\"@type\":\"Person\",\"@id\":\"https:\/\/permbledhja.com\/#\/schema\/person\/0d064377258d3221e50693947b9eb4fe\",\"name\":\"P\u00ebrmbledhja\",\"image\":{\"@type\":\"ImageObject\",\"inLanguage\":\"sq\",\"@id\":\"https:\/\/permbledhja.com\/#\/schema\/person\/image\/\",\"url\":\"https:\/\/permbledhja.com\/wp-content\/uploads\/2026\/01\/452004717_1040944174702970_8932037511805513407_n-96x96.jpg\",\"contentUrl\":\"https:\/\/permbledhja.com\/wp-content\/uploads\/2026\/01\/452004717_1040944174702970_8932037511805513407_n-96x96.jpg\",\"caption\":\"P\u00ebrmbledhja\"},\"sameAs\":[\"https:\/\/www.facebook.com\/kafexhiu.muharrem\/\",\"https:\/\/www.instagram.com\/muharrem_kafexhiu\/\"],\"url\":\"https:\/\/permbledhja.com\/sq\/author\/admin\/\"}]}<\/script>\n<!-- \/ Yoast SEO plugin. -->","yoast_head_json":{"title":"M\u00ebsohet edhe emri i t\u00eb dyshuarit q\u00eb vrau dy v\u00ebllez\u00ebrit n\u00eb Gjakov\u00eb","robots":{"index":"index","follow":"follow","max-snippet":"max-snippet:-1","max-image-preview":"max-image-preview:large","max-video-preview":"max-video-preview:-1"},"canonical":"https:\/\/permbledhja.com\/sq\/mesohet-edhe-emri-i-te-dyshuarit-qe-vrau-dy-vellezerit-ne-gjakove\/","og_locale":"sq_AL","og_type":"article","og_title":"M\u00ebsohet edhe emri i t\u00eb dyshuarit q\u00eb vrau dy v\u00ebllez\u00ebrit n\u00eb Gjakov\u00eb","og_description":"Gjakova u trondit sonte nga nj\u00eb vrasje e dyfisht\u00eb. Dy persona dyshohet se mbet\u00ebn t\u00eb vdekur, n\u00eb rrethana akoma t\u00eb dyshimta dhe p\u00ebr motive ende t\u00eb panjohura. Sinjalizues t\u00eb gazet\u00ebs kan\u00eb b\u00ebr\u00eb me dije se rasti tragjik ka ndodhur n\u00eb fshatin Madanaj t\u00eb Gjakov\u00ebs. Burimet e Sinjalit b\u00ebjn\u00eb t\u00eb ditur se personi i dyshuar p\u00ebr [&hellip;]","og_url":"https:\/\/permbledhja.com\/sq\/mesohet-edhe-emri-i-te-dyshuarit-qe-vrau-dy-vellezerit-ne-gjakove\/","og_site_name":"Ve\u00e7 artikuj p\u00ebrmbledh\u00ebs","article_publisher":"https:\/\/www.facebook.com\/press07\/","article_author":"https:\/\/www.facebook.com\/kafexhiu.muharrem\/","article_published_time":"2023-06-25T19:24:30+00:00","article_modified_time":"2023-06-25T22:14:30+00:00","og_image":[{"width":768,"height":432,"url":"https:\/\/permbledhja.com\/wp-content\/uploads\/2023\/06\/Blue-Breaking-News-YouTube-Channel-Art-1024x576-1-768x432-2.jpg","type":"image\/jpeg"}],"author":"P\u00ebrmbledhja","twitter_card":"summary_large_image","twitter_misc":{"Written by":"P\u00ebrmbledhja","Est. reading time":"1 minut\u00eb"},"schema":{"@context":"https:\/\/schema.org","@graph":[{"@type":"Article","@id":"https:\/\/permbledhja.com\/mesohet-edhe-emri-i-te-dyshuarit-qe-vrau-dy-vellezerit-ne-gjakove\/#article","isPartOf":{"@id":"https:\/\/permbledhja.com\/mesohet-edhe-emri-i-te-dyshuarit-qe-vrau-dy-vellezerit-ne-gjakove\/"},"author":{"name":"P\u00ebrmbledhja","@id":"https:\/\/permbledhja.com\/#\/schema\/person\/0d064377258d3221e50693947b9eb4fe"},"headline":"M\u00ebsohet edhe emri i t\u00eb dyshuarit q\u00eb vrau dy v\u00ebllez\u00ebrit n\u00eb Gjakov\u00eb","datePublished":"2023-06-25T19:24:30+00:00","dateModified":"2023-06-25T22:14:30+00:00","mainEntityOfPage":{"@id":"https:\/\/permbledhja.com\/mesohet-edhe-emri-i-te-dyshuarit-qe-vrau-dy-vellezerit-ne-gjakove\/"},"wordCount":164,"publisher":{"@id":"https:\/\/permbledhja.com\/#organization"},"keywords":["Madanaj"],"articleSection":["Gjakov\u00eb","Kryesoret"],"inLanguage":"sq"},{"@type":"WebPage","@id":"https:\/\/permbledhja.com\/mesohet-edhe-emri-i-te-dyshuarit-qe-vrau-dy-vellezerit-ne-gjakove\/","url":"https:\/\/permbledhja.com\/mesohet-edhe-emri-i-te-dyshuarit-qe-vrau-dy-vellezerit-ne-gjakove\/","name":"M\u00ebsohet edhe emri i t\u00eb dyshuarit q\u00eb vrau dy v\u00ebllez\u00ebrit n\u00eb Gjakov\u00eb","isPartOf":{"@id":"https:\/\/permbledhja.com\/#website"},"datePublished":"2023-06-25T19:24:30+00:00","dateModified":"2023-06-25T22:14:30+00:00","breadcrumb":{"@id":"https:\/\/permbledhja.com\/mesohet-edhe-emri-i-te-dyshuarit-qe-vrau-dy-vellezerit-ne-gjakove\/#breadcrumb"},"inLanguage":"sq","potentialAction":[{"@type":"ReadAction","target":["https:\/\/permbledhja.com\/mesohet-edhe-emri-i-te-dyshuarit-qe-vrau-dy-vellezerit-ne-gjakove\/"]}]},{"@type":"BreadcrumbList","@id":"https:\/\/permbledhja.com\/mesohet-edhe-emri-i-te-dyshuarit-qe-vrau-dy-vellezerit-ne-gjakove\/#breadcrumb","itemListElement":[{"@type":"ListItem","position":1,"name":"Ballina","item":"https:\/\/permbledhja.com\/sq\/"},{"@type":"ListItem","position":2,"name":"M\u00ebsohet edhe emri i t\u00eb dyshuarit q\u00eb vrau dy v\u00ebllez\u00ebrit n\u00eb Gjakov\u00eb"}]},{"@type":"WebSite","@id":"https:\/\/permbledhja.com\/#website","url":"https:\/\/permbledhja.com\/","name":"Ve\u00e7 artikuj p\u00ebrmbledh\u00ebs","description":"","publisher":{"@id":"https:\/\/permbledhja.com\/#organization"},"potentialAction":[{"@type":"SearchAction","target":{"@type":"EntryPoint","urlTemplate":"https:\/\/permbledhja.com\/?s={search_term_string}"},"query-input":"required name=search_term_string"}],"inLanguage":"sq"},{"@type":"Organization","@id":"https:\/\/permbledhja.com\/#organization","name":"MK Media & Pr","url":"https:\/\/permbledhja.com\/","logo":{"@type":"ImageObject","inLanguage":"sq","@id":"https:\/\/permbledhja.com\/#\/schema\/logo\/image\/","url":"https:\/\/permbledhja.com\/wp-content\/uploads\/2021\/12\/07-Press-Logo.jpg","contentUrl":"https:\/\/permbledhja.com\/wp-content\/uploads\/2021\/12\/07-Press-Logo.jpg","width":512,"height":512,"caption":"MK Media & Pr"},"image":{"@id":"https:\/\/permbledhja.com\/#\/schema\/logo\/image\/"},"sameAs":["https:\/\/www.facebook.com\/press07\/"]},{"@type":"Person","@id":"https:\/\/permbledhja.com\/#\/schema\/person\/0d064377258d3221e50693947b9eb4fe","name":"P\u00ebrmbledhja","image":{"@type":"ImageObject","inLanguage":"sq","@id":"https:\/\/permbledhja.com\/#\/schema\/person\/image\/","url":"https:\/\/permbledhja.com\/wp-content\/uploads\/2026\/01\/452004717_1040944174702970_8932037511805513407_n-96x96.jpg","contentUrl":"https:\/\/permbledhja.com\/wp-content\/uploads\/2026\/01\/452004717_1040944174702970_8932037511805513407_n-96x96.jpg","caption":"P\u00ebrmbledhja"},"sameAs":["https:\/\/www.facebook.com\/kafexhiu.muharrem\/","https:\/\/www.instagram.com\/muharrem_kafexhiu\/"],"url":"https:\/\/permbledhja.com\/sq\/author\/admin\/"}]}},"_links":{"self":[{"href":"https:\/\/permbledhja.com\/sq\/wp-json\/wp\/v2\/posts\/17102"}],"collection":[{"href":"https:\/\/permbledhja.com\/sq\/wp-json\/wp\/v2\/posts"}],"about":[{"href":"https:\/\/permbledhja.com\/sq\/wp-json\/wp\/v2\/types\/post"}],"author":[{"embeddable":true,"href":"https:\/\/permbledhja.com\/sq\/wp-json\/wp\/v2\/users\/1"}],"replies":[{"embeddable":true,"href":"https:\/\/permbledhja.com\/sq\/wp-json\/wp\/v2\/comments?post=17102"}],"version-history":[{"count":4,"href":"https:\/\/permbledhja.com\/sq\/wp-json\/wp\/v2\/posts\/17102\/revisions"}],"predecessor-version":[{"id":17144,"href":"https:\/\/permbledhja.com\/sq\/wp-json\/wp\/v2\/posts\/17102\/revisions\/17144"}],"wp:featuredmedia":[{"embeddable":true,"href":"https:\/\/permbledhja.com\/sq\/wp-json\/wp\/v2\/media\/16212"}],"wp:attachment":[{"href":"https:\/\/permbledhja.com\/sq\/wp-json\/wp\/v2\/media?parent=17102"}],"wp:term":[{"taxonomy":"category","embeddable":true,"href":"https:\/\/permbledhja.com\/sq\/wp-json\/wp\/v2\/categories?post=17102"},{"taxonomy":"post_tag","embeddable":true,"href":"https:\/\/permbledhja.com\/sq\/wp-json\/wp\/v2\/tags?post=17102"}],"curies":[{"name":"wp","href":"https:\/\/api.w.org\/{rel}","templated":true}]}}