{"id":17078,"date":"2023-06-25T12:41:44","date_gmt":"2023-06-25T12:41:44","guid":{"rendered":"https:\/\/permbledhja.com\/?p=17078"},"modified":"2023-06-25T12:41:44","modified_gmt":"2023-06-25T12:41:44","slug":"familjari-i-viktimave-nusen-sna-ndihmoi-askush-ta-nxjerrim-te-dyten-here-kur-kemi-hyre-e-gjetem-ne-podrum","status":"publish","type":"post","link":"https:\/\/permbledhja.com\/sq\/familjari-i-viktimave-nusen-sna-ndihmoi-askush-ta-nxjerrim-te-dyten-here-kur-kemi-hyre-e-gjetem-ne-podrum\/","title":{"rendered":"Familjari i viktimave: Nusen s\u2019na ndihmoi askush ta nxjerrim, t\u00eb dyt\u00ebn her\u00eb kur kemi hyr\u00eb e gjet\u00ebm n\u00eb podrum"},"content":{"rendered":"<p><strong>Humbja e dy qytetar\u00ebve t\u00eb Pej\u00ebs nga v\u00ebrshimet e m\u00ebdha t\u00eb shkaktuara mbr\u00ebmjen e dit\u00ebs s\u00eb djeshme si pasoj\u00eb e reshjeve t\u00eb dendura t\u00eb shiut, ka tronditur vendin. Dy viktimat n\u00ebn\u00eb e bir, Dion dhe Mirsada Ademaj nuk arrit\u00ebn t\u00eb mbijetojn\u00eb dhe vdiq\u00ebn tragjikisht.<\/strong><\/p>\n<p>Pas vdekjes s\u00eb tyre, detaje nga momenti tragjik po dalin n\u00eb drit\u00eb.<\/p>\n<p>Axha i 5-vje\u00e7arit, Albert Ademaj ka deklaruar se p\u00ebrkund\u00ebr thirrjeve te institucionet, nuk has\u00ebn n\u00eb ndihm\u00eb. Madje ai tha se gruan e v\u00ebllait e kishte nxjerr\u00eb vet, teksa shtoi se n\u00eb vendin ku e gjeti i kishin th\u00ebn\u00eb se nuk ka asgj\u00eb aty.<\/p>\n<p>\u201cI ka thirr kryetarja e lagjes, Policin\u00eb, ambulanc\u00ebn, ndihm\u00ebn, por ve\u00e7 dy polic\u00eb kan\u00eb qen\u00eb nalt\u00eb, as nuk \u00ebsht\u00eb ardh\u00eb ambulanca. Djalin vet e kemi \u00e7u n\u00eb spital, ja kemi dh\u00ebn\u00eb ndihm\u00ebn e par\u00eb, jemi munduar. Nusen nuk na ka ndihmuar askush, p\u00ebr me nxjerr\u00eb, e kam nxjerr vet me nj\u00eb shok timin. Ata kan\u00eb hallakat qaty e m\u00eb kan\u00eb th\u00ebn\u00eb nuk ka asgj\u00eb n\u00eb podrum. Ne kemi hy vet\u00eb p\u00ebr te dyt\u00ebn her\u00eb dhe e kam gjet\u00eb aty\u2026Nj\u00eb polic e ka thy krahun dhe ambulanca \u00ebsht\u00eb ardh\u00eb p\u00ebr t\u00eb dhe jo me marr\u00eb gjenazen\u201d, tha Ademaj p\u00ebr KosovaPress.<\/p>\n","protected":false},"excerpt":{"rendered":"<p>Humbja e dy qytetar\u00ebve t\u00eb Pej\u00ebs nga v\u00ebrshimet e m\u00ebdha t\u00eb shkaktuara mbr\u00ebmjen e dit\u00ebs s\u00eb djeshme si pasoj\u00eb e reshjeve t\u00eb dendura t\u00eb shiut, ka tronditur vendin. Dy viktimat n\u00ebn\u00eb e bir, Dion dhe Mirsada Ademaj nuk arrit\u00ebn t\u00eb mbijetojn\u00eb dhe vdiq\u00ebn tragjikisht. Pas vdekjes s\u00eb tyre, detaje nga momenti tragjik po dalin n\u00eb [&hellip;]<\/p>\n","protected":false},"author":1,"featured_media":17079,"comment_status":"closed","ping_status":"closed","sticky":false,"template":"","format":"standard","meta":{"_monsterinsights_skip_tracking":false,"_monsterinsights_sitenote_active":false,"_monsterinsights_sitenote_note":"","_monsterinsights_sitenote_category":0,"_uf_show_specific_survey":0,"_uf_disable_surveys":false,"footnotes":""},"categories":[23,15],"tags":[120],"yoast_head":"<!-- This site is optimized with the Yoast SEO plugin v21.5 - https:\/\/yoast.com\/wordpress\/plugins\/seo\/ -->\n<title>Familjari i viktimave: Nusen s\u2019na ndihmoi askush ta nxjerrim, t\u00eb dyt\u00ebn her\u00eb kur kemi hyr\u00eb e gjet\u00ebm n\u00eb podrum<\/title>\n<meta name=\"robots\" content=\"index, follow, max-snippet:-1, max-image-preview:large, max-video-preview:-1\" \/>\n<link rel=\"canonical\" href=\"https:\/\/permbledhja.com\/sq\/familjari-i-viktimave-nusen-sna-ndihmoi-askush-ta-nxjerrim-te-dyten-here-kur-kemi-hyre-e-gjetem-ne-podrum\/\" \/>\n<meta property=\"og:locale\" content=\"sq_AL\" \/>\n<meta property=\"og:type\" content=\"article\" \/>\n<meta property=\"og:title\" content=\"Familjari i viktimave: Nusen s\u2019na ndihmoi askush ta nxjerrim, t\u00eb dyt\u00ebn her\u00eb kur kemi hyr\u00eb e gjet\u00ebm n\u00eb podrum\" \/>\n<meta property=\"og:description\" content=\"Humbja e dy qytetar\u00ebve t\u00eb Pej\u00ebs nga v\u00ebrshimet e m\u00ebdha t\u00eb shkaktuara mbr\u00ebmjen e dit\u00ebs s\u00eb djeshme si pasoj\u00eb e reshjeve t\u00eb dendura t\u00eb shiut, ka tronditur vendin. Dy viktimat n\u00ebn\u00eb e bir, Dion dhe Mirsada Ademaj nuk arrit\u00ebn t\u00eb mbijetojn\u00eb dhe vdiq\u00ebn tragjikisht. Pas vdekjes s\u00eb tyre, detaje nga momenti tragjik po dalin n\u00eb [&hellip;]\" \/>\n<meta property=\"og:url\" content=\"https:\/\/permbledhja.com\/sq\/familjari-i-viktimave-nusen-sna-ndihmoi-askush-ta-nxjerrim-te-dyten-here-kur-kemi-hyre-e-gjetem-ne-podrum\/\" \/>\n<meta property=\"og:site_name\" content=\"Ve\u00e7 artikuj p\u00ebrmbledh\u00ebs\" \/>\n<meta property=\"article:publisher\" content=\"https:\/\/www.facebook.com\/press07\/\" \/>\n<meta property=\"article:author\" content=\"https:\/\/www.facebook.com\/kafexhiu.muharrem\/\" \/>\n<meta property=\"article:published_time\" content=\"2023-06-25T12:41:44+00:00\" \/>\n<meta property=\"og:image\" content=\"https:\/\/permbledhja.com\/wp-content\/uploads\/2023\/06\/722C1A6E-FFE1-4CFD-A47F-18F3627086BB.webp\" \/>\n\t<meta property=\"og:image:width\" content=\"1920\" \/>\n\t<meta property=\"og:image:height\" content=\"1080\" \/>\n\t<meta property=\"og:image:type\" content=\"image\/webp\" \/>\n<meta name=\"author\" content=\"P\u00ebrmbledhja\" \/>\n<meta name=\"twitter:card\" content=\"summary_large_image\" \/>\n<meta name=\"twitter:label1\" content=\"Written by\" \/>\n\t<meta name=\"twitter:data1\" content=\"P\u00ebrmbledhja\" \/>\n\t<meta name=\"twitter:label2\" content=\"Est. reading time\" \/>\n\t<meta name=\"twitter:data2\" content=\"2 minuta\" \/>\n<script type=\"application\/ld+json\" class=\"yoast-schema-graph\">{\"@context\":\"https:\/\/schema.org\",\"@graph\":[{\"@type\":\"Article\",\"@id\":\"https:\/\/permbledhja.com\/sq\/familjari-i-viktimave-nusen-sna-ndihmoi-askush-ta-nxjerrim-te-dyten-here-kur-kemi-hyre-e-gjetem-ne-podrum\/#article\",\"isPartOf\":{\"@id\":\"https:\/\/permbledhja.com\/sq\/familjari-i-viktimave-nusen-sna-ndihmoi-askush-ta-nxjerrim-te-dyten-here-kur-kemi-hyre-e-gjetem-ne-podrum\/\"},\"author\":{\"name\":\"P\u00ebrmbledhja\",\"@id\":\"https:\/\/permbledhja.com\/#\/schema\/person\/0d064377258d3221e50693947b9eb4fe\"},\"headline\":\"Familjari i viktimave: Nusen s\u2019na ndihmoi askush ta nxjerrim, t\u00eb dyt\u00ebn her\u00eb kur kemi hyr\u00eb e gjet\u00ebm n\u00eb podrum\",\"datePublished\":\"2023-06-25T12:41:44+00:00\",\"dateModified\":\"2023-06-25T12:41:44+00:00\",\"mainEntityOfPage\":{\"@id\":\"https:\/\/permbledhja.com\/sq\/familjari-i-viktimave-nusen-sna-ndihmoi-askush-ta-nxjerrim-te-dyten-here-kur-kemi-hyre-e-gjetem-ne-podrum\/\"},\"wordCount\":246,\"publisher\":{\"@id\":\"https:\/\/permbledhja.com\/#organization\"},\"keywords\":[\"Pej\u00eb\"],\"articleSection\":[\"Komb\u00ebtare\",\"Lajme\"],\"inLanguage\":\"sq\"},{\"@type\":\"WebPage\",\"@id\":\"https:\/\/permbledhja.com\/sq\/familjari-i-viktimave-nusen-sna-ndihmoi-askush-ta-nxjerrim-te-dyten-here-kur-kemi-hyre-e-gjetem-ne-podrum\/\",\"url\":\"https:\/\/permbledhja.com\/sq\/familjari-i-viktimave-nusen-sna-ndihmoi-askush-ta-nxjerrim-te-dyten-here-kur-kemi-hyre-e-gjetem-ne-podrum\/\",\"name\":\"Familjari i viktimave: Nusen s\u2019na ndihmoi askush ta nxjerrim, t\u00eb dyt\u00ebn her\u00eb kur kemi hyr\u00eb e gjet\u00ebm n\u00eb podrum\",\"isPartOf\":{\"@id\":\"https:\/\/permbledhja.com\/#website\"},\"datePublished\":\"2023-06-25T12:41:44+00:00\",\"dateModified\":\"2023-06-25T12:41:44+00:00\",\"breadcrumb\":{\"@id\":\"https:\/\/permbledhja.com\/sq\/familjari-i-viktimave-nusen-sna-ndihmoi-askush-ta-nxjerrim-te-dyten-here-kur-kemi-hyre-e-gjetem-ne-podrum\/#breadcrumb\"},\"inLanguage\":\"sq\",\"potentialAction\":[{\"@type\":\"ReadAction\",\"target\":[\"https:\/\/permbledhja.com\/sq\/familjari-i-viktimave-nusen-sna-ndihmoi-askush-ta-nxjerrim-te-dyten-here-kur-kemi-hyre-e-gjetem-ne-podrum\/\"]}]},{\"@type\":\"BreadcrumbList\",\"@id\":\"https:\/\/permbledhja.com\/sq\/familjari-i-viktimave-nusen-sna-ndihmoi-askush-ta-nxjerrim-te-dyten-here-kur-kemi-hyre-e-gjetem-ne-podrum\/#breadcrumb\",\"itemListElement\":[{\"@type\":\"ListItem\",\"position\":1,\"name\":\"Ballina\",\"item\":\"https:\/\/permbledhja.com\/sq\/\"},{\"@type\":\"ListItem\",\"position\":2,\"name\":\"Familjari i viktimave: Nusen s\u2019na ndihmoi askush ta nxjerrim, t\u00eb dyt\u00ebn her\u00eb kur kemi hyr\u00eb e gjet\u00ebm n\u00eb podrum\"}]},{\"@type\":\"WebSite\",\"@id\":\"https:\/\/permbledhja.com\/#website\",\"url\":\"https:\/\/permbledhja.com\/\",\"name\":\"Ve\u00e7 artikuj p\u00ebrmbledh\u00ebs\",\"description\":\"\",\"publisher\":{\"@id\":\"https:\/\/permbledhja.com\/#organization\"},\"potentialAction\":[{\"@type\":\"SearchAction\",\"target\":{\"@type\":\"EntryPoint\",\"urlTemplate\":\"https:\/\/permbledhja.com\/?s={search_term_string}\"},\"query-input\":\"required name=search_term_string\"}],\"inLanguage\":\"sq\"},{\"@type\":\"Organization\",\"@id\":\"https:\/\/permbledhja.com\/#organization\",\"name\":\"MK Media & Pr\",\"url\":\"https:\/\/permbledhja.com\/\",\"logo\":{\"@type\":\"ImageObject\",\"inLanguage\":\"sq\",\"@id\":\"https:\/\/permbledhja.com\/#\/schema\/logo\/image\/\",\"url\":\"https:\/\/permbledhja.com\/wp-content\/uploads\/2021\/12\/07-Press-Logo.jpg\",\"contentUrl\":\"https:\/\/permbledhja.com\/wp-content\/uploads\/2021\/12\/07-Press-Logo.jpg\",\"width\":512,\"height\":512,\"caption\":\"MK Media & Pr\"},\"image\":{\"@id\":\"https:\/\/permbledhja.com\/#\/schema\/logo\/image\/\"},\"sameAs\":[\"https:\/\/www.facebook.com\/press07\/\"]},{\"@type\":\"Person\",\"@id\":\"https:\/\/permbledhja.com\/#\/schema\/person\/0d064377258d3221e50693947b9eb4fe\",\"name\":\"P\u00ebrmbledhja\",\"image\":{\"@type\":\"ImageObject\",\"inLanguage\":\"sq\",\"@id\":\"https:\/\/permbledhja.com\/#\/schema\/person\/image\/\",\"url\":\"https:\/\/permbledhja.com\/wp-content\/uploads\/2026\/01\/452004717_1040944174702970_8932037511805513407_n-96x96.jpg\",\"contentUrl\":\"https:\/\/permbledhja.com\/wp-content\/uploads\/2026\/01\/452004717_1040944174702970_8932037511805513407_n-96x96.jpg\",\"caption\":\"P\u00ebrmbledhja\"},\"sameAs\":[\"https:\/\/www.facebook.com\/kafexhiu.muharrem\/\",\"https:\/\/www.instagram.com\/muharrem_kafexhiu\/\"],\"url\":\"https:\/\/permbledhja.com\/sq\/author\/admin\/\"}]}<\/script>\n<!-- \/ Yoast SEO plugin. -->","yoast_head_json":{"title":"Familjari i viktimave: Nusen s\u2019na ndihmoi askush ta nxjerrim, t\u00eb dyt\u00ebn her\u00eb kur kemi hyr\u00eb e gjet\u00ebm n\u00eb podrum","robots":{"index":"index","follow":"follow","max-snippet":"max-snippet:-1","max-image-preview":"max-image-preview:large","max-video-preview":"max-video-preview:-1"},"canonical":"https:\/\/permbledhja.com\/sq\/familjari-i-viktimave-nusen-sna-ndihmoi-askush-ta-nxjerrim-te-dyten-here-kur-kemi-hyre-e-gjetem-ne-podrum\/","og_locale":"sq_AL","og_type":"article","og_title":"Familjari i viktimave: Nusen s\u2019na ndihmoi askush ta nxjerrim, t\u00eb dyt\u00ebn her\u00eb kur kemi hyr\u00eb e gjet\u00ebm n\u00eb podrum","og_description":"Humbja e dy qytetar\u00ebve t\u00eb Pej\u00ebs nga v\u00ebrshimet e m\u00ebdha t\u00eb shkaktuara mbr\u00ebmjen e dit\u00ebs s\u00eb djeshme si pasoj\u00eb e reshjeve t\u00eb dendura t\u00eb shiut, ka tronditur vendin. Dy viktimat n\u00ebn\u00eb e bir, Dion dhe Mirsada Ademaj nuk arrit\u00ebn t\u00eb mbijetojn\u00eb dhe vdiq\u00ebn tragjikisht. Pas vdekjes s\u00eb tyre, detaje nga momenti tragjik po dalin n\u00eb [&hellip;]","og_url":"https:\/\/permbledhja.com\/sq\/familjari-i-viktimave-nusen-sna-ndihmoi-askush-ta-nxjerrim-te-dyten-here-kur-kemi-hyre-e-gjetem-ne-podrum\/","og_site_name":"Ve\u00e7 artikuj p\u00ebrmbledh\u00ebs","article_publisher":"https:\/\/www.facebook.com\/press07\/","article_author":"https:\/\/www.facebook.com\/kafexhiu.muharrem\/","article_published_time":"2023-06-25T12:41:44+00:00","og_image":[{"width":1920,"height":1080,"url":"https:\/\/permbledhja.com\/wp-content\/uploads\/2023\/06\/722C1A6E-FFE1-4CFD-A47F-18F3627086BB.webp","type":"image\/webp"}],"author":"P\u00ebrmbledhja","twitter_card":"summary_large_image","twitter_misc":{"Written by":"P\u00ebrmbledhja","Est. reading time":"2 minuta"},"schema":{"@context":"https:\/\/schema.org","@graph":[{"@type":"Article","@id":"https:\/\/permbledhja.com\/sq\/familjari-i-viktimave-nusen-sna-ndihmoi-askush-ta-nxjerrim-te-dyten-here-kur-kemi-hyre-e-gjetem-ne-podrum\/#article","isPartOf":{"@id":"https:\/\/permbledhja.com\/sq\/familjari-i-viktimave-nusen-sna-ndihmoi-askush-ta-nxjerrim-te-dyten-here-kur-kemi-hyre-e-gjetem-ne-podrum\/"},"author":{"name":"P\u00ebrmbledhja","@id":"https:\/\/permbledhja.com\/#\/schema\/person\/0d064377258d3221e50693947b9eb4fe"},"headline":"Familjari i viktimave: Nusen s\u2019na ndihmoi askush ta nxjerrim, t\u00eb dyt\u00ebn her\u00eb kur kemi hyr\u00eb e gjet\u00ebm n\u00eb podrum","datePublished":"2023-06-25T12:41:44+00:00","dateModified":"2023-06-25T12:41:44+00:00","mainEntityOfPage":{"@id":"https:\/\/permbledhja.com\/sq\/familjari-i-viktimave-nusen-sna-ndihmoi-askush-ta-nxjerrim-te-dyten-here-kur-kemi-hyre-e-gjetem-ne-podrum\/"},"wordCount":246,"publisher":{"@id":"https:\/\/permbledhja.com\/#organization"},"keywords":["Pej\u00eb"],"articleSection":["Komb\u00ebtare","Lajme"],"inLanguage":"sq"},{"@type":"WebPage","@id":"https:\/\/permbledhja.com\/sq\/familjari-i-viktimave-nusen-sna-ndihmoi-askush-ta-nxjerrim-te-dyten-here-kur-kemi-hyre-e-gjetem-ne-podrum\/","url":"https:\/\/permbledhja.com\/sq\/familjari-i-viktimave-nusen-sna-ndihmoi-askush-ta-nxjerrim-te-dyten-here-kur-kemi-hyre-e-gjetem-ne-podrum\/","name":"Familjari i viktimave: Nusen s\u2019na ndihmoi askush ta nxjerrim, t\u00eb dyt\u00ebn her\u00eb kur kemi hyr\u00eb e gjet\u00ebm n\u00eb podrum","isPartOf":{"@id":"https:\/\/permbledhja.com\/#website"},"datePublished":"2023-06-25T12:41:44+00:00","dateModified":"2023-06-25T12:41:44+00:00","breadcrumb":{"@id":"https:\/\/permbledhja.com\/sq\/familjari-i-viktimave-nusen-sna-ndihmoi-askush-ta-nxjerrim-te-dyten-here-kur-kemi-hyre-e-gjetem-ne-podrum\/#breadcrumb"},"inLanguage":"sq","potentialAction":[{"@type":"ReadAction","target":["https:\/\/permbledhja.com\/sq\/familjari-i-viktimave-nusen-sna-ndihmoi-askush-ta-nxjerrim-te-dyten-here-kur-kemi-hyre-e-gjetem-ne-podrum\/"]}]},{"@type":"BreadcrumbList","@id":"https:\/\/permbledhja.com\/sq\/familjari-i-viktimave-nusen-sna-ndihmoi-askush-ta-nxjerrim-te-dyten-here-kur-kemi-hyre-e-gjetem-ne-podrum\/#breadcrumb","itemListElement":[{"@type":"ListItem","position":1,"name":"Ballina","item":"https:\/\/permbledhja.com\/sq\/"},{"@type":"ListItem","position":2,"name":"Familjari i viktimave: Nusen s\u2019na ndihmoi askush ta nxjerrim, t\u00eb dyt\u00ebn her\u00eb kur kemi hyr\u00eb e gjet\u00ebm n\u00eb podrum"}]},{"@type":"WebSite","@id":"https:\/\/permbledhja.com\/#website","url":"https:\/\/permbledhja.com\/","name":"Ve\u00e7 artikuj p\u00ebrmbledh\u00ebs","description":"","publisher":{"@id":"https:\/\/permbledhja.com\/#organization"},"potentialAction":[{"@type":"SearchAction","target":{"@type":"EntryPoint","urlTemplate":"https:\/\/permbledhja.com\/?s={search_term_string}"},"query-input":"required name=search_term_string"}],"inLanguage":"sq"},{"@type":"Organization","@id":"https:\/\/permbledhja.com\/#organization","name":"MK Media & Pr","url":"https:\/\/permbledhja.com\/","logo":{"@type":"ImageObject","inLanguage":"sq","@id":"https:\/\/permbledhja.com\/#\/schema\/logo\/image\/","url":"https:\/\/permbledhja.com\/wp-content\/uploads\/2021\/12\/07-Press-Logo.jpg","contentUrl":"https:\/\/permbledhja.com\/wp-content\/uploads\/2021\/12\/07-Press-Logo.jpg","width":512,"height":512,"caption":"MK Media & Pr"},"image":{"@id":"https:\/\/permbledhja.com\/#\/schema\/logo\/image\/"},"sameAs":["https:\/\/www.facebook.com\/press07\/"]},{"@type":"Person","@id":"https:\/\/permbledhja.com\/#\/schema\/person\/0d064377258d3221e50693947b9eb4fe","name":"P\u00ebrmbledhja","image":{"@type":"ImageObject","inLanguage":"sq","@id":"https:\/\/permbledhja.com\/#\/schema\/person\/image\/","url":"https:\/\/permbledhja.com\/wp-content\/uploads\/2026\/01\/452004717_1040944174702970_8932037511805513407_n-96x96.jpg","contentUrl":"https:\/\/permbledhja.com\/wp-content\/uploads\/2026\/01\/452004717_1040944174702970_8932037511805513407_n-96x96.jpg","caption":"P\u00ebrmbledhja"},"sameAs":["https:\/\/www.facebook.com\/kafexhiu.muharrem\/","https:\/\/www.instagram.com\/muharrem_kafexhiu\/"],"url":"https:\/\/permbledhja.com\/sq\/author\/admin\/"}]}},"_links":{"self":[{"href":"https:\/\/permbledhja.com\/sq\/wp-json\/wp\/v2\/posts\/17078"}],"collection":[{"href":"https:\/\/permbledhja.com\/sq\/wp-json\/wp\/v2\/posts"}],"about":[{"href":"https:\/\/permbledhja.com\/sq\/wp-json\/wp\/v2\/types\/post"}],"author":[{"embeddable":true,"href":"https:\/\/permbledhja.com\/sq\/wp-json\/wp\/v2\/users\/1"}],"replies":[{"embeddable":true,"href":"https:\/\/permbledhja.com\/sq\/wp-json\/wp\/v2\/comments?post=17078"}],"version-history":[{"count":1,"href":"https:\/\/permbledhja.com\/sq\/wp-json\/wp\/v2\/posts\/17078\/revisions"}],"predecessor-version":[{"id":17080,"href":"https:\/\/permbledhja.com\/sq\/wp-json\/wp\/v2\/posts\/17078\/revisions\/17080"}],"wp:featuredmedia":[{"embeddable":true,"href":"https:\/\/permbledhja.com\/sq\/wp-json\/wp\/v2\/media\/17079"}],"wp:attachment":[{"href":"https:\/\/permbledhja.com\/sq\/wp-json\/wp\/v2\/media?parent=17078"}],"wp:term":[{"taxonomy":"category","embeddable":true,"href":"https:\/\/permbledhja.com\/sq\/wp-json\/wp\/v2\/categories?post=17078"},{"taxonomy":"post_tag","embeddable":true,"href":"https:\/\/permbledhja.com\/sq\/wp-json\/wp\/v2\/tags?post=17078"}],"curies":[{"name":"wp","href":"https:\/\/api.w.org\/{rel}","templated":true}]}}