{"id":17075,"date":"2023-06-24T19:17:06","date_gmt":"2023-06-24T19:17:06","guid":{"rendered":"https:\/\/permbledhja.com\/?p=17075"},"modified":"2023-06-24T19:17:06","modified_gmt":"2023-06-24T19:17:06","slug":"serbet-nuk-do-te-mblidhen-ne-gazimestan-me-28-qershor-lajmi-jepet-pas-takimit-te-komandantit-te-kforit-me-teodosijen","status":"publish","type":"post","link":"https:\/\/permbledhja.com\/sq\/serbet-nuk-do-te-mblidhen-ne-gazimestan-me-28-qershor-lajmi-jepet-pas-takimit-te-komandantit-te-kforit-me-teodosijen\/","title":{"rendered":"Serb\u00ebt nuk do t\u00eb mblidhen n\u00eb Gazimestan m\u00eb 28 qershor \u2013 lajmi jepet pas takimit t\u00eb Komandantit t\u00eb KFOR\u2019it me Teodosijen"},"content":{"rendered":"<p>Peshkopi Teodosije ka njoftuar se ka marr\u00eb vendim q\u00eb \u201cVidovdanin\u201d e sivjetm\u00eb t\u00eb mos e mbajn\u00eb n\u00eb Gazimestan, por n\u00eb Manastirin e Gra\u00e7anic\u00ebs.<\/p>\n<p>Kjo p\u00ebr arsye t\u00eb situat\u00ebs aktuale, duke pretenduar se s\u2019ka siguri pas arrestimeve t\u00eb fundit nga Policia e Kosov\u00ebs.<\/p>\n<p>N\u00eb nj\u00eb komunikat\u00eb t\u00eb publikuar nga Manastiri i De\u00e7anit thuhet gjithashtu se kan\u00eb k\u00ebrkuar mbrojtje shtes\u00eb nga KFOR-i p\u00ebr mbajtjen e \u201cVidovdanit\u201d.<\/p>\n<p>Ky vendim vjen pas takimit q\u00eb pati Peshkopi Teodosije me komandantin e KFOR-it Ristuccia.<\/p>\n<p>\u201cDuke marr\u00eb parasysh situat\u00ebn jasht\u00ebzakonisht t\u00eb v\u00ebshtir\u00eb n\u00eb Kosov\u00eb, ku populli yn\u00eb aktualisht po jeton n\u00eb nj\u00eb gjendje t\u00eb pasiguris\u00eb dhe ndjen munges\u00eb t\u00eb t\u00eb drejtave dhe lirive elementare, ve\u00e7an\u00ebrisht pas seris\u00eb s\u00eb fundit t\u00eb arrestimeve dhe keqp\u00ebrdorimeve t\u00eb serb\u00ebve t\u00eb paraburgosur, si peshkop dioqezan, me p\u00ebrgjegj\u00ebsi t\u00eb plot\u00eb baritore, kam marr\u00eb vendimin.<\/p>\n<p>K\u00ebt\u00eb vit do t\u00eb mbahet n\u00eb manastirin e Gra\u00e7anic\u00ebs, pas \u201cLiturgjis\u00eb Hyjnore\u201d m\u00eb 28 qershor.<\/p>\n<p>Manastiri tha se kjo \u00ebsht\u00eb hera e par\u00eb q\u00eb kur p\u00ebrfundoi lufta q\u00eb kjo fest\u00eb nuk mbahet n\u00eb Gazimestan, duke pretenduar se jan\u00eb mosbesues ndaj institucioneve t\u00eb Kosov\u00ebs, t\u00eb cilat i akuzoi se \u201ci kan\u00eb sjell\u00eb marr\u00ebdh\u00ebniet nd\u00ebretnike n\u00eb Kosov\u00eb n\u00eb nivelin m\u00eb t\u00eb ul\u00ebt n\u00eb 24 vitet e fundit\u201d.<\/p>\n","protected":false},"excerpt":{"rendered":"<p>Peshkopi Teodosije ka njoftuar se ka marr\u00eb vendim q\u00eb \u201cVidovdanin\u201d e sivjetm\u00eb t\u00eb mos e mbajn\u00eb n\u00eb Gazimestan, por n\u00eb Manastirin e Gra\u00e7anic\u00ebs. Kjo p\u00ebr arsye t\u00eb situat\u00ebs aktuale, duke pretenduar se s\u2019ka siguri pas arrestimeve t\u00eb fundit nga Policia e Kosov\u00ebs. N\u00eb nj\u00eb komunikat\u00eb t\u00eb publikuar nga Manastiri i De\u00e7anit thuhet gjithashtu se kan\u00eb [&hellip;]<\/p>\n","protected":false},"author":1,"featured_media":17076,"comment_status":"closed","ping_status":"closed","sticky":false,"template":"","format":"standard","meta":{"_monsterinsights_skip_tracking":false,"_monsterinsights_sitenote_active":false,"_monsterinsights_sitenote_note":"","_monsterinsights_sitenote_category":0,"_uf_show_specific_survey":0,"_uf_disable_surveys":false,"footnotes":""},"categories":[1],"tags":[1992],"yoast_head":"<!-- This site is optimized with the Yoast SEO plugin v21.5 - https:\/\/yoast.com\/wordpress\/plugins\/seo\/ -->\n<title>Serb\u00ebt nuk do t\u00eb mblidhen n\u00eb Gazimestan m\u00eb 28 qershor \u2013 lajmi jepet pas takimit t\u00eb Komandantit t\u00eb KFOR\u2019it me Teodosijen<\/title>\n<meta name=\"robots\" content=\"index, follow, max-snippet:-1, max-image-preview:large, max-video-preview:-1\" \/>\n<link rel=\"canonical\" href=\"https:\/\/permbledhja.com\/sq\/serbet-nuk-do-te-mblidhen-ne-gazimestan-me-28-qershor-lajmi-jepet-pas-takimit-te-komandantit-te-kforit-me-teodosijen\/\" \/>\n<meta property=\"og:locale\" content=\"sq_AL\" \/>\n<meta property=\"og:type\" content=\"article\" \/>\n<meta property=\"og:title\" content=\"Serb\u00ebt nuk do t\u00eb mblidhen n\u00eb Gazimestan m\u00eb 28 qershor \u2013 lajmi jepet pas takimit t\u00eb Komandantit t\u00eb KFOR\u2019it me Teodosijen\" \/>\n<meta property=\"og:description\" content=\"Peshkopi Teodosije ka njoftuar se ka marr\u00eb vendim q\u00eb \u201cVidovdanin\u201d e sivjetm\u00eb t\u00eb mos e mbajn\u00eb n\u00eb Gazimestan, por n\u00eb Manastirin e Gra\u00e7anic\u00ebs. Kjo p\u00ebr arsye t\u00eb situat\u00ebs aktuale, duke pretenduar se s\u2019ka siguri pas arrestimeve t\u00eb fundit nga Policia e Kosov\u00ebs. N\u00eb nj\u00eb komunikat\u00eb t\u00eb publikuar nga Manastiri i De\u00e7anit thuhet gjithashtu se kan\u00eb [&hellip;]\" \/>\n<meta property=\"og:url\" content=\"https:\/\/permbledhja.com\/sq\/serbet-nuk-do-te-mblidhen-ne-gazimestan-me-28-qershor-lajmi-jepet-pas-takimit-te-komandantit-te-kforit-me-teodosijen\/\" \/>\n<meta property=\"og:site_name\" content=\"Ve\u00e7 artikuj p\u00ebrmbledh\u00ebs\" \/>\n<meta property=\"article:publisher\" content=\"https:\/\/www.facebook.com\/press07\/\" \/>\n<meta property=\"article:author\" content=\"https:\/\/www.facebook.com\/kafexhiu.muharrem\/\" \/>\n<meta property=\"article:published_time\" content=\"2023-06-24T19:17:06+00:00\" \/>\n<meta property=\"og:image\" content=\"https:\/\/permbledhja.com\/wp-content\/uploads\/2023\/06\/51F341BA-5213-4295-B0D8-8C0AD69E54BB.jpeg\" \/>\n\t<meta property=\"og:image:width\" content=\"600\" \/>\n\t<meta property=\"og:image:height\" content=\"360\" \/>\n\t<meta property=\"og:image:type\" content=\"image\/jpeg\" \/>\n<meta name=\"author\" content=\"P\u00ebrmbledhja\" \/>\n<meta name=\"twitter:card\" content=\"summary_large_image\" \/>\n<meta name=\"twitter:label1\" content=\"Written by\" \/>\n\t<meta name=\"twitter:data1\" content=\"P\u00ebrmbledhja\" \/>\n\t<meta name=\"twitter:label2\" content=\"Est. reading time\" \/>\n\t<meta name=\"twitter:data2\" content=\"1 minut\u00eb\" \/>\n<script type=\"application\/ld+json\" class=\"yoast-schema-graph\">{\"@context\":\"https:\/\/schema.org\",\"@graph\":[{\"@type\":\"Article\",\"@id\":\"https:\/\/permbledhja.com\/sq\/serbet-nuk-do-te-mblidhen-ne-gazimestan-me-28-qershor-lajmi-jepet-pas-takimit-te-komandantit-te-kforit-me-teodosijen\/#article\",\"isPartOf\":{\"@id\":\"https:\/\/permbledhja.com\/sq\/serbet-nuk-do-te-mblidhen-ne-gazimestan-me-28-qershor-lajmi-jepet-pas-takimit-te-komandantit-te-kforit-me-teodosijen\/\"},\"author\":{\"name\":\"P\u00ebrmbledhja\",\"@id\":\"https:\/\/permbledhja.com\/#\/schema\/person\/0d064377258d3221e50693947b9eb4fe\"},\"headline\":\"Serb\u00ebt nuk do t\u00eb mblidhen n\u00eb Gazimestan m\u00eb 28 qershor \u2013 lajmi jepet pas takimit t\u00eb Komandantit t\u00eb KFOR\u2019it me Teodosijen\",\"datePublished\":\"2023-06-24T19:17:06+00:00\",\"dateModified\":\"2023-06-24T19:17:06+00:00\",\"mainEntityOfPage\":{\"@id\":\"https:\/\/permbledhja.com\/sq\/serbet-nuk-do-te-mblidhen-ne-gazimestan-me-28-qershor-lajmi-jepet-pas-takimit-te-komandantit-te-kforit-me-teodosijen\/\"},\"wordCount\":242,\"publisher\":{\"@id\":\"https:\/\/permbledhja.com\/#organization\"},\"keywords\":[\"Gazimestan\"],\"articleSection\":[\"Breaking News\"],\"inLanguage\":\"sq\"},{\"@type\":\"WebPage\",\"@id\":\"https:\/\/permbledhja.com\/sq\/serbet-nuk-do-te-mblidhen-ne-gazimestan-me-28-qershor-lajmi-jepet-pas-takimit-te-komandantit-te-kforit-me-teodosijen\/\",\"url\":\"https:\/\/permbledhja.com\/sq\/serbet-nuk-do-te-mblidhen-ne-gazimestan-me-28-qershor-lajmi-jepet-pas-takimit-te-komandantit-te-kforit-me-teodosijen\/\",\"name\":\"Serb\u00ebt nuk do t\u00eb mblidhen n\u00eb Gazimestan m\u00eb 28 qershor \u2013 lajmi jepet pas takimit t\u00eb Komandantit t\u00eb KFOR\u2019it me Teodosijen\",\"isPartOf\":{\"@id\":\"https:\/\/permbledhja.com\/#website\"},\"datePublished\":\"2023-06-24T19:17:06+00:00\",\"dateModified\":\"2023-06-24T19:17:06+00:00\",\"breadcrumb\":{\"@id\":\"https:\/\/permbledhja.com\/sq\/serbet-nuk-do-te-mblidhen-ne-gazimestan-me-28-qershor-lajmi-jepet-pas-takimit-te-komandantit-te-kforit-me-teodosijen\/#breadcrumb\"},\"inLanguage\":\"sq\",\"potentialAction\":[{\"@type\":\"ReadAction\",\"target\":[\"https:\/\/permbledhja.com\/sq\/serbet-nuk-do-te-mblidhen-ne-gazimestan-me-28-qershor-lajmi-jepet-pas-takimit-te-komandantit-te-kforit-me-teodosijen\/\"]}]},{\"@type\":\"BreadcrumbList\",\"@id\":\"https:\/\/permbledhja.com\/sq\/serbet-nuk-do-te-mblidhen-ne-gazimestan-me-28-qershor-lajmi-jepet-pas-takimit-te-komandantit-te-kforit-me-teodosijen\/#breadcrumb\",\"itemListElement\":[{\"@type\":\"ListItem\",\"position\":1,\"name\":\"Ballina\",\"item\":\"https:\/\/permbledhja.com\/sq\/\"},{\"@type\":\"ListItem\",\"position\":2,\"name\":\"Serb\u00ebt nuk do t\u00eb mblidhen n\u00eb Gazimestan m\u00eb 28 qershor \u2013 lajmi jepet pas takimit t\u00eb Komandantit t\u00eb KFOR\u2019it me Teodosijen\"}]},{\"@type\":\"WebSite\",\"@id\":\"https:\/\/permbledhja.com\/#website\",\"url\":\"https:\/\/permbledhja.com\/\",\"name\":\"Ve\u00e7 artikuj p\u00ebrmbledh\u00ebs\",\"description\":\"\",\"publisher\":{\"@id\":\"https:\/\/permbledhja.com\/#organization\"},\"potentialAction\":[{\"@type\":\"SearchAction\",\"target\":{\"@type\":\"EntryPoint\",\"urlTemplate\":\"https:\/\/permbledhja.com\/?s={search_term_string}\"},\"query-input\":\"required name=search_term_string\"}],\"inLanguage\":\"sq\"},{\"@type\":\"Organization\",\"@id\":\"https:\/\/permbledhja.com\/#organization\",\"name\":\"MK Media & Pr\",\"url\":\"https:\/\/permbledhja.com\/\",\"logo\":{\"@type\":\"ImageObject\",\"inLanguage\":\"sq\",\"@id\":\"https:\/\/permbledhja.com\/#\/schema\/logo\/image\/\",\"url\":\"https:\/\/permbledhja.com\/wp-content\/uploads\/2021\/12\/07-Press-Logo.jpg\",\"contentUrl\":\"https:\/\/permbledhja.com\/wp-content\/uploads\/2021\/12\/07-Press-Logo.jpg\",\"width\":512,\"height\":512,\"caption\":\"MK Media & Pr\"},\"image\":{\"@id\":\"https:\/\/permbledhja.com\/#\/schema\/logo\/image\/\"},\"sameAs\":[\"https:\/\/www.facebook.com\/press07\/\"]},{\"@type\":\"Person\",\"@id\":\"https:\/\/permbledhja.com\/#\/schema\/person\/0d064377258d3221e50693947b9eb4fe\",\"name\":\"P\u00ebrmbledhja\",\"image\":{\"@type\":\"ImageObject\",\"inLanguage\":\"sq\",\"@id\":\"https:\/\/permbledhja.com\/#\/schema\/person\/image\/\",\"url\":\"https:\/\/permbledhja.com\/wp-content\/uploads\/2026\/01\/452004717_1040944174702970_8932037511805513407_n-96x96.jpg\",\"contentUrl\":\"https:\/\/permbledhja.com\/wp-content\/uploads\/2026\/01\/452004717_1040944174702970_8932037511805513407_n-96x96.jpg\",\"caption\":\"P\u00ebrmbledhja\"},\"sameAs\":[\"https:\/\/www.facebook.com\/kafexhiu.muharrem\/\",\"https:\/\/www.instagram.com\/muharrem_kafexhiu\/\"],\"url\":\"https:\/\/permbledhja.com\/sq\/author\/admin\/\"}]}<\/script>\n<!-- \/ Yoast SEO plugin. -->","yoast_head_json":{"title":"Serb\u00ebt nuk do t\u00eb mblidhen n\u00eb Gazimestan m\u00eb 28 qershor \u2013 lajmi jepet pas takimit t\u00eb Komandantit t\u00eb KFOR\u2019it me Teodosijen","robots":{"index":"index","follow":"follow","max-snippet":"max-snippet:-1","max-image-preview":"max-image-preview:large","max-video-preview":"max-video-preview:-1"},"canonical":"https:\/\/permbledhja.com\/sq\/serbet-nuk-do-te-mblidhen-ne-gazimestan-me-28-qershor-lajmi-jepet-pas-takimit-te-komandantit-te-kforit-me-teodosijen\/","og_locale":"sq_AL","og_type":"article","og_title":"Serb\u00ebt nuk do t\u00eb mblidhen n\u00eb Gazimestan m\u00eb 28 qershor \u2013 lajmi jepet pas takimit t\u00eb Komandantit t\u00eb KFOR\u2019it me Teodosijen","og_description":"Peshkopi Teodosije ka njoftuar se ka marr\u00eb vendim q\u00eb \u201cVidovdanin\u201d e sivjetm\u00eb t\u00eb mos e mbajn\u00eb n\u00eb Gazimestan, por n\u00eb Manastirin e Gra\u00e7anic\u00ebs. Kjo p\u00ebr arsye t\u00eb situat\u00ebs aktuale, duke pretenduar se s\u2019ka siguri pas arrestimeve t\u00eb fundit nga Policia e Kosov\u00ebs. N\u00eb nj\u00eb komunikat\u00eb t\u00eb publikuar nga Manastiri i De\u00e7anit thuhet gjithashtu se kan\u00eb [&hellip;]","og_url":"https:\/\/permbledhja.com\/sq\/serbet-nuk-do-te-mblidhen-ne-gazimestan-me-28-qershor-lajmi-jepet-pas-takimit-te-komandantit-te-kforit-me-teodosijen\/","og_site_name":"Ve\u00e7 artikuj p\u00ebrmbledh\u00ebs","article_publisher":"https:\/\/www.facebook.com\/press07\/","article_author":"https:\/\/www.facebook.com\/kafexhiu.muharrem\/","article_published_time":"2023-06-24T19:17:06+00:00","og_image":[{"width":600,"height":360,"url":"https:\/\/permbledhja.com\/wp-content\/uploads\/2023\/06\/51F341BA-5213-4295-B0D8-8C0AD69E54BB.jpeg","type":"image\/jpeg"}],"author":"P\u00ebrmbledhja","twitter_card":"summary_large_image","twitter_misc":{"Written by":"P\u00ebrmbledhja","Est. reading time":"1 minut\u00eb"},"schema":{"@context":"https:\/\/schema.org","@graph":[{"@type":"Article","@id":"https:\/\/permbledhja.com\/sq\/serbet-nuk-do-te-mblidhen-ne-gazimestan-me-28-qershor-lajmi-jepet-pas-takimit-te-komandantit-te-kforit-me-teodosijen\/#article","isPartOf":{"@id":"https:\/\/permbledhja.com\/sq\/serbet-nuk-do-te-mblidhen-ne-gazimestan-me-28-qershor-lajmi-jepet-pas-takimit-te-komandantit-te-kforit-me-teodosijen\/"},"author":{"name":"P\u00ebrmbledhja","@id":"https:\/\/permbledhja.com\/#\/schema\/person\/0d064377258d3221e50693947b9eb4fe"},"headline":"Serb\u00ebt nuk do t\u00eb mblidhen n\u00eb Gazimestan m\u00eb 28 qershor \u2013 lajmi jepet pas takimit t\u00eb Komandantit t\u00eb KFOR\u2019it me Teodosijen","datePublished":"2023-06-24T19:17:06+00:00","dateModified":"2023-06-24T19:17:06+00:00","mainEntityOfPage":{"@id":"https:\/\/permbledhja.com\/sq\/serbet-nuk-do-te-mblidhen-ne-gazimestan-me-28-qershor-lajmi-jepet-pas-takimit-te-komandantit-te-kforit-me-teodosijen\/"},"wordCount":242,"publisher":{"@id":"https:\/\/permbledhja.com\/#organization"},"keywords":["Gazimestan"],"articleSection":["Breaking News"],"inLanguage":"sq"},{"@type":"WebPage","@id":"https:\/\/permbledhja.com\/sq\/serbet-nuk-do-te-mblidhen-ne-gazimestan-me-28-qershor-lajmi-jepet-pas-takimit-te-komandantit-te-kforit-me-teodosijen\/","url":"https:\/\/permbledhja.com\/sq\/serbet-nuk-do-te-mblidhen-ne-gazimestan-me-28-qershor-lajmi-jepet-pas-takimit-te-komandantit-te-kforit-me-teodosijen\/","name":"Serb\u00ebt nuk do t\u00eb mblidhen n\u00eb Gazimestan m\u00eb 28 qershor \u2013 lajmi jepet pas takimit t\u00eb Komandantit t\u00eb KFOR\u2019it me Teodosijen","isPartOf":{"@id":"https:\/\/permbledhja.com\/#website"},"datePublished":"2023-06-24T19:17:06+00:00","dateModified":"2023-06-24T19:17:06+00:00","breadcrumb":{"@id":"https:\/\/permbledhja.com\/sq\/serbet-nuk-do-te-mblidhen-ne-gazimestan-me-28-qershor-lajmi-jepet-pas-takimit-te-komandantit-te-kforit-me-teodosijen\/#breadcrumb"},"inLanguage":"sq","potentialAction":[{"@type":"ReadAction","target":["https:\/\/permbledhja.com\/sq\/serbet-nuk-do-te-mblidhen-ne-gazimestan-me-28-qershor-lajmi-jepet-pas-takimit-te-komandantit-te-kforit-me-teodosijen\/"]}]},{"@type":"BreadcrumbList","@id":"https:\/\/permbledhja.com\/sq\/serbet-nuk-do-te-mblidhen-ne-gazimestan-me-28-qershor-lajmi-jepet-pas-takimit-te-komandantit-te-kforit-me-teodosijen\/#breadcrumb","itemListElement":[{"@type":"ListItem","position":1,"name":"Ballina","item":"https:\/\/permbledhja.com\/sq\/"},{"@type":"ListItem","position":2,"name":"Serb\u00ebt nuk do t\u00eb mblidhen n\u00eb Gazimestan m\u00eb 28 qershor \u2013 lajmi jepet pas takimit t\u00eb Komandantit t\u00eb KFOR\u2019it me Teodosijen"}]},{"@type":"WebSite","@id":"https:\/\/permbledhja.com\/#website","url":"https:\/\/permbledhja.com\/","name":"Ve\u00e7 artikuj p\u00ebrmbledh\u00ebs","description":"","publisher":{"@id":"https:\/\/permbledhja.com\/#organization"},"potentialAction":[{"@type":"SearchAction","target":{"@type":"EntryPoint","urlTemplate":"https:\/\/permbledhja.com\/?s={search_term_string}"},"query-input":"required name=search_term_string"}],"inLanguage":"sq"},{"@type":"Organization","@id":"https:\/\/permbledhja.com\/#organization","name":"MK Media & Pr","url":"https:\/\/permbledhja.com\/","logo":{"@type":"ImageObject","inLanguage":"sq","@id":"https:\/\/permbledhja.com\/#\/schema\/logo\/image\/","url":"https:\/\/permbledhja.com\/wp-content\/uploads\/2021\/12\/07-Press-Logo.jpg","contentUrl":"https:\/\/permbledhja.com\/wp-content\/uploads\/2021\/12\/07-Press-Logo.jpg","width":512,"height":512,"caption":"MK Media & Pr"},"image":{"@id":"https:\/\/permbledhja.com\/#\/schema\/logo\/image\/"},"sameAs":["https:\/\/www.facebook.com\/press07\/"]},{"@type":"Person","@id":"https:\/\/permbledhja.com\/#\/schema\/person\/0d064377258d3221e50693947b9eb4fe","name":"P\u00ebrmbledhja","image":{"@type":"ImageObject","inLanguage":"sq","@id":"https:\/\/permbledhja.com\/#\/schema\/person\/image\/","url":"https:\/\/permbledhja.com\/wp-content\/uploads\/2026\/01\/452004717_1040944174702970_8932037511805513407_n-96x96.jpg","contentUrl":"https:\/\/permbledhja.com\/wp-content\/uploads\/2026\/01\/452004717_1040944174702970_8932037511805513407_n-96x96.jpg","caption":"P\u00ebrmbledhja"},"sameAs":["https:\/\/www.facebook.com\/kafexhiu.muharrem\/","https:\/\/www.instagram.com\/muharrem_kafexhiu\/"],"url":"https:\/\/permbledhja.com\/sq\/author\/admin\/"}]}},"_links":{"self":[{"href":"https:\/\/permbledhja.com\/sq\/wp-json\/wp\/v2\/posts\/17075"}],"collection":[{"href":"https:\/\/permbledhja.com\/sq\/wp-json\/wp\/v2\/posts"}],"about":[{"href":"https:\/\/permbledhja.com\/sq\/wp-json\/wp\/v2\/types\/post"}],"author":[{"embeddable":true,"href":"https:\/\/permbledhja.com\/sq\/wp-json\/wp\/v2\/users\/1"}],"replies":[{"embeddable":true,"href":"https:\/\/permbledhja.com\/sq\/wp-json\/wp\/v2\/comments?post=17075"}],"version-history":[{"count":1,"href":"https:\/\/permbledhja.com\/sq\/wp-json\/wp\/v2\/posts\/17075\/revisions"}],"predecessor-version":[{"id":17077,"href":"https:\/\/permbledhja.com\/sq\/wp-json\/wp\/v2\/posts\/17075\/revisions\/17077"}],"wp:featuredmedia":[{"embeddable":true,"href":"https:\/\/permbledhja.com\/sq\/wp-json\/wp\/v2\/media\/17076"}],"wp:attachment":[{"href":"https:\/\/permbledhja.com\/sq\/wp-json\/wp\/v2\/media?parent=17075"}],"wp:term":[{"taxonomy":"category","embeddable":true,"href":"https:\/\/permbledhja.com\/sq\/wp-json\/wp\/v2\/categories?post=17075"},{"taxonomy":"post_tag","embeddable":true,"href":"https:\/\/permbledhja.com\/sq\/wp-json\/wp\/v2\/tags?post=17075"}],"curies":[{"name":"wp","href":"https:\/\/api.w.org\/{rel}","templated":true}]}}