{"id":17009,"date":"2023-06-24T07:02:10","date_gmt":"2023-06-24T07:02:10","guid":{"rendered":"https:\/\/permbledhja.com\/?p=17009"},"modified":"2023-06-24T07:02:10","modified_gmt":"2023-06-24T07:02:10","slug":"dosja-e-prokurorise-per-vrasjen-e-trefishte-ne-gllogjan-si-u-betua-familja-mehmetaj-per-hakmarrje","status":"publish","type":"post","link":"https:\/\/permbledhja.com\/sq\/dosja-e-prokurorise-per-vrasjen-e-trefishte-ne-gllogjan-si-u-betua-familja-mehmetaj-per-hakmarrje\/","title":{"rendered":"Dosja e Prokuroris\u00eb p\u00ebr vrasjen e trefisht\u00eb n\u00eb Gllogjan, si u betua familja Mehmetaj p\u00ebr hakmarrje?"},"content":{"rendered":"<h2>T\u00eb m\u00ebrkur\u00ebn m\u00eb 21 qershor, n\u00eb seanc\u00ebn fillestare n\u00eb Gjykat\u00ebn Themelore n\u00eb Pej\u00eb, tre t\u00eb akuzuarit Kastriot, Kreshnik dhe Halil Mehmetaj, u deklaruan t\u00eb pafajsh\u00ebm lidhur me akuz\u00ebn p\u00ebr vrajsen e trefisht\u00eb m\u00eb 26 n\u00ebntor 2021 n\u00eb Gllogjan, ku kishin mbetur t\u00eb vdekur dy nx\u00ebn\u00ebs dhe shoferi i autobusit.<\/h2>\n<p>Deklarimin rreth faj\u00ebsis\u00eb, tre t\u00eb akuzuarit e b\u00ebn\u00eb pas leximit t\u00eb aktakuz\u00ebs nga prokurorja Sahide Gashi.<\/p>\n<p>Tre t\u00eb akuzuarit u deklaruan t\u00eb pafajsh\u00ebm lidhur me veprat penale \u201cVrasje e r\u00ebnd\u00eb\u201d, \u201cVrasje e r\u00ebnd\u00eb n\u00eb bashk\u00ebkryerje\u201d, \u201cShtytje n\u00eb vrasje t\u00eb r\u00ebnd\u00eb\u201d dhe Arm\u00ebmbajtje pa leje.<\/p>\n<p>N\u00eb dosjen e Prokuroris\u00eb t\u00eb siguruar nga \u201cBetimi p\u00ebr Drejt\u00ebsi\u201d, p\u00ebrshkruhet n\u00eb detaje se si ishte planifikuar vrasja nga t\u00eb akuzuarit si dhe motivet q\u00eb i shtyn\u00eb ata p\u00ebr kryerjen e k\u00ebtij akti.<\/p>\n<p>Sipas aktakuz\u00ebs, cak i vrasjes kishte qen\u00eb shoferi i autobusit, tani i ndjeri G.Gj. dhe se vrasje kishte ndodhur si hakmarrje, pasi familja Mhmetaj e kishin ka faj\u00ebsuar at\u00eb si shkaktar t\u00eb vet\u00ebvrasjes s\u00eb vajz\u00ebs s\u00eb tyre H.M.<\/p>\n<p>N\u00eb aktakuz\u00eb thuhet se, i pandehuri Halil, ishte betuar n\u00eb hakmarrja ndaj tani t\u00eb ndjerit G.Gj., si dhe me rastin e ceremonis\u00eb s\u00eb varrimit t\u00eb t\u00eb ndjer\u00ebs vajz\u00ebs s\u00eb tij n\u00eb arkivolin e saj vendos or\u00ebn e tij t\u00eb dor\u00ebs.<\/p>\n<p>Po ashtu n\u00eb aktakuz\u00eb p\u00ebrshkruhet se si t\u00eb akuzuarit e lartcekur n\u00eb marr\u00ebveshje e bashk\u00ebveprim me nj\u00ebri tjetrin kishin studiuar terrenin me kujdes, duke u siguruar se nuk ka mbulueshm\u00ebri t\u00eb kamerave dhe sht\u00ebpi n\u00eb af\u00ebrsi, duke i z\u00ebn\u00eb priten autobusit q\u00eb vinte nga Gjakova n\u00eb drejtimin e Gllogjanit dhe pastaj nj\u00ebri nga ta kishte q\u00eblluar me arm\u00eb zjarri n\u00eb drejtim t\u00eb tij, duke i l\u00ebn\u00eb t\u00eb vdekur tre persona.<\/p>\n<p>Aktakuza e plot\u00eb e p\u00ebrpiluar nga Prokuroria Themelore e Pej\u00ebs:<\/p>\n<p>Sipas aktakuz\u00ebs s\u00eb ngritur nga Prokuroria Themelore n\u00eb Pej\u00eb, me dat\u00eb 5 maj 2023, ngarkon t\u00eb pandehurit Kastriot dhe Kreshnik Mehmetaj, se me dat\u00ebn 26 n\u00ebntor 2021, rreth or\u00ebs 18:58 minuta n\u00eb fshatin Gllogjan, Komuna e De\u00e7anit, sakt\u00ebsisht n\u00eb rrug\u00ebn \u201cIsmajl Haradinaj\u201d, t\u00eb shtyr\u00eb nga hakmarrja e paskrupullt, n\u00eb marr\u00ebveshje e bashk\u00ebveprim me nj\u00ebri tjetrin, privojn\u00eb nga jeta tre persona, dy prej tyre t\u00eb cil\u00ebt ishin f\u00ebmij\u00eb.<\/p>\n<p>N\u00eb aktakuz\u00eb thuhet se, pasi q\u00eb paraprakisht ata kishin studiuar terrenin me kujdes, duke u siguruar se nuk ka mbulueshm\u00ebri t\u00eb kamerave dhe sht\u00ebpi n\u00eb af\u00ebrsi dhe duke e ditur koh\u00ebn e sakt\u00eb t\u00eb arritjes s\u00eb autobusit \u201cErblini\u201d, nga Gjakova n\u00eb drejtimin e Gllogjanit n\u00eb turnin e fundit, t\u00eb cilin e drejtonte tani i ndjeri G., me nx\u00ebn\u00ebs dhe pasagjer\u00eb n\u00eb t\u00eb.<\/p>\n<p>Gjithnj\u00eb sipas aktakuz\u00ebs, i pandehuri Kastriot merr pushk\u00ebn automatike AK-47, prodhim shqiptar t\u00eb kalibrit 7.62x39mm dhe niset n\u00eb k\u00ebmb\u00eb deri tek vendi i ngjarjes, n\u00eb krahun e djatht\u00eb t\u00eb rrug\u00ebs dhe me t\u00eb v\u00ebrejtur dritat e autobusit n\u00eb fjal\u00eb, del n\u00eb mes t\u00eb rrug\u00ebs i kthyer m\u00eb shpin\u00eb kah autobusi q\u00eb po arrinte dhe me q\u00ebllim q\u00eb t\u00eb nj\u00ebjtin ta detyroj\u00eb t\u00eb ul\u00eb shpejt\u00ebsin\u00eb apo ndaloj, b\u00ebn\u00eb sikur \u00ebsht\u00eb i dehur dhe kur shoferi fillimisht e sinjalizon me drita t\u00eb gjata e pastaj edhe ul\u00eb shpejt\u00ebsin\u00eb i pandehuri Kastriot n\u00eb distanc\u00eb prej rreth 6 metrash kthehet n\u00eb drejtimin e autobusit dhe merr sh\u00ebnjest\u00ebr shoferin e autobusit tani t\u00eb ndjerin G.Gj. dhe e godet p\u00ebr vdekje, po ashtu godet p\u00ebr vdekje dhe L.H 17 vje\u00e7ar, dhe G.M 17 vje\u00e7are, si dhe i shkakton l\u00ebndime t\u00eb r\u00ebnda trupore F.T.<\/p>\n<p>Tutje thuhet se i pandehuri Kastriot ka rrezikuar jet\u00ebn e pasagjer\u00ebve tjer\u00eb: B.H., A.B., A.Z., B.M., dhe E.O, t\u00eb cil\u00ebt ishin n\u00eb ato momente prezent\u00eb n\u00eb autobus, dhe m\u00eb pas i nj\u00ebjti kalon nga krahu i majt\u00eb i autobusit, i cili kishte dal\u00eb jasht\u00eb rrug\u00ebs, dhe vazhdon n\u00eb fshatin Shaptej, ku n\u00eb mes t\u00eb rrug\u00ebs ishte duke e pritur me vetur\u00eb i pandehuri Kreshnik dhe merr rrug\u00ebn e kthimit pa u hetuar p\u00ebr n\u00eb sht\u00ebpi dhe pastaj shkat\u00ebrrojn\u00eb arm\u00ebn.<\/p>\n<p>Me tej n\u00eb aktakuz\u00eb thuhet se, kjo vrasje kishte ardhur si hakmarrje p\u00ebr shkak t\u00eb vet\u00ebvrasjes s\u00eb H.M. e cila kishte ndodhur me dat\u00ebn 14 qershor 2020, p\u00ebr t\u00eb cilin akt familja Mehmetaj e kan\u00eb faj\u00ebsuar tani t\u00eb ndjerin G.Gj.<\/p>\n<p>P\u00ebr k\u00ebto veprime prokuroria ata i ngarkon se si bashk\u00ebkryer\u00ebs kan\u00eb kryer vepr\u00ebn penale \u201cVrasje e r\u00ebnd\u00eb\u201d, nga neni 173, par.1, n\u00ebnpar. 1.1, 1.5, 1.8, e 1.11, lidhur me nenin 31 t\u00eb KPRK-s\u00eb.<\/p>\n<p>Tutje n\u00eb aktakuz\u00ebs, thuhet se i pandehuri Halil Mehmetaj, nga data 14 qershor 2020, gjer\u00eb me dat\u00ebn 26 n\u00ebntor 2021, n\u00eb fshatin Gllogjan, Komuna e De\u00e7anit, n\u00eb rrug\u00ebn \u201cIsmajl Haradinaj\u201d, ka shtyr\u00eb t\u00eb pandehurit Kastriot dhe Kreshnik Mehmetaj, n\u00eb vrasjen e tani t\u00eb ndjerit G.Gj., t\u00eb cilin para tyre e ka faj\u00ebsuar si shkaktar t\u00eb vet\u00ebvrasjes s\u00eb vajz\u00ebs s\u00eb tij H.M, ku p\u00ebr m\u00eb tep\u00ebr thuhet se ishte betuar n\u00eb hakmarrja, si dhe me rastin e ceremonis\u00eb s\u00eb varrimit t\u00eb t\u00eb ndjer\u00ebs n\u00eb arkivolin e saj vendos or\u00ebn e tij t\u00eb dor\u00ebs.<\/p>\n<p>Ai ngarkohet se ka kryer vepr\u00ebn penale \u201cShtytje n\u00eb vrasje t\u00eb r\u00ebnd\u00eb\u201d, nga neni 32, lidhur me nenin 173, par.1, n\u00ebnpar. 1.1, 1.5, 1.8, e 1.11, t\u00eb KPRK-s\u00eb.<\/p>\n<p>Gjithashtu aktakuza i ngarkon t\u00eb pandehurit Kastriot, Kreshnik dhe Halil Mehmetaj, q\u00eb n\u00eb koh\u00eb t\u00eb pacaktuar e gjer\u00eb me dat\u00ebn 11 dhjetor 2021, n\u00eb fshatin Gllogjan, Komuna e De\u00e7anit, n\u00eb sht\u00ebpin\u00eb e tyre n\u00eb kund\u00ebrshtim me nenin 5 par.1, t\u00eb Ligjit p\u00ebr Arm\u00eb, mbajn\u00eb n\u00eb pron\u00ebsi, posedim e kontroll municion, arm\u00eb e municion, ku n\u00eb rastin e kontrollit nga ana e policis\u00eb, k\u00ebta t\u00eb fundit gjejn\u00eb dhe sekuestrojn\u00eb, 156 fishek t\u00eb arm\u00ebs \u201cAK-47\u201d t\u00eb tipit \u201cKallashnikov\u00eb\u201d, nj\u00eb karikator i shkurt\u00eb i arm\u00ebs \u201cAK-47\u201d, \u201cKallashnikov\u00eb\u201d, 6 fishek t\u00eb arm\u00ebs s\u00eb gjuetis\u00eb 12mm, p\u00ebr t\u00eb cilat \u00ebsht\u00eb konstatuar se nuk kan\u00eb leje nga organet kompetente, si dhe 6 pajisje ushtarake.<\/p>\n<p>Me k\u00ebt\u00eb thuhet se kan\u00eb kryer vep\u00ebr penale \u201cMbajta n\u00eb pron\u00ebsi, kontroll, ose posedim t\u00eb paautorizuar t\u00eb arm\u00ebve\u201d, nga neni 366 par.1, lidhur me nenin 31 t\u00eb KPRK-s\u00eb.<\/p>\n","protected":false},"excerpt":{"rendered":"<p>T\u00eb m\u00ebrkur\u00ebn m\u00eb 21 qershor, n\u00eb seanc\u00ebn fillestare n\u00eb Gjykat\u00ebn Themelore n\u00eb Pej\u00eb, tre t\u00eb akuzuarit Kastriot, Kreshnik dhe Halil Mehmetaj, u deklaruan t\u00eb pafajsh\u00ebm lidhur me akuz\u00ebn p\u00ebr vrajsen e trefisht\u00eb m\u00eb 26 n\u00ebntor 2021 n\u00eb Gllogjan, ku kishin mbetur t\u00eb vdekur dy nx\u00ebn\u00ebs dhe shoferi i autobusit. Deklarimin rreth faj\u00ebsis\u00eb, tre t\u00eb akuzuarit [&hellip;]<\/p>\n","protected":false},"author":1,"featured_media":17010,"comment_status":"closed","ping_status":"closed","sticky":false,"template":"","format":"standard","meta":{"_monsterinsights_skip_tracking":false,"_monsterinsights_sitenote_active":false,"_monsterinsights_sitenote_note":"","_monsterinsights_sitenote_category":0,"_uf_show_specific_survey":0,"_uf_disable_surveys":false,"footnotes":""},"categories":[23,15],"tags":[1985],"yoast_head":"<!-- This site is optimized with the Yoast SEO plugin v21.5 - https:\/\/yoast.com\/wordpress\/plugins\/seo\/ -->\n<title>Dosja e Prokuroris\u00eb p\u00ebr vrasjen e trefisht\u00eb n\u00eb Gllogjan, si u betua familja Mehmetaj p\u00ebr hakmarrje?<\/title>\n<meta name=\"robots\" content=\"index, follow, max-snippet:-1, max-image-preview:large, max-video-preview:-1\" \/>\n<link rel=\"canonical\" href=\"https:\/\/permbledhja.com\/sq\/dosja-e-prokurorise-per-vrasjen-e-trefishte-ne-gllogjan-si-u-betua-familja-mehmetaj-per-hakmarrje\/\" \/>\n<meta property=\"og:locale\" content=\"sq_AL\" \/>\n<meta property=\"og:type\" content=\"article\" \/>\n<meta property=\"og:title\" content=\"Dosja e Prokuroris\u00eb p\u00ebr vrasjen e trefisht\u00eb n\u00eb Gllogjan, si u betua familja Mehmetaj p\u00ebr hakmarrje?\" \/>\n<meta property=\"og:description\" content=\"T\u00eb m\u00ebrkur\u00ebn m\u00eb 21 qershor, n\u00eb seanc\u00ebn fillestare n\u00eb Gjykat\u00ebn Themelore n\u00eb Pej\u00eb, tre t\u00eb akuzuarit Kastriot, Kreshnik dhe Halil Mehmetaj, u deklaruan t\u00eb pafajsh\u00ebm lidhur me akuz\u00ebn p\u00ebr vrajsen e trefisht\u00eb m\u00eb 26 n\u00ebntor 2021 n\u00eb Gllogjan, ku kishin mbetur t\u00eb vdekur dy nx\u00ebn\u00ebs dhe shoferi i autobusit. Deklarimin rreth faj\u00ebsis\u00eb, tre t\u00eb akuzuarit [&hellip;]\" \/>\n<meta property=\"og:url\" content=\"https:\/\/permbledhja.com\/sq\/dosja-e-prokurorise-per-vrasjen-e-trefishte-ne-gllogjan-si-u-betua-familja-mehmetaj-per-hakmarrje\/\" \/>\n<meta property=\"og:site_name\" content=\"Ve\u00e7 artikuj p\u00ebrmbledh\u00ebs\" \/>\n<meta property=\"article:publisher\" content=\"https:\/\/www.facebook.com\/press07\/\" \/>\n<meta property=\"article:author\" content=\"https:\/\/www.facebook.com\/kafexhiu.muharrem\/\" \/>\n<meta property=\"article:published_time\" content=\"2023-06-24T07:02:10+00:00\" \/>\n<meta property=\"og:image\" content=\"https:\/\/permbledhja.com\/wp-content\/uploads\/2023\/06\/vrasja.png\" \/>\n\t<meta property=\"og:image:width\" content=\"628\" \/>\n\t<meta property=\"og:image:height\" content=\"372\" \/>\n\t<meta property=\"og:image:type\" content=\"image\/png\" \/>\n<meta name=\"author\" content=\"P\u00ebrmbledhja\" \/>\n<meta name=\"twitter:card\" content=\"summary_large_image\" \/>\n<meta name=\"twitter:label1\" content=\"Written by\" \/>\n\t<meta name=\"twitter:data1\" content=\"P\u00ebrmbledhja\" \/>\n\t<meta name=\"twitter:label2\" content=\"Est. reading time\" \/>\n\t<meta name=\"twitter:data2\" content=\"5 minuta\" \/>\n<script type=\"application\/ld+json\" class=\"yoast-schema-graph\">{\"@context\":\"https:\/\/schema.org\",\"@graph\":[{\"@type\":\"Article\",\"@id\":\"https:\/\/permbledhja.com\/dosja-e-prokurorise-per-vrasjen-e-trefishte-ne-gllogjan-si-u-betua-familja-mehmetaj-per-hakmarrje\/#article\",\"isPartOf\":{\"@id\":\"https:\/\/permbledhja.com\/dosja-e-prokurorise-per-vrasjen-e-trefishte-ne-gllogjan-si-u-betua-familja-mehmetaj-per-hakmarrje\/\"},\"author\":{\"name\":\"P\u00ebrmbledhja\",\"@id\":\"https:\/\/permbledhja.com\/#\/schema\/person\/0d064377258d3221e50693947b9eb4fe\"},\"headline\":\"Dosja e Prokuroris\u00eb p\u00ebr vrasjen e trefisht\u00eb n\u00eb Gllogjan, si u betua familja Mehmetaj p\u00ebr hakmarrje?\",\"datePublished\":\"2023-06-24T07:02:10+00:00\",\"dateModified\":\"2023-06-24T07:02:10+00:00\",\"mainEntityOfPage\":{\"@id\":\"https:\/\/permbledhja.com\/dosja-e-prokurorise-per-vrasjen-e-trefishte-ne-gllogjan-si-u-betua-familja-mehmetaj-per-hakmarrje\/\"},\"wordCount\":1092,\"publisher\":{\"@id\":\"https:\/\/permbledhja.com\/#organization\"},\"keywords\":[\"Mehmetaj\"],\"articleSection\":[\"Komb\u00ebtare\",\"Lajme\"],\"inLanguage\":\"sq\"},{\"@type\":\"WebPage\",\"@id\":\"https:\/\/permbledhja.com\/dosja-e-prokurorise-per-vrasjen-e-trefishte-ne-gllogjan-si-u-betua-familja-mehmetaj-per-hakmarrje\/\",\"url\":\"https:\/\/permbledhja.com\/dosja-e-prokurorise-per-vrasjen-e-trefishte-ne-gllogjan-si-u-betua-familja-mehmetaj-per-hakmarrje\/\",\"name\":\"Dosja e Prokuroris\u00eb p\u00ebr vrasjen e trefisht\u00eb n\u00eb Gllogjan, si u betua familja Mehmetaj p\u00ebr hakmarrje?\",\"isPartOf\":{\"@id\":\"https:\/\/permbledhja.com\/#website\"},\"datePublished\":\"2023-06-24T07:02:10+00:00\",\"dateModified\":\"2023-06-24T07:02:10+00:00\",\"breadcrumb\":{\"@id\":\"https:\/\/permbledhja.com\/dosja-e-prokurorise-per-vrasjen-e-trefishte-ne-gllogjan-si-u-betua-familja-mehmetaj-per-hakmarrje\/#breadcrumb\"},\"inLanguage\":\"sq\",\"potentialAction\":[{\"@type\":\"ReadAction\",\"target\":[\"https:\/\/permbledhja.com\/dosja-e-prokurorise-per-vrasjen-e-trefishte-ne-gllogjan-si-u-betua-familja-mehmetaj-per-hakmarrje\/\"]}]},{\"@type\":\"BreadcrumbList\",\"@id\":\"https:\/\/permbledhja.com\/dosja-e-prokurorise-per-vrasjen-e-trefishte-ne-gllogjan-si-u-betua-familja-mehmetaj-per-hakmarrje\/#breadcrumb\",\"itemListElement\":[{\"@type\":\"ListItem\",\"position\":1,\"name\":\"Ballina\",\"item\":\"https:\/\/permbledhja.com\/sq\/\"},{\"@type\":\"ListItem\",\"position\":2,\"name\":\"Dosja e Prokuroris\u00eb p\u00ebr vrasjen e trefisht\u00eb n\u00eb Gllogjan, si u betua familja Mehmetaj p\u00ebr hakmarrje?\"}]},{\"@type\":\"WebSite\",\"@id\":\"https:\/\/permbledhja.com\/#website\",\"url\":\"https:\/\/permbledhja.com\/\",\"name\":\"Ve\u00e7 artikuj p\u00ebrmbledh\u00ebs\",\"description\":\"\",\"publisher\":{\"@id\":\"https:\/\/permbledhja.com\/#organization\"},\"potentialAction\":[{\"@type\":\"SearchAction\",\"target\":{\"@type\":\"EntryPoint\",\"urlTemplate\":\"https:\/\/permbledhja.com\/?s={search_term_string}\"},\"query-input\":\"required name=search_term_string\"}],\"inLanguage\":\"sq\"},{\"@type\":\"Organization\",\"@id\":\"https:\/\/permbledhja.com\/#organization\",\"name\":\"MK Media & Pr\",\"url\":\"https:\/\/permbledhja.com\/\",\"logo\":{\"@type\":\"ImageObject\",\"inLanguage\":\"sq\",\"@id\":\"https:\/\/permbledhja.com\/#\/schema\/logo\/image\/\",\"url\":\"https:\/\/permbledhja.com\/wp-content\/uploads\/2021\/12\/07-Press-Logo.jpg\",\"contentUrl\":\"https:\/\/permbledhja.com\/wp-content\/uploads\/2021\/12\/07-Press-Logo.jpg\",\"width\":512,\"height\":512,\"caption\":\"MK Media & Pr\"},\"image\":{\"@id\":\"https:\/\/permbledhja.com\/#\/schema\/logo\/image\/\"},\"sameAs\":[\"https:\/\/www.facebook.com\/press07\/\"]},{\"@type\":\"Person\",\"@id\":\"https:\/\/permbledhja.com\/#\/schema\/person\/0d064377258d3221e50693947b9eb4fe\",\"name\":\"P\u00ebrmbledhja\",\"image\":{\"@type\":\"ImageObject\",\"inLanguage\":\"sq\",\"@id\":\"https:\/\/permbledhja.com\/#\/schema\/person\/image\/\",\"url\":\"https:\/\/permbledhja.com\/wp-content\/uploads\/2026\/01\/452004717_1040944174702970_8932037511805513407_n-96x96.jpg\",\"contentUrl\":\"https:\/\/permbledhja.com\/wp-content\/uploads\/2026\/01\/452004717_1040944174702970_8932037511805513407_n-96x96.jpg\",\"caption\":\"P\u00ebrmbledhja\"},\"sameAs\":[\"https:\/\/www.facebook.com\/kafexhiu.muharrem\/\",\"https:\/\/www.instagram.com\/muharrem_kafexhiu\/\"],\"url\":\"https:\/\/permbledhja.com\/sq\/author\/admin\/\"}]}<\/script>\n<!-- \/ Yoast SEO plugin. -->","yoast_head_json":{"title":"Dosja e Prokuroris\u00eb p\u00ebr vrasjen e trefisht\u00eb n\u00eb Gllogjan, si u betua familja Mehmetaj p\u00ebr hakmarrje?","robots":{"index":"index","follow":"follow","max-snippet":"max-snippet:-1","max-image-preview":"max-image-preview:large","max-video-preview":"max-video-preview:-1"},"canonical":"https:\/\/permbledhja.com\/sq\/dosja-e-prokurorise-per-vrasjen-e-trefishte-ne-gllogjan-si-u-betua-familja-mehmetaj-per-hakmarrje\/","og_locale":"sq_AL","og_type":"article","og_title":"Dosja e Prokuroris\u00eb p\u00ebr vrasjen e trefisht\u00eb n\u00eb Gllogjan, si u betua familja Mehmetaj p\u00ebr hakmarrje?","og_description":"T\u00eb m\u00ebrkur\u00ebn m\u00eb 21 qershor, n\u00eb seanc\u00ebn fillestare n\u00eb Gjykat\u00ebn Themelore n\u00eb Pej\u00eb, tre t\u00eb akuzuarit Kastriot, Kreshnik dhe Halil Mehmetaj, u deklaruan t\u00eb pafajsh\u00ebm lidhur me akuz\u00ebn p\u00ebr vrajsen e trefisht\u00eb m\u00eb 26 n\u00ebntor 2021 n\u00eb Gllogjan, ku kishin mbetur t\u00eb vdekur dy nx\u00ebn\u00ebs dhe shoferi i autobusit. Deklarimin rreth faj\u00ebsis\u00eb, tre t\u00eb akuzuarit [&hellip;]","og_url":"https:\/\/permbledhja.com\/sq\/dosja-e-prokurorise-per-vrasjen-e-trefishte-ne-gllogjan-si-u-betua-familja-mehmetaj-per-hakmarrje\/","og_site_name":"Ve\u00e7 artikuj p\u00ebrmbledh\u00ebs","article_publisher":"https:\/\/www.facebook.com\/press07\/","article_author":"https:\/\/www.facebook.com\/kafexhiu.muharrem\/","article_published_time":"2023-06-24T07:02:10+00:00","og_image":[{"width":628,"height":372,"url":"https:\/\/permbledhja.com\/wp-content\/uploads\/2023\/06\/vrasja.png","type":"image\/png"}],"author":"P\u00ebrmbledhja","twitter_card":"summary_large_image","twitter_misc":{"Written by":"P\u00ebrmbledhja","Est. reading time":"5 minuta"},"schema":{"@context":"https:\/\/schema.org","@graph":[{"@type":"Article","@id":"https:\/\/permbledhja.com\/dosja-e-prokurorise-per-vrasjen-e-trefishte-ne-gllogjan-si-u-betua-familja-mehmetaj-per-hakmarrje\/#article","isPartOf":{"@id":"https:\/\/permbledhja.com\/dosja-e-prokurorise-per-vrasjen-e-trefishte-ne-gllogjan-si-u-betua-familja-mehmetaj-per-hakmarrje\/"},"author":{"name":"P\u00ebrmbledhja","@id":"https:\/\/permbledhja.com\/#\/schema\/person\/0d064377258d3221e50693947b9eb4fe"},"headline":"Dosja e Prokuroris\u00eb p\u00ebr vrasjen e trefisht\u00eb n\u00eb Gllogjan, si u betua familja Mehmetaj p\u00ebr hakmarrje?","datePublished":"2023-06-24T07:02:10+00:00","dateModified":"2023-06-24T07:02:10+00:00","mainEntityOfPage":{"@id":"https:\/\/permbledhja.com\/dosja-e-prokurorise-per-vrasjen-e-trefishte-ne-gllogjan-si-u-betua-familja-mehmetaj-per-hakmarrje\/"},"wordCount":1092,"publisher":{"@id":"https:\/\/permbledhja.com\/#organization"},"keywords":["Mehmetaj"],"articleSection":["Komb\u00ebtare","Lajme"],"inLanguage":"sq"},{"@type":"WebPage","@id":"https:\/\/permbledhja.com\/dosja-e-prokurorise-per-vrasjen-e-trefishte-ne-gllogjan-si-u-betua-familja-mehmetaj-per-hakmarrje\/","url":"https:\/\/permbledhja.com\/dosja-e-prokurorise-per-vrasjen-e-trefishte-ne-gllogjan-si-u-betua-familja-mehmetaj-per-hakmarrje\/","name":"Dosja e Prokuroris\u00eb p\u00ebr vrasjen e trefisht\u00eb n\u00eb Gllogjan, si u betua familja Mehmetaj p\u00ebr hakmarrje?","isPartOf":{"@id":"https:\/\/permbledhja.com\/#website"},"datePublished":"2023-06-24T07:02:10+00:00","dateModified":"2023-06-24T07:02:10+00:00","breadcrumb":{"@id":"https:\/\/permbledhja.com\/dosja-e-prokurorise-per-vrasjen-e-trefishte-ne-gllogjan-si-u-betua-familja-mehmetaj-per-hakmarrje\/#breadcrumb"},"inLanguage":"sq","potentialAction":[{"@type":"ReadAction","target":["https:\/\/permbledhja.com\/dosja-e-prokurorise-per-vrasjen-e-trefishte-ne-gllogjan-si-u-betua-familja-mehmetaj-per-hakmarrje\/"]}]},{"@type":"BreadcrumbList","@id":"https:\/\/permbledhja.com\/dosja-e-prokurorise-per-vrasjen-e-trefishte-ne-gllogjan-si-u-betua-familja-mehmetaj-per-hakmarrje\/#breadcrumb","itemListElement":[{"@type":"ListItem","position":1,"name":"Ballina","item":"https:\/\/permbledhja.com\/sq\/"},{"@type":"ListItem","position":2,"name":"Dosja e Prokuroris\u00eb p\u00ebr vrasjen e trefisht\u00eb n\u00eb Gllogjan, si u betua familja Mehmetaj p\u00ebr hakmarrje?"}]},{"@type":"WebSite","@id":"https:\/\/permbledhja.com\/#website","url":"https:\/\/permbledhja.com\/","name":"Ve\u00e7 artikuj p\u00ebrmbledh\u00ebs","description":"","publisher":{"@id":"https:\/\/permbledhja.com\/#organization"},"potentialAction":[{"@type":"SearchAction","target":{"@type":"EntryPoint","urlTemplate":"https:\/\/permbledhja.com\/?s={search_term_string}"},"query-input":"required name=search_term_string"}],"inLanguage":"sq"},{"@type":"Organization","@id":"https:\/\/permbledhja.com\/#organization","name":"MK Media & Pr","url":"https:\/\/permbledhja.com\/","logo":{"@type":"ImageObject","inLanguage":"sq","@id":"https:\/\/permbledhja.com\/#\/schema\/logo\/image\/","url":"https:\/\/permbledhja.com\/wp-content\/uploads\/2021\/12\/07-Press-Logo.jpg","contentUrl":"https:\/\/permbledhja.com\/wp-content\/uploads\/2021\/12\/07-Press-Logo.jpg","width":512,"height":512,"caption":"MK Media & Pr"},"image":{"@id":"https:\/\/permbledhja.com\/#\/schema\/logo\/image\/"},"sameAs":["https:\/\/www.facebook.com\/press07\/"]},{"@type":"Person","@id":"https:\/\/permbledhja.com\/#\/schema\/person\/0d064377258d3221e50693947b9eb4fe","name":"P\u00ebrmbledhja","image":{"@type":"ImageObject","inLanguage":"sq","@id":"https:\/\/permbledhja.com\/#\/schema\/person\/image\/","url":"https:\/\/permbledhja.com\/wp-content\/uploads\/2026\/01\/452004717_1040944174702970_8932037511805513407_n-96x96.jpg","contentUrl":"https:\/\/permbledhja.com\/wp-content\/uploads\/2026\/01\/452004717_1040944174702970_8932037511805513407_n-96x96.jpg","caption":"P\u00ebrmbledhja"},"sameAs":["https:\/\/www.facebook.com\/kafexhiu.muharrem\/","https:\/\/www.instagram.com\/muharrem_kafexhiu\/"],"url":"https:\/\/permbledhja.com\/sq\/author\/admin\/"}]}},"_links":{"self":[{"href":"https:\/\/permbledhja.com\/sq\/wp-json\/wp\/v2\/posts\/17009"}],"collection":[{"href":"https:\/\/permbledhja.com\/sq\/wp-json\/wp\/v2\/posts"}],"about":[{"href":"https:\/\/permbledhja.com\/sq\/wp-json\/wp\/v2\/types\/post"}],"author":[{"embeddable":true,"href":"https:\/\/permbledhja.com\/sq\/wp-json\/wp\/v2\/users\/1"}],"replies":[{"embeddable":true,"href":"https:\/\/permbledhja.com\/sq\/wp-json\/wp\/v2\/comments?post=17009"}],"version-history":[{"count":1,"href":"https:\/\/permbledhja.com\/sq\/wp-json\/wp\/v2\/posts\/17009\/revisions"}],"predecessor-version":[{"id":17011,"href":"https:\/\/permbledhja.com\/sq\/wp-json\/wp\/v2\/posts\/17009\/revisions\/17011"}],"wp:featuredmedia":[{"embeddable":true,"href":"https:\/\/permbledhja.com\/sq\/wp-json\/wp\/v2\/media\/17010"}],"wp:attachment":[{"href":"https:\/\/permbledhja.com\/sq\/wp-json\/wp\/v2\/media?parent=17009"}],"wp:term":[{"taxonomy":"category","embeddable":true,"href":"https:\/\/permbledhja.com\/sq\/wp-json\/wp\/v2\/categories?post=17009"},{"taxonomy":"post_tag","embeddable":true,"href":"https:\/\/permbledhja.com\/sq\/wp-json\/wp\/v2\/tags?post=17009"}],"curies":[{"name":"wp","href":"https:\/\/api.w.org\/{rel}","templated":true}]}}