{"id":16900,"date":"2023-06-23T06:23:02","date_gmt":"2023-06-23T06:23:02","guid":{"rendered":"https:\/\/permbledhja.com\/?p=16900"},"modified":"2023-06-23T06:23:02","modified_gmt":"2023-06-23T06:23:02","slug":"krasniqi-vjosa-osmani-eshte-e-paguximshme","status":"publish","type":"post","link":"https:\/\/permbledhja.com\/sq\/krasniqi-vjosa-osmani-eshte-e-paguximshme\/","title":{"rendered":"Krasniqi: Vjosa Osmani \u00ebsht\u00eb e paguximshme"},"content":{"rendered":"<p><strong>Kryetari i PDK-s\u00eb, Memli Krasniqi, ka th\u00ebn\u00eb se presidentja Vjosa Osmani, nuk ka guxim t\u00eb dal\u00eb kund\u00ebr veprimeve t\u00eb kryeministrit Albin Kurti.<\/strong><\/p>\n<p>Kryetari i PDK-s\u00eb, Memli Krasniqi, e ka kritikuar presidenten e Kosov\u00ebs, Vjosa Osmani, p\u00ebr munges\u00eb t\u00eb reagimit n\u00eb \u00e7\u00ebshtje t\u00eb r\u00ebnd\u00ebsishme p\u00ebr vendin.<\/p>\n<p>Sipas tij, Presidentja ka heshtur dhe nuk ka pasur guxim t\u00eb flas\u00eb p\u00ebr \u00e7\u00ebshtjet e r\u00ebnd\u00ebsishme q\u00eb kan\u00eb ndodhur n\u00eb Kosov\u00eb.<\/p>\n<p>\u201cPresidentja \u00ebsht\u00eb dashur t\u00eb h\u00ebn\u00ebn t\u00eb na th\u00ebrras, po ajo as t\u00eb h\u00ebn\u00ebn, as k\u00ebt\u00eb q\u00eb kaloi nuk e ka marr\u00eb asnj\u00eb veprim, p\u00ebrkundrazi ka qen\u00eb e heshtur e paguximshme dhe me th\u00ebn\u00eb nj\u00eb fjal\u00eb m\u00eb racionale, q\u00eb s\u2019duhet t\u2019i d\u00ebmtojm\u00eb raportet me ShBA-t\u00eb ose me QUINT-in, me th\u00ebn\u00eb se \u00ebsht\u00eb e turpsh\u00ebm ku e ka pru Kurti pun\u00ebn, q\u00eb ShBA e ka p\u00ebrjashtu FSK-n\u00eb nga Defender Europe. T\u00eb na tregoj\u00eb cila \u00ebsht\u00eb zgjidhja\u201d, ka th\u00ebn\u00eb ai.<\/p>\n<p>Ai ka th\u00ebn\u00eb se ne ende nuk e dijn\u00eb, q\u00ebndrimin e presidentes s\u00eb Kosov\u00ebs, p\u00ebr situatat e fundit.<\/p>\n<p>Ai ka th\u00ebn\u00eb se nuk ka shkuar n\u00eb takim te Presidentja, sepse sipas tij nuk ka kurrfar\u00eb funksioni nj\u00eb gj\u00eb e till\u00eb.<\/p>\n","protected":false},"excerpt":{"rendered":"<p>Kryetari i PDK-s\u00eb, Memli Krasniqi, ka th\u00ebn\u00eb se presidentja Vjosa Osmani, nuk ka guxim t\u00eb dal\u00eb kund\u00ebr veprimeve t\u00eb kryeministrit Albin Kurti. Kryetari i PDK-s\u00eb, Memli Krasniqi, e ka kritikuar presidenten e Kosov\u00ebs, Vjosa Osmani, p\u00ebr munges\u00eb t\u00eb reagimit n\u00eb \u00e7\u00ebshtje t\u00eb r\u00ebnd\u00ebsishme p\u00ebr vendin. Sipas tij, Presidentja ka heshtur dhe nuk ka pasur guxim [&hellip;]<\/p>\n","protected":false},"author":1,"featured_media":16901,"comment_status":"closed","ping_status":"closed","sticky":false,"template":"","format":"standard","meta":{"_monsterinsights_skip_tracking":false,"_monsterinsights_sitenote_active":false,"_monsterinsights_sitenote_note":"","_monsterinsights_sitenote_category":0,"_uf_show_specific_survey":0,"_uf_disable_surveys":false,"footnotes":""},"categories":[1146],"tags":[163],"yoast_head":"<!-- This site is optimized with the Yoast SEO plugin v21.5 - https:\/\/yoast.com\/wordpress\/plugins\/seo\/ -->\n<title>Krasniqi: Vjosa Osmani \u00ebsht\u00eb e paguximshme<\/title>\n<meta name=\"robots\" content=\"index, follow, max-snippet:-1, max-image-preview:large, max-video-preview:-1\" \/>\n<link rel=\"canonical\" href=\"https:\/\/permbledhja.com\/sq\/krasniqi-vjosa-osmani-eshte-e-paguximshme\/\" \/>\n<meta property=\"og:locale\" content=\"sq_AL\" \/>\n<meta property=\"og:type\" content=\"article\" \/>\n<meta property=\"og:title\" content=\"Krasniqi: Vjosa Osmani \u00ebsht\u00eb e paguximshme\" \/>\n<meta property=\"og:description\" content=\"Kryetari i PDK-s\u00eb, Memli Krasniqi, ka th\u00ebn\u00eb se presidentja Vjosa Osmani, nuk ka guxim t\u00eb dal\u00eb kund\u00ebr veprimeve t\u00eb kryeministrit Albin Kurti. Kryetari i PDK-s\u00eb, Memli Krasniqi, e ka kritikuar presidenten e Kosov\u00ebs, Vjosa Osmani, p\u00ebr munges\u00eb t\u00eb reagimit n\u00eb \u00e7\u00ebshtje t\u00eb r\u00ebnd\u00ebsishme p\u00ebr vendin. Sipas tij, Presidentja ka heshtur dhe nuk ka pasur guxim [&hellip;]\" \/>\n<meta property=\"og:url\" content=\"https:\/\/permbledhja.com\/sq\/krasniqi-vjosa-osmani-eshte-e-paguximshme\/\" \/>\n<meta property=\"og:site_name\" content=\"Ve\u00e7 artikuj p\u00ebrmbledh\u00ebs\" \/>\n<meta property=\"article:publisher\" content=\"https:\/\/www.facebook.com\/press07\/\" \/>\n<meta property=\"article:author\" content=\"https:\/\/www.facebook.com\/kafexhiu.muharrem\/\" \/>\n<meta property=\"article:published_time\" content=\"2023-06-23T06:23:02+00:00\" \/>\n<meta property=\"og:image\" content=\"https:\/\/permbledhja.com\/wp-content\/uploads\/2023\/06\/4019F987-9ECD-4C4C-A4E1-1B84DBCEE718.jpeg\" \/>\n\t<meta property=\"og:image:width\" content=\"600\" \/>\n\t<meta property=\"og:image:height\" content=\"360\" \/>\n\t<meta property=\"og:image:type\" content=\"image\/jpeg\" \/>\n<meta name=\"author\" content=\"P\u00ebrmbledhja\" \/>\n<meta name=\"twitter:card\" content=\"summary_large_image\" \/>\n<meta name=\"twitter:label1\" content=\"Written by\" \/>\n\t<meta name=\"twitter:data1\" content=\"P\u00ebrmbledhja\" \/>\n\t<meta name=\"twitter:label2\" content=\"Est. reading time\" \/>\n\t<meta name=\"twitter:data2\" content=\"1 minut\u00eb\" \/>\n<script type=\"application\/ld+json\" class=\"yoast-schema-graph\">{\"@context\":\"https:\/\/schema.org\",\"@graph\":[{\"@type\":\"Article\",\"@id\":\"https:\/\/permbledhja.com\/krasniqi-vjosa-osmani-eshte-e-paguximshme\/#article\",\"isPartOf\":{\"@id\":\"https:\/\/permbledhja.com\/krasniqi-vjosa-osmani-eshte-e-paguximshme\/\"},\"author\":{\"name\":\"P\u00ebrmbledhja\",\"@id\":\"https:\/\/permbledhja.com\/#\/schema\/person\/0d064377258d3221e50693947b9eb4fe\"},\"headline\":\"Krasniqi: Vjosa Osmani \u00ebsht\u00eb e paguximshme\",\"datePublished\":\"2023-06-23T06:23:02+00:00\",\"dateModified\":\"2023-06-23T06:23:02+00:00\",\"mainEntityOfPage\":{\"@id\":\"https:\/\/permbledhja.com\/krasniqi-vjosa-osmani-eshte-e-paguximshme\/\"},\"wordCount\":220,\"publisher\":{\"@id\":\"https:\/\/permbledhja.com\/#organization\"},\"keywords\":[\"Vjosa Osmani\"],\"articleSection\":[\"Kryesoret\"],\"inLanguage\":\"sq\"},{\"@type\":\"WebPage\",\"@id\":\"https:\/\/permbledhja.com\/krasniqi-vjosa-osmani-eshte-e-paguximshme\/\",\"url\":\"https:\/\/permbledhja.com\/krasniqi-vjosa-osmani-eshte-e-paguximshme\/\",\"name\":\"Krasniqi: Vjosa Osmani \u00ebsht\u00eb e paguximshme\",\"isPartOf\":{\"@id\":\"https:\/\/permbledhja.com\/#website\"},\"datePublished\":\"2023-06-23T06:23:02+00:00\",\"dateModified\":\"2023-06-23T06:23:02+00:00\",\"breadcrumb\":{\"@id\":\"https:\/\/permbledhja.com\/krasniqi-vjosa-osmani-eshte-e-paguximshme\/#breadcrumb\"},\"inLanguage\":\"sq\",\"potentialAction\":[{\"@type\":\"ReadAction\",\"target\":[\"https:\/\/permbledhja.com\/krasniqi-vjosa-osmani-eshte-e-paguximshme\/\"]}]},{\"@type\":\"BreadcrumbList\",\"@id\":\"https:\/\/permbledhja.com\/krasniqi-vjosa-osmani-eshte-e-paguximshme\/#breadcrumb\",\"itemListElement\":[{\"@type\":\"ListItem\",\"position\":1,\"name\":\"Ballina\",\"item\":\"https:\/\/permbledhja.com\/sq\/\"},{\"@type\":\"ListItem\",\"position\":2,\"name\":\"Krasniqi: Vjosa Osmani \u00ebsht\u00eb e paguximshme\"}]},{\"@type\":\"WebSite\",\"@id\":\"https:\/\/permbledhja.com\/#website\",\"url\":\"https:\/\/permbledhja.com\/\",\"name\":\"Ve\u00e7 artikuj p\u00ebrmbledh\u00ebs\",\"description\":\"\",\"publisher\":{\"@id\":\"https:\/\/permbledhja.com\/#organization\"},\"potentialAction\":[{\"@type\":\"SearchAction\",\"target\":{\"@type\":\"EntryPoint\",\"urlTemplate\":\"https:\/\/permbledhja.com\/?s={search_term_string}\"},\"query-input\":\"required name=search_term_string\"}],\"inLanguage\":\"sq\"},{\"@type\":\"Organization\",\"@id\":\"https:\/\/permbledhja.com\/#organization\",\"name\":\"MK Media & Pr\",\"url\":\"https:\/\/permbledhja.com\/\",\"logo\":{\"@type\":\"ImageObject\",\"inLanguage\":\"sq\",\"@id\":\"https:\/\/permbledhja.com\/#\/schema\/logo\/image\/\",\"url\":\"https:\/\/permbledhja.com\/wp-content\/uploads\/2021\/12\/07-Press-Logo.jpg\",\"contentUrl\":\"https:\/\/permbledhja.com\/wp-content\/uploads\/2021\/12\/07-Press-Logo.jpg\",\"width\":512,\"height\":512,\"caption\":\"MK Media & Pr\"},\"image\":{\"@id\":\"https:\/\/permbledhja.com\/#\/schema\/logo\/image\/\"},\"sameAs\":[\"https:\/\/www.facebook.com\/press07\/\"]},{\"@type\":\"Person\",\"@id\":\"https:\/\/permbledhja.com\/#\/schema\/person\/0d064377258d3221e50693947b9eb4fe\",\"name\":\"P\u00ebrmbledhja\",\"image\":{\"@type\":\"ImageObject\",\"inLanguage\":\"sq\",\"@id\":\"https:\/\/permbledhja.com\/#\/schema\/person\/image\/\",\"url\":\"https:\/\/permbledhja.com\/wp-content\/uploads\/2026\/01\/452004717_1040944174702970_8932037511805513407_n-96x96.jpg\",\"contentUrl\":\"https:\/\/permbledhja.com\/wp-content\/uploads\/2026\/01\/452004717_1040944174702970_8932037511805513407_n-96x96.jpg\",\"caption\":\"P\u00ebrmbledhja\"},\"sameAs\":[\"https:\/\/www.facebook.com\/kafexhiu.muharrem\/\",\"https:\/\/www.instagram.com\/muharrem_kafexhiu\/\"],\"url\":\"https:\/\/permbledhja.com\/sq\/author\/admin\/\"}]}<\/script>\n<!-- \/ Yoast SEO plugin. -->","yoast_head_json":{"title":"Krasniqi: Vjosa Osmani \u00ebsht\u00eb e paguximshme","robots":{"index":"index","follow":"follow","max-snippet":"max-snippet:-1","max-image-preview":"max-image-preview:large","max-video-preview":"max-video-preview:-1"},"canonical":"https:\/\/permbledhja.com\/sq\/krasniqi-vjosa-osmani-eshte-e-paguximshme\/","og_locale":"sq_AL","og_type":"article","og_title":"Krasniqi: Vjosa Osmani \u00ebsht\u00eb e paguximshme","og_description":"Kryetari i PDK-s\u00eb, Memli Krasniqi, ka th\u00ebn\u00eb se presidentja Vjosa Osmani, nuk ka guxim t\u00eb dal\u00eb kund\u00ebr veprimeve t\u00eb kryeministrit Albin Kurti. Kryetari i PDK-s\u00eb, Memli Krasniqi, e ka kritikuar presidenten e Kosov\u00ebs, Vjosa Osmani, p\u00ebr munges\u00eb t\u00eb reagimit n\u00eb \u00e7\u00ebshtje t\u00eb r\u00ebnd\u00ebsishme p\u00ebr vendin. Sipas tij, Presidentja ka heshtur dhe nuk ka pasur guxim [&hellip;]","og_url":"https:\/\/permbledhja.com\/sq\/krasniqi-vjosa-osmani-eshte-e-paguximshme\/","og_site_name":"Ve\u00e7 artikuj p\u00ebrmbledh\u00ebs","article_publisher":"https:\/\/www.facebook.com\/press07\/","article_author":"https:\/\/www.facebook.com\/kafexhiu.muharrem\/","article_published_time":"2023-06-23T06:23:02+00:00","og_image":[{"width":600,"height":360,"url":"https:\/\/permbledhja.com\/wp-content\/uploads\/2023\/06\/4019F987-9ECD-4C4C-A4E1-1B84DBCEE718.jpeg","type":"image\/jpeg"}],"author":"P\u00ebrmbledhja","twitter_card":"summary_large_image","twitter_misc":{"Written by":"P\u00ebrmbledhja","Est. reading time":"1 minut\u00eb"},"schema":{"@context":"https:\/\/schema.org","@graph":[{"@type":"Article","@id":"https:\/\/permbledhja.com\/krasniqi-vjosa-osmani-eshte-e-paguximshme\/#article","isPartOf":{"@id":"https:\/\/permbledhja.com\/krasniqi-vjosa-osmani-eshte-e-paguximshme\/"},"author":{"name":"P\u00ebrmbledhja","@id":"https:\/\/permbledhja.com\/#\/schema\/person\/0d064377258d3221e50693947b9eb4fe"},"headline":"Krasniqi: Vjosa Osmani \u00ebsht\u00eb e paguximshme","datePublished":"2023-06-23T06:23:02+00:00","dateModified":"2023-06-23T06:23:02+00:00","mainEntityOfPage":{"@id":"https:\/\/permbledhja.com\/krasniqi-vjosa-osmani-eshte-e-paguximshme\/"},"wordCount":220,"publisher":{"@id":"https:\/\/permbledhja.com\/#organization"},"keywords":["Vjosa Osmani"],"articleSection":["Kryesoret"],"inLanguage":"sq"},{"@type":"WebPage","@id":"https:\/\/permbledhja.com\/krasniqi-vjosa-osmani-eshte-e-paguximshme\/","url":"https:\/\/permbledhja.com\/krasniqi-vjosa-osmani-eshte-e-paguximshme\/","name":"Krasniqi: Vjosa Osmani \u00ebsht\u00eb e paguximshme","isPartOf":{"@id":"https:\/\/permbledhja.com\/#website"},"datePublished":"2023-06-23T06:23:02+00:00","dateModified":"2023-06-23T06:23:02+00:00","breadcrumb":{"@id":"https:\/\/permbledhja.com\/krasniqi-vjosa-osmani-eshte-e-paguximshme\/#breadcrumb"},"inLanguage":"sq","potentialAction":[{"@type":"ReadAction","target":["https:\/\/permbledhja.com\/krasniqi-vjosa-osmani-eshte-e-paguximshme\/"]}]},{"@type":"BreadcrumbList","@id":"https:\/\/permbledhja.com\/krasniqi-vjosa-osmani-eshte-e-paguximshme\/#breadcrumb","itemListElement":[{"@type":"ListItem","position":1,"name":"Ballina","item":"https:\/\/permbledhja.com\/sq\/"},{"@type":"ListItem","position":2,"name":"Krasniqi: Vjosa Osmani \u00ebsht\u00eb e paguximshme"}]},{"@type":"WebSite","@id":"https:\/\/permbledhja.com\/#website","url":"https:\/\/permbledhja.com\/","name":"Ve\u00e7 artikuj p\u00ebrmbledh\u00ebs","description":"","publisher":{"@id":"https:\/\/permbledhja.com\/#organization"},"potentialAction":[{"@type":"SearchAction","target":{"@type":"EntryPoint","urlTemplate":"https:\/\/permbledhja.com\/?s={search_term_string}"},"query-input":"required name=search_term_string"}],"inLanguage":"sq"},{"@type":"Organization","@id":"https:\/\/permbledhja.com\/#organization","name":"MK Media & Pr","url":"https:\/\/permbledhja.com\/","logo":{"@type":"ImageObject","inLanguage":"sq","@id":"https:\/\/permbledhja.com\/#\/schema\/logo\/image\/","url":"https:\/\/permbledhja.com\/wp-content\/uploads\/2021\/12\/07-Press-Logo.jpg","contentUrl":"https:\/\/permbledhja.com\/wp-content\/uploads\/2021\/12\/07-Press-Logo.jpg","width":512,"height":512,"caption":"MK Media & Pr"},"image":{"@id":"https:\/\/permbledhja.com\/#\/schema\/logo\/image\/"},"sameAs":["https:\/\/www.facebook.com\/press07\/"]},{"@type":"Person","@id":"https:\/\/permbledhja.com\/#\/schema\/person\/0d064377258d3221e50693947b9eb4fe","name":"P\u00ebrmbledhja","image":{"@type":"ImageObject","inLanguage":"sq","@id":"https:\/\/permbledhja.com\/#\/schema\/person\/image\/","url":"https:\/\/permbledhja.com\/wp-content\/uploads\/2026\/01\/452004717_1040944174702970_8932037511805513407_n-96x96.jpg","contentUrl":"https:\/\/permbledhja.com\/wp-content\/uploads\/2026\/01\/452004717_1040944174702970_8932037511805513407_n-96x96.jpg","caption":"P\u00ebrmbledhja"},"sameAs":["https:\/\/www.facebook.com\/kafexhiu.muharrem\/","https:\/\/www.instagram.com\/muharrem_kafexhiu\/"],"url":"https:\/\/permbledhja.com\/sq\/author\/admin\/"}]}},"_links":{"self":[{"href":"https:\/\/permbledhja.com\/sq\/wp-json\/wp\/v2\/posts\/16900"}],"collection":[{"href":"https:\/\/permbledhja.com\/sq\/wp-json\/wp\/v2\/posts"}],"about":[{"href":"https:\/\/permbledhja.com\/sq\/wp-json\/wp\/v2\/types\/post"}],"author":[{"embeddable":true,"href":"https:\/\/permbledhja.com\/sq\/wp-json\/wp\/v2\/users\/1"}],"replies":[{"embeddable":true,"href":"https:\/\/permbledhja.com\/sq\/wp-json\/wp\/v2\/comments?post=16900"}],"version-history":[{"count":1,"href":"https:\/\/permbledhja.com\/sq\/wp-json\/wp\/v2\/posts\/16900\/revisions"}],"predecessor-version":[{"id":16902,"href":"https:\/\/permbledhja.com\/sq\/wp-json\/wp\/v2\/posts\/16900\/revisions\/16902"}],"wp:featuredmedia":[{"embeddable":true,"href":"https:\/\/permbledhja.com\/sq\/wp-json\/wp\/v2\/media\/16901"}],"wp:attachment":[{"href":"https:\/\/permbledhja.com\/sq\/wp-json\/wp\/v2\/media?parent=16900"}],"wp:term":[{"taxonomy":"category","embeddable":true,"href":"https:\/\/permbledhja.com\/sq\/wp-json\/wp\/v2\/categories?post=16900"},{"taxonomy":"post_tag","embeddable":true,"href":"https:\/\/permbledhja.com\/sq\/wp-json\/wp\/v2\/tags?post=16900"}],"curies":[{"name":"wp","href":"https:\/\/api.w.org\/{rel}","templated":true}]}}