{"id":16888,"date":"2023-06-22T19:09:53","date_gmt":"2023-06-22T19:09:53","guid":{"rendered":"https:\/\/permbledhja.com\/?p=16888"},"modified":"2023-06-22T19:09:53","modified_gmt":"2023-06-22T19:09:53","slug":"me-mire-vone-se-kurre-presidentja-osmani-fton-opoziten-per-unitet-ne-aleanca-strategjike","status":"publish","type":"post","link":"https:\/\/permbledhja.com\/sq\/me-mire-vone-se-kurre-presidentja-osmani-fton-opoziten-per-unitet-ne-aleanca-strategjike\/","title":{"rendered":"\u201cM\u00eb mir\u00eb von\u00eb se kurr\u00eb\u201d \u2013 presidentja Osmani fton opozit\u00ebn p\u00ebr unitet n\u00eb aleanca strategjike"},"content":{"rendered":"<h3>Presidentja e Kosov\u00ebs, Vjosa Osmani vler\u00ebson se bashk\u00ebpunimi dhe dialogu i hapur nd\u00ebrmjet institucioneve dhe partive politike jan\u00eb thelb\u00ebsore p\u00ebr t\u2019i p\u00ebrballuar sfidat aktuale dhe p\u00ebr t\u00eb punuar s\u00eb bashku drejt arritjes s\u00eb synimeve t\u00eb p\u00ebrbashk\u00ebta.<\/h3>\n<p>Zyra e Presidentes njofton se presidentja Osmani gjat\u00eb takimit me kryetarin e Aleanc\u00ebs p\u00ebr Ardhm\u00ebrin\u00eb e Kosov\u00ebs, Ramush Haradinaj, ka k\u00ebmbyer pik\u00ebpamjet n\u00eb raport me zhvillimet e fundit politike dhe t\u00eb siguris\u00eb n\u00eb vend.<\/p>\n<p><em>\u201cPresidentja ka vler\u00ebsuar se bashk\u00ebpunimi dhe dialogu i hapur nd\u00ebrmjet institucioneve dhe partive politike jan\u00eb thelb\u00ebsore p\u00ebr t\u2019i p\u00ebrballuar sfidat aktuale dhe p\u00ebr t\u00eb punuar s\u00eb bashku drejt arritjes s\u00eb synimeve t\u00eb p\u00ebrbashk\u00ebta q\u00eb p\u00ebrfshijn\u00eb mbrojtjen e t\u00ebr\u00ebsis\u00eb territoriale, sovranitetit dhe kushtetutshm\u00ebris\u00eb si dhe fuqizimin nd\u00ebrkomb\u00ebtar t\u00eb Republik\u00ebs, sikurse edhe n\u00eb p\u00ebrmbushjen e prioritetit ton\u00eb shtet\u00ebror, an\u00ebtar\u00ebsimin n\u00eb NATO dhe BE\u201d<\/em>, citohet n\u00eb komunikat\u00eb t\u00eb ket\u00eb th\u00ebn\u00eb Osmani.<\/p>\n<p>Sipas k\u00ebtij njoftimi, presidentja ka shprehur keqardhje q\u00eb partit\u00eb e tjera opozitare kan\u00eb refuzuar mund\u00ebsin\u00eb q\u00eb ta japin kontributin e tyre p\u00ebr \u00e7\u00ebshtje t\u00eb interesit nacional, p\u00ebrfshir\u00eb p\u00ebrpjekjet p\u00ebr fuqizimin e aleancave strategjike e ekzistenciale t\u00eb Republik\u00ebs s\u00eb Kosov\u00ebs me partner\u00ebt, e n\u00eb ve\u00e7anti me Shtetet e Bashkuara t\u00eb Amerik\u00ebs.<\/p>\n<p><em>\u201cAjo ka ritheksuar, se n\u00eb p\u00ebrputhje me Kushtetut\u00ebn do t\u00eb vazhdoj\u00eb t\u00eb angazhohet n\u00eb p\u00ebrfaq\u00ebsimin e unitetit qytetar, mbrojtjen e kushtetut\u00ebs, ruajtjen dhe fuqizimin e aleancave strategjike, sikurse edhe krijimin e nj\u00eb klime konstruktive p\u00ebr t\u2019i adresuar sfidat dhe \u00e7\u00ebshtjet e r\u00ebnd\u00ebsishme n\u00eb Republik\u00ebn e Kosov\u00ebs\u201d<\/em>, thuhet n\u00eb komunikat\u00eb.<\/p>\n<p>Sipas presidentes Osmani, kontributi i secilit lider dhe subjekti politik \u00ebsht\u00eb t\u00eb bashk\u00ebpunoj\u00eb p\u00ebr \u00e7\u00ebshtje t\u00eb r\u00ebnd\u00ebsis\u00eb nacionale me institucionet shtet\u00ebrore, por jo duke refuzuar.<\/p>\n<p>Pavar\u00ebsisht k\u00ebsaj, presidentja Osmani ka b\u00ebr\u00eb t\u00eb ditur se dera e zyr\u00ebs s\u00eb saj vazhdon t\u00eb jet\u00eb e hapur p\u00ebr lider\u00eb institucional\u00eb dhe parti politike, n\u00eb funksion t\u00eb mbrojtjes s\u00eb interesit shtet\u00ebror.<\/p>\n","protected":false},"excerpt":{"rendered":"<p>Presidentja e Kosov\u00ebs, Vjosa Osmani vler\u00ebson se bashk\u00ebpunimi dhe dialogu i hapur nd\u00ebrmjet institucioneve dhe partive politike jan\u00eb thelb\u00ebsore p\u00ebr t\u2019i p\u00ebrballuar sfidat aktuale dhe p\u00ebr t\u00eb punuar s\u00eb bashku drejt arritjes s\u00eb synimeve t\u00eb p\u00ebrbashk\u00ebta. Zyra e Presidentes njofton se presidentja Osmani gjat\u00eb takimit me kryetarin e Aleanc\u00ebs p\u00ebr Ardhm\u00ebrin\u00eb e Kosov\u00ebs, Ramush Haradinaj, [&hellip;]<\/p>\n","protected":false},"author":1,"featured_media":8417,"comment_status":"closed","ping_status":"closed","sticky":false,"template":"","format":"standard","meta":{"_monsterinsights_skip_tracking":false,"_monsterinsights_sitenote_active":false,"_monsterinsights_sitenote_note":"","_monsterinsights_sitenote_category":0,"_uf_show_specific_survey":0,"_uf_disable_surveys":false,"footnotes":""},"categories":[23,15],"tags":[163],"yoast_head":"<!-- This site is optimized with the Yoast SEO plugin v21.5 - https:\/\/yoast.com\/wordpress\/plugins\/seo\/ -->\n<title>\u201cM\u00eb mir\u00eb von\u00eb se kurr\u00eb\u201d \u2013 presidentja Osmani fton opozit\u00ebn p\u00ebr unitet n\u00eb aleanca strategjike<\/title>\n<meta name=\"robots\" content=\"index, follow, max-snippet:-1, max-image-preview:large, max-video-preview:-1\" \/>\n<link rel=\"canonical\" href=\"https:\/\/permbledhja.com\/sq\/me-mire-vone-se-kurre-presidentja-osmani-fton-opoziten-per-unitet-ne-aleanca-strategjike\/\" \/>\n<meta property=\"og:locale\" content=\"sq_AL\" \/>\n<meta property=\"og:type\" content=\"article\" \/>\n<meta property=\"og:title\" content=\"\u201cM\u00eb mir\u00eb von\u00eb se kurr\u00eb\u201d \u2013 presidentja Osmani fton opozit\u00ebn p\u00ebr unitet n\u00eb aleanca strategjike\" \/>\n<meta property=\"og:description\" content=\"Presidentja e Kosov\u00ebs, Vjosa Osmani vler\u00ebson se bashk\u00ebpunimi dhe dialogu i hapur nd\u00ebrmjet institucioneve dhe partive politike jan\u00eb thelb\u00ebsore p\u00ebr t\u2019i p\u00ebrballuar sfidat aktuale dhe p\u00ebr t\u00eb punuar s\u00eb bashku drejt arritjes s\u00eb synimeve t\u00eb p\u00ebrbashk\u00ebta. Zyra e Presidentes njofton se presidentja Osmani gjat\u00eb takimit me kryetarin e Aleanc\u00ebs p\u00ebr Ardhm\u00ebrin\u00eb e Kosov\u00ebs, Ramush Haradinaj, [&hellip;]\" \/>\n<meta property=\"og:url\" content=\"https:\/\/permbledhja.com\/sq\/me-mire-vone-se-kurre-presidentja-osmani-fton-opoziten-per-unitet-ne-aleanca-strategjike\/\" \/>\n<meta property=\"og:site_name\" content=\"Ve\u00e7 artikuj p\u00ebrmbledh\u00ebs\" \/>\n<meta property=\"article:publisher\" content=\"https:\/\/www.facebook.com\/press07\/\" \/>\n<meta property=\"article:author\" content=\"https:\/\/www.facebook.com\/kafexhiu.muharrem\/\" \/>\n<meta property=\"article:published_time\" content=\"2023-06-22T19:09:53+00:00\" \/>\n<meta property=\"og:image\" content=\"https:\/\/permbledhja.com\/wp-content\/uploads\/2022\/10\/Vjosa-osmani-1-600x360-1.png\" \/>\n\t<meta property=\"og:image:width\" content=\"600\" \/>\n\t<meta property=\"og:image:height\" content=\"360\" \/>\n\t<meta property=\"og:image:type\" content=\"image\/png\" \/>\n<meta name=\"author\" content=\"P\u00ebrmbledhja\" \/>\n<meta name=\"twitter:card\" content=\"summary_large_image\" \/>\n<meta name=\"twitter:label1\" content=\"Written by\" \/>\n\t<meta name=\"twitter:data1\" content=\"P\u00ebrmbledhja\" \/>\n\t<meta name=\"twitter:label2\" content=\"Est. reading time\" \/>\n\t<meta name=\"twitter:data2\" content=\"2 minuta\" \/>\n<script type=\"application\/ld+json\" class=\"yoast-schema-graph\">{\"@context\":\"https:\/\/schema.org\",\"@graph\":[{\"@type\":\"Article\",\"@id\":\"https:\/\/permbledhja.com\/me-mire-vone-se-kurre-presidentja-osmani-fton-opoziten-per-unitet-ne-aleanca-strategjike\/#article\",\"isPartOf\":{\"@id\":\"https:\/\/permbledhja.com\/me-mire-vone-se-kurre-presidentja-osmani-fton-opoziten-per-unitet-ne-aleanca-strategjike\/\"},\"author\":{\"name\":\"P\u00ebrmbledhja\",\"@id\":\"https:\/\/permbledhja.com\/#\/schema\/person\/0d064377258d3221e50693947b9eb4fe\"},\"headline\":\"\u201cM\u00eb mir\u00eb von\u00eb se kurr\u00eb\u201d \u2013 presidentja Osmani fton opozit\u00ebn p\u00ebr unitet n\u00eb aleanca strategjike\",\"datePublished\":\"2023-06-22T19:09:53+00:00\",\"dateModified\":\"2023-06-22T19:09:53+00:00\",\"mainEntityOfPage\":{\"@id\":\"https:\/\/permbledhja.com\/me-mire-vone-se-kurre-presidentja-osmani-fton-opoziten-per-unitet-ne-aleanca-strategjike\/\"},\"wordCount\":382,\"publisher\":{\"@id\":\"https:\/\/permbledhja.com\/#organization\"},\"keywords\":[\"Vjosa Osmani\"],\"articleSection\":[\"Komb\u00ebtare\",\"Lajme\"],\"inLanguage\":\"sq\"},{\"@type\":\"WebPage\",\"@id\":\"https:\/\/permbledhja.com\/me-mire-vone-se-kurre-presidentja-osmani-fton-opoziten-per-unitet-ne-aleanca-strategjike\/\",\"url\":\"https:\/\/permbledhja.com\/me-mire-vone-se-kurre-presidentja-osmani-fton-opoziten-per-unitet-ne-aleanca-strategjike\/\",\"name\":\"\u201cM\u00eb mir\u00eb von\u00eb se kurr\u00eb\u201d \u2013 presidentja Osmani fton opozit\u00ebn p\u00ebr unitet n\u00eb aleanca strategjike\",\"isPartOf\":{\"@id\":\"https:\/\/permbledhja.com\/#website\"},\"datePublished\":\"2023-06-22T19:09:53+00:00\",\"dateModified\":\"2023-06-22T19:09:53+00:00\",\"breadcrumb\":{\"@id\":\"https:\/\/permbledhja.com\/me-mire-vone-se-kurre-presidentja-osmani-fton-opoziten-per-unitet-ne-aleanca-strategjike\/#breadcrumb\"},\"inLanguage\":\"sq\",\"potentialAction\":[{\"@type\":\"ReadAction\",\"target\":[\"https:\/\/permbledhja.com\/me-mire-vone-se-kurre-presidentja-osmani-fton-opoziten-per-unitet-ne-aleanca-strategjike\/\"]}]},{\"@type\":\"BreadcrumbList\",\"@id\":\"https:\/\/permbledhja.com\/me-mire-vone-se-kurre-presidentja-osmani-fton-opoziten-per-unitet-ne-aleanca-strategjike\/#breadcrumb\",\"itemListElement\":[{\"@type\":\"ListItem\",\"position\":1,\"name\":\"Ballina\",\"item\":\"https:\/\/permbledhja.com\/sq\/\"},{\"@type\":\"ListItem\",\"position\":2,\"name\":\"\u201cM\u00eb mir\u00eb von\u00eb se kurr\u00eb\u201d \u2013 presidentja Osmani fton opozit\u00ebn p\u00ebr unitet n\u00eb aleanca strategjike\"}]},{\"@type\":\"WebSite\",\"@id\":\"https:\/\/permbledhja.com\/#website\",\"url\":\"https:\/\/permbledhja.com\/\",\"name\":\"Ve\u00e7 artikuj p\u00ebrmbledh\u00ebs\",\"description\":\"\",\"publisher\":{\"@id\":\"https:\/\/permbledhja.com\/#organization\"},\"potentialAction\":[{\"@type\":\"SearchAction\",\"target\":{\"@type\":\"EntryPoint\",\"urlTemplate\":\"https:\/\/permbledhja.com\/?s={search_term_string}\"},\"query-input\":\"required name=search_term_string\"}],\"inLanguage\":\"sq\"},{\"@type\":\"Organization\",\"@id\":\"https:\/\/permbledhja.com\/#organization\",\"name\":\"MK Media & Pr\",\"url\":\"https:\/\/permbledhja.com\/\",\"logo\":{\"@type\":\"ImageObject\",\"inLanguage\":\"sq\",\"@id\":\"https:\/\/permbledhja.com\/#\/schema\/logo\/image\/\",\"url\":\"https:\/\/permbledhja.com\/wp-content\/uploads\/2021\/12\/07-Press-Logo.jpg\",\"contentUrl\":\"https:\/\/permbledhja.com\/wp-content\/uploads\/2021\/12\/07-Press-Logo.jpg\",\"width\":512,\"height\":512,\"caption\":\"MK Media & Pr\"},\"image\":{\"@id\":\"https:\/\/permbledhja.com\/#\/schema\/logo\/image\/\"},\"sameAs\":[\"https:\/\/www.facebook.com\/press07\/\"]},{\"@type\":\"Person\",\"@id\":\"https:\/\/permbledhja.com\/#\/schema\/person\/0d064377258d3221e50693947b9eb4fe\",\"name\":\"P\u00ebrmbledhja\",\"image\":{\"@type\":\"ImageObject\",\"inLanguage\":\"sq\",\"@id\":\"https:\/\/permbledhja.com\/#\/schema\/person\/image\/\",\"url\":\"https:\/\/permbledhja.com\/wp-content\/uploads\/2026\/01\/452004717_1040944174702970_8932037511805513407_n-96x96.jpg\",\"contentUrl\":\"https:\/\/permbledhja.com\/wp-content\/uploads\/2026\/01\/452004717_1040944174702970_8932037511805513407_n-96x96.jpg\",\"caption\":\"P\u00ebrmbledhja\"},\"sameAs\":[\"https:\/\/www.facebook.com\/kafexhiu.muharrem\/\",\"https:\/\/www.instagram.com\/muharrem_kafexhiu\/\"],\"url\":\"https:\/\/permbledhja.com\/sq\/author\/admin\/\"}]}<\/script>\n<!-- \/ Yoast SEO plugin. -->","yoast_head_json":{"title":"\u201cM\u00eb mir\u00eb von\u00eb se kurr\u00eb\u201d \u2013 presidentja Osmani fton opozit\u00ebn p\u00ebr unitet n\u00eb aleanca strategjike","robots":{"index":"index","follow":"follow","max-snippet":"max-snippet:-1","max-image-preview":"max-image-preview:large","max-video-preview":"max-video-preview:-1"},"canonical":"https:\/\/permbledhja.com\/sq\/me-mire-vone-se-kurre-presidentja-osmani-fton-opoziten-per-unitet-ne-aleanca-strategjike\/","og_locale":"sq_AL","og_type":"article","og_title":"\u201cM\u00eb mir\u00eb von\u00eb se kurr\u00eb\u201d \u2013 presidentja Osmani fton opozit\u00ebn p\u00ebr unitet n\u00eb aleanca strategjike","og_description":"Presidentja e Kosov\u00ebs, Vjosa Osmani vler\u00ebson se bashk\u00ebpunimi dhe dialogu i hapur nd\u00ebrmjet institucioneve dhe partive politike jan\u00eb thelb\u00ebsore p\u00ebr t\u2019i p\u00ebrballuar sfidat aktuale dhe p\u00ebr t\u00eb punuar s\u00eb bashku drejt arritjes s\u00eb synimeve t\u00eb p\u00ebrbashk\u00ebta. Zyra e Presidentes njofton se presidentja Osmani gjat\u00eb takimit me kryetarin e Aleanc\u00ebs p\u00ebr Ardhm\u00ebrin\u00eb e Kosov\u00ebs, Ramush Haradinaj, [&hellip;]","og_url":"https:\/\/permbledhja.com\/sq\/me-mire-vone-se-kurre-presidentja-osmani-fton-opoziten-per-unitet-ne-aleanca-strategjike\/","og_site_name":"Ve\u00e7 artikuj p\u00ebrmbledh\u00ebs","article_publisher":"https:\/\/www.facebook.com\/press07\/","article_author":"https:\/\/www.facebook.com\/kafexhiu.muharrem\/","article_published_time":"2023-06-22T19:09:53+00:00","og_image":[{"width":600,"height":360,"url":"https:\/\/permbledhja.com\/wp-content\/uploads\/2022\/10\/Vjosa-osmani-1-600x360-1.png","type":"image\/png"}],"author":"P\u00ebrmbledhja","twitter_card":"summary_large_image","twitter_misc":{"Written by":"P\u00ebrmbledhja","Est. reading time":"2 minuta"},"schema":{"@context":"https:\/\/schema.org","@graph":[{"@type":"Article","@id":"https:\/\/permbledhja.com\/me-mire-vone-se-kurre-presidentja-osmani-fton-opoziten-per-unitet-ne-aleanca-strategjike\/#article","isPartOf":{"@id":"https:\/\/permbledhja.com\/me-mire-vone-se-kurre-presidentja-osmani-fton-opoziten-per-unitet-ne-aleanca-strategjike\/"},"author":{"name":"P\u00ebrmbledhja","@id":"https:\/\/permbledhja.com\/#\/schema\/person\/0d064377258d3221e50693947b9eb4fe"},"headline":"\u201cM\u00eb mir\u00eb von\u00eb se kurr\u00eb\u201d \u2013 presidentja Osmani fton opozit\u00ebn p\u00ebr unitet n\u00eb aleanca strategjike","datePublished":"2023-06-22T19:09:53+00:00","dateModified":"2023-06-22T19:09:53+00:00","mainEntityOfPage":{"@id":"https:\/\/permbledhja.com\/me-mire-vone-se-kurre-presidentja-osmani-fton-opoziten-per-unitet-ne-aleanca-strategjike\/"},"wordCount":382,"publisher":{"@id":"https:\/\/permbledhja.com\/#organization"},"keywords":["Vjosa Osmani"],"articleSection":["Komb\u00ebtare","Lajme"],"inLanguage":"sq"},{"@type":"WebPage","@id":"https:\/\/permbledhja.com\/me-mire-vone-se-kurre-presidentja-osmani-fton-opoziten-per-unitet-ne-aleanca-strategjike\/","url":"https:\/\/permbledhja.com\/me-mire-vone-se-kurre-presidentja-osmani-fton-opoziten-per-unitet-ne-aleanca-strategjike\/","name":"\u201cM\u00eb mir\u00eb von\u00eb se kurr\u00eb\u201d \u2013 presidentja Osmani fton opozit\u00ebn p\u00ebr unitet n\u00eb aleanca strategjike","isPartOf":{"@id":"https:\/\/permbledhja.com\/#website"},"datePublished":"2023-06-22T19:09:53+00:00","dateModified":"2023-06-22T19:09:53+00:00","breadcrumb":{"@id":"https:\/\/permbledhja.com\/me-mire-vone-se-kurre-presidentja-osmani-fton-opoziten-per-unitet-ne-aleanca-strategjike\/#breadcrumb"},"inLanguage":"sq","potentialAction":[{"@type":"ReadAction","target":["https:\/\/permbledhja.com\/me-mire-vone-se-kurre-presidentja-osmani-fton-opoziten-per-unitet-ne-aleanca-strategjike\/"]}]},{"@type":"BreadcrumbList","@id":"https:\/\/permbledhja.com\/me-mire-vone-se-kurre-presidentja-osmani-fton-opoziten-per-unitet-ne-aleanca-strategjike\/#breadcrumb","itemListElement":[{"@type":"ListItem","position":1,"name":"Ballina","item":"https:\/\/permbledhja.com\/sq\/"},{"@type":"ListItem","position":2,"name":"\u201cM\u00eb mir\u00eb von\u00eb se kurr\u00eb\u201d \u2013 presidentja Osmani fton opozit\u00ebn p\u00ebr unitet n\u00eb aleanca strategjike"}]},{"@type":"WebSite","@id":"https:\/\/permbledhja.com\/#website","url":"https:\/\/permbledhja.com\/","name":"Ve\u00e7 artikuj p\u00ebrmbledh\u00ebs","description":"","publisher":{"@id":"https:\/\/permbledhja.com\/#organization"},"potentialAction":[{"@type":"SearchAction","target":{"@type":"EntryPoint","urlTemplate":"https:\/\/permbledhja.com\/?s={search_term_string}"},"query-input":"required name=search_term_string"}],"inLanguage":"sq"},{"@type":"Organization","@id":"https:\/\/permbledhja.com\/#organization","name":"MK Media & Pr","url":"https:\/\/permbledhja.com\/","logo":{"@type":"ImageObject","inLanguage":"sq","@id":"https:\/\/permbledhja.com\/#\/schema\/logo\/image\/","url":"https:\/\/permbledhja.com\/wp-content\/uploads\/2021\/12\/07-Press-Logo.jpg","contentUrl":"https:\/\/permbledhja.com\/wp-content\/uploads\/2021\/12\/07-Press-Logo.jpg","width":512,"height":512,"caption":"MK Media & Pr"},"image":{"@id":"https:\/\/permbledhja.com\/#\/schema\/logo\/image\/"},"sameAs":["https:\/\/www.facebook.com\/press07\/"]},{"@type":"Person","@id":"https:\/\/permbledhja.com\/#\/schema\/person\/0d064377258d3221e50693947b9eb4fe","name":"P\u00ebrmbledhja","image":{"@type":"ImageObject","inLanguage":"sq","@id":"https:\/\/permbledhja.com\/#\/schema\/person\/image\/","url":"https:\/\/permbledhja.com\/wp-content\/uploads\/2026\/01\/452004717_1040944174702970_8932037511805513407_n-96x96.jpg","contentUrl":"https:\/\/permbledhja.com\/wp-content\/uploads\/2026\/01\/452004717_1040944174702970_8932037511805513407_n-96x96.jpg","caption":"P\u00ebrmbledhja"},"sameAs":["https:\/\/www.facebook.com\/kafexhiu.muharrem\/","https:\/\/www.instagram.com\/muharrem_kafexhiu\/"],"url":"https:\/\/permbledhja.com\/sq\/author\/admin\/"}]}},"_links":{"self":[{"href":"https:\/\/permbledhja.com\/sq\/wp-json\/wp\/v2\/posts\/16888"}],"collection":[{"href":"https:\/\/permbledhja.com\/sq\/wp-json\/wp\/v2\/posts"}],"about":[{"href":"https:\/\/permbledhja.com\/sq\/wp-json\/wp\/v2\/types\/post"}],"author":[{"embeddable":true,"href":"https:\/\/permbledhja.com\/sq\/wp-json\/wp\/v2\/users\/1"}],"replies":[{"embeddable":true,"href":"https:\/\/permbledhja.com\/sq\/wp-json\/wp\/v2\/comments?post=16888"}],"version-history":[{"count":1,"href":"https:\/\/permbledhja.com\/sq\/wp-json\/wp\/v2\/posts\/16888\/revisions"}],"predecessor-version":[{"id":16889,"href":"https:\/\/permbledhja.com\/sq\/wp-json\/wp\/v2\/posts\/16888\/revisions\/16889"}],"wp:featuredmedia":[{"embeddable":true,"href":"https:\/\/permbledhja.com\/sq\/wp-json\/wp\/v2\/media\/8417"}],"wp:attachment":[{"href":"https:\/\/permbledhja.com\/sq\/wp-json\/wp\/v2\/media?parent=16888"}],"wp:term":[{"taxonomy":"category","embeddable":true,"href":"https:\/\/permbledhja.com\/sq\/wp-json\/wp\/v2\/categories?post=16888"},{"taxonomy":"post_tag","embeddable":true,"href":"https:\/\/permbledhja.com\/sq\/wp-json\/wp\/v2\/tags?post=16888"}],"curies":[{"name":"wp","href":"https:\/\/api.w.org\/{rel}","templated":true}]}}