{"id":16851,"date":"2023-06-22T14:02:15","date_gmt":"2023-06-22T14:02:15","guid":{"rendered":"https:\/\/permbledhja.com\/?p=16851"},"modified":"2023-06-22T14:02:15","modified_gmt":"2023-06-22T14:02:15","slug":"arbk-suspendon-serish-certifikaten-e-biznesit-te-klan-kosova","status":"publish","type":"post","link":"https:\/\/permbledhja.com\/sq\/arbk-suspendon-serish-certifikaten-e-biznesit-te-klan-kosova\/","title":{"rendered":"ARBK suspendon s\u00ebrish certifikat\u00ebn e biznesit t\u00eb Klan Kosova"},"content":{"rendered":"<p><strong>Nj\u00eb vendim i ri sot nga Agjencia p\u00ebr Regjistrimin e Bizneseve t\u00eb Kosov\u00ebs (ARBK) ka njoftuar se \u00ebsht\u00eb anuluar vendimi i nj\u00eb dite m\u00eb par\u00eb, i cili anulonte vendimin p\u00ebr pezullimin e certifikat\u00ebs s\u00eb biznesit Klan Kosova Sh.P.K.<\/strong><\/p>\n<p>N\u00eb k\u00ebt\u00eb vendim, theksohet se ushtruesja e detyr\u00ebs s\u00eb drejtoresh\u00ebs Pranvera Prestreshi \u00ebsht\u00eb z\u00ebn\u00eb n\u00ebn rrethana t\u00eb konfliktit t\u00eb interesit, meq\u00eb ka familjar nj\u00eb avokat q\u00eb, sipas ARBK-s\u00eb, punon p\u00ebr Klan Kosova, fakt i cili nuk q\u00ebndron.<\/p>\n<p>Sipas informatave nga media tjera, znj. Prestreshi \u00ebsht\u00eb shkarkuar nga pozita e u.d. drejtoresh\u00ebs, kurse n\u00eb vend t\u00eb saj \u00ebsht\u00eb em\u00ebruar znj. Lebibe Haliti, q\u00eb \u00ebsht\u00eb motra e deputetit t\u00eb L\u00ebvizjes \u201cVet\u00ebvendosje!\u201d, Enver Haliti.<\/p>\n<p>Vendimi ka edhe k\u00ebshill\u00ebn juridike, n\u00eb t\u00eb cil\u00ebn thuhet se \u201cpala e pak\u00ebnaqur mund t\u00eb ushtroj\u00eb ankes\u00eb n\u00eb Komisionin p\u00ebr Shqytimin e Ankesave p\u00ebr Regjistrimin e Bizneseve n\u00eb kuad\u00ebr t\u00eb Ministris\u00eb s\u00eb Industris\u00eb, Nd\u00ebrmarr\u00ebsis\u00eb dhe Tregtis\u00eb, brenda afatit prej 30 dit\u00ebsh nga dita e pranimit t\u00eb Vendimit\u201d.<\/p>\n<p>Klan Kosova ka shprehur habin\u00eb me k\u00ebt\u00eb vendim t\u00eb ri t\u00eb ARBK-s\u00eb, brenda m\u00eb pak se 24 or\u00eb prej vendimit t\u00eb par\u00eb dhe do t\u00eb nd\u00ebrmarr\u00eb t\u00eb gjith\u00eb hapat ligjor\u00eb q\u00eb ta kthej\u00eb ligjshm\u00ebrin\u00eb n\u00eb k\u00ebt\u00eb \u00e7\u00ebshtje.<\/p>\n<p>Nj\u00ebkoh\u00ebsisht, Klan Kosova vazhdon t\u00eb besoj\u00eb se veprimet e dit\u00ebve t\u00eb fundit, si dhe ky i sotmi, jan\u00eb tendenc\u00eb e qart\u00eb p\u00ebr t\u00eb pamund\u00ebsuar veprimin e medias s\u00eb pavarur dhe shprehjes s\u00eb fjal\u00ebs s\u00eb lir\u00eb. Klan Kosova, si dhe deri m\u00eb tash, edhe p\u00ebr k\u00ebt\u00eb hap do t\u2019i njoftoj\u00eb t\u00eb gjitha organizatat dhe institucionet e medias dhe gazetar\u00ebve n\u00eb vend dhe n\u00eb bot\u00eb, p\u00ebrfaq\u00ebsit\u00eb diplomatike dhe misionet nd\u00ebrkomb\u00ebtare t\u00eb akredituara n\u00eb Kosov\u00eb.<\/p>\n","protected":false},"excerpt":{"rendered":"<p>Nj\u00eb vendim i ri sot nga Agjencia p\u00ebr Regjistrimin e Bizneseve t\u00eb Kosov\u00ebs (ARBK) ka njoftuar se \u00ebsht\u00eb anuluar vendimi i nj\u00eb dite m\u00eb par\u00eb, i cili anulonte vendimin p\u00ebr pezullimin e certifikat\u00ebs s\u00eb biznesit Klan Kosova Sh.P.K. N\u00eb k\u00ebt\u00eb vendim, theksohet se ushtruesja e detyr\u00ebs s\u00eb drejtoresh\u00ebs Pranvera Prestreshi \u00ebsht\u00eb z\u00ebn\u00eb n\u00ebn rrethana t\u00eb [&hellip;]<\/p>\n","protected":false},"author":1,"featured_media":16247,"comment_status":"closed","ping_status":"closed","sticky":false,"template":"","format":"standard","meta":{"_monsterinsights_skip_tracking":false,"_monsterinsights_sitenote_active":false,"_monsterinsights_sitenote_note":"","_monsterinsights_sitenote_category":0,"_uf_show_specific_survey":0,"_uf_disable_surveys":false,"footnotes":""},"categories":[1],"tags":[1249],"yoast_head":"<!-- This site is optimized with the Yoast SEO plugin v21.5 - https:\/\/yoast.com\/wordpress\/plugins\/seo\/ -->\n<title>ARBK suspendon s\u00ebrish certifikat\u00ebn e biznesit t\u00eb Klan Kosova<\/title>\n<meta name=\"robots\" content=\"index, follow, max-snippet:-1, max-image-preview:large, max-video-preview:-1\" \/>\n<link rel=\"canonical\" href=\"https:\/\/permbledhja.com\/sq\/arbk-suspendon-serish-certifikaten-e-biznesit-te-klan-kosova\/\" \/>\n<meta property=\"og:locale\" content=\"sq_AL\" \/>\n<meta property=\"og:type\" content=\"article\" \/>\n<meta property=\"og:title\" content=\"ARBK suspendon s\u00ebrish certifikat\u00ebn e biznesit t\u00eb Klan Kosova\" \/>\n<meta property=\"og:description\" content=\"Nj\u00eb vendim i ri sot nga Agjencia p\u00ebr Regjistrimin e Bizneseve t\u00eb Kosov\u00ebs (ARBK) ka njoftuar se \u00ebsht\u00eb anuluar vendimi i nj\u00eb dite m\u00eb par\u00eb, i cili anulonte vendimin p\u00ebr pezullimin e certifikat\u00ebs s\u00eb biznesit Klan Kosova Sh.P.K. N\u00eb k\u00ebt\u00eb vendim, theksohet se ushtruesja e detyr\u00ebs s\u00eb drejtoresh\u00ebs Pranvera Prestreshi \u00ebsht\u00eb z\u00ebn\u00eb n\u00ebn rrethana t\u00eb [&hellip;]\" \/>\n<meta property=\"og:url\" content=\"https:\/\/permbledhja.com\/sq\/arbk-suspendon-serish-certifikaten-e-biznesit-te-klan-kosova\/\" \/>\n<meta property=\"og:site_name\" content=\"Ve\u00e7 artikuj p\u00ebrmbledh\u00ebs\" \/>\n<meta property=\"article:publisher\" content=\"https:\/\/www.facebook.com\/press07\/\" \/>\n<meta property=\"article:author\" content=\"https:\/\/www.facebook.com\/kafexhiu.muharrem\/\" \/>\n<meta property=\"article:published_time\" content=\"2023-06-22T14:02:15+00:00\" \/>\n<meta property=\"og:image\" content=\"https:\/\/permbledhja.com\/wp-content\/uploads\/2023\/06\/Untitled-design-3.jpg\" \/>\n\t<meta property=\"og:image:width\" content=\"1920\" \/>\n\t<meta property=\"og:image:height\" content=\"1080\" \/>\n\t<meta property=\"og:image:type\" content=\"image\/jpeg\" \/>\n<meta name=\"author\" content=\"P\u00ebrmbledhja\" \/>\n<meta name=\"twitter:card\" content=\"summary_large_image\" \/>\n<meta name=\"twitter:label1\" content=\"Written by\" \/>\n\t<meta name=\"twitter:data1\" content=\"P\u00ebrmbledhja\" \/>\n\t<meta name=\"twitter:label2\" content=\"Est. reading time\" \/>\n\t<meta name=\"twitter:data2\" content=\"2 minuta\" \/>\n<script type=\"application\/ld+json\" class=\"yoast-schema-graph\">{\"@context\":\"https:\/\/schema.org\",\"@graph\":[{\"@type\":\"Article\",\"@id\":\"https:\/\/permbledhja.com\/sq\/arbk-suspendon-serish-certifikaten-e-biznesit-te-klan-kosova\/#article\",\"isPartOf\":{\"@id\":\"https:\/\/permbledhja.com\/sq\/arbk-suspendon-serish-certifikaten-e-biznesit-te-klan-kosova\/\"},\"author\":{\"name\":\"P\u00ebrmbledhja\",\"@id\":\"https:\/\/permbledhja.com\/#\/schema\/person\/0d064377258d3221e50693947b9eb4fe\"},\"headline\":\"ARBK suspendon s\u00ebrish certifikat\u00ebn e biznesit t\u00eb Klan Kosova\",\"datePublished\":\"2023-06-22T14:02:15+00:00\",\"dateModified\":\"2023-06-22T14:02:15+00:00\",\"mainEntityOfPage\":{\"@id\":\"https:\/\/permbledhja.com\/sq\/arbk-suspendon-serish-certifikaten-e-biznesit-te-klan-kosova\/\"},\"wordCount\":320,\"publisher\":{\"@id\":\"https:\/\/permbledhja.com\/#organization\"},\"keywords\":[\"Klan Kosova\"],\"articleSection\":[\"Breaking News\"],\"inLanguage\":\"sq\"},{\"@type\":\"WebPage\",\"@id\":\"https:\/\/permbledhja.com\/sq\/arbk-suspendon-serish-certifikaten-e-biznesit-te-klan-kosova\/\",\"url\":\"https:\/\/permbledhja.com\/sq\/arbk-suspendon-serish-certifikaten-e-biznesit-te-klan-kosova\/\",\"name\":\"ARBK suspendon s\u00ebrish certifikat\u00ebn e biznesit t\u00eb Klan Kosova\",\"isPartOf\":{\"@id\":\"https:\/\/permbledhja.com\/#website\"},\"datePublished\":\"2023-06-22T14:02:15+00:00\",\"dateModified\":\"2023-06-22T14:02:15+00:00\",\"breadcrumb\":{\"@id\":\"https:\/\/permbledhja.com\/sq\/arbk-suspendon-serish-certifikaten-e-biznesit-te-klan-kosova\/#breadcrumb\"},\"inLanguage\":\"sq\",\"potentialAction\":[{\"@type\":\"ReadAction\",\"target\":[\"https:\/\/permbledhja.com\/sq\/arbk-suspendon-serish-certifikaten-e-biznesit-te-klan-kosova\/\"]}]},{\"@type\":\"BreadcrumbList\",\"@id\":\"https:\/\/permbledhja.com\/sq\/arbk-suspendon-serish-certifikaten-e-biznesit-te-klan-kosova\/#breadcrumb\",\"itemListElement\":[{\"@type\":\"ListItem\",\"position\":1,\"name\":\"Ballina\",\"item\":\"https:\/\/permbledhja.com\/sq\/\"},{\"@type\":\"ListItem\",\"position\":2,\"name\":\"ARBK suspendon s\u00ebrish certifikat\u00ebn e biznesit t\u00eb Klan Kosova\"}]},{\"@type\":\"WebSite\",\"@id\":\"https:\/\/permbledhja.com\/#website\",\"url\":\"https:\/\/permbledhja.com\/\",\"name\":\"Ve\u00e7 artikuj p\u00ebrmbledh\u00ebs\",\"description\":\"\",\"publisher\":{\"@id\":\"https:\/\/permbledhja.com\/#organization\"},\"potentialAction\":[{\"@type\":\"SearchAction\",\"target\":{\"@type\":\"EntryPoint\",\"urlTemplate\":\"https:\/\/permbledhja.com\/?s={search_term_string}\"},\"query-input\":\"required name=search_term_string\"}],\"inLanguage\":\"sq\"},{\"@type\":\"Organization\",\"@id\":\"https:\/\/permbledhja.com\/#organization\",\"name\":\"MK Media & Pr\",\"url\":\"https:\/\/permbledhja.com\/\",\"logo\":{\"@type\":\"ImageObject\",\"inLanguage\":\"sq\",\"@id\":\"https:\/\/permbledhja.com\/#\/schema\/logo\/image\/\",\"url\":\"https:\/\/permbledhja.com\/wp-content\/uploads\/2021\/12\/07-Press-Logo.jpg\",\"contentUrl\":\"https:\/\/permbledhja.com\/wp-content\/uploads\/2021\/12\/07-Press-Logo.jpg\",\"width\":512,\"height\":512,\"caption\":\"MK Media & Pr\"},\"image\":{\"@id\":\"https:\/\/permbledhja.com\/#\/schema\/logo\/image\/\"},\"sameAs\":[\"https:\/\/www.facebook.com\/press07\/\"]},{\"@type\":\"Person\",\"@id\":\"https:\/\/permbledhja.com\/#\/schema\/person\/0d064377258d3221e50693947b9eb4fe\",\"name\":\"P\u00ebrmbledhja\",\"image\":{\"@type\":\"ImageObject\",\"inLanguage\":\"sq\",\"@id\":\"https:\/\/permbledhja.com\/#\/schema\/person\/image\/\",\"url\":\"https:\/\/permbledhja.com\/wp-content\/uploads\/2026\/01\/452004717_1040944174702970_8932037511805513407_n-96x96.jpg\",\"contentUrl\":\"https:\/\/permbledhja.com\/wp-content\/uploads\/2026\/01\/452004717_1040944174702970_8932037511805513407_n-96x96.jpg\",\"caption\":\"P\u00ebrmbledhja\"},\"sameAs\":[\"https:\/\/www.facebook.com\/kafexhiu.muharrem\/\",\"https:\/\/www.instagram.com\/muharrem_kafexhiu\/\"],\"url\":\"https:\/\/permbledhja.com\/sq\/author\/admin\/\"}]}<\/script>\n<!-- \/ Yoast SEO plugin. -->","yoast_head_json":{"title":"ARBK suspendon s\u00ebrish certifikat\u00ebn e biznesit t\u00eb Klan Kosova","robots":{"index":"index","follow":"follow","max-snippet":"max-snippet:-1","max-image-preview":"max-image-preview:large","max-video-preview":"max-video-preview:-1"},"canonical":"https:\/\/permbledhja.com\/sq\/arbk-suspendon-serish-certifikaten-e-biznesit-te-klan-kosova\/","og_locale":"sq_AL","og_type":"article","og_title":"ARBK suspendon s\u00ebrish certifikat\u00ebn e biznesit t\u00eb Klan Kosova","og_description":"Nj\u00eb vendim i ri sot nga Agjencia p\u00ebr Regjistrimin e Bizneseve t\u00eb Kosov\u00ebs (ARBK) ka njoftuar se \u00ebsht\u00eb anuluar vendimi i nj\u00eb dite m\u00eb par\u00eb, i cili anulonte vendimin p\u00ebr pezullimin e certifikat\u00ebs s\u00eb biznesit Klan Kosova Sh.P.K. N\u00eb k\u00ebt\u00eb vendim, theksohet se ushtruesja e detyr\u00ebs s\u00eb drejtoresh\u00ebs Pranvera Prestreshi \u00ebsht\u00eb z\u00ebn\u00eb n\u00ebn rrethana t\u00eb [&hellip;]","og_url":"https:\/\/permbledhja.com\/sq\/arbk-suspendon-serish-certifikaten-e-biznesit-te-klan-kosova\/","og_site_name":"Ve\u00e7 artikuj p\u00ebrmbledh\u00ebs","article_publisher":"https:\/\/www.facebook.com\/press07\/","article_author":"https:\/\/www.facebook.com\/kafexhiu.muharrem\/","article_published_time":"2023-06-22T14:02:15+00:00","og_image":[{"width":1920,"height":1080,"url":"https:\/\/permbledhja.com\/wp-content\/uploads\/2023\/06\/Untitled-design-3.jpg","type":"image\/jpeg"}],"author":"P\u00ebrmbledhja","twitter_card":"summary_large_image","twitter_misc":{"Written by":"P\u00ebrmbledhja","Est. reading time":"2 minuta"},"schema":{"@context":"https:\/\/schema.org","@graph":[{"@type":"Article","@id":"https:\/\/permbledhja.com\/sq\/arbk-suspendon-serish-certifikaten-e-biznesit-te-klan-kosova\/#article","isPartOf":{"@id":"https:\/\/permbledhja.com\/sq\/arbk-suspendon-serish-certifikaten-e-biznesit-te-klan-kosova\/"},"author":{"name":"P\u00ebrmbledhja","@id":"https:\/\/permbledhja.com\/#\/schema\/person\/0d064377258d3221e50693947b9eb4fe"},"headline":"ARBK suspendon s\u00ebrish certifikat\u00ebn e biznesit t\u00eb Klan Kosova","datePublished":"2023-06-22T14:02:15+00:00","dateModified":"2023-06-22T14:02:15+00:00","mainEntityOfPage":{"@id":"https:\/\/permbledhja.com\/sq\/arbk-suspendon-serish-certifikaten-e-biznesit-te-klan-kosova\/"},"wordCount":320,"publisher":{"@id":"https:\/\/permbledhja.com\/#organization"},"keywords":["Klan Kosova"],"articleSection":["Breaking News"],"inLanguage":"sq"},{"@type":"WebPage","@id":"https:\/\/permbledhja.com\/sq\/arbk-suspendon-serish-certifikaten-e-biznesit-te-klan-kosova\/","url":"https:\/\/permbledhja.com\/sq\/arbk-suspendon-serish-certifikaten-e-biznesit-te-klan-kosova\/","name":"ARBK suspendon s\u00ebrish certifikat\u00ebn e biznesit t\u00eb Klan Kosova","isPartOf":{"@id":"https:\/\/permbledhja.com\/#website"},"datePublished":"2023-06-22T14:02:15+00:00","dateModified":"2023-06-22T14:02:15+00:00","breadcrumb":{"@id":"https:\/\/permbledhja.com\/sq\/arbk-suspendon-serish-certifikaten-e-biznesit-te-klan-kosova\/#breadcrumb"},"inLanguage":"sq","potentialAction":[{"@type":"ReadAction","target":["https:\/\/permbledhja.com\/sq\/arbk-suspendon-serish-certifikaten-e-biznesit-te-klan-kosova\/"]}]},{"@type":"BreadcrumbList","@id":"https:\/\/permbledhja.com\/sq\/arbk-suspendon-serish-certifikaten-e-biznesit-te-klan-kosova\/#breadcrumb","itemListElement":[{"@type":"ListItem","position":1,"name":"Ballina","item":"https:\/\/permbledhja.com\/sq\/"},{"@type":"ListItem","position":2,"name":"ARBK suspendon s\u00ebrish certifikat\u00ebn e biznesit t\u00eb Klan Kosova"}]},{"@type":"WebSite","@id":"https:\/\/permbledhja.com\/#website","url":"https:\/\/permbledhja.com\/","name":"Ve\u00e7 artikuj p\u00ebrmbledh\u00ebs","description":"","publisher":{"@id":"https:\/\/permbledhja.com\/#organization"},"potentialAction":[{"@type":"SearchAction","target":{"@type":"EntryPoint","urlTemplate":"https:\/\/permbledhja.com\/?s={search_term_string}"},"query-input":"required name=search_term_string"}],"inLanguage":"sq"},{"@type":"Organization","@id":"https:\/\/permbledhja.com\/#organization","name":"MK Media & Pr","url":"https:\/\/permbledhja.com\/","logo":{"@type":"ImageObject","inLanguage":"sq","@id":"https:\/\/permbledhja.com\/#\/schema\/logo\/image\/","url":"https:\/\/permbledhja.com\/wp-content\/uploads\/2021\/12\/07-Press-Logo.jpg","contentUrl":"https:\/\/permbledhja.com\/wp-content\/uploads\/2021\/12\/07-Press-Logo.jpg","width":512,"height":512,"caption":"MK Media & Pr"},"image":{"@id":"https:\/\/permbledhja.com\/#\/schema\/logo\/image\/"},"sameAs":["https:\/\/www.facebook.com\/press07\/"]},{"@type":"Person","@id":"https:\/\/permbledhja.com\/#\/schema\/person\/0d064377258d3221e50693947b9eb4fe","name":"P\u00ebrmbledhja","image":{"@type":"ImageObject","inLanguage":"sq","@id":"https:\/\/permbledhja.com\/#\/schema\/person\/image\/","url":"https:\/\/permbledhja.com\/wp-content\/uploads\/2026\/01\/452004717_1040944174702970_8932037511805513407_n-96x96.jpg","contentUrl":"https:\/\/permbledhja.com\/wp-content\/uploads\/2026\/01\/452004717_1040944174702970_8932037511805513407_n-96x96.jpg","caption":"P\u00ebrmbledhja"},"sameAs":["https:\/\/www.facebook.com\/kafexhiu.muharrem\/","https:\/\/www.instagram.com\/muharrem_kafexhiu\/"],"url":"https:\/\/permbledhja.com\/sq\/author\/admin\/"}]}},"_links":{"self":[{"href":"https:\/\/permbledhja.com\/sq\/wp-json\/wp\/v2\/posts\/16851"}],"collection":[{"href":"https:\/\/permbledhja.com\/sq\/wp-json\/wp\/v2\/posts"}],"about":[{"href":"https:\/\/permbledhja.com\/sq\/wp-json\/wp\/v2\/types\/post"}],"author":[{"embeddable":true,"href":"https:\/\/permbledhja.com\/sq\/wp-json\/wp\/v2\/users\/1"}],"replies":[{"embeddable":true,"href":"https:\/\/permbledhja.com\/sq\/wp-json\/wp\/v2\/comments?post=16851"}],"version-history":[{"count":1,"href":"https:\/\/permbledhja.com\/sq\/wp-json\/wp\/v2\/posts\/16851\/revisions"}],"predecessor-version":[{"id":16852,"href":"https:\/\/permbledhja.com\/sq\/wp-json\/wp\/v2\/posts\/16851\/revisions\/16852"}],"wp:featuredmedia":[{"embeddable":true,"href":"https:\/\/permbledhja.com\/sq\/wp-json\/wp\/v2\/media\/16247"}],"wp:attachment":[{"href":"https:\/\/permbledhja.com\/sq\/wp-json\/wp\/v2\/media?parent=16851"}],"wp:term":[{"taxonomy":"category","embeddable":true,"href":"https:\/\/permbledhja.com\/sq\/wp-json\/wp\/v2\/categories?post=16851"},{"taxonomy":"post_tag","embeddable":true,"href":"https:\/\/permbledhja.com\/sq\/wp-json\/wp\/v2\/tags?post=16851"}],"curies":[{"name":"wp","href":"https:\/\/api.w.org\/{rel}","templated":true}]}}