{"id":16849,"date":"2023-06-22T12:32:42","date_gmt":"2023-06-22T12:32:42","guid":{"rendered":"https:\/\/permbledhja.com\/?p=16849"},"modified":"2023-06-22T12:32:42","modified_gmt":"2023-06-22T12:32:42","slug":"pdk-e-refuzon-ftesen-e-presidentes-osmani-per-takim","status":"publish","type":"post","link":"https:\/\/permbledhja.com\/sq\/pdk-e-refuzon-ftesen-e-presidentes-osmani-per-takim\/","title":{"rendered":"PDK e refuzon ftes\u00ebn e presidentes Osmani p\u00ebr takim"},"content":{"rendered":"<p>Kryetari i Partis\u00eb Demokratike t\u00eb Kosov\u00ebs, Memli Krasniqi ka konfirmuar se ka pranuar nj\u00eb ftes\u00eb p\u00ebr takim nga presidentja Vjoa Osmani, pas iniciativ\u00ebs s\u00eb kreut t\u00eb AAK-s\u00eb, Ramush Haradinaj.<\/p>\n<p>Megjithat\u00eb, Krasniqi ka b\u00ebr\u00eb t\u00eb ditur se t\u00eb nj\u00ebjt\u00ebn e ka refuzuar, p\u00ebr shkak t\u00eb \u201cheshtjes dhe neglizhenc\u00ebs s\u00eb Osmanit n\u00eb obligimin e saj kushtetues p\u00ebr t\u00eb garantuar unitetin qytetar\u201d.<\/p>\n<p>\u201cNd\u00ebrkoh\u00eb, gjat\u00eb k\u00ebtyre dit\u00ebve t\u00eb v\u00ebshtira p\u00ebr Kosov\u00ebn, me indinjat\u00eb kam v\u00ebrejtur se Presidentja ka q\u00ebndruar e heshtur dhe ka neglizhuar obligimin e saj kushtetues p\u00ebr t\u00eb garantuar unitetin qytetar, p\u00ebr t\u00eb ruajtur marr\u00ebdh\u00ebniet me partner\u00ebt strategjik\u00eb nd\u00ebrkomb\u00ebtar\u00eb dhe p\u00ebr t\u00eb vepruar si institucion mbi pal\u00ebt. Prandaj, duke u nisur nga k\u00ebto, por edhe arsye t\u00eb tjera q\u00eb i kam shtjelluar n\u00eb letr\u00ebn e p\u00ebrgjigjes sime, e kam par\u00eb t\u00eb udh\u00ebs q\u00eb ta refuzoj pjes\u00ebmarrjen n\u00eb k\u00ebt\u00eb takim.\u201d \u2013 ka th\u00ebn\u00eb ai.<\/p>\n<p><iframe loading=\"lazy\" src=\"https:\/\/www.facebook.com\/plugins\/post.php?href=https%3A%2F%2Fwww.facebook.com%2Fmemli.krasniqi%2Fposts%2Fpfbid096zejAXXQK5ahbnVGE9cC76EuN6NCwgJwMw7iDUjGUkYBz9gAz87uW9heJM1izuLl&#038;show_text=true&#038;width=500\" width=\"500\" height=\"793\" style=\"border:none;overflow:hidden\" scrolling=\"no\" frameborder=\"0\" allowfullscreen=\"true\" allow=\"autoplay; clipboard-write; encrypted-media; picture-in-picture; web-share\"><\/iframe><\/p>\n","protected":false},"excerpt":{"rendered":"<p>Kryetari i Partis\u00eb Demokratike t\u00eb Kosov\u00ebs, Memli Krasniqi ka konfirmuar se ka pranuar nj\u00eb ftes\u00eb p\u00ebr takim nga presidentja Vjoa Osmani, pas iniciativ\u00ebs s\u00eb kreut t\u00eb AAK-s\u00eb, Ramush Haradinaj. Megjithat\u00eb, Krasniqi ka b\u00ebr\u00eb t\u00eb ditur se t\u00eb nj\u00ebjt\u00ebn e ka refuzuar, p\u00ebr shkak t\u00eb \u201cheshtjes dhe neglizhenc\u00ebs s\u00eb Osmanit n\u00eb obligimin e saj kushtetues p\u00ebr [&hellip;]<\/p>\n","protected":false},"author":1,"featured_media":9029,"comment_status":"closed","ping_status":"closed","sticky":false,"template":"","format":"standard","meta":{"_monsterinsights_skip_tracking":false,"_monsterinsights_sitenote_active":false,"_monsterinsights_sitenote_note":"","_monsterinsights_sitenote_category":0,"_uf_show_specific_survey":0,"_uf_disable_surveys":false,"footnotes":""},"categories":[23,15],"tags":[137],"yoast_head":"<!-- This site is optimized with the Yoast SEO plugin v21.5 - https:\/\/yoast.com\/wordpress\/plugins\/seo\/ -->\n<title>PDK e refuzon ftes\u00ebn e presidentes Osmani p\u00ebr takim<\/title>\n<meta name=\"robots\" content=\"index, follow, max-snippet:-1, max-image-preview:large, max-video-preview:-1\" \/>\n<link rel=\"canonical\" href=\"https:\/\/permbledhja.com\/sq\/pdk-e-refuzon-ftesen-e-presidentes-osmani-per-takim\/\" \/>\n<meta property=\"og:locale\" content=\"sq_AL\" \/>\n<meta property=\"og:type\" content=\"article\" \/>\n<meta property=\"og:title\" content=\"PDK e refuzon ftes\u00ebn e presidentes Osmani p\u00ebr takim\" \/>\n<meta property=\"og:description\" content=\"Kryetari i Partis\u00eb Demokratike t\u00eb Kosov\u00ebs, Memli Krasniqi ka konfirmuar se ka pranuar nj\u00eb ftes\u00eb p\u00ebr takim nga presidentja Vjoa Osmani, pas iniciativ\u00ebs s\u00eb kreut t\u00eb AAK-s\u00eb, Ramush Haradinaj. Megjithat\u00eb, Krasniqi ka b\u00ebr\u00eb t\u00eb ditur se t\u00eb nj\u00ebjt\u00ebn e ka refuzuar, p\u00ebr shkak t\u00eb \u201cheshtjes dhe neglizhenc\u00ebs s\u00eb Osmanit n\u00eb obligimin e saj kushtetues p\u00ebr [&hellip;]\" \/>\n<meta property=\"og:url\" content=\"https:\/\/permbledhja.com\/sq\/pdk-e-refuzon-ftesen-e-presidentes-osmani-per-takim\/\" \/>\n<meta property=\"og:site_name\" content=\"Ve\u00e7 artikuj p\u00ebrmbledh\u00ebs\" \/>\n<meta property=\"article:publisher\" content=\"https:\/\/www.facebook.com\/press07\/\" \/>\n<meta property=\"article:author\" content=\"https:\/\/www.facebook.com\/kafexhiu.muharrem\/\" \/>\n<meta property=\"article:published_time\" content=\"2023-06-22T12:32:42+00:00\" \/>\n<meta property=\"og:image\" content=\"https:\/\/permbledhja.com\/wp-content\/uploads\/2022\/10\/Memli_Krasniqi.jpg\" \/>\n\t<meta property=\"og:image:width\" content=\"850\" \/>\n\t<meta property=\"og:image:height\" content=\"505\" \/>\n\t<meta property=\"og:image:type\" content=\"image\/jpeg\" \/>\n<meta name=\"author\" content=\"P\u00ebrmbledhja\" \/>\n<meta name=\"twitter:card\" content=\"summary_large_image\" \/>\n<meta name=\"twitter:label1\" content=\"Written by\" \/>\n\t<meta name=\"twitter:data1\" content=\"P\u00ebrmbledhja\" \/>\n\t<meta name=\"twitter:label2\" content=\"Est. reading time\" \/>\n\t<meta name=\"twitter:data2\" content=\"1 minut\u00eb\" \/>\n<script type=\"application\/ld+json\" class=\"yoast-schema-graph\">{\"@context\":\"https:\/\/schema.org\",\"@graph\":[{\"@type\":\"Article\",\"@id\":\"https:\/\/permbledhja.com\/pdk-e-refuzon-ftesen-e-presidentes-osmani-per-takim\/#article\",\"isPartOf\":{\"@id\":\"https:\/\/permbledhja.com\/pdk-e-refuzon-ftesen-e-presidentes-osmani-per-takim\/\"},\"author\":{\"name\":\"P\u00ebrmbledhja\",\"@id\":\"https:\/\/permbledhja.com\/#\/schema\/person\/0d064377258d3221e50693947b9eb4fe\"},\"headline\":\"PDK e refuzon ftes\u00ebn e presidentes Osmani p\u00ebr takim\",\"datePublished\":\"2023-06-22T12:32:42+00:00\",\"dateModified\":\"2023-06-22T12:32:42+00:00\",\"mainEntityOfPage\":{\"@id\":\"https:\/\/permbledhja.com\/pdk-e-refuzon-ftesen-e-presidentes-osmani-per-takim\/\"},\"wordCount\":184,\"publisher\":{\"@id\":\"https:\/\/permbledhja.com\/#organization\"},\"keywords\":[\"Memli Krasniqi\"],\"articleSection\":[\"Komb\u00ebtare\",\"Lajme\"],\"inLanguage\":\"sq\"},{\"@type\":\"WebPage\",\"@id\":\"https:\/\/permbledhja.com\/pdk-e-refuzon-ftesen-e-presidentes-osmani-per-takim\/\",\"url\":\"https:\/\/permbledhja.com\/pdk-e-refuzon-ftesen-e-presidentes-osmani-per-takim\/\",\"name\":\"PDK e refuzon ftes\u00ebn e presidentes Osmani p\u00ebr takim\",\"isPartOf\":{\"@id\":\"https:\/\/permbledhja.com\/#website\"},\"datePublished\":\"2023-06-22T12:32:42+00:00\",\"dateModified\":\"2023-06-22T12:32:42+00:00\",\"breadcrumb\":{\"@id\":\"https:\/\/permbledhja.com\/pdk-e-refuzon-ftesen-e-presidentes-osmani-per-takim\/#breadcrumb\"},\"inLanguage\":\"sq\",\"potentialAction\":[{\"@type\":\"ReadAction\",\"target\":[\"https:\/\/permbledhja.com\/pdk-e-refuzon-ftesen-e-presidentes-osmani-per-takim\/\"]}]},{\"@type\":\"BreadcrumbList\",\"@id\":\"https:\/\/permbledhja.com\/pdk-e-refuzon-ftesen-e-presidentes-osmani-per-takim\/#breadcrumb\",\"itemListElement\":[{\"@type\":\"ListItem\",\"position\":1,\"name\":\"Ballina\",\"item\":\"https:\/\/permbledhja.com\/sq\/\"},{\"@type\":\"ListItem\",\"position\":2,\"name\":\"PDK e refuzon ftes\u00ebn e presidentes Osmani p\u00ebr takim\"}]},{\"@type\":\"WebSite\",\"@id\":\"https:\/\/permbledhja.com\/#website\",\"url\":\"https:\/\/permbledhja.com\/\",\"name\":\"Ve\u00e7 artikuj p\u00ebrmbledh\u00ebs\",\"description\":\"\",\"publisher\":{\"@id\":\"https:\/\/permbledhja.com\/#organization\"},\"potentialAction\":[{\"@type\":\"SearchAction\",\"target\":{\"@type\":\"EntryPoint\",\"urlTemplate\":\"https:\/\/permbledhja.com\/?s={search_term_string}\"},\"query-input\":\"required name=search_term_string\"}],\"inLanguage\":\"sq\"},{\"@type\":\"Organization\",\"@id\":\"https:\/\/permbledhja.com\/#organization\",\"name\":\"MK Media & Pr\",\"url\":\"https:\/\/permbledhja.com\/\",\"logo\":{\"@type\":\"ImageObject\",\"inLanguage\":\"sq\",\"@id\":\"https:\/\/permbledhja.com\/#\/schema\/logo\/image\/\",\"url\":\"https:\/\/permbledhja.com\/wp-content\/uploads\/2021\/12\/07-Press-Logo.jpg\",\"contentUrl\":\"https:\/\/permbledhja.com\/wp-content\/uploads\/2021\/12\/07-Press-Logo.jpg\",\"width\":512,\"height\":512,\"caption\":\"MK Media & Pr\"},\"image\":{\"@id\":\"https:\/\/permbledhja.com\/#\/schema\/logo\/image\/\"},\"sameAs\":[\"https:\/\/www.facebook.com\/press07\/\"]},{\"@type\":\"Person\",\"@id\":\"https:\/\/permbledhja.com\/#\/schema\/person\/0d064377258d3221e50693947b9eb4fe\",\"name\":\"P\u00ebrmbledhja\",\"image\":{\"@type\":\"ImageObject\",\"inLanguage\":\"sq\",\"@id\":\"https:\/\/permbledhja.com\/#\/schema\/person\/image\/\",\"url\":\"https:\/\/permbledhja.com\/wp-content\/uploads\/2026\/01\/452004717_1040944174702970_8932037511805513407_n-96x96.jpg\",\"contentUrl\":\"https:\/\/permbledhja.com\/wp-content\/uploads\/2026\/01\/452004717_1040944174702970_8932037511805513407_n-96x96.jpg\",\"caption\":\"P\u00ebrmbledhja\"},\"sameAs\":[\"https:\/\/www.facebook.com\/kafexhiu.muharrem\/\",\"https:\/\/www.instagram.com\/muharrem_kafexhiu\/\"],\"url\":\"https:\/\/permbledhja.com\/sq\/author\/admin\/\"}]}<\/script>\n<!-- \/ Yoast SEO plugin. -->","yoast_head_json":{"title":"PDK e refuzon ftes\u00ebn e presidentes Osmani p\u00ebr takim","robots":{"index":"index","follow":"follow","max-snippet":"max-snippet:-1","max-image-preview":"max-image-preview:large","max-video-preview":"max-video-preview:-1"},"canonical":"https:\/\/permbledhja.com\/sq\/pdk-e-refuzon-ftesen-e-presidentes-osmani-per-takim\/","og_locale":"sq_AL","og_type":"article","og_title":"PDK e refuzon ftes\u00ebn e presidentes Osmani p\u00ebr takim","og_description":"Kryetari i Partis\u00eb Demokratike t\u00eb Kosov\u00ebs, Memli Krasniqi ka konfirmuar se ka pranuar nj\u00eb ftes\u00eb p\u00ebr takim nga presidentja Vjoa Osmani, pas iniciativ\u00ebs s\u00eb kreut t\u00eb AAK-s\u00eb, Ramush Haradinaj. Megjithat\u00eb, Krasniqi ka b\u00ebr\u00eb t\u00eb ditur se t\u00eb nj\u00ebjt\u00ebn e ka refuzuar, p\u00ebr shkak t\u00eb \u201cheshtjes dhe neglizhenc\u00ebs s\u00eb Osmanit n\u00eb obligimin e saj kushtetues p\u00ebr [&hellip;]","og_url":"https:\/\/permbledhja.com\/sq\/pdk-e-refuzon-ftesen-e-presidentes-osmani-per-takim\/","og_site_name":"Ve\u00e7 artikuj p\u00ebrmbledh\u00ebs","article_publisher":"https:\/\/www.facebook.com\/press07\/","article_author":"https:\/\/www.facebook.com\/kafexhiu.muharrem\/","article_published_time":"2023-06-22T12:32:42+00:00","og_image":[{"width":850,"height":505,"url":"https:\/\/permbledhja.com\/wp-content\/uploads\/2022\/10\/Memli_Krasniqi.jpg","type":"image\/jpeg"}],"author":"P\u00ebrmbledhja","twitter_card":"summary_large_image","twitter_misc":{"Written by":"P\u00ebrmbledhja","Est. reading time":"1 minut\u00eb"},"schema":{"@context":"https:\/\/schema.org","@graph":[{"@type":"Article","@id":"https:\/\/permbledhja.com\/pdk-e-refuzon-ftesen-e-presidentes-osmani-per-takim\/#article","isPartOf":{"@id":"https:\/\/permbledhja.com\/pdk-e-refuzon-ftesen-e-presidentes-osmani-per-takim\/"},"author":{"name":"P\u00ebrmbledhja","@id":"https:\/\/permbledhja.com\/#\/schema\/person\/0d064377258d3221e50693947b9eb4fe"},"headline":"PDK e refuzon ftes\u00ebn e presidentes Osmani p\u00ebr takim","datePublished":"2023-06-22T12:32:42+00:00","dateModified":"2023-06-22T12:32:42+00:00","mainEntityOfPage":{"@id":"https:\/\/permbledhja.com\/pdk-e-refuzon-ftesen-e-presidentes-osmani-per-takim\/"},"wordCount":184,"publisher":{"@id":"https:\/\/permbledhja.com\/#organization"},"keywords":["Memli Krasniqi"],"articleSection":["Komb\u00ebtare","Lajme"],"inLanguage":"sq"},{"@type":"WebPage","@id":"https:\/\/permbledhja.com\/pdk-e-refuzon-ftesen-e-presidentes-osmani-per-takim\/","url":"https:\/\/permbledhja.com\/pdk-e-refuzon-ftesen-e-presidentes-osmani-per-takim\/","name":"PDK e refuzon ftes\u00ebn e presidentes Osmani p\u00ebr takim","isPartOf":{"@id":"https:\/\/permbledhja.com\/#website"},"datePublished":"2023-06-22T12:32:42+00:00","dateModified":"2023-06-22T12:32:42+00:00","breadcrumb":{"@id":"https:\/\/permbledhja.com\/pdk-e-refuzon-ftesen-e-presidentes-osmani-per-takim\/#breadcrumb"},"inLanguage":"sq","potentialAction":[{"@type":"ReadAction","target":["https:\/\/permbledhja.com\/pdk-e-refuzon-ftesen-e-presidentes-osmani-per-takim\/"]}]},{"@type":"BreadcrumbList","@id":"https:\/\/permbledhja.com\/pdk-e-refuzon-ftesen-e-presidentes-osmani-per-takim\/#breadcrumb","itemListElement":[{"@type":"ListItem","position":1,"name":"Ballina","item":"https:\/\/permbledhja.com\/sq\/"},{"@type":"ListItem","position":2,"name":"PDK e refuzon ftes\u00ebn e presidentes Osmani p\u00ebr takim"}]},{"@type":"WebSite","@id":"https:\/\/permbledhja.com\/#website","url":"https:\/\/permbledhja.com\/","name":"Ve\u00e7 artikuj p\u00ebrmbledh\u00ebs","description":"","publisher":{"@id":"https:\/\/permbledhja.com\/#organization"},"potentialAction":[{"@type":"SearchAction","target":{"@type":"EntryPoint","urlTemplate":"https:\/\/permbledhja.com\/?s={search_term_string}"},"query-input":"required name=search_term_string"}],"inLanguage":"sq"},{"@type":"Organization","@id":"https:\/\/permbledhja.com\/#organization","name":"MK Media & Pr","url":"https:\/\/permbledhja.com\/","logo":{"@type":"ImageObject","inLanguage":"sq","@id":"https:\/\/permbledhja.com\/#\/schema\/logo\/image\/","url":"https:\/\/permbledhja.com\/wp-content\/uploads\/2021\/12\/07-Press-Logo.jpg","contentUrl":"https:\/\/permbledhja.com\/wp-content\/uploads\/2021\/12\/07-Press-Logo.jpg","width":512,"height":512,"caption":"MK Media & Pr"},"image":{"@id":"https:\/\/permbledhja.com\/#\/schema\/logo\/image\/"},"sameAs":["https:\/\/www.facebook.com\/press07\/"]},{"@type":"Person","@id":"https:\/\/permbledhja.com\/#\/schema\/person\/0d064377258d3221e50693947b9eb4fe","name":"P\u00ebrmbledhja","image":{"@type":"ImageObject","inLanguage":"sq","@id":"https:\/\/permbledhja.com\/#\/schema\/person\/image\/","url":"https:\/\/permbledhja.com\/wp-content\/uploads\/2026\/01\/452004717_1040944174702970_8932037511805513407_n-96x96.jpg","contentUrl":"https:\/\/permbledhja.com\/wp-content\/uploads\/2026\/01\/452004717_1040944174702970_8932037511805513407_n-96x96.jpg","caption":"P\u00ebrmbledhja"},"sameAs":["https:\/\/www.facebook.com\/kafexhiu.muharrem\/","https:\/\/www.instagram.com\/muharrem_kafexhiu\/"],"url":"https:\/\/permbledhja.com\/sq\/author\/admin\/"}]}},"_links":{"self":[{"href":"https:\/\/permbledhja.com\/sq\/wp-json\/wp\/v2\/posts\/16849"}],"collection":[{"href":"https:\/\/permbledhja.com\/sq\/wp-json\/wp\/v2\/posts"}],"about":[{"href":"https:\/\/permbledhja.com\/sq\/wp-json\/wp\/v2\/types\/post"}],"author":[{"embeddable":true,"href":"https:\/\/permbledhja.com\/sq\/wp-json\/wp\/v2\/users\/1"}],"replies":[{"embeddable":true,"href":"https:\/\/permbledhja.com\/sq\/wp-json\/wp\/v2\/comments?post=16849"}],"version-history":[{"count":1,"href":"https:\/\/permbledhja.com\/sq\/wp-json\/wp\/v2\/posts\/16849\/revisions"}],"predecessor-version":[{"id":16850,"href":"https:\/\/permbledhja.com\/sq\/wp-json\/wp\/v2\/posts\/16849\/revisions\/16850"}],"wp:featuredmedia":[{"embeddable":true,"href":"https:\/\/permbledhja.com\/sq\/wp-json\/wp\/v2\/media\/9029"}],"wp:attachment":[{"href":"https:\/\/permbledhja.com\/sq\/wp-json\/wp\/v2\/media?parent=16849"}],"wp:term":[{"taxonomy":"category","embeddable":true,"href":"https:\/\/permbledhja.com\/sq\/wp-json\/wp\/v2\/categories?post=16849"},{"taxonomy":"post_tag","embeddable":true,"href":"https:\/\/permbledhja.com\/sq\/wp-json\/wp\/v2\/tags?post=16849"}],"curies":[{"name":"wp","href":"https:\/\/api.w.org\/{rel}","templated":true}]}}