{"id":16838,"date":"2023-06-22T08:40:09","date_gmt":"2023-06-22T08:40:09","guid":{"rendered":"https:\/\/permbledhja.com\/?p=16838"},"modified":"2023-06-22T08:40:09","modified_gmt":"2023-06-22T08:40:09","slug":"dorezohet-vuciq-do-te-shkoj-ne-bruksel-por-nuk-do-te-flase-me-kurtin","status":"publish","type":"post","link":"https:\/\/permbledhja.com\/sq\/dorezohet-vuciq-do-te-shkoj-ne-bruksel-por-nuk-do-te-flase-me-kurtin\/","title":{"rendered":"Dor\u00ebzohet Vu\u00e7iq: Do t\u00eb shkoj n\u00eb Bruksel, por nuk do t\u00eb flas\u00eb me Kurtin"},"content":{"rendered":"<p>Presidenti i Serbis\u00eb, Aleksandar Vu\u00e7iq ka th\u00ebn\u00eb se do t\u2019i p\u00ebrgjigjet pozitivisht ftes\u00ebs s\u00eb shefit t\u00eb Politik\u00ebs s\u00eb Jashtme t\u00eb Bashkimit Evropian, Josep Borrell, por q\u00eb nuk flet me Kurtin n\u00eb asnj\u00eb m\u00ebnyr\u00eb.<\/p>\n<p>\u201cBiseda me t\u00eb nuk ka kuptim, ai na jep leksione p\u00ebr filozofin\u00eb, pak p\u00ebr Dema\u00e7in, pak p\u00ebr Marksin dhe kaq. Gjith\u00e7ka tjet\u00ebr ka t\u00eb b\u00ebj\u00eb me persekutimin e serb\u00ebve dhe ligj\u00ebratat p\u00ebr \u00e7\u00ebshtjet e brendshme politike\u201d, tha Vu\u00e7iq p\u00ebr median serbe RTS.<\/p>\n<p>Po sot, Borrell ka b\u00ebr\u00eb t\u00eb ditur se i ka thirrur p\u00ebr nj\u00eb takim urgjent n\u00eb Bruksel, kryeministrin e Kosov\u00ebs, Albin Kurti dhe presidentin e Serbis\u00eb, Aleksandar Vu\u00e7iq p\u00ebr t\u00eb gjetur nj\u00eb rrug\u00ebdalje p\u00ebr situat\u00ebn e tensionuar.<\/p>\n<p>N\u00ebp\u00ebrmjet nj\u00eb njoftimi n\u00eb Twitter, Borrell ja th\u00ebn\u00eb se \u00ebsht\u00eb nevoj\u00eb urgjente p\u00ebr deeskalim t\u00eb menj\u00ebhersh\u00ebm dhe zgjedhje t\u00eb reja n\u00eb veri t\u00eb Kosov\u00ebs.<\/p>\n","protected":false},"excerpt":{"rendered":"<p>Presidenti i Serbis\u00eb, Aleksandar Vu\u00e7iq ka th\u00ebn\u00eb se do t\u2019i p\u00ebrgjigjet pozitivisht ftes\u00ebs s\u00eb shefit t\u00eb Politik\u00ebs s\u00eb Jashtme t\u00eb Bashkimit Evropian, Josep Borrell, por q\u00eb nuk flet me Kurtin n\u00eb asnj\u00eb m\u00ebnyr\u00eb. \u201cBiseda me t\u00eb nuk ka kuptim, ai na jep leksione p\u00ebr filozofin\u00eb, pak p\u00ebr Dema\u00e7in, pak p\u00ebr Marksin dhe kaq. Gjith\u00e7ka tjet\u00ebr [&hellip;]<\/p>\n","protected":false},"author":1,"featured_media":16839,"comment_status":"closed","ping_status":"closed","sticky":false,"template":"","format":"standard","meta":{"_monsterinsights_skip_tracking":false,"_monsterinsights_sitenote_active":false,"_monsterinsights_sitenote_note":"","_monsterinsights_sitenote_category":0,"_uf_show_specific_survey":0,"_uf_disable_surveys":false,"footnotes":""},"categories":[1],"tags":[45,366],"yoast_head":"<!-- This site is optimized with the Yoast SEO plugin v21.5 - https:\/\/yoast.com\/wordpress\/plugins\/seo\/ -->\n<title>Dor\u00ebzohet Vu\u00e7iq: Do t\u00eb shkoj n\u00eb Bruksel, por nuk do t\u00eb flas\u00eb me Kurtin<\/title>\n<meta name=\"robots\" content=\"index, follow, max-snippet:-1, max-image-preview:large, max-video-preview:-1\" \/>\n<link rel=\"canonical\" href=\"https:\/\/permbledhja.com\/sq\/dorezohet-vuciq-do-te-shkoj-ne-bruksel-por-nuk-do-te-flase-me-kurtin\/\" \/>\n<meta property=\"og:locale\" content=\"sq_AL\" \/>\n<meta property=\"og:type\" content=\"article\" \/>\n<meta property=\"og:title\" content=\"Dor\u00ebzohet Vu\u00e7iq: Do t\u00eb shkoj n\u00eb Bruksel, por nuk do t\u00eb flas\u00eb me Kurtin\" \/>\n<meta property=\"og:description\" content=\"Presidenti i Serbis\u00eb, Aleksandar Vu\u00e7iq ka th\u00ebn\u00eb se do t\u2019i p\u00ebrgjigjet pozitivisht ftes\u00ebs s\u00eb shefit t\u00eb Politik\u00ebs s\u00eb Jashtme t\u00eb Bashkimit Evropian, Josep Borrell, por q\u00eb nuk flet me Kurtin n\u00eb asnj\u00eb m\u00ebnyr\u00eb. \u201cBiseda me t\u00eb nuk ka kuptim, ai na jep leksione p\u00ebr filozofin\u00eb, pak p\u00ebr Dema\u00e7in, pak p\u00ebr Marksin dhe kaq. Gjith\u00e7ka tjet\u00ebr [&hellip;]\" \/>\n<meta property=\"og:url\" content=\"https:\/\/permbledhja.com\/sq\/dorezohet-vuciq-do-te-shkoj-ne-bruksel-por-nuk-do-te-flase-me-kurtin\/\" \/>\n<meta property=\"og:site_name\" content=\"Ve\u00e7 artikuj p\u00ebrmbledh\u00ebs\" \/>\n<meta property=\"article:publisher\" content=\"https:\/\/www.facebook.com\/press07\/\" \/>\n<meta property=\"article:author\" content=\"https:\/\/www.facebook.com\/kafexhiu.muharrem\/\" \/>\n<meta property=\"article:published_time\" content=\"2023-06-22T08:40:09+00:00\" \/>\n<meta property=\"og:image\" content=\"https:\/\/permbledhja.com\/wp-content\/uploads\/2023\/06\/F1C6CD17-DC74-4F37-AC2B-181A4AF19209.png\" \/>\n\t<meta property=\"og:image:width\" content=\"800\" \/>\n\t<meta property=\"og:image:height\" content=\"450\" \/>\n\t<meta property=\"og:image:type\" content=\"image\/png\" \/>\n<meta name=\"author\" content=\"P\u00ebrmbledhja\" \/>\n<meta name=\"twitter:card\" content=\"summary_large_image\" \/>\n<meta name=\"twitter:label1\" content=\"Written by\" \/>\n\t<meta name=\"twitter:data1\" content=\"P\u00ebrmbledhja\" \/>\n\t<meta name=\"twitter:label2\" content=\"Est. reading time\" \/>\n\t<meta name=\"twitter:data2\" content=\"1 minut\u00eb\" \/>\n<script type=\"application\/ld+json\" class=\"yoast-schema-graph\">{\"@context\":\"https:\/\/schema.org\",\"@graph\":[{\"@type\":\"Article\",\"@id\":\"https:\/\/permbledhja.com\/sq\/dorezohet-vuciq-do-te-shkoj-ne-bruksel-por-nuk-do-te-flase-me-kurtin\/#article\",\"isPartOf\":{\"@id\":\"https:\/\/permbledhja.com\/sq\/dorezohet-vuciq-do-te-shkoj-ne-bruksel-por-nuk-do-te-flase-me-kurtin\/\"},\"author\":{\"name\":\"P\u00ebrmbledhja\",\"@id\":\"https:\/\/permbledhja.com\/#\/schema\/person\/0d064377258d3221e50693947b9eb4fe\"},\"headline\":\"Dor\u00ebzohet Vu\u00e7iq: Do t\u00eb shkoj n\u00eb Bruksel, por nuk do t\u00eb flas\u00eb me Kurtin\",\"datePublished\":\"2023-06-22T08:40:09+00:00\",\"dateModified\":\"2023-06-22T08:40:09+00:00\",\"mainEntityOfPage\":{\"@id\":\"https:\/\/permbledhja.com\/sq\/dorezohet-vuciq-do-te-shkoj-ne-bruksel-por-nuk-do-te-flase-me-kurtin\/\"},\"wordCount\":186,\"publisher\":{\"@id\":\"https:\/\/permbledhja.com\/#organization\"},\"keywords\":[\"Kurti\",\"Vu\u00e7iq\"],\"articleSection\":[\"Breaking News\"],\"inLanguage\":\"sq\"},{\"@type\":\"WebPage\",\"@id\":\"https:\/\/permbledhja.com\/sq\/dorezohet-vuciq-do-te-shkoj-ne-bruksel-por-nuk-do-te-flase-me-kurtin\/\",\"url\":\"https:\/\/permbledhja.com\/sq\/dorezohet-vuciq-do-te-shkoj-ne-bruksel-por-nuk-do-te-flase-me-kurtin\/\",\"name\":\"Dor\u00ebzohet Vu\u00e7iq: Do t\u00eb shkoj n\u00eb Bruksel, por nuk do t\u00eb flas\u00eb me Kurtin\",\"isPartOf\":{\"@id\":\"https:\/\/permbledhja.com\/#website\"},\"datePublished\":\"2023-06-22T08:40:09+00:00\",\"dateModified\":\"2023-06-22T08:40:09+00:00\",\"breadcrumb\":{\"@id\":\"https:\/\/permbledhja.com\/sq\/dorezohet-vuciq-do-te-shkoj-ne-bruksel-por-nuk-do-te-flase-me-kurtin\/#breadcrumb\"},\"inLanguage\":\"sq\",\"potentialAction\":[{\"@type\":\"ReadAction\",\"target\":[\"https:\/\/permbledhja.com\/sq\/dorezohet-vuciq-do-te-shkoj-ne-bruksel-por-nuk-do-te-flase-me-kurtin\/\"]}]},{\"@type\":\"BreadcrumbList\",\"@id\":\"https:\/\/permbledhja.com\/sq\/dorezohet-vuciq-do-te-shkoj-ne-bruksel-por-nuk-do-te-flase-me-kurtin\/#breadcrumb\",\"itemListElement\":[{\"@type\":\"ListItem\",\"position\":1,\"name\":\"Ballina\",\"item\":\"https:\/\/permbledhja.com\/sq\/\"},{\"@type\":\"ListItem\",\"position\":2,\"name\":\"Dor\u00ebzohet Vu\u00e7iq: Do t\u00eb shkoj n\u00eb Bruksel, por nuk do t\u00eb flas\u00eb me Kurtin\"}]},{\"@type\":\"WebSite\",\"@id\":\"https:\/\/permbledhja.com\/#website\",\"url\":\"https:\/\/permbledhja.com\/\",\"name\":\"Ve\u00e7 artikuj p\u00ebrmbledh\u00ebs\",\"description\":\"\",\"publisher\":{\"@id\":\"https:\/\/permbledhja.com\/#organization\"},\"potentialAction\":[{\"@type\":\"SearchAction\",\"target\":{\"@type\":\"EntryPoint\",\"urlTemplate\":\"https:\/\/permbledhja.com\/?s={search_term_string}\"},\"query-input\":\"required name=search_term_string\"}],\"inLanguage\":\"sq\"},{\"@type\":\"Organization\",\"@id\":\"https:\/\/permbledhja.com\/#organization\",\"name\":\"MK Media & Pr\",\"url\":\"https:\/\/permbledhja.com\/\",\"logo\":{\"@type\":\"ImageObject\",\"inLanguage\":\"sq\",\"@id\":\"https:\/\/permbledhja.com\/#\/schema\/logo\/image\/\",\"url\":\"https:\/\/permbledhja.com\/wp-content\/uploads\/2021\/12\/07-Press-Logo.jpg\",\"contentUrl\":\"https:\/\/permbledhja.com\/wp-content\/uploads\/2021\/12\/07-Press-Logo.jpg\",\"width\":512,\"height\":512,\"caption\":\"MK Media & Pr\"},\"image\":{\"@id\":\"https:\/\/permbledhja.com\/#\/schema\/logo\/image\/\"},\"sameAs\":[\"https:\/\/www.facebook.com\/press07\/\"]},{\"@type\":\"Person\",\"@id\":\"https:\/\/permbledhja.com\/#\/schema\/person\/0d064377258d3221e50693947b9eb4fe\",\"name\":\"P\u00ebrmbledhja\",\"image\":{\"@type\":\"ImageObject\",\"inLanguage\":\"sq\",\"@id\":\"https:\/\/permbledhja.com\/#\/schema\/person\/image\/\",\"url\":\"https:\/\/permbledhja.com\/wp-content\/uploads\/2026\/01\/452004717_1040944174702970_8932037511805513407_n-96x96.jpg\",\"contentUrl\":\"https:\/\/permbledhja.com\/wp-content\/uploads\/2026\/01\/452004717_1040944174702970_8932037511805513407_n-96x96.jpg\",\"caption\":\"P\u00ebrmbledhja\"},\"sameAs\":[\"https:\/\/www.facebook.com\/kafexhiu.muharrem\/\",\"https:\/\/www.instagram.com\/muharrem_kafexhiu\/\"],\"url\":\"https:\/\/permbledhja.com\/sq\/author\/admin\/\"}]}<\/script>\n<!-- \/ Yoast SEO plugin. -->","yoast_head_json":{"title":"Dor\u00ebzohet Vu\u00e7iq: Do t\u00eb shkoj n\u00eb Bruksel, por nuk do t\u00eb flas\u00eb me Kurtin","robots":{"index":"index","follow":"follow","max-snippet":"max-snippet:-1","max-image-preview":"max-image-preview:large","max-video-preview":"max-video-preview:-1"},"canonical":"https:\/\/permbledhja.com\/sq\/dorezohet-vuciq-do-te-shkoj-ne-bruksel-por-nuk-do-te-flase-me-kurtin\/","og_locale":"sq_AL","og_type":"article","og_title":"Dor\u00ebzohet Vu\u00e7iq: Do t\u00eb shkoj n\u00eb Bruksel, por nuk do t\u00eb flas\u00eb me Kurtin","og_description":"Presidenti i Serbis\u00eb, Aleksandar Vu\u00e7iq ka th\u00ebn\u00eb se do t\u2019i p\u00ebrgjigjet pozitivisht ftes\u00ebs s\u00eb shefit t\u00eb Politik\u00ebs s\u00eb Jashtme t\u00eb Bashkimit Evropian, Josep Borrell, por q\u00eb nuk flet me Kurtin n\u00eb asnj\u00eb m\u00ebnyr\u00eb. \u201cBiseda me t\u00eb nuk ka kuptim, ai na jep leksione p\u00ebr filozofin\u00eb, pak p\u00ebr Dema\u00e7in, pak p\u00ebr Marksin dhe kaq. Gjith\u00e7ka tjet\u00ebr [&hellip;]","og_url":"https:\/\/permbledhja.com\/sq\/dorezohet-vuciq-do-te-shkoj-ne-bruksel-por-nuk-do-te-flase-me-kurtin\/","og_site_name":"Ve\u00e7 artikuj p\u00ebrmbledh\u00ebs","article_publisher":"https:\/\/www.facebook.com\/press07\/","article_author":"https:\/\/www.facebook.com\/kafexhiu.muharrem\/","article_published_time":"2023-06-22T08:40:09+00:00","og_image":[{"width":800,"height":450,"url":"https:\/\/permbledhja.com\/wp-content\/uploads\/2023\/06\/F1C6CD17-DC74-4F37-AC2B-181A4AF19209.png","type":"image\/png"}],"author":"P\u00ebrmbledhja","twitter_card":"summary_large_image","twitter_misc":{"Written by":"P\u00ebrmbledhja","Est. reading time":"1 minut\u00eb"},"schema":{"@context":"https:\/\/schema.org","@graph":[{"@type":"Article","@id":"https:\/\/permbledhja.com\/sq\/dorezohet-vuciq-do-te-shkoj-ne-bruksel-por-nuk-do-te-flase-me-kurtin\/#article","isPartOf":{"@id":"https:\/\/permbledhja.com\/sq\/dorezohet-vuciq-do-te-shkoj-ne-bruksel-por-nuk-do-te-flase-me-kurtin\/"},"author":{"name":"P\u00ebrmbledhja","@id":"https:\/\/permbledhja.com\/#\/schema\/person\/0d064377258d3221e50693947b9eb4fe"},"headline":"Dor\u00ebzohet Vu\u00e7iq: Do t\u00eb shkoj n\u00eb Bruksel, por nuk do t\u00eb flas\u00eb me Kurtin","datePublished":"2023-06-22T08:40:09+00:00","dateModified":"2023-06-22T08:40:09+00:00","mainEntityOfPage":{"@id":"https:\/\/permbledhja.com\/sq\/dorezohet-vuciq-do-te-shkoj-ne-bruksel-por-nuk-do-te-flase-me-kurtin\/"},"wordCount":186,"publisher":{"@id":"https:\/\/permbledhja.com\/#organization"},"keywords":["Kurti","Vu\u00e7iq"],"articleSection":["Breaking News"],"inLanguage":"sq"},{"@type":"WebPage","@id":"https:\/\/permbledhja.com\/sq\/dorezohet-vuciq-do-te-shkoj-ne-bruksel-por-nuk-do-te-flase-me-kurtin\/","url":"https:\/\/permbledhja.com\/sq\/dorezohet-vuciq-do-te-shkoj-ne-bruksel-por-nuk-do-te-flase-me-kurtin\/","name":"Dor\u00ebzohet Vu\u00e7iq: Do t\u00eb shkoj n\u00eb Bruksel, por nuk do t\u00eb flas\u00eb me Kurtin","isPartOf":{"@id":"https:\/\/permbledhja.com\/#website"},"datePublished":"2023-06-22T08:40:09+00:00","dateModified":"2023-06-22T08:40:09+00:00","breadcrumb":{"@id":"https:\/\/permbledhja.com\/sq\/dorezohet-vuciq-do-te-shkoj-ne-bruksel-por-nuk-do-te-flase-me-kurtin\/#breadcrumb"},"inLanguage":"sq","potentialAction":[{"@type":"ReadAction","target":["https:\/\/permbledhja.com\/sq\/dorezohet-vuciq-do-te-shkoj-ne-bruksel-por-nuk-do-te-flase-me-kurtin\/"]}]},{"@type":"BreadcrumbList","@id":"https:\/\/permbledhja.com\/sq\/dorezohet-vuciq-do-te-shkoj-ne-bruksel-por-nuk-do-te-flase-me-kurtin\/#breadcrumb","itemListElement":[{"@type":"ListItem","position":1,"name":"Ballina","item":"https:\/\/permbledhja.com\/sq\/"},{"@type":"ListItem","position":2,"name":"Dor\u00ebzohet Vu\u00e7iq: Do t\u00eb shkoj n\u00eb Bruksel, por nuk do t\u00eb flas\u00eb me Kurtin"}]},{"@type":"WebSite","@id":"https:\/\/permbledhja.com\/#website","url":"https:\/\/permbledhja.com\/","name":"Ve\u00e7 artikuj p\u00ebrmbledh\u00ebs","description":"","publisher":{"@id":"https:\/\/permbledhja.com\/#organization"},"potentialAction":[{"@type":"SearchAction","target":{"@type":"EntryPoint","urlTemplate":"https:\/\/permbledhja.com\/?s={search_term_string}"},"query-input":"required name=search_term_string"}],"inLanguage":"sq"},{"@type":"Organization","@id":"https:\/\/permbledhja.com\/#organization","name":"MK Media & Pr","url":"https:\/\/permbledhja.com\/","logo":{"@type":"ImageObject","inLanguage":"sq","@id":"https:\/\/permbledhja.com\/#\/schema\/logo\/image\/","url":"https:\/\/permbledhja.com\/wp-content\/uploads\/2021\/12\/07-Press-Logo.jpg","contentUrl":"https:\/\/permbledhja.com\/wp-content\/uploads\/2021\/12\/07-Press-Logo.jpg","width":512,"height":512,"caption":"MK Media & Pr"},"image":{"@id":"https:\/\/permbledhja.com\/#\/schema\/logo\/image\/"},"sameAs":["https:\/\/www.facebook.com\/press07\/"]},{"@type":"Person","@id":"https:\/\/permbledhja.com\/#\/schema\/person\/0d064377258d3221e50693947b9eb4fe","name":"P\u00ebrmbledhja","image":{"@type":"ImageObject","inLanguage":"sq","@id":"https:\/\/permbledhja.com\/#\/schema\/person\/image\/","url":"https:\/\/permbledhja.com\/wp-content\/uploads\/2026\/01\/452004717_1040944174702970_8932037511805513407_n-96x96.jpg","contentUrl":"https:\/\/permbledhja.com\/wp-content\/uploads\/2026\/01\/452004717_1040944174702970_8932037511805513407_n-96x96.jpg","caption":"P\u00ebrmbledhja"},"sameAs":["https:\/\/www.facebook.com\/kafexhiu.muharrem\/","https:\/\/www.instagram.com\/muharrem_kafexhiu\/"],"url":"https:\/\/permbledhja.com\/sq\/author\/admin\/"}]}},"_links":{"self":[{"href":"https:\/\/permbledhja.com\/sq\/wp-json\/wp\/v2\/posts\/16838"}],"collection":[{"href":"https:\/\/permbledhja.com\/sq\/wp-json\/wp\/v2\/posts"}],"about":[{"href":"https:\/\/permbledhja.com\/sq\/wp-json\/wp\/v2\/types\/post"}],"author":[{"embeddable":true,"href":"https:\/\/permbledhja.com\/sq\/wp-json\/wp\/v2\/users\/1"}],"replies":[{"embeddable":true,"href":"https:\/\/permbledhja.com\/sq\/wp-json\/wp\/v2\/comments?post=16838"}],"version-history":[{"count":1,"href":"https:\/\/permbledhja.com\/sq\/wp-json\/wp\/v2\/posts\/16838\/revisions"}],"predecessor-version":[{"id":16840,"href":"https:\/\/permbledhja.com\/sq\/wp-json\/wp\/v2\/posts\/16838\/revisions\/16840"}],"wp:featuredmedia":[{"embeddable":true,"href":"https:\/\/permbledhja.com\/sq\/wp-json\/wp\/v2\/media\/16839"}],"wp:attachment":[{"href":"https:\/\/permbledhja.com\/sq\/wp-json\/wp\/v2\/media?parent=16838"}],"wp:term":[{"taxonomy":"category","embeddable":true,"href":"https:\/\/permbledhja.com\/sq\/wp-json\/wp\/v2\/categories?post=16838"},{"taxonomy":"post_tag","embeddable":true,"href":"https:\/\/permbledhja.com\/sq\/wp-json\/wp\/v2\/tags?post=16838"}],"curies":[{"name":"wp","href":"https:\/\/api.w.org\/{rel}","templated":true}]}}