{"id":16790,"date":"2023-06-21T16:36:18","date_gmt":"2023-06-21T16:36:18","guid":{"rendered":"https:\/\/permbledhja.com\/?p=16790"},"modified":"2023-06-21T16:36:18","modified_gmt":"2023-06-21T16:36:18","slug":"serwer-se-perjashtoj-qe-kurti-mund-te-shpallet-non-grata-nga-amerika","status":"publish","type":"post","link":"https:\/\/permbledhja.com\/sq\/serwer-se-perjashtoj-qe-kurti-mund-te-shpallet-non-grata-nga-amerika\/","title":{"rendered":"Serwer: S\u2019e p\u00ebrjashtoj q\u00eb Kurti mund t\u00eb shpallet non-grata nga Amerika"},"content":{"rendered":"<p>Profesori amerikan, Daniel Serwer, thot\u00eb se mbase fjala \u201cnd\u00ebshkim\u201d s\u2019\u00ebsht\u00eb e duhura p\u00ebr t\u2019u p\u00ebrdorur n\u00ebse Kurti refuzon planin p\u00ebr de-eskalim, por thot\u00eb se \u00ebsht\u00eb e qart\u00eb q\u00eb SHBA dhe BE jan\u00eb t\u00eb p\u00ebrgatitura p\u00ebr t\u2019i b\u00ebr\u00eb presion. Njoh\u00ebsi i zhvillimeve politike thot\u00eb se Washingtonin dhe BE-n\u00eb i ndan\u00eb vet\u00ebm \u201cBallkani i Hapur\u201d, derisa s\u2019ka p\u00ebrjashtuar mund\u00ebsin\u00eb q\u00eb Kurti t\u00eb shpallet non-grata nga Amerika, duke p\u00ebrmendur v\u00ebshtir\u00ebsin\u00eb p\u00ebr t\u2019u pajisur me viz\u00eb amerikane sa ishte opozitar.<\/p>\n<p>Emisari i BE-s\u00eb, Miroslav Lajcak bashk\u00eb me emisarin amerikan, Gabriel Escobar para disa dit\u00ebsh kan\u00eb realizuar nj\u00eb vizit\u00eb t\u00eb p\u00ebrbashk\u00ebt n\u00eb Prishtin\u00eb dhe Beograd n\u00eb p\u00ebrpjekje p\u00ebr t\u00eb bindur Kosov\u00ebn dhe Serbin\u00eb p\u00ebr t\u00eb de-eskaluar situat\u00ebn n\u00eb veri t\u00eb vendit. Z\u00ebdh\u00ebn\u00ebsi i BE-s\u00eb, Peter Stano, n\u00eb nj\u00eb p\u00ebrgjigje q\u00eb i kishte dh\u00ebn\u00eb Gazet\u00ebs Express kishte treguar se k\u00ebto bisedime kishin qen\u00eb t\u00eb v\u00ebshtira, sidomos me kryeministrin Albin Kurti.<\/p>\n<p>T\u00eb dy kishin paralajm\u00ebruar se p\u00ebr takimet n\u00eb Kosov\u00eb dhe n\u00eb Serbi do t\u00eb raportojn\u00eb, nj\u00ebri para 27 shteteve an\u00ebtare t\u00eb BE dhe tjetri para Sht\u00ebpis\u00eb s\u00eb Bardh\u00eb. Pavar\u00ebsisht k\u00ebsaj, Kurti s\u2019ka l\u00ebvizur nga pozicioni i tij dhe propozimi tre pik\u00ebsh i Josep Borell i nxjerr pas takimit me Vjosa Osmanin ka mbetur ende pezull.<\/p>\n<p>Pas gjith\u00eb k\u00ebtyre zhvillimeve, emisari i SHBA-s\u00eb Miroslav Lajcak ka udh\u00ebtuar drejt Washingtonit me ftes\u00eb amerikane, ku edhe ka zhvilluar takime me n\u00ebnsekretaren e Shtetit, Viktoria Nuland. Pas k\u00ebtij takimi Nuland ka shkruar se mb\u00ebshtesin propozimin tre pik\u00ebsh t\u00eb BE-s\u00eb si rruga m\u00eb e mir\u00eb p\u00ebr t\u00eb ecur p\u00ebrpara.<\/p>\n<p>Lidhur me k\u00ebt\u00eb udh\u00ebtim t\u00eb Miroslav Lajcak drejt Dashingtonit n\u00eb nj\u00eb koh\u00eb mjaft\u00eb delikate, Express ka biseduar me profesorin amerikan, Daniel Ser\u00eber, i cili ka marr\u00eb pjes\u00eb n\u00eb nj\u00eb diskutim me Escobar dhe Lajcak n\u00eb Atlantic Council. I pyetur n\u00ebse kjo ftes\u00eb e amerikan\u00ebve p\u00ebr Emisarin e BE\u2019s\u00eb mund t\u00eb ket\u00eb qen\u00eb nj\u00eb thirrje p\u00ebr t\u00eb diskutuar ndonj\u00eb ndryshim eventual q\u00eb emisari sllovak duhet t\u00eb b\u00ebj\u00eb n\u00eb m\u00ebnyr\u00ebn se si nd\u00ebrmjet\u00ebson dialogun, apo thjesht\u00eb ftes\u00eb p\u00ebr koordinim t\u00eb m\u00ebtejsh\u00ebm lidhur me masat q\u00eb mund t\u2019i marrin p\u00ebr Kosov\u00ebn dhe Serbin\u00eb, Serwer ka th\u00ebn\u00eb se SHBA dhe BE kan\u00eb pajtueshm\u00ebri t\u00eb plot\u00eb p\u00ebr gjith\u00e7ka n\u00eb proces, p\u00ebrve\u00e7 nism\u00ebs \u201cOpen Balkan\u201d.<\/p>\n<p>\u201cUn\u00eb mendoj se ky udh\u00ebtim \u00ebsht\u00eb m\u00eb s\u00eb shumti rreth koordinimit. E vetmja tem\u00eb ku un\u00eb v\u00ebrej dallime \u00ebsht\u00eb Ballkani i Hapur. SHBA e p\u00ebrkrah, BE e kund\u00ebrshton\u201d, ka th\u00ebn\u00eb Ser\u00eber p\u00ebr Gazet\u00ebn Express.<\/p>\n<p>I pyetur n\u00ebse beson q\u00eb SHBA do ta nd\u00ebshkoj\u00eb Kosov\u00ebn dhe kryeministrin Albin Kurti n\u00ebse s\u2019do t\u00eb ket\u00eb l\u00ebvizje t\u00eb pozicionit p\u00ebr propozimin tre pik\u00ebsh t\u00eb BE-s\u00eb, p\u00ebr de-eskalim, Ser\u00eber ka th\u00ebn\u00eb se nuk e di n\u00ebse fjala \u201cnd\u00ebshkim\u201d \u00ebsht\u00eb e duhura, por thot\u00eb se \u00ebsht\u00eb e qart\u00eb se SHBA-ja dhe BE-ja jan\u00eb t\u00eb p\u00ebrgatitura p\u00ebr t\u2019i b\u00ebr\u00eb presion Kosov\u00ebs p\u00ebr de-eskalim.<\/p>\n<p>Profesori amerikan Serwer n\u00eb k\u00ebt\u00eb intervist\u00eb p\u00ebr Express ka folur edhe lidhur me disa raportime n\u00eb media, q\u00eb s\u2019kan\u00eb p\u00ebrjashtuar as mund\u00ebsin\u00eb q\u00eb kryeministri Kurti t\u00eb shpallet non-grata nga SHBA-ja n\u00eb rast se refuzimi p\u00ebr de-eskalim do t\u00eb jet\u00eb i skajsh\u00ebm.<\/p>\n<p>Ai thot\u00eb se kjo \u00ebsht\u00eb nj\u00eb ide e tmerrshme q\u00eb do ta b\u00ebj\u00eb kryeministrin Albin Kurti edhe m\u00eb t\u00eb pabindur, por potencon se nuk e p\u00ebrjashton, meq\u00eb thot\u00eb se Kurti ka pasur probleme q\u00eb t\u00eb pajiset me viz\u00eb amerikane si opozitar.<\/p>\n<p>\u201c\u00cbsht\u00eb nj\u00eb ide e tmerrshme q\u00eb do ta b\u00ebj\u00eb at\u00eb edhe m\u00eb t\u00eb pabindur, por nuk do ta p\u00ebrjashtoja. Kishte v\u00ebshtir\u00ebsi p\u00ebr t\u00eb marr\u00eb viz\u00eb p\u00ebr vite me radh\u00eb kur ishte n\u00eb opozit\u00eb\u201d, ka potencuar Serwer p\u00ebr Gazet\u00ebn Express.<\/p>\n<p>N\u00eb fund, i pyetur n\u00ebse vendimi i presidentit amerikan, Joe Biden, p\u00ebr urdhrin ekzekutiv p\u00ebr Ballkanin Per\u00ebndimor mund t\u00eb ket\u00eb lidhje edhe me situat\u00ebn n\u00eb veri t\u00eb Kosov\u00ebs, Serwer ka th\u00ebn\u00eb se supozon q\u00eb po, megjithat\u00eb thot\u00eb se p\u00ebr k\u00ebt\u00eb duhet p\u00ebrgjigjur Qeveria Amerikane.<\/p>\n<p>Situata n\u00eb veri t\u00eb Kosov\u00ebs \u00ebsht\u00eb p\u00ebrkeq\u00ebsuar q\u00eb nga dita e premte e 26 majit, kur Qeveria e Kosov\u00ebs kishte vendosur t\u2019i d\u00ebrgonte kryetar\u00ebt e zgjedhur n\u00eb objektet e komunave n\u00eb Veri n\u00ebn p\u00ebrcjelljen e forcave policore. Nj\u00eb vendim t\u00eb till\u00eb SHBA-ja e kishte kund\u00ebrshtuar plot\u00ebsisht duke drejtuar gishtin kah kryeministri Albin Kurti p\u00ebr mos koordinim.<\/p>\n<p>M\u00eb 29 maj, tensionet kishin arritur kulmin ku si rezultat e p\u00ebrplasjes mes KFOR-it dhe protestuesve, n\u00eb mesin e t\u00eb cil\u00ebve ka pasur edhe grupe kriminale, kan\u00eb mbetur t\u00eb plagosur 30 ushtar\u00eb t\u00eb KFOR-it.<\/p>\n<p>Thirrjet nd\u00ebrkomb\u00ebtare dhe presioni ndaj Kosov\u00ebs p\u00ebr t\u00eb vendosur qet\u00ebsin\u00eb n\u00eb veri ka qen\u00eb i pandalsh\u00ebm. SHBA ka b\u00ebr\u00eb thirrje q\u00eb kryetar\u00ebt t\u00eb zhvillojn\u00eb aktivitetin e tyre nga objekte alternative, t\u00eb largohen policia nga objektet komunave dhe t\u00eb fillojn\u00eb angazhimet p\u00ebr organizimin e zgjedhjeve t\u00eb reja.<\/p>\n<p>Propozimet e Washingtonit dhe Brukselit ende s\u2019kan\u00eb marr\u00eb drit\u00ebn jeshile nga kryeministri Albin Kurti, i cili tashm\u00eb si kusht p\u00ebr de-eskalim ka shtuar edhe lirimin e tre polic\u00ebve t\u00eb Kosov\u00ebs q\u00eb jan\u00eb rr\u00ebmbyer nga Serbia.<\/p>\n<p>Para pak dit\u00ebsh, kryeministri Kurti kishte propozuar kushtet e tij p\u00ebr de-eskalim.<\/p>\n<p>Pika e par\u00eb: Sundimi i ligjit n\u00eb kat\u00ebr komunat n\u00eb veri. Situata n\u00eb veri nuk \u00ebsht\u00eb normale p\u00ebr nj\u00eb koh\u00eb t\u00eb gjat\u00eb por eskalimi m\u00eb 29 maj e b\u00ebn\u00eb urgjent sjelljen para drejt\u00ebsis\u00eb t\u00eb gjith\u00eb atyre q\u00eb ushtuan dhun\u00eb ndaj policis\u00eb s\u00eb Kosov\u00ebs, KFOR-it dhe mediat.<\/p>\n<p>Pika e dyt\u00eb: Grupet e dhunshme t\u00ebrhiqen menj\u00ebher\u00eb nga territori i Kosov\u00ebs.<\/p>\n<p>Pika e tret\u00eb: Policia e Kosov\u00ebs dhe KFOR, apo EULEX-i do t\u00eb kryejn\u00eb vler\u00ebsime t\u00eb p\u00ebrbashk\u00ebta t\u00eb siguris\u00eb \u00e7do 15 dit\u00eb p\u00ebr t\u00eb garantuar ambient t\u00eb sigurt p\u00ebr t\u00eb gjith\u00eb.<\/p>\n<p> Pika e kat\u00ebrt: Qeveria e Kosov\u00ebs do t\u00eb koordinohet me t\u00eb gjith\u00eb akter\u00ebt dhe do t\u00eb shpall zgjedhjet e reja n\u00eb veri.<\/p>\n<p>Pika e pest\u00eb: Kosova dhe Serbia rikthehen menj\u00ebher\u00eb n\u00eb dialogun e leht\u00ebsuar t\u00eb Brukselit. Udh\u00ebheq\u00ebsit e dy shteteve takohen n\u00eb nivel t\u00eb lart\u00eb gjat\u00eb k\u00ebsaj jave dhe Bashkimi Evropian t\u00eb siguroj nj\u00eb plan renditje t\u00eb drejt\u00eb dhe t\u00eb balancuar p\u00ebr zbatimin e marr\u00ebveshjes bazike.<\/p>\n","protected":false},"excerpt":{"rendered":"<p>Profesori amerikan, Daniel Serwer, thot\u00eb se mbase fjala \u201cnd\u00ebshkim\u201d s\u2019\u00ebsht\u00eb e duhura p\u00ebr t\u2019u p\u00ebrdorur n\u00ebse Kurti refuzon planin p\u00ebr de-eskalim, por thot\u00eb se \u00ebsht\u00eb e qart\u00eb q\u00eb SHBA dhe BE jan\u00eb t\u00eb p\u00ebrgatitura p\u00ebr t\u2019i b\u00ebr\u00eb presion. Njoh\u00ebsi i zhvillimeve politike thot\u00eb se Washingtonin dhe BE-n\u00eb i ndan\u00eb vet\u00ebm \u201cBallkani i Hapur\u201d, derisa s\u2019ka [&hellip;]<\/p>\n","protected":false},"author":1,"featured_media":16791,"comment_status":"closed","ping_status":"closed","sticky":false,"template":"","format":"standard","meta":{"_monsterinsights_skip_tracking":false,"_monsterinsights_sitenote_active":false,"_monsterinsights_sitenote_note":"","_monsterinsights_sitenote_category":0,"_uf_show_specific_survey":0,"_uf_disable_surveys":false,"footnotes":""},"categories":[1146],"tags":[1968],"yoast_head":"<!-- This site is optimized with the Yoast SEO plugin v21.5 - https:\/\/yoast.com\/wordpress\/plugins\/seo\/ -->\n<title>Serwer: S\u2019e p\u00ebrjashtoj q\u00eb Kurti mund t\u00eb shpallet non-grata nga Amerika<\/title>\n<meta name=\"robots\" content=\"index, follow, max-snippet:-1, max-image-preview:large, max-video-preview:-1\" \/>\n<link rel=\"canonical\" href=\"https:\/\/permbledhja.com\/sq\/serwer-se-perjashtoj-qe-kurti-mund-te-shpallet-non-grata-nga-amerika\/\" \/>\n<meta property=\"og:locale\" content=\"sq_AL\" \/>\n<meta property=\"og:type\" content=\"article\" \/>\n<meta property=\"og:title\" content=\"Serwer: S\u2019e p\u00ebrjashtoj q\u00eb Kurti mund t\u00eb shpallet non-grata nga Amerika\" \/>\n<meta property=\"og:description\" content=\"Profesori amerikan, Daniel Serwer, thot\u00eb se mbase fjala \u201cnd\u00ebshkim\u201d s\u2019\u00ebsht\u00eb e duhura p\u00ebr t\u2019u p\u00ebrdorur n\u00ebse Kurti refuzon planin p\u00ebr de-eskalim, por thot\u00eb se \u00ebsht\u00eb e qart\u00eb q\u00eb SHBA dhe BE jan\u00eb t\u00eb p\u00ebrgatitura p\u00ebr t\u2019i b\u00ebr\u00eb presion. Njoh\u00ebsi i zhvillimeve politike thot\u00eb se Washingtonin dhe BE-n\u00eb i ndan\u00eb vet\u00ebm \u201cBallkani i Hapur\u201d, derisa s\u2019ka [&hellip;]\" \/>\n<meta property=\"og:url\" content=\"https:\/\/permbledhja.com\/sq\/serwer-se-perjashtoj-qe-kurti-mund-te-shpallet-non-grata-nga-amerika\/\" \/>\n<meta property=\"og:site_name\" content=\"Ve\u00e7 artikuj p\u00ebrmbledh\u00ebs\" \/>\n<meta property=\"article:publisher\" content=\"https:\/\/www.facebook.com\/press07\/\" \/>\n<meta property=\"article:author\" content=\"https:\/\/www.facebook.com\/kafexhiu.muharrem\/\" \/>\n<meta property=\"article:published_time\" content=\"2023-06-21T16:36:18+00:00\" \/>\n<meta property=\"og:image\" content=\"https:\/\/permbledhja.com\/wp-content\/uploads\/2023\/06\/daniel-serwer-scaled-1-600x360-1.webp\" \/>\n\t<meta property=\"og:image:width\" content=\"600\" \/>\n\t<meta property=\"og:image:height\" content=\"360\" \/>\n\t<meta property=\"og:image:type\" content=\"image\/webp\" \/>\n<meta name=\"author\" content=\"P\u00ebrmbledhja\" \/>\n<meta name=\"twitter:card\" content=\"summary_large_image\" \/>\n<meta name=\"twitter:label1\" content=\"Written by\" \/>\n\t<meta name=\"twitter:data1\" content=\"P\u00ebrmbledhja\" \/>\n\t<meta name=\"twitter:label2\" content=\"Est. reading time\" \/>\n\t<meta name=\"twitter:data2\" content=\"6 minuta\" \/>\n<script type=\"application\/ld+json\" class=\"yoast-schema-graph\">{\"@context\":\"https:\/\/schema.org\",\"@graph\":[{\"@type\":\"Article\",\"@id\":\"https:\/\/permbledhja.com\/serwer-se-perjashtoj-qe-kurti-mund-te-shpallet-non-grata-nga-amerika\/#article\",\"isPartOf\":{\"@id\":\"https:\/\/permbledhja.com\/serwer-se-perjashtoj-qe-kurti-mund-te-shpallet-non-grata-nga-amerika\/\"},\"author\":{\"name\":\"P\u00ebrmbledhja\",\"@id\":\"https:\/\/permbledhja.com\/#\/schema\/person\/0d064377258d3221e50693947b9eb4fe\"},\"headline\":\"Serwer: S\u2019e p\u00ebrjashtoj q\u00eb Kurti mund t\u00eb shpallet non-grata nga Amerika\",\"datePublished\":\"2023-06-21T16:36:18+00:00\",\"dateModified\":\"2023-06-21T16:36:18+00:00\",\"mainEntityOfPage\":{\"@id\":\"https:\/\/permbledhja.com\/serwer-se-perjashtoj-qe-kurti-mund-te-shpallet-non-grata-nga-amerika\/\"},\"wordCount\":1151,\"publisher\":{\"@id\":\"https:\/\/permbledhja.com\/#organization\"},\"keywords\":[\"Serwer\"],\"articleSection\":[\"Kryesoret\"],\"inLanguage\":\"sq\"},{\"@type\":\"WebPage\",\"@id\":\"https:\/\/permbledhja.com\/serwer-se-perjashtoj-qe-kurti-mund-te-shpallet-non-grata-nga-amerika\/\",\"url\":\"https:\/\/permbledhja.com\/serwer-se-perjashtoj-qe-kurti-mund-te-shpallet-non-grata-nga-amerika\/\",\"name\":\"Serwer: S\u2019e p\u00ebrjashtoj q\u00eb Kurti mund t\u00eb shpallet non-grata nga Amerika\",\"isPartOf\":{\"@id\":\"https:\/\/permbledhja.com\/#website\"},\"datePublished\":\"2023-06-21T16:36:18+00:00\",\"dateModified\":\"2023-06-21T16:36:18+00:00\",\"breadcrumb\":{\"@id\":\"https:\/\/permbledhja.com\/serwer-se-perjashtoj-qe-kurti-mund-te-shpallet-non-grata-nga-amerika\/#breadcrumb\"},\"inLanguage\":\"sq\",\"potentialAction\":[{\"@type\":\"ReadAction\",\"target\":[\"https:\/\/permbledhja.com\/serwer-se-perjashtoj-qe-kurti-mund-te-shpallet-non-grata-nga-amerika\/\"]}]},{\"@type\":\"BreadcrumbList\",\"@id\":\"https:\/\/permbledhja.com\/serwer-se-perjashtoj-qe-kurti-mund-te-shpallet-non-grata-nga-amerika\/#breadcrumb\",\"itemListElement\":[{\"@type\":\"ListItem\",\"position\":1,\"name\":\"Ballina\",\"item\":\"https:\/\/permbledhja.com\/sq\/\"},{\"@type\":\"ListItem\",\"position\":2,\"name\":\"Serwer: S\u2019e p\u00ebrjashtoj q\u00eb Kurti mund t\u00eb shpallet non-grata nga Amerika\"}]},{\"@type\":\"WebSite\",\"@id\":\"https:\/\/permbledhja.com\/#website\",\"url\":\"https:\/\/permbledhja.com\/\",\"name\":\"Ve\u00e7 artikuj p\u00ebrmbledh\u00ebs\",\"description\":\"\",\"publisher\":{\"@id\":\"https:\/\/permbledhja.com\/#organization\"},\"potentialAction\":[{\"@type\":\"SearchAction\",\"target\":{\"@type\":\"EntryPoint\",\"urlTemplate\":\"https:\/\/permbledhja.com\/?s={search_term_string}\"},\"query-input\":\"required name=search_term_string\"}],\"inLanguage\":\"sq\"},{\"@type\":\"Organization\",\"@id\":\"https:\/\/permbledhja.com\/#organization\",\"name\":\"MK Media & Pr\",\"url\":\"https:\/\/permbledhja.com\/\",\"logo\":{\"@type\":\"ImageObject\",\"inLanguage\":\"sq\",\"@id\":\"https:\/\/permbledhja.com\/#\/schema\/logo\/image\/\",\"url\":\"https:\/\/permbledhja.com\/wp-content\/uploads\/2021\/12\/07-Press-Logo.jpg\",\"contentUrl\":\"https:\/\/permbledhja.com\/wp-content\/uploads\/2021\/12\/07-Press-Logo.jpg\",\"width\":512,\"height\":512,\"caption\":\"MK Media & Pr\"},\"image\":{\"@id\":\"https:\/\/permbledhja.com\/#\/schema\/logo\/image\/\"},\"sameAs\":[\"https:\/\/www.facebook.com\/press07\/\"]},{\"@type\":\"Person\",\"@id\":\"https:\/\/permbledhja.com\/#\/schema\/person\/0d064377258d3221e50693947b9eb4fe\",\"name\":\"P\u00ebrmbledhja\",\"image\":{\"@type\":\"ImageObject\",\"inLanguage\":\"sq\",\"@id\":\"https:\/\/permbledhja.com\/#\/schema\/person\/image\/\",\"url\":\"https:\/\/permbledhja.com\/wp-content\/uploads\/2026\/01\/452004717_1040944174702970_8932037511805513407_n-96x96.jpg\",\"contentUrl\":\"https:\/\/permbledhja.com\/wp-content\/uploads\/2026\/01\/452004717_1040944174702970_8932037511805513407_n-96x96.jpg\",\"caption\":\"P\u00ebrmbledhja\"},\"sameAs\":[\"https:\/\/www.facebook.com\/kafexhiu.muharrem\/\",\"https:\/\/www.instagram.com\/muharrem_kafexhiu\/\"],\"url\":\"https:\/\/permbledhja.com\/sq\/author\/admin\/\"}]}<\/script>\n<!-- \/ Yoast SEO plugin. -->","yoast_head_json":{"title":"Serwer: S\u2019e p\u00ebrjashtoj q\u00eb Kurti mund t\u00eb shpallet non-grata nga Amerika","robots":{"index":"index","follow":"follow","max-snippet":"max-snippet:-1","max-image-preview":"max-image-preview:large","max-video-preview":"max-video-preview:-1"},"canonical":"https:\/\/permbledhja.com\/sq\/serwer-se-perjashtoj-qe-kurti-mund-te-shpallet-non-grata-nga-amerika\/","og_locale":"sq_AL","og_type":"article","og_title":"Serwer: S\u2019e p\u00ebrjashtoj q\u00eb Kurti mund t\u00eb shpallet non-grata nga Amerika","og_description":"Profesori amerikan, Daniel Serwer, thot\u00eb se mbase fjala \u201cnd\u00ebshkim\u201d s\u2019\u00ebsht\u00eb e duhura p\u00ebr t\u2019u p\u00ebrdorur n\u00ebse Kurti refuzon planin p\u00ebr de-eskalim, por thot\u00eb se \u00ebsht\u00eb e qart\u00eb q\u00eb SHBA dhe BE jan\u00eb t\u00eb p\u00ebrgatitura p\u00ebr t\u2019i b\u00ebr\u00eb presion. Njoh\u00ebsi i zhvillimeve politike thot\u00eb se Washingtonin dhe BE-n\u00eb i ndan\u00eb vet\u00ebm \u201cBallkani i Hapur\u201d, derisa s\u2019ka [&hellip;]","og_url":"https:\/\/permbledhja.com\/sq\/serwer-se-perjashtoj-qe-kurti-mund-te-shpallet-non-grata-nga-amerika\/","og_site_name":"Ve\u00e7 artikuj p\u00ebrmbledh\u00ebs","article_publisher":"https:\/\/www.facebook.com\/press07\/","article_author":"https:\/\/www.facebook.com\/kafexhiu.muharrem\/","article_published_time":"2023-06-21T16:36:18+00:00","og_image":[{"width":600,"height":360,"url":"https:\/\/permbledhja.com\/wp-content\/uploads\/2023\/06\/daniel-serwer-scaled-1-600x360-1.webp","type":"image\/webp"}],"author":"P\u00ebrmbledhja","twitter_card":"summary_large_image","twitter_misc":{"Written by":"P\u00ebrmbledhja","Est. reading time":"6 minuta"},"schema":{"@context":"https:\/\/schema.org","@graph":[{"@type":"Article","@id":"https:\/\/permbledhja.com\/serwer-se-perjashtoj-qe-kurti-mund-te-shpallet-non-grata-nga-amerika\/#article","isPartOf":{"@id":"https:\/\/permbledhja.com\/serwer-se-perjashtoj-qe-kurti-mund-te-shpallet-non-grata-nga-amerika\/"},"author":{"name":"P\u00ebrmbledhja","@id":"https:\/\/permbledhja.com\/#\/schema\/person\/0d064377258d3221e50693947b9eb4fe"},"headline":"Serwer: S\u2019e p\u00ebrjashtoj q\u00eb Kurti mund t\u00eb shpallet non-grata nga Amerika","datePublished":"2023-06-21T16:36:18+00:00","dateModified":"2023-06-21T16:36:18+00:00","mainEntityOfPage":{"@id":"https:\/\/permbledhja.com\/serwer-se-perjashtoj-qe-kurti-mund-te-shpallet-non-grata-nga-amerika\/"},"wordCount":1151,"publisher":{"@id":"https:\/\/permbledhja.com\/#organization"},"keywords":["Serwer"],"articleSection":["Kryesoret"],"inLanguage":"sq"},{"@type":"WebPage","@id":"https:\/\/permbledhja.com\/serwer-se-perjashtoj-qe-kurti-mund-te-shpallet-non-grata-nga-amerika\/","url":"https:\/\/permbledhja.com\/serwer-se-perjashtoj-qe-kurti-mund-te-shpallet-non-grata-nga-amerika\/","name":"Serwer: S\u2019e p\u00ebrjashtoj q\u00eb Kurti mund t\u00eb shpallet non-grata nga Amerika","isPartOf":{"@id":"https:\/\/permbledhja.com\/#website"},"datePublished":"2023-06-21T16:36:18+00:00","dateModified":"2023-06-21T16:36:18+00:00","breadcrumb":{"@id":"https:\/\/permbledhja.com\/serwer-se-perjashtoj-qe-kurti-mund-te-shpallet-non-grata-nga-amerika\/#breadcrumb"},"inLanguage":"sq","potentialAction":[{"@type":"ReadAction","target":["https:\/\/permbledhja.com\/serwer-se-perjashtoj-qe-kurti-mund-te-shpallet-non-grata-nga-amerika\/"]}]},{"@type":"BreadcrumbList","@id":"https:\/\/permbledhja.com\/serwer-se-perjashtoj-qe-kurti-mund-te-shpallet-non-grata-nga-amerika\/#breadcrumb","itemListElement":[{"@type":"ListItem","position":1,"name":"Ballina","item":"https:\/\/permbledhja.com\/sq\/"},{"@type":"ListItem","position":2,"name":"Serwer: S\u2019e p\u00ebrjashtoj q\u00eb Kurti mund t\u00eb shpallet non-grata nga Amerika"}]},{"@type":"WebSite","@id":"https:\/\/permbledhja.com\/#website","url":"https:\/\/permbledhja.com\/","name":"Ve\u00e7 artikuj p\u00ebrmbledh\u00ebs","description":"","publisher":{"@id":"https:\/\/permbledhja.com\/#organization"},"potentialAction":[{"@type":"SearchAction","target":{"@type":"EntryPoint","urlTemplate":"https:\/\/permbledhja.com\/?s={search_term_string}"},"query-input":"required name=search_term_string"}],"inLanguage":"sq"},{"@type":"Organization","@id":"https:\/\/permbledhja.com\/#organization","name":"MK Media & Pr","url":"https:\/\/permbledhja.com\/","logo":{"@type":"ImageObject","inLanguage":"sq","@id":"https:\/\/permbledhja.com\/#\/schema\/logo\/image\/","url":"https:\/\/permbledhja.com\/wp-content\/uploads\/2021\/12\/07-Press-Logo.jpg","contentUrl":"https:\/\/permbledhja.com\/wp-content\/uploads\/2021\/12\/07-Press-Logo.jpg","width":512,"height":512,"caption":"MK Media & Pr"},"image":{"@id":"https:\/\/permbledhja.com\/#\/schema\/logo\/image\/"},"sameAs":["https:\/\/www.facebook.com\/press07\/"]},{"@type":"Person","@id":"https:\/\/permbledhja.com\/#\/schema\/person\/0d064377258d3221e50693947b9eb4fe","name":"P\u00ebrmbledhja","image":{"@type":"ImageObject","inLanguage":"sq","@id":"https:\/\/permbledhja.com\/#\/schema\/person\/image\/","url":"https:\/\/permbledhja.com\/wp-content\/uploads\/2026\/01\/452004717_1040944174702970_8932037511805513407_n-96x96.jpg","contentUrl":"https:\/\/permbledhja.com\/wp-content\/uploads\/2026\/01\/452004717_1040944174702970_8932037511805513407_n-96x96.jpg","caption":"P\u00ebrmbledhja"},"sameAs":["https:\/\/www.facebook.com\/kafexhiu.muharrem\/","https:\/\/www.instagram.com\/muharrem_kafexhiu\/"],"url":"https:\/\/permbledhja.com\/sq\/author\/admin\/"}]}},"_links":{"self":[{"href":"https:\/\/permbledhja.com\/sq\/wp-json\/wp\/v2\/posts\/16790"}],"collection":[{"href":"https:\/\/permbledhja.com\/sq\/wp-json\/wp\/v2\/posts"}],"about":[{"href":"https:\/\/permbledhja.com\/sq\/wp-json\/wp\/v2\/types\/post"}],"author":[{"embeddable":true,"href":"https:\/\/permbledhja.com\/sq\/wp-json\/wp\/v2\/users\/1"}],"replies":[{"embeddable":true,"href":"https:\/\/permbledhja.com\/sq\/wp-json\/wp\/v2\/comments?post=16790"}],"version-history":[{"count":2,"href":"https:\/\/permbledhja.com\/sq\/wp-json\/wp\/v2\/posts\/16790\/revisions"}],"predecessor-version":[{"id":16793,"href":"https:\/\/permbledhja.com\/sq\/wp-json\/wp\/v2\/posts\/16790\/revisions\/16793"}],"wp:featuredmedia":[{"embeddable":true,"href":"https:\/\/permbledhja.com\/sq\/wp-json\/wp\/v2\/media\/16791"}],"wp:attachment":[{"href":"https:\/\/permbledhja.com\/sq\/wp-json\/wp\/v2\/media?parent=16790"}],"wp:term":[{"taxonomy":"category","embeddable":true,"href":"https:\/\/permbledhja.com\/sq\/wp-json\/wp\/v2\/categories?post=16790"},{"taxonomy":"post_tag","embeddable":true,"href":"https:\/\/permbledhja.com\/sq\/wp-json\/wp\/v2\/tags?post=16790"}],"curies":[{"name":"wp","href":"https:\/\/api.w.org\/{rel}","templated":true}]}}